{"id":30225,"date":"2024-03-28T07:18:16","date_gmt":"2024-03-28T06:18:16","guid":{"rendered":"https:\/\/www.article-marketing.eu\/comunicatistampa\/?p=30225"},"modified":"2024-03-21T20:19:22","modified_gmt":"2024-03-21T19:19:22","slug":"gianni-prandi-vidierre-gli-italiani-sempre-piu-favorevoli-a-misure-di-controllo-contro-le-fake-news","status":"publish","type":"post","link":"https:\/\/www.article-marketing.eu\/comunicatistampa\/gianni-prandi-vidierre-gli-italiani-sempre-piu-favorevoli-a-misure-di-controllo-contro-le-fake-news\/","title":{"rendered":"Gianni Prandi (Vidierre): \u201cGli italiani sempre pi\u00f9 favorevoli a misure di controllo contro le fake news\u201d"},"content":{"rendered":"<p><strong><em>Le fake news costituiscono una preoccupazione sempre maggiore per gli italiani: nella recente analisi effettuata da Vidierre, il fondatore della societ\u00e0 <a title=\"Vidierre di Gianni Prandi: articoli e approfondimenti su &quot;L'Espresso&quot;\" href=\"https:\/\/lespresso.it\/g\/Gianni%20Prandi\">Gianni Prandi<\/a> ha messo in luce come i cittadini del Belpaese siano sempre pi\u00f9 coscienti del pericolo costituito dalla disinformazione, nonch\u00e9 dal fatto che molti utenti siano impreparati nell\u2019identificarle.<\/em><\/strong><\/p>\n<p><a title=\"Su &quot;L'Espresso&quot; approfondimenti su Vidierre e Gianni Prandi\" href=\"https:\/\/lespresso.it\/g\/Gianni%20Prandi\"><img loading=\"lazy\" decoding=\"async\" src=\"https:\/\/www.riflettorisu.it\/wp-content\/uploads\/2023\/12\/gianni-prandi.png\" alt=\"Gianni Prandi\" width=\"300\" height=\"199\" \/><\/a><\/p>\n<h2>Gianni Prandi: la preoccupazione degli italiani verso le fake news<\/h2>\n<p><a title=\"Approfondimenti di Vidierre, la societ\u00e0 fondata da Gianni Prandi, su &quot;L'Espresso&quot;\" href=\"https:\/\/lespresso.it\/g\/Gianni%20Prandi\"><strong>Gianni Prandi<\/strong><\/a>, fondatore e membro del CdA di Vidierre, societ\u00e0 di Assist Group, ha recentemente affrontato un tema che preoccupa e fa discutere gli italiani: quello delle fake news, ovvero notizie o informazioni false che si diffondono nella Rete, aumentando la disinformazione e inquinando il dibattito pubblico. Il manager ha presentato i risultati del recente studio ad opera della societ\u00e0, affermando che \u201c<em>dai dati emerge come l\u2019opinione pubblica sia preoccupata per la divulgazione delle fake news e per il loro persistere sulla Rete<\/em>\u201d. Particolarmente preoccupante per gli italiani \u00e8 il fatto che \u201c<em>la mancanza di tempo, voglia o strumenti per verificare l\u2019attendibilit\u00e0 di una notizia permette alle fake news di diffondersi e perdurare sulla Rete anche dopo la loro smentita<\/em>\u201d. Le cosiddette \u201cbufale\u201d sembrano dunque prosperare incuranti di qualsiasi smentita. Ciononostante, il giudizio sulle misure di fact-checking messe in atto dai giganti del web rimane in larga parte positivo.<\/p>\n<h2>Gianni Prandi sulla disinformazione online: parlano i numeri<\/h2>\n<p>Secondo quanto riportato da <strong>Gianni Prandi<\/strong>, la grande maggioranza degli italiani (ben l\u201984,8%) ritiene che sarebbero necessarie misure di controllo pi\u00f9 stringenti per evitare la diffusione incontrollata delle fake news. Un dato in aumento netto rispetto al 2021, nel quale era il 78,4% a invocare ispezioni pi\u00f9 accurate. Il 78% del campione \u00e8 particolarmente turbato dal fatto che le notizie false continuino a circolare anche dopo smentite irrefutabili, mentre il 48% ritiene che l\u2019utente medio del web non sarebbe generalmente in grado di riconoscere una fake news trovandola davanti. Gran parte degli italiani vede comunque in una luce positiva le misure di fact-checking prese dalle maggiori piattaforme online per evitare la circolazione incontrollata della disinformazione.<\/p>\n","protected":false},"excerpt":{"rendered":"<p>Le fake news costituiscono una preoccupazione sempre maggiore per gli italiani: nella recente analisi effettuata da Vidierre, il fondatore della societ\u00e0 Gianni Prandi ha messo in luce come i cittadini del Belpaese siano sempre pi\u00f9 coscienti del pericolo costituito dalla disinformazione, nonch\u00e9 dal fatto che molti utenti siano impreparati nell\u2019identificarle. Gianni Prandi: la preoccupazione degli italiani verso le fake news Gianni Prandi, fondatore e membro del CdA di Vidierre, societ\u00e0<\/p>\n<p><a class=\"continue-reading\" href=\"https:\/\/www.article-marketing.eu\/comunicatistampa\/gianni-prandi-vidierre-gli-italiani-sempre-piu-favorevoli-a-misure-di-controllo-contro-le-fake-news\/\">Continue reading&#8230;<\/a><\/p>\n","protected":false},"author":6477,"featured_media":0,"comment_status":"open","ping_status":"open","sticky":false,"template":"","format":"standard","meta":{"_monsterinsights_skip_tracking":false,"_monsterinsights_sitenote_active":false,"_monsterinsights_sitenote_note":"","_monsterinsights_sitenote_category":0,"footnotes":""},"categories":[362],"tags":[10972],"class_list":["post-30225","post","type-post","status-publish","format-standard","hentry","category-societa","tag-gianni-prandi"],"yoast_head":"<!-- This site is optimized with the Yoast SEO plugin v27.3 - https:\/\/yoast.com\/product\/yoast-seo-wordpress\/ -->\n<title>Gianni Prandi (Vidierre): \u201cGli italiani sempre pi\u00f9 favorevoli a misure di controllo contro le fake news\u201d<\/title>\n<meta name=\"description\" content=\"Come percepiscono gli italiani la disinformazione online? Gianni Prandi, Fondatore di Vidierre, analizza queste ed altre questioni\" \/>\n<meta name=\"robots\" content=\"index, follow, max-snippet:-1, max-image-preview:large, max-video-preview:-1\" \/>\n<link rel=\"canonical\" href=\"https:\/\/www.article-marketing.eu\/comunicatistampa\/gianni-prandi-vidierre-gli-italiani-sempre-piu-favorevoli-a-misure-di-controllo-contro-le-fake-news\/\" \/>\n<meta property=\"og:locale\" content=\"it_IT\" \/>\n<meta property=\"og:type\" content=\"article\" \/>\n<meta property=\"og:title\" content=\"Gianni Prandi (Vidierre): \u201cGli italiani sempre pi\u00f9 favorevoli a misure di controllo contro le fake news\u201d\" \/>\n<meta property=\"og:description\" content=\"Come percepiscono gli italiani la disinformazione online? Gianni Prandi, Fondatore di Vidierre, analizza queste ed altre questioni\" \/>\n<meta property=\"og:url\" content=\"https:\/\/www.article-marketing.eu\/comunicatistampa\/gianni-prandi-vidierre-gli-italiani-sempre-piu-favorevoli-a-misure-di-controllo-contro-le-fake-news\/\" \/>\n<meta property=\"og:site_name\" content=\"Article Marketing\" \/>\n<meta property=\"article:published_time\" content=\"2024-03-28T06:18:16+00:00\" \/>\n<meta property=\"og:image\" content=\"https:\/\/www.riflettorisu.it\/wp-content\/uploads\/2023\/12\/gianni-prandi.png\" \/>\n<meta name=\"author\" content=\"articolinews\" \/>\n<meta name=\"twitter:card\" content=\"summary_large_image\" \/>\n<meta name=\"twitter:label1\" content=\"Scritto da\" \/>\n\t<meta name=\"twitter:data1\" content=\"articolinews\" \/>\n\t<meta name=\"twitter:label2\" content=\"Tempo di lettura stimato\" \/>\n\t<meta name=\"twitter:data2\" content=\"2 minuti\" \/>\n<script type=\"application\/ld+json\" class=\"yoast-schema-graph\">{\"@context\":\"https:\\\/\\\/schema.org\",\"@graph\":[{\"@type\":\"Article\",\"@id\":\"https:\\\/\\\/www.article-marketing.eu\\\/comunicatistampa\\\/gianni-prandi-vidierre-gli-italiani-sempre-piu-favorevoli-a-misure-di-controllo-contro-le-fake-news\\\/#article\",\"isPartOf\":{\"@id\":\"https:\\\/\\\/www.article-marketing.eu\\\/comunicatistampa\\\/gianni-prandi-vidierre-gli-italiani-sempre-piu-favorevoli-a-misure-di-controllo-contro-le-fake-news\\\/\"},\"author\":{\"name\":\"articolinews\",\"@id\":\"https:\\\/\\\/www.article-marketing.eu\\\/comunicatistampa\\\/#\\\/schema\\\/person\\\/2fcaf8f8f3a9eef9eb7f27532d3ca458\"},\"headline\":\"Gianni Prandi (Vidierre): \u201cGli italiani sempre pi\u00f9 favorevoli a misure di controllo contro le fake news\u201d\",\"datePublished\":\"2024-03-28T06:18:16+00:00\",\"mainEntityOfPage\":{\"@id\":\"https:\\\/\\\/www.article-marketing.eu\\\/comunicatistampa\\\/gianni-prandi-vidierre-gli-italiani-sempre-piu-favorevoli-a-misure-di-controllo-contro-le-fake-news\\\/\"},\"wordCount\":346,\"commentCount\":0,\"image\":{\"@id\":\"https:\\\/\\\/www.article-marketing.eu\\\/comunicatistampa\\\/gianni-prandi-vidierre-gli-italiani-sempre-piu-favorevoli-a-misure-di-controllo-contro-le-fake-news\\\/#primaryimage\"},\"thumbnailUrl\":\"https:\\\/\\\/www.riflettorisu.it\\\/wp-content\\\/uploads\\\/2023\\\/12\\\/gianni-prandi.png\",\"keywords\":[\"Gianni Prandi\"],\"articleSection\":[\"Societ\u00e0\"],\"inLanguage\":\"it-IT\",\"potentialAction\":[{\"@type\":\"CommentAction\",\"name\":\"Comment\",\"target\":[\"https:\\\/\\\/www.article-marketing.eu\\\/comunicatistampa\\\/gianni-prandi-vidierre-gli-italiani-sempre-piu-favorevoli-a-misure-di-controllo-contro-le-fake-news\\\/#respond\"]}]},{\"@type\":\"WebPage\",\"@id\":\"https:\\\/\\\/www.article-marketing.eu\\\/comunicatistampa\\\/gianni-prandi-vidierre-gli-italiani-sempre-piu-favorevoli-a-misure-di-controllo-contro-le-fake-news\\\/\",\"url\":\"https:\\\/\\\/www.article-marketing.eu\\\/comunicatistampa\\\/gianni-prandi-vidierre-gli-italiani-sempre-piu-favorevoli-a-misure-di-controllo-contro-le-fake-news\\\/\",\"name\":\"Gianni Prandi (Vidierre): \u201cGli italiani sempre pi\u00f9 favorevoli a misure di controllo contro le fake news\u201d\",\"isPartOf\":{\"@id\":\"https:\\\/\\\/www.article-marketing.eu\\\/comunicatistampa\\\/#website\"},\"primaryImageOfPage\":{\"@id\":\"https:\\\/\\\/www.article-marketing.eu\\\/comunicatistampa\\\/gianni-prandi-vidierre-gli-italiani-sempre-piu-favorevoli-a-misure-di-controllo-contro-le-fake-news\\\/#primaryimage\"},\"image\":{\"@id\":\"https:\\\/\\\/www.article-marketing.eu\\\/comunicatistampa\\\/gianni-prandi-vidierre-gli-italiani-sempre-piu-favorevoli-a-misure-di-controllo-contro-le-fake-news\\\/#primaryimage\"},\"thumbnailUrl\":\"https:\\\/\\\/www.riflettorisu.it\\\/wp-content\\\/uploads\\\/2023\\\/12\\\/gianni-prandi.png\",\"datePublished\":\"2024-03-28T06:18:16+00:00\",\"author\":{\"@id\":\"https:\\\/\\\/www.article-marketing.eu\\\/comunicatistampa\\\/#\\\/schema\\\/person\\\/2fcaf8f8f3a9eef9eb7f27532d3ca458\"},\"description\":\"Come percepiscono gli italiani la disinformazione online? Gianni Prandi, Fondatore di Vidierre, analizza queste ed altre questioni\",\"breadcrumb\":{\"@id\":\"https:\\\/\\\/www.article-marketing.eu\\\/comunicatistampa\\\/gianni-prandi-vidierre-gli-italiani-sempre-piu-favorevoli-a-misure-di-controllo-contro-le-fake-news\\\/#breadcrumb\"},\"inLanguage\":\"it-IT\",\"potentialAction\":[{\"@type\":\"ReadAction\",\"target\":[\"https:\\\/\\\/www.article-marketing.eu\\\/comunicatistampa\\\/gianni-prandi-vidierre-gli-italiani-sempre-piu-favorevoli-a-misure-di-controllo-contro-le-fake-news\\\/\"]}]},{\"@type\":\"ImageObject\",\"inLanguage\":\"it-IT\",\"@id\":\"https:\\\/\\\/www.article-marketing.eu\\\/comunicatistampa\\\/gianni-prandi-vidierre-gli-italiani-sempre-piu-favorevoli-a-misure-di-controllo-contro-le-fake-news\\\/#primaryimage\",\"url\":\"https:\\\/\\\/www.riflettorisu.it\\\/wp-content\\\/uploads\\\/2023\\\/12\\\/gianni-prandi.png\",\"contentUrl\":\"https:\\\/\\\/www.riflettorisu.it\\\/wp-content\\\/uploads\\\/2023\\\/12\\\/gianni-prandi.png\"},{\"@type\":\"BreadcrumbList\",\"@id\":\"https:\\\/\\\/www.article-marketing.eu\\\/comunicatistampa\\\/gianni-prandi-vidierre-gli-italiani-sempre-piu-favorevoli-a-misure-di-controllo-contro-le-fake-news\\\/#breadcrumb\",\"itemListElement\":[{\"@type\":\"ListItem\",\"position\":1,\"name\":\"Home\",\"item\":\"https:\\\/\\\/www.article-marketing.eu\\\/comunicatistampa\\\/\"},{\"@type\":\"ListItem\",\"position\":2,\"name\":\"Gianni Prandi (Vidierre): \u201cGli italiani sempre pi\u00f9 favorevoli a misure di controllo contro le fake news\u201d\"}]},{\"@type\":\"WebSite\",\"@id\":\"https:\\\/\\\/www.article-marketing.eu\\\/comunicatistampa\\\/#website\",\"url\":\"https:\\\/\\\/www.article-marketing.eu\\\/comunicatistampa\\\/\",\"name\":\"Article Marketing\",\"description\":\"article marketing &amp; press release\",\"potentialAction\":[{\"@type\":\"SearchAction\",\"target\":{\"@type\":\"EntryPoint\",\"urlTemplate\":\"https:\\\/\\\/www.article-marketing.eu\\\/comunicatistampa\\\/?s={search_term_string}\"},\"query-input\":{\"@type\":\"PropertyValueSpecification\",\"valueRequired\":true,\"valueName\":\"search_term_string\"}}],\"inLanguage\":\"it-IT\"},{\"@type\":\"Person\",\"@id\":\"https:\\\/\\\/www.article-marketing.eu\\\/comunicatistampa\\\/#\\\/schema\\\/person\\\/2fcaf8f8f3a9eef9eb7f27532d3ca458\",\"name\":\"articolinews\",\"image\":{\"@type\":\"ImageObject\",\"inLanguage\":\"it-IT\",\"@id\":\"https:\\\/\\\/secure.gravatar.com\\\/avatar\\\/9e2a264bab04e17dea24d937c9956304649a848cb73c46747a692ff1bdeb1cb7?s=96&d=mm&r=g\",\"url\":\"https:\\\/\\\/secure.gravatar.com\\\/avatar\\\/9e2a264bab04e17dea24d937c9956304649a848cb73c46747a692ff1bdeb1cb7?s=96&d=mm&r=g\",\"contentUrl\":\"https:\\\/\\\/secure.gravatar.com\\\/avatar\\\/9e2a264bab04e17dea24d937c9956304649a848cb73c46747a692ff1bdeb1cb7?s=96&d=mm&r=g\",\"caption\":\"articolinews\"},\"url\":\"https:\\\/\\\/www.article-marketing.eu\\\/comunicatistampa\\\/author\\\/articolinews\\\/\"}]}<\/script>\n<!-- \/ Yoast SEO plugin. -->","yoast_head_json":{"title":"Gianni Prandi (Vidierre): \u201cGli italiani sempre pi\u00f9 favorevoli a misure di controllo contro le fake news\u201d","description":"Come percepiscono gli italiani la disinformazione online? Gianni Prandi, Fondatore di Vidierre, analizza queste ed altre questioni","robots":{"index":"index","follow":"follow","max-snippet":"max-snippet:-1","max-image-preview":"max-image-preview:large","max-video-preview":"max-video-preview:-1"},"canonical":"https:\/\/www.article-marketing.eu\/comunicatistampa\/gianni-prandi-vidierre-gli-italiani-sempre-piu-favorevoli-a-misure-di-controllo-contro-le-fake-news\/","og_locale":"it_IT","og_type":"article","og_title":"Gianni Prandi (Vidierre): \u201cGli italiani sempre pi\u00f9 favorevoli a misure di controllo contro le fake news\u201d","og_description":"Come percepiscono gli italiani la disinformazione online? Gianni Prandi, Fondatore di Vidierre, analizza queste ed altre questioni","og_url":"https:\/\/www.article-marketing.eu\/comunicatistampa\/gianni-prandi-vidierre-gli-italiani-sempre-piu-favorevoli-a-misure-di-controllo-contro-le-fake-news\/","og_site_name":"Article Marketing","article_published_time":"2024-03-28T06:18:16+00:00","og_image":[{"url":"https:\/\/www.riflettorisu.it\/wp-content\/uploads\/2023\/12\/gianni-prandi.png","type":"","width":"","height":""}],"author":"articolinews","twitter_card":"summary_large_image","twitter_misc":{"Scritto da":"articolinews","Tempo di lettura stimato":"2 minuti"},"schema":{"@context":"https:\/\/schema.org","@graph":[{"@type":"Article","@id":"https:\/\/www.article-marketing.eu\/comunicatistampa\/gianni-prandi-vidierre-gli-italiani-sempre-piu-favorevoli-a-misure-di-controllo-contro-le-fake-news\/#article","isPartOf":{"@id":"https:\/\/www.article-marketing.eu\/comunicatistampa\/gianni-prandi-vidierre-gli-italiani-sempre-piu-favorevoli-a-misure-di-controllo-contro-le-fake-news\/"},"author":{"name":"articolinews","@id":"https:\/\/www.article-marketing.eu\/comunicatistampa\/#\/schema\/person\/2fcaf8f8f3a9eef9eb7f27532d3ca458"},"headline":"Gianni Prandi (Vidierre): \u201cGli italiani sempre pi\u00f9 favorevoli a misure di controllo contro le fake news\u201d","datePublished":"2024-03-28T06:18:16+00:00","mainEntityOfPage":{"@id":"https:\/\/www.article-marketing.eu\/comunicatistampa\/gianni-prandi-vidierre-gli-italiani-sempre-piu-favorevoli-a-misure-di-controllo-contro-le-fake-news\/"},"wordCount":346,"commentCount":0,"image":{"@id":"https:\/\/www.article-marketing.eu\/comunicatistampa\/gianni-prandi-vidierre-gli-italiani-sempre-piu-favorevoli-a-misure-di-controllo-contro-le-fake-news\/#primaryimage"},"thumbnailUrl":"https:\/\/www.riflettorisu.it\/wp-content\/uploads\/2023\/12\/gianni-prandi.png","keywords":["Gianni Prandi"],"articleSection":["Societ\u00e0"],"inLanguage":"it-IT","potentialAction":[{"@type":"CommentAction","name":"Comment","target":["https:\/\/www.article-marketing.eu\/comunicatistampa\/gianni-prandi-vidierre-gli-italiani-sempre-piu-favorevoli-a-misure-di-controllo-contro-le-fake-news\/#respond"]}]},{"@type":"WebPage","@id":"https:\/\/www.article-marketing.eu\/comunicatistampa\/gianni-prandi-vidierre-gli-italiani-sempre-piu-favorevoli-a-misure-di-controllo-contro-le-fake-news\/","url":"https:\/\/www.article-marketing.eu\/comunicatistampa\/gianni-prandi-vidierre-gli-italiani-sempre-piu-favorevoli-a-misure-di-controllo-contro-le-fake-news\/","name":"Gianni Prandi (Vidierre): \u201cGli italiani sempre pi\u00f9 favorevoli a misure di controllo contro le fake news\u201d","isPartOf":{"@id":"https:\/\/www.article-marketing.eu\/comunicatistampa\/#website"},"primaryImageOfPage":{"@id":"https:\/\/www.article-marketing.eu\/comunicatistampa\/gianni-prandi-vidierre-gli-italiani-sempre-piu-favorevoli-a-misure-di-controllo-contro-le-fake-news\/#primaryimage"},"image":{"@id":"https:\/\/www.article-marketing.eu\/comunicatistampa\/gianni-prandi-vidierre-gli-italiani-sempre-piu-favorevoli-a-misure-di-controllo-contro-le-fake-news\/#primaryimage"},"thumbnailUrl":"https:\/\/www.riflettorisu.it\/wp-content\/uploads\/2023\/12\/gianni-prandi.png","datePublished":"2024-03-28T06:18:16+00:00","author":{"@id":"https:\/\/www.article-marketing.eu\/comunicatistampa\/#\/schema\/person\/2fcaf8f8f3a9eef9eb7f27532d3ca458"},"description":"Come percepiscono gli italiani la disinformazione online? Gianni Prandi, Fondatore di Vidierre, analizza queste ed altre questioni","breadcrumb":{"@id":"https:\/\/www.article-marketing.eu\/comunicatistampa\/gianni-prandi-vidierre-gli-italiani-sempre-piu-favorevoli-a-misure-di-controllo-contro-le-fake-news\/#breadcrumb"},"inLanguage":"it-IT","potentialAction":[{"@type":"ReadAction","target":["https:\/\/www.article-marketing.eu\/comunicatistampa\/gianni-prandi-vidierre-gli-italiani-sempre-piu-favorevoli-a-misure-di-controllo-contro-le-fake-news\/"]}]},{"@type":"ImageObject","inLanguage":"it-IT","@id":"https:\/\/www.article-marketing.eu\/comunicatistampa\/gianni-prandi-vidierre-gli-italiani-sempre-piu-favorevoli-a-misure-di-controllo-contro-le-fake-news\/#primaryimage","url":"https:\/\/www.riflettorisu.it\/wp-content\/uploads\/2023\/12\/gianni-prandi.png","contentUrl":"https:\/\/www.riflettorisu.it\/wp-content\/uploads\/2023\/12\/gianni-prandi.png"},{"@type":"BreadcrumbList","@id":"https:\/\/www.article-marketing.eu\/comunicatistampa\/gianni-prandi-vidierre-gli-italiani-sempre-piu-favorevoli-a-misure-di-controllo-contro-le-fake-news\/#breadcrumb","itemListElement":[{"@type":"ListItem","position":1,"name":"Home","item":"https:\/\/www.article-marketing.eu\/comunicatistampa\/"},{"@type":"ListItem","position":2,"name":"Gianni Prandi (Vidierre): \u201cGli italiani sempre pi\u00f9 favorevoli a misure di controllo contro le fake news\u201d"}]},{"@type":"WebSite","@id":"https:\/\/www.article-marketing.eu\/comunicatistampa\/#website","url":"https:\/\/www.article-marketing.eu\/comunicatistampa\/","name":"Article Marketing","description":"article marketing &amp; press release","potentialAction":[{"@type":"SearchAction","target":{"@type":"EntryPoint","urlTemplate":"https:\/\/www.article-marketing.eu\/comunicatistampa\/?s={search_term_string}"},"query-input":{"@type":"PropertyValueSpecification","valueRequired":true,"valueName":"search_term_string"}}],"inLanguage":"it-IT"},{"@type":"Person","@id":"https:\/\/www.article-marketing.eu\/comunicatistampa\/#\/schema\/person\/2fcaf8f8f3a9eef9eb7f27532d3ca458","name":"articolinews","image":{"@type":"ImageObject","inLanguage":"it-IT","@id":"https:\/\/secure.gravatar.com\/avatar\/9e2a264bab04e17dea24d937c9956304649a848cb73c46747a692ff1bdeb1cb7?s=96&d=mm&r=g","url":"https:\/\/secure.gravatar.com\/avatar\/9e2a264bab04e17dea24d937c9956304649a848cb73c46747a692ff1bdeb1cb7?s=96&d=mm&r=g","contentUrl":"https:\/\/secure.gravatar.com\/avatar\/9e2a264bab04e17dea24d937c9956304649a848cb73c46747a692ff1bdeb1cb7?s=96&d=mm&r=g","caption":"articolinews"},"url":"https:\/\/www.article-marketing.eu\/comunicatistampa\/author\/articolinews\/"}]}},"_links":{"self":[{"href":"https:\/\/www.article-marketing.eu\/comunicatistampa\/wp-json\/wp\/v2\/posts\/30225","targetHints":{"allow":["GET"]}}],"collection":[{"href":"https:\/\/www.article-marketing.eu\/comunicatistampa\/wp-json\/wp\/v2\/posts"}],"about":[{"href":"https:\/\/www.article-marketing.eu\/comunicatistampa\/wp-json\/wp\/v2\/types\/post"}],"author":[{"embeddable":true,"href":"https:\/\/www.article-marketing.eu\/comunicatistampa\/wp-json\/wp\/v2\/users\/6477"}],"replies":[{"embeddable":true,"href":"https:\/\/www.article-marketing.eu\/comunicatistampa\/wp-json\/wp\/v2\/comments?post=30225"}],"version-history":[{"count":2,"href":"https:\/\/www.article-marketing.eu\/comunicatistampa\/wp-json\/wp\/v2\/posts\/30225\/revisions"}],"predecessor-version":[{"id":30307,"href":"https:\/\/www.article-marketing.eu\/comunicatistampa\/wp-json\/wp\/v2\/posts\/30225\/revisions\/30307"}],"wp:attachment":[{"href":"https:\/\/www.article-marketing.eu\/comunicatistampa\/wp-json\/wp\/v2\/media?parent=30225"}],"wp:term":[{"taxonomy":"category","embeddable":true,"href":"https:\/\/www.article-marketing.eu\/comunicatistampa\/wp-json\/wp\/v2\/categories?post=30225"},{"taxonomy":"post_tag","embeddable":true,"href":"https:\/\/www.article-marketing.eu\/comunicatistampa\/wp-json\/wp\/v2\/tags?post=30225"}],"curies":[{"name":"wp","href":"https:\/\/api.w.org\/{rel}","templated":true}]}}