{"id":30254,"date":"2024-03-21T13:24:19","date_gmt":"2024-03-21T12:24:19","guid":{"rendered":"https:\/\/www.article-marketing.eu\/comunicatistampa\/?p=30254"},"modified":"2024-03-21T13:24:19","modified_gmt":"2024-03-21T12:24:19","slug":"luca-dal-fabbro-unire-le-necessita-industriali-con-i-processi-di-economia-circolare","status":"publish","type":"post","link":"https:\/\/www.article-marketing.eu\/comunicatistampa\/luca-dal-fabbro-unire-le-necessita-industriali-con-i-processi-di-economia-circolare\/","title":{"rendered":"Luca Dal Fabbro: unire le necessit\u00e0 industriali con i processi di economia circolare"},"content":{"rendered":"<p><em><strong>Nel contesto di una crescente attenzione verso la sostenibilit\u00e0 e l\u2019economia circolare, Iren ha fatto un significativo passo in avanti siglando un accordo con Altamin Limited, azienda mineraria australiana. Questa partnership strategica mira allo sviluppo di un progetto di recupero del litio dalle salamoie geotermiche nel Lazio. Il commento di <a title=\"Profilo X-Twitter di Luca Dal Fabbro, Presidente di Iren\" href=\"https:\/\/twitter.com\/lucadalfabbro\">Luca Dal Fabbro<\/a>.<\/strong><\/em><\/p>\n<p><a title=\"Luca Dal Fabbro, Presidente di Iren, su X-Twitter\" href=\"https:\/\/twitter.com\/lucadalfabbro\"><img loading=\"lazy\" decoding=\"async\" src=\"https:\/\/pbs.twimg.com\/profile_images\/1589936505753157638\/kLXaVQPO_400x400.jpg\" alt=\"Luca Dal Fabbro\" width=\"200\" height=\"200\" \/><\/a><\/p>\n<h2>Luca Dal Fabbro: l\u2019accordo di Iren con Altamin<\/h2>\n<p><strong><a title=\"X-Twitter: scopri il profilo di Luca Dal Fabbro, Presidente di Iren\" href=\"https:\/\/twitter.com\/lucadalfabbro\">Luca Dal Fabbro<\/a><\/strong>, Presidente di Iren, sottolinea l\u2019importanza critica del litio nell\u2019ambito della transizione energetica e digitale. Con una previsione di crescita esponenziale del fabbisogno italiano di litio, che si stima aumenter\u00e0 fino a 15 volte entro il 2040 rispetto ai livelli del 2020, l\u2019importanza di questo elemento per le filiere produttive legate all\u2019innovazione \u00e8 indiscutibile. L\u2019accordo con Altamin rappresenta quindi un\u2019opportunit\u00e0 non solo per Iren ma per l\u2019intero ecosistema industriale italiano di anticipare le future esigenze di materie prime critiche, sfruttando al meglio le risorse disponibili in modo sostenibile. Altamin, con la sua esperienza decennale in Italia e l\u2019approccio innovativo nello sviluppo di progetti minerari strategici, e Iren, che vanta un\u2019ampia competenza in progetti di economia circolare e gestione sostenibile delle risorse, ambiscono a creare un modello di riferimento per il recupero e l\u2019utilizzo del litio in modo etico e sostenibile. Questo non solo risponde alla crescente domanda globale ma promuove anche l\u2019autosufficienza europea in termini di materie prime critiche, riducendo la dipendenza da fornitori esteri e i relativi rischi geopolitici.<\/p>\n<h2>Luca Dal Fabbro: \u201cLa nostra forte esperienza in questo campo potr\u00e0 fornire un supporto strategico e di valore\u201d<\/h2>\n<p>L\u2019approccio adottato nel Geothermal Lithium Project \u00e8 emblematico di come la tecnologia e l\u2019innovazione possano convergere verso soluzioni di economia circolare che creino beneficio all\u2019ambiente, all\u2019economia e alla societ\u00e0. La capacit\u00e0 di estrarre litio dalle salamoie geotermiche, sfruttando l\u2019acqua calda salata intrappolata nel sottosuolo delle aree geotermiche, rappresenta un\u2019avanzata tecnologica significativa. Questa metodologia non solo promette di incrementare l\u2019offerta di litio ma lo fa in maniera ecocompatibile, limitando l\u2019impatto ambientale rispetto ai metodi estrattivi tradizionali. \u201c<em>Quello con Altamin \u00e8 tra i primi progetti europei a mettere in connessione le necessit\u00e0 industriali e i processi di economia circolare: la nostra forte esperienza in questo campo potr\u00e0 fornire un supporto strategico e di valore<\/em>\u201d, ha commentato <strong>Luca Dal Fabbro<\/strong>. Il progetto si inserisce in un contesto pi\u00f9 ampio di strategie volte a promuovere l\u2019economia circolare e a garantire una transizione energetica sostenibile. L\u2019Italia e l\u2019Europa si trovano di fronte alla sfida di ridurre la dipendenza dalle importazioni di materie prime critiche, migliorando al contempo la resilienza delle proprie filiere produttive. L\u2019iniziativa di Iren e Altamin non solo offre una soluzione praticabile a questa sfida ma stabilisce anche un\u2019opportunit\u00e0 per future collaborazioni internazionali nel campo dell\u2019estrazione sostenibile e del riciclo di risorse preziose.<\/p>\n","protected":false},"excerpt":{"rendered":"<p>Nel contesto di una crescente attenzione verso la sostenibilit\u00e0 e l\u2019economia circolare, Iren ha fatto un significativo passo in avanti siglando un accordo con Altamin Limited, azienda mineraria australiana. Questa partnership strategica mira allo sviluppo di un progetto di recupero del litio dalle salamoie geotermiche nel Lazio. Il commento di Luca Dal Fabbro. Luca Dal Fabbro: l\u2019accordo di Iren con Altamin Luca Dal Fabbro, Presidente di Iren, sottolinea l\u2019importanza critica<\/p>\n<p><a class=\"continue-reading\" href=\"https:\/\/www.article-marketing.eu\/comunicatistampa\/luca-dal-fabbro-unire-le-necessita-industriali-con-i-processi-di-economia-circolare\/\">Continue reading&#8230;<\/a><\/p>\n","protected":false},"author":6477,"featured_media":0,"comment_status":"open","ping_status":"open","sticky":false,"template":"","format":"standard","meta":{"_monsterinsights_skip_tracking":false,"_monsterinsights_sitenote_active":false,"_monsterinsights_sitenote_note":"","_monsterinsights_sitenote_category":0,"footnotes":""},"categories":[417],"tags":[10361],"class_list":["post-30254","post","type-post","status-publish","format-standard","hentry","category-fonti-rinnovabili","tag-luca-dal-fabbro"],"yoast_head":"<!-- This site is optimized with the Yoast SEO plugin v27.3 - https:\/\/yoast.com\/product\/yoast-seo-wordpress\/ -->\n<title>Luca Dal Fabbro: unire le necessit\u00e0 industriali con i processi di economia circolare<\/title>\n<meta name=\"description\" content=\"Luca Dal Fabbro: Geothermal Lithium un esempio di come tecnologia e innovazione possano convergere per promuovere l\u2019economia circolare\" \/>\n<meta name=\"robots\" content=\"index, follow, max-snippet:-1, max-image-preview:large, max-video-preview:-1\" \/>\n<link rel=\"canonical\" href=\"https:\/\/www.article-marketing.eu\/comunicatistampa\/luca-dal-fabbro-unire-le-necessita-industriali-con-i-processi-di-economia-circolare\/\" \/>\n<meta property=\"og:locale\" content=\"it_IT\" \/>\n<meta property=\"og:type\" content=\"article\" \/>\n<meta property=\"og:title\" content=\"Luca Dal Fabbro: unire le necessit\u00e0 industriali con i processi di economia circolare\" \/>\n<meta property=\"og:description\" content=\"Luca Dal Fabbro: Geothermal Lithium un esempio di come tecnologia e innovazione possano convergere per promuovere l\u2019economia circolare\" \/>\n<meta property=\"og:url\" content=\"https:\/\/www.article-marketing.eu\/comunicatistampa\/luca-dal-fabbro-unire-le-necessita-industriali-con-i-processi-di-economia-circolare\/\" \/>\n<meta property=\"og:site_name\" content=\"Article Marketing\" \/>\n<meta property=\"article:published_time\" content=\"2024-03-21T12:24:19+00:00\" \/>\n<meta property=\"og:image\" content=\"https:\/\/pbs.twimg.com\/profile_images\/1589936505753157638\/kLXaVQPO_400x400.jpg\" \/>\n<meta name=\"author\" content=\"articolinews\" \/>\n<meta name=\"twitter:card\" content=\"summary_large_image\" \/>\n<meta name=\"twitter:label1\" content=\"Scritto da\" \/>\n\t<meta name=\"twitter:data1\" content=\"articolinews\" \/>\n\t<meta name=\"twitter:label2\" content=\"Tempo di lettura stimato\" \/>\n\t<meta name=\"twitter:data2\" content=\"3 minuti\" \/>\n<script type=\"application\/ld+json\" class=\"yoast-schema-graph\">{\"@context\":\"https:\\\/\\\/schema.org\",\"@graph\":[{\"@type\":\"Article\",\"@id\":\"https:\\\/\\\/www.article-marketing.eu\\\/comunicatistampa\\\/luca-dal-fabbro-unire-le-necessita-industriali-con-i-processi-di-economia-circolare\\\/#article\",\"isPartOf\":{\"@id\":\"https:\\\/\\\/www.article-marketing.eu\\\/comunicatistampa\\\/luca-dal-fabbro-unire-le-necessita-industriali-con-i-processi-di-economia-circolare\\\/\"},\"author\":{\"name\":\"articolinews\",\"@id\":\"https:\\\/\\\/www.article-marketing.eu\\\/comunicatistampa\\\/#\\\/schema\\\/person\\\/2fcaf8f8f3a9eef9eb7f27532d3ca458\"},\"headline\":\"Luca Dal Fabbro: unire le necessit\u00e0 industriali con i processi di economia circolare\",\"datePublished\":\"2024-03-21T12:24:19+00:00\",\"mainEntityOfPage\":{\"@id\":\"https:\\\/\\\/www.article-marketing.eu\\\/comunicatistampa\\\/luca-dal-fabbro-unire-le-necessita-industriali-con-i-processi-di-economia-circolare\\\/\"},\"wordCount\":485,\"commentCount\":0,\"image\":{\"@id\":\"https:\\\/\\\/www.article-marketing.eu\\\/comunicatistampa\\\/luca-dal-fabbro-unire-le-necessita-industriali-con-i-processi-di-economia-circolare\\\/#primaryimage\"},\"thumbnailUrl\":\"https:\\\/\\\/pbs.twimg.com\\\/profile_images\\\/1589936505753157638\\\/kLXaVQPO_400x400.jpg\",\"keywords\":[\"Luca Dal Fabbro\"],\"articleSection\":[\"Fonti rinnovabili\"],\"inLanguage\":\"it-IT\",\"potentialAction\":[{\"@type\":\"CommentAction\",\"name\":\"Comment\",\"target\":[\"https:\\\/\\\/www.article-marketing.eu\\\/comunicatistampa\\\/luca-dal-fabbro-unire-le-necessita-industriali-con-i-processi-di-economia-circolare\\\/#respond\"]}]},{\"@type\":\"WebPage\",\"@id\":\"https:\\\/\\\/www.article-marketing.eu\\\/comunicatistampa\\\/luca-dal-fabbro-unire-le-necessita-industriali-con-i-processi-di-economia-circolare\\\/\",\"url\":\"https:\\\/\\\/www.article-marketing.eu\\\/comunicatistampa\\\/luca-dal-fabbro-unire-le-necessita-industriali-con-i-processi-di-economia-circolare\\\/\",\"name\":\"Luca Dal Fabbro: unire le necessit\u00e0 industriali con i processi di economia circolare\",\"isPartOf\":{\"@id\":\"https:\\\/\\\/www.article-marketing.eu\\\/comunicatistampa\\\/#website\"},\"primaryImageOfPage\":{\"@id\":\"https:\\\/\\\/www.article-marketing.eu\\\/comunicatistampa\\\/luca-dal-fabbro-unire-le-necessita-industriali-con-i-processi-di-economia-circolare\\\/#primaryimage\"},\"image\":{\"@id\":\"https:\\\/\\\/www.article-marketing.eu\\\/comunicatistampa\\\/luca-dal-fabbro-unire-le-necessita-industriali-con-i-processi-di-economia-circolare\\\/#primaryimage\"},\"thumbnailUrl\":\"https:\\\/\\\/pbs.twimg.com\\\/profile_images\\\/1589936505753157638\\\/kLXaVQPO_400x400.jpg\",\"datePublished\":\"2024-03-21T12:24:19+00:00\",\"author\":{\"@id\":\"https:\\\/\\\/www.article-marketing.eu\\\/comunicatistampa\\\/#\\\/schema\\\/person\\\/2fcaf8f8f3a9eef9eb7f27532d3ca458\"},\"description\":\"Luca Dal Fabbro: Geothermal Lithium un esempio di come tecnologia e innovazione possano convergere per promuovere l\u2019economia circolare\",\"breadcrumb\":{\"@id\":\"https:\\\/\\\/www.article-marketing.eu\\\/comunicatistampa\\\/luca-dal-fabbro-unire-le-necessita-industriali-con-i-processi-di-economia-circolare\\\/#breadcrumb\"},\"inLanguage\":\"it-IT\",\"potentialAction\":[{\"@type\":\"ReadAction\",\"target\":[\"https:\\\/\\\/www.article-marketing.eu\\\/comunicatistampa\\\/luca-dal-fabbro-unire-le-necessita-industriali-con-i-processi-di-economia-circolare\\\/\"]}]},{\"@type\":\"ImageObject\",\"inLanguage\":\"it-IT\",\"@id\":\"https:\\\/\\\/www.article-marketing.eu\\\/comunicatistampa\\\/luca-dal-fabbro-unire-le-necessita-industriali-con-i-processi-di-economia-circolare\\\/#primaryimage\",\"url\":\"https:\\\/\\\/pbs.twimg.com\\\/profile_images\\\/1589936505753157638\\\/kLXaVQPO_400x400.jpg\",\"contentUrl\":\"https:\\\/\\\/pbs.twimg.com\\\/profile_images\\\/1589936505753157638\\\/kLXaVQPO_400x400.jpg\"},{\"@type\":\"BreadcrumbList\",\"@id\":\"https:\\\/\\\/www.article-marketing.eu\\\/comunicatistampa\\\/luca-dal-fabbro-unire-le-necessita-industriali-con-i-processi-di-economia-circolare\\\/#breadcrumb\",\"itemListElement\":[{\"@type\":\"ListItem\",\"position\":1,\"name\":\"Home\",\"item\":\"https:\\\/\\\/www.article-marketing.eu\\\/comunicatistampa\\\/\"},{\"@type\":\"ListItem\",\"position\":2,\"name\":\"Luca Dal Fabbro: unire le necessit\u00e0 industriali con i processi di economia circolare\"}]},{\"@type\":\"WebSite\",\"@id\":\"https:\\\/\\\/www.article-marketing.eu\\\/comunicatistampa\\\/#website\",\"url\":\"https:\\\/\\\/www.article-marketing.eu\\\/comunicatistampa\\\/\",\"name\":\"Article Marketing\",\"description\":\"article marketing &amp; press release\",\"potentialAction\":[{\"@type\":\"SearchAction\",\"target\":{\"@type\":\"EntryPoint\",\"urlTemplate\":\"https:\\\/\\\/www.article-marketing.eu\\\/comunicatistampa\\\/?s={search_term_string}\"},\"query-input\":{\"@type\":\"PropertyValueSpecification\",\"valueRequired\":true,\"valueName\":\"search_term_string\"}}],\"inLanguage\":\"it-IT\"},{\"@type\":\"Person\",\"@id\":\"https:\\\/\\\/www.article-marketing.eu\\\/comunicatistampa\\\/#\\\/schema\\\/person\\\/2fcaf8f8f3a9eef9eb7f27532d3ca458\",\"name\":\"articolinews\",\"image\":{\"@type\":\"ImageObject\",\"inLanguage\":\"it-IT\",\"@id\":\"https:\\\/\\\/secure.gravatar.com\\\/avatar\\\/9e2a264bab04e17dea24d937c9956304649a848cb73c46747a692ff1bdeb1cb7?s=96&d=mm&r=g\",\"url\":\"https:\\\/\\\/secure.gravatar.com\\\/avatar\\\/9e2a264bab04e17dea24d937c9956304649a848cb73c46747a692ff1bdeb1cb7?s=96&d=mm&r=g\",\"contentUrl\":\"https:\\\/\\\/secure.gravatar.com\\\/avatar\\\/9e2a264bab04e17dea24d937c9956304649a848cb73c46747a692ff1bdeb1cb7?s=96&d=mm&r=g\",\"caption\":\"articolinews\"},\"url\":\"https:\\\/\\\/www.article-marketing.eu\\\/comunicatistampa\\\/author\\\/articolinews\\\/\"}]}<\/script>\n<!-- \/ Yoast SEO plugin. -->","yoast_head_json":{"title":"Luca Dal Fabbro: unire le necessit\u00e0 industriali con i processi di economia circolare","description":"Luca Dal Fabbro: Geothermal Lithium un esempio di come tecnologia e innovazione possano convergere per promuovere l\u2019economia circolare","robots":{"index":"index","follow":"follow","max-snippet":"max-snippet:-1","max-image-preview":"max-image-preview:large","max-video-preview":"max-video-preview:-1"},"canonical":"https:\/\/www.article-marketing.eu\/comunicatistampa\/luca-dal-fabbro-unire-le-necessita-industriali-con-i-processi-di-economia-circolare\/","og_locale":"it_IT","og_type":"article","og_title":"Luca Dal Fabbro: unire le necessit\u00e0 industriali con i processi di economia circolare","og_description":"Luca Dal Fabbro: Geothermal Lithium un esempio di come tecnologia e innovazione possano convergere per promuovere l\u2019economia circolare","og_url":"https:\/\/www.article-marketing.eu\/comunicatistampa\/luca-dal-fabbro-unire-le-necessita-industriali-con-i-processi-di-economia-circolare\/","og_site_name":"Article Marketing","article_published_time":"2024-03-21T12:24:19+00:00","og_image":[{"url":"https:\/\/pbs.twimg.com\/profile_images\/1589936505753157638\/kLXaVQPO_400x400.jpg","type":"","width":"","height":""}],"author":"articolinews","twitter_card":"summary_large_image","twitter_misc":{"Scritto da":"articolinews","Tempo di lettura stimato":"3 minuti"},"schema":{"@context":"https:\/\/schema.org","@graph":[{"@type":"Article","@id":"https:\/\/www.article-marketing.eu\/comunicatistampa\/luca-dal-fabbro-unire-le-necessita-industriali-con-i-processi-di-economia-circolare\/#article","isPartOf":{"@id":"https:\/\/www.article-marketing.eu\/comunicatistampa\/luca-dal-fabbro-unire-le-necessita-industriali-con-i-processi-di-economia-circolare\/"},"author":{"name":"articolinews","@id":"https:\/\/www.article-marketing.eu\/comunicatistampa\/#\/schema\/person\/2fcaf8f8f3a9eef9eb7f27532d3ca458"},"headline":"Luca Dal Fabbro: unire le necessit\u00e0 industriali con i processi di economia circolare","datePublished":"2024-03-21T12:24:19+00:00","mainEntityOfPage":{"@id":"https:\/\/www.article-marketing.eu\/comunicatistampa\/luca-dal-fabbro-unire-le-necessita-industriali-con-i-processi-di-economia-circolare\/"},"wordCount":485,"commentCount":0,"image":{"@id":"https:\/\/www.article-marketing.eu\/comunicatistampa\/luca-dal-fabbro-unire-le-necessita-industriali-con-i-processi-di-economia-circolare\/#primaryimage"},"thumbnailUrl":"https:\/\/pbs.twimg.com\/profile_images\/1589936505753157638\/kLXaVQPO_400x400.jpg","keywords":["Luca Dal Fabbro"],"articleSection":["Fonti rinnovabili"],"inLanguage":"it-IT","potentialAction":[{"@type":"CommentAction","name":"Comment","target":["https:\/\/www.article-marketing.eu\/comunicatistampa\/luca-dal-fabbro-unire-le-necessita-industriali-con-i-processi-di-economia-circolare\/#respond"]}]},{"@type":"WebPage","@id":"https:\/\/www.article-marketing.eu\/comunicatistampa\/luca-dal-fabbro-unire-le-necessita-industriali-con-i-processi-di-economia-circolare\/","url":"https:\/\/www.article-marketing.eu\/comunicatistampa\/luca-dal-fabbro-unire-le-necessita-industriali-con-i-processi-di-economia-circolare\/","name":"Luca Dal Fabbro: unire le necessit\u00e0 industriali con i processi di economia circolare","isPartOf":{"@id":"https:\/\/www.article-marketing.eu\/comunicatistampa\/#website"},"primaryImageOfPage":{"@id":"https:\/\/www.article-marketing.eu\/comunicatistampa\/luca-dal-fabbro-unire-le-necessita-industriali-con-i-processi-di-economia-circolare\/#primaryimage"},"image":{"@id":"https:\/\/www.article-marketing.eu\/comunicatistampa\/luca-dal-fabbro-unire-le-necessita-industriali-con-i-processi-di-economia-circolare\/#primaryimage"},"thumbnailUrl":"https:\/\/pbs.twimg.com\/profile_images\/1589936505753157638\/kLXaVQPO_400x400.jpg","datePublished":"2024-03-21T12:24:19+00:00","author":{"@id":"https:\/\/www.article-marketing.eu\/comunicatistampa\/#\/schema\/person\/2fcaf8f8f3a9eef9eb7f27532d3ca458"},"description":"Luca Dal Fabbro: Geothermal Lithium un esempio di come tecnologia e innovazione possano convergere per promuovere l\u2019economia circolare","breadcrumb":{"@id":"https:\/\/www.article-marketing.eu\/comunicatistampa\/luca-dal-fabbro-unire-le-necessita-industriali-con-i-processi-di-economia-circolare\/#breadcrumb"},"inLanguage":"it-IT","potentialAction":[{"@type":"ReadAction","target":["https:\/\/www.article-marketing.eu\/comunicatistampa\/luca-dal-fabbro-unire-le-necessita-industriali-con-i-processi-di-economia-circolare\/"]}]},{"@type":"ImageObject","inLanguage":"it-IT","@id":"https:\/\/www.article-marketing.eu\/comunicatistampa\/luca-dal-fabbro-unire-le-necessita-industriali-con-i-processi-di-economia-circolare\/#primaryimage","url":"https:\/\/pbs.twimg.com\/profile_images\/1589936505753157638\/kLXaVQPO_400x400.jpg","contentUrl":"https:\/\/pbs.twimg.com\/profile_images\/1589936505753157638\/kLXaVQPO_400x400.jpg"},{"@type":"BreadcrumbList","@id":"https:\/\/www.article-marketing.eu\/comunicatistampa\/luca-dal-fabbro-unire-le-necessita-industriali-con-i-processi-di-economia-circolare\/#breadcrumb","itemListElement":[{"@type":"ListItem","position":1,"name":"Home","item":"https:\/\/www.article-marketing.eu\/comunicatistampa\/"},{"@type":"ListItem","position":2,"name":"Luca Dal Fabbro: unire le necessit\u00e0 industriali con i processi di economia circolare"}]},{"@type":"WebSite","@id":"https:\/\/www.article-marketing.eu\/comunicatistampa\/#website","url":"https:\/\/www.article-marketing.eu\/comunicatistampa\/","name":"Article Marketing","description":"article marketing &amp; press release","potentialAction":[{"@type":"SearchAction","target":{"@type":"EntryPoint","urlTemplate":"https:\/\/www.article-marketing.eu\/comunicatistampa\/?s={search_term_string}"},"query-input":{"@type":"PropertyValueSpecification","valueRequired":true,"valueName":"search_term_string"}}],"inLanguage":"it-IT"},{"@type":"Person","@id":"https:\/\/www.article-marketing.eu\/comunicatistampa\/#\/schema\/person\/2fcaf8f8f3a9eef9eb7f27532d3ca458","name":"articolinews","image":{"@type":"ImageObject","inLanguage":"it-IT","@id":"https:\/\/secure.gravatar.com\/avatar\/9e2a264bab04e17dea24d937c9956304649a848cb73c46747a692ff1bdeb1cb7?s=96&d=mm&r=g","url":"https:\/\/secure.gravatar.com\/avatar\/9e2a264bab04e17dea24d937c9956304649a848cb73c46747a692ff1bdeb1cb7?s=96&d=mm&r=g","contentUrl":"https:\/\/secure.gravatar.com\/avatar\/9e2a264bab04e17dea24d937c9956304649a848cb73c46747a692ff1bdeb1cb7?s=96&d=mm&r=g","caption":"articolinews"},"url":"https:\/\/www.article-marketing.eu\/comunicatistampa\/author\/articolinews\/"}]}},"_links":{"self":[{"href":"https:\/\/www.article-marketing.eu\/comunicatistampa\/wp-json\/wp\/v2\/posts\/30254","targetHints":{"allow":["GET"]}}],"collection":[{"href":"https:\/\/www.article-marketing.eu\/comunicatistampa\/wp-json\/wp\/v2\/posts"}],"about":[{"href":"https:\/\/www.article-marketing.eu\/comunicatistampa\/wp-json\/wp\/v2\/types\/post"}],"author":[{"embeddable":true,"href":"https:\/\/www.article-marketing.eu\/comunicatistampa\/wp-json\/wp\/v2\/users\/6477"}],"replies":[{"embeddable":true,"href":"https:\/\/www.article-marketing.eu\/comunicatistampa\/wp-json\/wp\/v2\/comments?post=30254"}],"version-history":[{"count":2,"href":"https:\/\/www.article-marketing.eu\/comunicatistampa\/wp-json\/wp\/v2\/posts\/30254\/revisions"}],"predecessor-version":[{"id":30268,"href":"https:\/\/www.article-marketing.eu\/comunicatistampa\/wp-json\/wp\/v2\/posts\/30254\/revisions\/30268"}],"wp:attachment":[{"href":"https:\/\/www.article-marketing.eu\/comunicatistampa\/wp-json\/wp\/v2\/media?parent=30254"}],"wp:term":[{"taxonomy":"category","embeddable":true,"href":"https:\/\/www.article-marketing.eu\/comunicatistampa\/wp-json\/wp\/v2\/categories?post=30254"},{"taxonomy":"post_tag","embeddable":true,"href":"https:\/\/www.article-marketing.eu\/comunicatistampa\/wp-json\/wp\/v2\/tags?post=30254"}],"curies":[{"name":"wp","href":"https:\/\/api.w.org\/{rel}","templated":true}]}}