{"id":30261,"date":"2024-03-21T13:18:48","date_gmt":"2024-03-21T12:18:48","guid":{"rendered":"https:\/\/www.article-marketing.eu\/comunicatistampa\/?p=30261"},"modified":"2024-03-21T13:18:48","modified_gmt":"2024-03-21T12:18:48","slug":"fesr-varese-lappello-di-andrea-mascetti-per-maggiore-sinergia-tra-pubblico-e-privato","status":"publish","type":"post","link":"https:\/\/www.article-marketing.eu\/comunicatistampa\/fesr-varese-lappello-di-andrea-mascetti-per-maggiore-sinergia-tra-pubblico-e-privato\/","title":{"rendered":"FESR Varese, l\u2019appello di Andrea Mascetti per maggiore sinergia tra pubblico e privato"},"content":{"rendered":"<p><strong><em>Affinch\u00e9 la Provincia di Varese possa raccogliere e intercettare pi\u00f9 finanziamenti, \u00e8 necessaria una maggiore collaborazione tra gli attori locali: lo ha sostenuto <a title=\"Andrea Mascetti: approfondimenti sul Presidente di Finlombarda\" href=\"https:\/\/www.topmanageronline.eu\/tag\/andrea-mascetti\/\">Andrea Mascetti<\/a>, Presidente di Finlombarda, al congresso tenutosi a Villa Ponti sul FESR (Fondo Europeo di Sviluppo Regionale).<\/em><\/strong><\/p>\n<p><a title=\"La biografia professionale di Andrea Mascetti\" href=\"https:\/\/www.topmanageronline.eu\/tag\/andrea-mascetti\/\"><img loading=\"lazy\" decoding=\"async\" src=\"https:\/\/www.andreamascetti.it\/wp-content\/uploads\/2020\/06\/andrea-mascetti.jpg\" alt=\"Andrea Mascetti\" width=\"133\" height=\"200\" \/><\/a><\/p>\n<h2>Andrea Mascetti: \u201cVarese osi di pi\u00f9\u201d<\/h2>\n<p>Il Presidente di Finlombarda <strong>Andrea Mascetti<\/strong> ha preso parte al Tour PR FESR di Varese, evento promosso da Unioncamere e dalla Regione Lombardia per fare informazione sui fondi europei, come richiederli e come utilizzarli per progetti di sviluppo. Il nuovo ciclo di finanziamenti, orientato al periodo 2021-2027, porter\u00e0 alla Lombardia ben 2 miliardi di euro, con lo scopo di rivitalizzare l\u2019economia delle Province. Nella scorsa edizione, Varese era riuscita a ottenere intorno a 80 milioni di euro, sostenendo circa 2.700 imprese. Tuttavia, secondo <strong>Andrea Mascetti<\/strong>, questi risultati possono essere ampiamente superati: \u201c<em>La provincia di Varese deve osare di pi\u00f9. La sua partecipazione ai bandi di finanziamento non \u00e8 proporzionale rispetto al solido sistema economico che la caratterizza. Rispetto ad altre province, come Brescia e Bergamo, la nostra capacit\u00e0 di recuperare risorse \u00e8 forse un po\u2019 bassa. Si potrebbe fare di pi\u00f9, si potrebbe fare pi\u00f9 sistema e intercettare pi\u00f9 fondi<\/em>\u201d.<\/p>\n<h2>L\u2019appello di Andrea Mascetti per una maggiore collaborazione nel Varesotto<\/h2>\n<p>In questo nuovo ciclo FESR, la Provincia di Varese ha la possibilit\u00e0, secondo <a title=\"Andrea Mascetti: biografia e approfondimenti sul Presidente di Finlombarda\" href=\"https:\/\/www.topmanageronline.eu\/tag\/andrea-mascetti\/\"><strong>Andrea Mascetti<\/strong><\/a>, di ottenere fino a 160 milioni di euro. Ma affinch\u00e9 la Provincia non si lasci sfuggire una opportunit\u00e0 cos\u00ec preziosa, \u00e8 necessario un importante cambio di mentalit\u00e0. Il Presidente di Finlombarda, in particolare, ha sostenuto la necessit\u00e0 di \u201c<em>riuscire magari a superare alcune individualit\u00e0 e fare sistema come altre province lombarde sono riuscite a fare negli anni<\/em>\u201d. Imprenditoria e istituzioni devono dunque agire in concerto per intercettare la maggiore quantit\u00e0 di risorse possibili. <strong>Andrea Mascetti<\/strong> ha dichiarato la disponibilit\u00e0 di Finlombarda a collaborare e sostenere questo processo di ricompattamento, ma auspicando una uguale energia da parte degli altri stakeholders. \u201c<em>Mi auguro che tutti gli operatori, pubblici, privati, enti e associazioni avviino una riflessione per sviluppare idee importanti. Finlombarda \u00e8 determinata a sostenere lo sviluppo, aiutando con strumenti anche propri. Ma ci vuole volont\u00e0<\/em>\u201d.<\/p>\n","protected":false},"excerpt":{"rendered":"<p>Affinch\u00e9 la Provincia di Varese possa raccogliere e intercettare pi\u00f9 finanziamenti, \u00e8 necessaria una maggiore collaborazione tra gli attori locali: lo ha sostenuto Andrea Mascetti, Presidente di Finlombarda, al congresso tenutosi a Villa Ponti sul FESR (Fondo Europeo di Sviluppo Regionale). Andrea Mascetti: \u201cVarese osi di pi\u00f9\u201d Il Presidente di Finlombarda Andrea Mascetti ha preso parte al Tour PR FESR di Varese, evento promosso da Unioncamere e dalla Regione Lombardia<\/p>\n<p><a class=\"continue-reading\" href=\"https:\/\/www.article-marketing.eu\/comunicatistampa\/fesr-varese-lappello-di-andrea-mascetti-per-maggiore-sinergia-tra-pubblico-e-privato\/\">Continue reading&#8230;<\/a><\/p>\n","protected":false},"author":6477,"featured_media":0,"comment_status":"open","ping_status":"open","sticky":false,"template":"","format":"standard","meta":{"_monsterinsights_skip_tracking":false,"_monsterinsights_sitenote_active":false,"_monsterinsights_sitenote_note":"","_monsterinsights_sitenote_category":0,"footnotes":""},"categories":[407],"tags":[9120],"class_list":["post-30261","post","type-post","status-publish","format-standard","hentry","category-arte-e-cultura","tag-andrea-mascetti"],"yoast_head":"<!-- This site is optimized with the Yoast SEO plugin v27.3 - https:\/\/yoast.com\/product\/yoast-seo-wordpress\/ -->\n<title>FESR Varese, l\u2019appello di Andrea Mascetti per maggiore sinergia tra pubblico e privato<\/title>\n<meta name=\"description\" content=\"Con il nuovo ciclo di finanziamenti, la Provincia di Varese ha a disposizione 160 milioni di euro. Andrea Mascetti: &quot;Necessaria pi\u00f9 coesione&quot;\" \/>\n<meta name=\"robots\" content=\"index, follow, max-snippet:-1, max-image-preview:large, max-video-preview:-1\" \/>\n<link rel=\"canonical\" href=\"https:\/\/www.article-marketing.eu\/comunicatistampa\/fesr-varese-lappello-di-andrea-mascetti-per-maggiore-sinergia-tra-pubblico-e-privato\/\" \/>\n<meta property=\"og:locale\" content=\"it_IT\" \/>\n<meta property=\"og:type\" content=\"article\" \/>\n<meta property=\"og:title\" content=\"FESR Varese, l\u2019appello di Andrea Mascetti per maggiore sinergia tra pubblico e privato\" \/>\n<meta property=\"og:description\" content=\"Con il nuovo ciclo di finanziamenti, la Provincia di Varese ha a disposizione 160 milioni di euro. Andrea Mascetti: &quot;Necessaria pi\u00f9 coesione&quot;\" \/>\n<meta property=\"og:url\" content=\"https:\/\/www.article-marketing.eu\/comunicatistampa\/fesr-varese-lappello-di-andrea-mascetti-per-maggiore-sinergia-tra-pubblico-e-privato\/\" \/>\n<meta property=\"og:site_name\" content=\"Article Marketing\" \/>\n<meta property=\"article:published_time\" content=\"2024-03-21T12:18:48+00:00\" \/>\n<meta property=\"og:image\" content=\"https:\/\/www.andreamascetti.it\/wp-content\/uploads\/2020\/06\/andrea-mascetti.jpg\" \/>\n<meta name=\"author\" content=\"articolinews\" \/>\n<meta name=\"twitter:card\" content=\"summary_large_image\" \/>\n<meta name=\"twitter:label1\" content=\"Scritto da\" \/>\n\t<meta name=\"twitter:data1\" content=\"articolinews\" \/>\n\t<meta name=\"twitter:label2\" content=\"Tempo di lettura stimato\" \/>\n\t<meta name=\"twitter:data2\" content=\"3 minuti\" \/>\n<script type=\"application\/ld+json\" class=\"yoast-schema-graph\">{\"@context\":\"https:\\\/\\\/schema.org\",\"@graph\":[{\"@type\":\"Article\",\"@id\":\"https:\\\/\\\/www.article-marketing.eu\\\/comunicatistampa\\\/fesr-varese-lappello-di-andrea-mascetti-per-maggiore-sinergia-tra-pubblico-e-privato\\\/#article\",\"isPartOf\":{\"@id\":\"https:\\\/\\\/www.article-marketing.eu\\\/comunicatistampa\\\/fesr-varese-lappello-di-andrea-mascetti-per-maggiore-sinergia-tra-pubblico-e-privato\\\/\"},\"author\":{\"name\":\"articolinews\",\"@id\":\"https:\\\/\\\/www.article-marketing.eu\\\/comunicatistampa\\\/#\\\/schema\\\/person\\\/2fcaf8f8f3a9eef9eb7f27532d3ca458\"},\"headline\":\"FESR Varese, l\u2019appello di Andrea Mascetti per maggiore sinergia tra pubblico e privato\",\"datePublished\":\"2024-03-21T12:18:48+00:00\",\"mainEntityOfPage\":{\"@id\":\"https:\\\/\\\/www.article-marketing.eu\\\/comunicatistampa\\\/fesr-varese-lappello-di-andrea-mascetti-per-maggiore-sinergia-tra-pubblico-e-privato\\\/\"},\"wordCount\":362,\"commentCount\":0,\"image\":{\"@id\":\"https:\\\/\\\/www.article-marketing.eu\\\/comunicatistampa\\\/fesr-varese-lappello-di-andrea-mascetti-per-maggiore-sinergia-tra-pubblico-e-privato\\\/#primaryimage\"},\"thumbnailUrl\":\"https:\\\/\\\/www.andreamascetti.it\\\/wp-content\\\/uploads\\\/2020\\\/06\\\/andrea-mascetti.jpg\",\"keywords\":[\"Andrea Mascetti\"],\"articleSection\":[\"Arte e cultura\"],\"inLanguage\":\"it-IT\",\"potentialAction\":[{\"@type\":\"CommentAction\",\"name\":\"Comment\",\"target\":[\"https:\\\/\\\/www.article-marketing.eu\\\/comunicatistampa\\\/fesr-varese-lappello-di-andrea-mascetti-per-maggiore-sinergia-tra-pubblico-e-privato\\\/#respond\"]}]},{\"@type\":\"WebPage\",\"@id\":\"https:\\\/\\\/www.article-marketing.eu\\\/comunicatistampa\\\/fesr-varese-lappello-di-andrea-mascetti-per-maggiore-sinergia-tra-pubblico-e-privato\\\/\",\"url\":\"https:\\\/\\\/www.article-marketing.eu\\\/comunicatistampa\\\/fesr-varese-lappello-di-andrea-mascetti-per-maggiore-sinergia-tra-pubblico-e-privato\\\/\",\"name\":\"FESR Varese, l\u2019appello di Andrea Mascetti per maggiore sinergia tra pubblico e privato\",\"isPartOf\":{\"@id\":\"https:\\\/\\\/www.article-marketing.eu\\\/comunicatistampa\\\/#website\"},\"primaryImageOfPage\":{\"@id\":\"https:\\\/\\\/www.article-marketing.eu\\\/comunicatistampa\\\/fesr-varese-lappello-di-andrea-mascetti-per-maggiore-sinergia-tra-pubblico-e-privato\\\/#primaryimage\"},\"image\":{\"@id\":\"https:\\\/\\\/www.article-marketing.eu\\\/comunicatistampa\\\/fesr-varese-lappello-di-andrea-mascetti-per-maggiore-sinergia-tra-pubblico-e-privato\\\/#primaryimage\"},\"thumbnailUrl\":\"https:\\\/\\\/www.andreamascetti.it\\\/wp-content\\\/uploads\\\/2020\\\/06\\\/andrea-mascetti.jpg\",\"datePublished\":\"2024-03-21T12:18:48+00:00\",\"author\":{\"@id\":\"https:\\\/\\\/www.article-marketing.eu\\\/comunicatistampa\\\/#\\\/schema\\\/person\\\/2fcaf8f8f3a9eef9eb7f27532d3ca458\"},\"description\":\"Con il nuovo ciclo di finanziamenti, la Provincia di Varese ha a disposizione 160 milioni di euro. Andrea Mascetti: \\\"Necessaria pi\u00f9 coesione\\\"\",\"breadcrumb\":{\"@id\":\"https:\\\/\\\/www.article-marketing.eu\\\/comunicatistampa\\\/fesr-varese-lappello-di-andrea-mascetti-per-maggiore-sinergia-tra-pubblico-e-privato\\\/#breadcrumb\"},\"inLanguage\":\"it-IT\",\"potentialAction\":[{\"@type\":\"ReadAction\",\"target\":[\"https:\\\/\\\/www.article-marketing.eu\\\/comunicatistampa\\\/fesr-varese-lappello-di-andrea-mascetti-per-maggiore-sinergia-tra-pubblico-e-privato\\\/\"]}]},{\"@type\":\"ImageObject\",\"inLanguage\":\"it-IT\",\"@id\":\"https:\\\/\\\/www.article-marketing.eu\\\/comunicatistampa\\\/fesr-varese-lappello-di-andrea-mascetti-per-maggiore-sinergia-tra-pubblico-e-privato\\\/#primaryimage\",\"url\":\"https:\\\/\\\/www.andreamascetti.it\\\/wp-content\\\/uploads\\\/2020\\\/06\\\/andrea-mascetti.jpg\",\"contentUrl\":\"https:\\\/\\\/www.andreamascetti.it\\\/wp-content\\\/uploads\\\/2020\\\/06\\\/andrea-mascetti.jpg\"},{\"@type\":\"BreadcrumbList\",\"@id\":\"https:\\\/\\\/www.article-marketing.eu\\\/comunicatistampa\\\/fesr-varese-lappello-di-andrea-mascetti-per-maggiore-sinergia-tra-pubblico-e-privato\\\/#breadcrumb\",\"itemListElement\":[{\"@type\":\"ListItem\",\"position\":1,\"name\":\"Home\",\"item\":\"https:\\\/\\\/www.article-marketing.eu\\\/comunicatistampa\\\/\"},{\"@type\":\"ListItem\",\"position\":2,\"name\":\"FESR Varese, l\u2019appello di Andrea Mascetti per maggiore sinergia tra pubblico e privato\"}]},{\"@type\":\"WebSite\",\"@id\":\"https:\\\/\\\/www.article-marketing.eu\\\/comunicatistampa\\\/#website\",\"url\":\"https:\\\/\\\/www.article-marketing.eu\\\/comunicatistampa\\\/\",\"name\":\"Article Marketing\",\"description\":\"article marketing &amp; press release\",\"potentialAction\":[{\"@type\":\"SearchAction\",\"target\":{\"@type\":\"EntryPoint\",\"urlTemplate\":\"https:\\\/\\\/www.article-marketing.eu\\\/comunicatistampa\\\/?s={search_term_string}\"},\"query-input\":{\"@type\":\"PropertyValueSpecification\",\"valueRequired\":true,\"valueName\":\"search_term_string\"}}],\"inLanguage\":\"it-IT\"},{\"@type\":\"Person\",\"@id\":\"https:\\\/\\\/www.article-marketing.eu\\\/comunicatistampa\\\/#\\\/schema\\\/person\\\/2fcaf8f8f3a9eef9eb7f27532d3ca458\",\"name\":\"articolinews\",\"image\":{\"@type\":\"ImageObject\",\"inLanguage\":\"it-IT\",\"@id\":\"https:\\\/\\\/secure.gravatar.com\\\/avatar\\\/9e2a264bab04e17dea24d937c9956304649a848cb73c46747a692ff1bdeb1cb7?s=96&d=mm&r=g\",\"url\":\"https:\\\/\\\/secure.gravatar.com\\\/avatar\\\/9e2a264bab04e17dea24d937c9956304649a848cb73c46747a692ff1bdeb1cb7?s=96&d=mm&r=g\",\"contentUrl\":\"https:\\\/\\\/secure.gravatar.com\\\/avatar\\\/9e2a264bab04e17dea24d937c9956304649a848cb73c46747a692ff1bdeb1cb7?s=96&d=mm&r=g\",\"caption\":\"articolinews\"},\"url\":\"https:\\\/\\\/www.article-marketing.eu\\\/comunicatistampa\\\/author\\\/articolinews\\\/\"}]}<\/script>\n<!-- \/ Yoast SEO plugin. -->","yoast_head_json":{"title":"FESR Varese, l\u2019appello di Andrea Mascetti per maggiore sinergia tra pubblico e privato","description":"Con il nuovo ciclo di finanziamenti, la Provincia di Varese ha a disposizione 160 milioni di euro. Andrea Mascetti: \"Necessaria pi\u00f9 coesione\"","robots":{"index":"index","follow":"follow","max-snippet":"max-snippet:-1","max-image-preview":"max-image-preview:large","max-video-preview":"max-video-preview:-1"},"canonical":"https:\/\/www.article-marketing.eu\/comunicatistampa\/fesr-varese-lappello-di-andrea-mascetti-per-maggiore-sinergia-tra-pubblico-e-privato\/","og_locale":"it_IT","og_type":"article","og_title":"FESR Varese, l\u2019appello di Andrea Mascetti per maggiore sinergia tra pubblico e privato","og_description":"Con il nuovo ciclo di finanziamenti, la Provincia di Varese ha a disposizione 160 milioni di euro. Andrea Mascetti: \"Necessaria pi\u00f9 coesione\"","og_url":"https:\/\/www.article-marketing.eu\/comunicatistampa\/fesr-varese-lappello-di-andrea-mascetti-per-maggiore-sinergia-tra-pubblico-e-privato\/","og_site_name":"Article Marketing","article_published_time":"2024-03-21T12:18:48+00:00","og_image":[{"url":"https:\/\/www.andreamascetti.it\/wp-content\/uploads\/2020\/06\/andrea-mascetti.jpg","type":"","width":"","height":""}],"author":"articolinews","twitter_card":"summary_large_image","twitter_misc":{"Scritto da":"articolinews","Tempo di lettura stimato":"3 minuti"},"schema":{"@context":"https:\/\/schema.org","@graph":[{"@type":"Article","@id":"https:\/\/www.article-marketing.eu\/comunicatistampa\/fesr-varese-lappello-di-andrea-mascetti-per-maggiore-sinergia-tra-pubblico-e-privato\/#article","isPartOf":{"@id":"https:\/\/www.article-marketing.eu\/comunicatistampa\/fesr-varese-lappello-di-andrea-mascetti-per-maggiore-sinergia-tra-pubblico-e-privato\/"},"author":{"name":"articolinews","@id":"https:\/\/www.article-marketing.eu\/comunicatistampa\/#\/schema\/person\/2fcaf8f8f3a9eef9eb7f27532d3ca458"},"headline":"FESR Varese, l\u2019appello di Andrea Mascetti per maggiore sinergia tra pubblico e privato","datePublished":"2024-03-21T12:18:48+00:00","mainEntityOfPage":{"@id":"https:\/\/www.article-marketing.eu\/comunicatistampa\/fesr-varese-lappello-di-andrea-mascetti-per-maggiore-sinergia-tra-pubblico-e-privato\/"},"wordCount":362,"commentCount":0,"image":{"@id":"https:\/\/www.article-marketing.eu\/comunicatistampa\/fesr-varese-lappello-di-andrea-mascetti-per-maggiore-sinergia-tra-pubblico-e-privato\/#primaryimage"},"thumbnailUrl":"https:\/\/www.andreamascetti.it\/wp-content\/uploads\/2020\/06\/andrea-mascetti.jpg","keywords":["Andrea Mascetti"],"articleSection":["Arte e cultura"],"inLanguage":"it-IT","potentialAction":[{"@type":"CommentAction","name":"Comment","target":["https:\/\/www.article-marketing.eu\/comunicatistampa\/fesr-varese-lappello-di-andrea-mascetti-per-maggiore-sinergia-tra-pubblico-e-privato\/#respond"]}]},{"@type":"WebPage","@id":"https:\/\/www.article-marketing.eu\/comunicatistampa\/fesr-varese-lappello-di-andrea-mascetti-per-maggiore-sinergia-tra-pubblico-e-privato\/","url":"https:\/\/www.article-marketing.eu\/comunicatistampa\/fesr-varese-lappello-di-andrea-mascetti-per-maggiore-sinergia-tra-pubblico-e-privato\/","name":"FESR Varese, l\u2019appello di Andrea Mascetti per maggiore sinergia tra pubblico e privato","isPartOf":{"@id":"https:\/\/www.article-marketing.eu\/comunicatistampa\/#website"},"primaryImageOfPage":{"@id":"https:\/\/www.article-marketing.eu\/comunicatistampa\/fesr-varese-lappello-di-andrea-mascetti-per-maggiore-sinergia-tra-pubblico-e-privato\/#primaryimage"},"image":{"@id":"https:\/\/www.article-marketing.eu\/comunicatistampa\/fesr-varese-lappello-di-andrea-mascetti-per-maggiore-sinergia-tra-pubblico-e-privato\/#primaryimage"},"thumbnailUrl":"https:\/\/www.andreamascetti.it\/wp-content\/uploads\/2020\/06\/andrea-mascetti.jpg","datePublished":"2024-03-21T12:18:48+00:00","author":{"@id":"https:\/\/www.article-marketing.eu\/comunicatistampa\/#\/schema\/person\/2fcaf8f8f3a9eef9eb7f27532d3ca458"},"description":"Con il nuovo ciclo di finanziamenti, la Provincia di Varese ha a disposizione 160 milioni di euro. Andrea Mascetti: \"Necessaria pi\u00f9 coesione\"","breadcrumb":{"@id":"https:\/\/www.article-marketing.eu\/comunicatistampa\/fesr-varese-lappello-di-andrea-mascetti-per-maggiore-sinergia-tra-pubblico-e-privato\/#breadcrumb"},"inLanguage":"it-IT","potentialAction":[{"@type":"ReadAction","target":["https:\/\/www.article-marketing.eu\/comunicatistampa\/fesr-varese-lappello-di-andrea-mascetti-per-maggiore-sinergia-tra-pubblico-e-privato\/"]}]},{"@type":"ImageObject","inLanguage":"it-IT","@id":"https:\/\/www.article-marketing.eu\/comunicatistampa\/fesr-varese-lappello-di-andrea-mascetti-per-maggiore-sinergia-tra-pubblico-e-privato\/#primaryimage","url":"https:\/\/www.andreamascetti.it\/wp-content\/uploads\/2020\/06\/andrea-mascetti.jpg","contentUrl":"https:\/\/www.andreamascetti.it\/wp-content\/uploads\/2020\/06\/andrea-mascetti.jpg"},{"@type":"BreadcrumbList","@id":"https:\/\/www.article-marketing.eu\/comunicatistampa\/fesr-varese-lappello-di-andrea-mascetti-per-maggiore-sinergia-tra-pubblico-e-privato\/#breadcrumb","itemListElement":[{"@type":"ListItem","position":1,"name":"Home","item":"https:\/\/www.article-marketing.eu\/comunicatistampa\/"},{"@type":"ListItem","position":2,"name":"FESR Varese, l\u2019appello di Andrea Mascetti per maggiore sinergia tra pubblico e privato"}]},{"@type":"WebSite","@id":"https:\/\/www.article-marketing.eu\/comunicatistampa\/#website","url":"https:\/\/www.article-marketing.eu\/comunicatistampa\/","name":"Article Marketing","description":"article marketing &amp; press release","potentialAction":[{"@type":"SearchAction","target":{"@type":"EntryPoint","urlTemplate":"https:\/\/www.article-marketing.eu\/comunicatistampa\/?s={search_term_string}"},"query-input":{"@type":"PropertyValueSpecification","valueRequired":true,"valueName":"search_term_string"}}],"inLanguage":"it-IT"},{"@type":"Person","@id":"https:\/\/www.article-marketing.eu\/comunicatistampa\/#\/schema\/person\/2fcaf8f8f3a9eef9eb7f27532d3ca458","name":"articolinews","image":{"@type":"ImageObject","inLanguage":"it-IT","@id":"https:\/\/secure.gravatar.com\/avatar\/9e2a264bab04e17dea24d937c9956304649a848cb73c46747a692ff1bdeb1cb7?s=96&d=mm&r=g","url":"https:\/\/secure.gravatar.com\/avatar\/9e2a264bab04e17dea24d937c9956304649a848cb73c46747a692ff1bdeb1cb7?s=96&d=mm&r=g","contentUrl":"https:\/\/secure.gravatar.com\/avatar\/9e2a264bab04e17dea24d937c9956304649a848cb73c46747a692ff1bdeb1cb7?s=96&d=mm&r=g","caption":"articolinews"},"url":"https:\/\/www.article-marketing.eu\/comunicatistampa\/author\/articolinews\/"}]}},"_links":{"self":[{"href":"https:\/\/www.article-marketing.eu\/comunicatistampa\/wp-json\/wp\/v2\/posts\/30261","targetHints":{"allow":["GET"]}}],"collection":[{"href":"https:\/\/www.article-marketing.eu\/comunicatistampa\/wp-json\/wp\/v2\/posts"}],"about":[{"href":"https:\/\/www.article-marketing.eu\/comunicatistampa\/wp-json\/wp\/v2\/types\/post"}],"author":[{"embeddable":true,"href":"https:\/\/www.article-marketing.eu\/comunicatistampa\/wp-json\/wp\/v2\/users\/6477"}],"replies":[{"embeddable":true,"href":"https:\/\/www.article-marketing.eu\/comunicatistampa\/wp-json\/wp\/v2\/comments?post=30261"}],"version-history":[{"count":2,"href":"https:\/\/www.article-marketing.eu\/comunicatistampa\/wp-json\/wp\/v2\/posts\/30261\/revisions"}],"predecessor-version":[{"id":30267,"href":"https:\/\/www.article-marketing.eu\/comunicatistampa\/wp-json\/wp\/v2\/posts\/30261\/revisions\/30267"}],"wp:attachment":[{"href":"https:\/\/www.article-marketing.eu\/comunicatistampa\/wp-json\/wp\/v2\/media?parent=30261"}],"wp:term":[{"taxonomy":"category","embeddable":true,"href":"https:\/\/www.article-marketing.eu\/comunicatistampa\/wp-json\/wp\/v2\/categories?post=30261"},{"taxonomy":"post_tag","embeddable":true,"href":"https:\/\/www.article-marketing.eu\/comunicatistampa\/wp-json\/wp\/v2\/tags?post=30261"}],"curies":[{"name":"wp","href":"https:\/\/api.w.org\/{rel}","templated":true}]}}