{"id":30346,"date":"2024-03-24T12:42:10","date_gmt":"2024-03-24T11:42:10","guid":{"rendered":"https:\/\/www.article-marketing.eu\/comunicatistampa\/?p=30346"},"modified":"2024-03-24T12:42:10","modified_gmt":"2024-03-24T11:42:10","slug":"renato-mazzoncini-con-le-city-plug-di-a2a-la-ricarica-domestica-portata-su-strada","status":"publish","type":"post","link":"https:\/\/www.article-marketing.eu\/comunicatistampa\/renato-mazzoncini-con-le-city-plug-di-a2a-la-ricarica-domestica-portata-su-strada\/","title":{"rendered":"Renato Mazzoncini: \u201cCon le City Plug di A2A la ricarica domestica portata su strada\u201d"},"content":{"rendered":"<p><em><strong>Ricaricare le auto in citt\u00e0 senza limiti di tempo. Con le City Plug di A2A arriva a Milano una rivoluzione per la mobilit\u00e0 sostenibile. A margine dell\u2019evento di presentazione, l\u2019AD <a title=\"Renato Mazzoncini all'inaugurazione di City Plug in via Manara a Milano\" href=\"https:\/\/www.youtube.com\/watch?v=F1qtL9bcbbw\">Renato Mazzoncini<\/a> ha illustrato i vantaggi del nuovo sistema di colonnine.<\/strong><\/em><\/p>\n<p><a title=\"Le nuove colonnine di A2A a Milano: l'intervento di Renato Mazzoncini\" href=\"https:\/\/www.youtube.com\/watch?v=F1qtL9bcbbw\"><img loading=\"lazy\" decoding=\"async\" src=\"https:\/\/www.affaritaliani.it\/static\/upl2020_1\/rena\/renato_mazzoncini10.jpg\" alt=\"Renato Mazzoncini, AD di A2A\" width=\"278\" height=\"200\" \/><\/a><\/p>\n<h2>Renato Mazzoncini: City Plug, la soluzione di A2A per la mobilit\u00e0 elettrica in citt\u00e0<\/h2>\n<p>La mobilit\u00e0 elettrica \u00e8 una delle sfide pi\u00f9 importanti per il futuro di una citt\u00e0 come Milano, ma anche una delle pi\u00f9 difficili da realizzare. Le infrastrutture di ricarica, infatti, non sempre sono in numero sufficiente per rispondere alla domanda e l\u2019installazione pone spesso il limite degli stalli. Per contribuire a risolvere il problema il capoluogo lombardo ha deciso di affidarsi alle colonnine City Plug di <strong>A2A<\/strong>, recentemente inaugurate in via Manara. A spiegare l\u2019innovativo sistema sviluppato dalla Life Company, a margine dell\u2019evento di presentazione, \u00e8 stato l\u2019Amministratore Delegato <a title=\"Renato Mazzoncini: &quot;Le City Plug non hanno bisogno di lavori infrastrutturali sulla rete elettrica&quot;\" href=\"https:\/\/www.youtube.com\/watch?v=F1qtL9bcbbw\"><strong>Renato Mazzoncini<\/strong><\/a> rispondendo alle domande di \u201cAffari Italiani\u201d. \u201c<em>La grande novit\u00e0 \u00e8 che si tratta di una ricarica lenta, che non richiede di staccare l&#8217;auto alla fine della ricarica<\/em> \u2013 ha dichiarato il manager \u2013<em> I cittadini possono lasciarla parcheggiata &#8211; e le colonnine non richiedono lo stallo dedicato<\/em>\u201d. Con la nuova infrastruttura di A2A, di dimensioni estremamente ridotte, si bypassano completamente i limiti infrastrutturali e il timore di ridurre i parcheggi dei cittadini: \u201c<em>Con le City Plug abbiamo cambiato completamente paradigma. Le colonnine sono molto poco invadenti dal punto di vista dell\u2019arredo urbano e consentono a chi ha un\u2019auto elettrica di comportarsi come un cittadino che possiede un\u2019auto termica. Quindi parcheggia la sera e si attacca alla colonnina presso un normale stallo blu. Va a cena, a dormire e la mattina dopo trova l&#8217;auto carica<\/em>\u201d.<\/p>\n<h2>Renato Mazzoncini: \u201cMilano capitale europea dell\u2019elettrico grazie alle City Plug\u201d<\/h2>\n<p>Le City Plug offrono quindi una soluzione ai cittadini milanesi che oggi non scelgono l\u2019auto elettrica per paura di non poter ricaricare. Con le colonnine di A2A si ha infatti a disposizione un\u2019infrastruttura pubblica che risponde alla stessa logica di un box auto privato, ma che sar\u00e0 possibile trovare capillarmente in citt\u00e0. \u201c<em>L&#8217;altro grande vantaggio<\/em> \u2013 ha sottolineato <strong>Renato Mazzoncini<\/strong> \u2013 <em>\u00e8 che le City Plug non hanno bisogno di lavori infrastrutturali sulla rete elettrica proprio perch\u00e9 a bassa potenza e quindi le possiamo posizionare ovunque senza nessun lavoro complementare. Le stiamo inserendo anche nei pali della luce<\/em>\u201d. Con l\u2019innovativo sistema di A2A, Milano si candida dunque a diventare una delle capitali europee della mobilit\u00e0 green insieme a Londra, Parigi e Amsterdam: \u201c<em>Se consideriamo il numero di auto elettriche, che in Italia \u00e8 certamente inferiore rispetto ad Inghilterra, Francia e Olanda, come numero di colonnine per automobili Milano oggi \u00e8 quella con la maggior densit\u00e0 d&#8217;Europa<\/em>\u201d. Una soluzione che pu\u00f2 favorire la diffusione dei veicoli a zero emissioni.<\/p>\n","protected":false},"excerpt":{"rendered":"<p>Ricaricare le auto in citt\u00e0 senza limiti di tempo. Con le City Plug di A2A arriva a Milano una rivoluzione per la mobilit\u00e0 sostenibile. A margine dell\u2019evento di presentazione, l\u2019AD Renato Mazzoncini ha illustrato i vantaggi del nuovo sistema di colonnine. Renato Mazzoncini: City Plug, la soluzione di A2A per la mobilit\u00e0 elettrica in citt\u00e0 La mobilit\u00e0 elettrica \u00e8 una delle sfide pi\u00f9 importanti per il futuro di una citt\u00e0<\/p>\n<p><a class=\"continue-reading\" href=\"https:\/\/www.article-marketing.eu\/comunicatistampa\/renato-mazzoncini-con-le-city-plug-di-a2a-la-ricarica-domestica-portata-su-strada\/\">Continue reading&#8230;<\/a><\/p>\n","protected":false},"author":6477,"featured_media":0,"comment_status":"open","ping_status":"open","sticky":false,"template":"","format":"standard","meta":{"_monsterinsights_skip_tracking":false,"_monsterinsights_sitenote_active":false,"_monsterinsights_sitenote_note":"","_monsterinsights_sitenote_category":0,"footnotes":""},"categories":[374],"tags":[9539,10442],"class_list":["post-30346","post","type-post","status-publish","format-standard","hentry","category-motori","tag-a2a","tag-renato-mazzoncini"],"yoast_head":"<!-- This site is optimized with the Yoast SEO plugin v27.3 - https:\/\/yoast.com\/product\/yoast-seo-wordpress\/ -->\n<title>Renato Mazzoncini: \u201cCon le City Plug di A2A la ricarica domestica portata su strada\u201d<\/title>\n<meta name=\"description\" content=\"Renato Mazzoncini a Milano per la presentazione delle City Plug, le colonnine di ricarica targate A2A che non richiedono stallo dedicato\" \/>\n<meta name=\"robots\" content=\"index, follow, max-snippet:-1, max-image-preview:large, max-video-preview:-1\" \/>\n<link rel=\"canonical\" href=\"https:\/\/www.article-marketing.eu\/comunicatistampa\/renato-mazzoncini-con-le-city-plug-di-a2a-la-ricarica-domestica-portata-su-strada\/\" \/>\n<meta property=\"og:locale\" content=\"it_IT\" \/>\n<meta property=\"og:type\" content=\"article\" \/>\n<meta property=\"og:title\" content=\"Renato Mazzoncini: \u201cCon le City Plug di A2A la ricarica domestica portata su strada\u201d\" \/>\n<meta property=\"og:description\" content=\"Renato Mazzoncini a Milano per la presentazione delle City Plug, le colonnine di ricarica targate A2A che non richiedono stallo dedicato\" \/>\n<meta property=\"og:url\" content=\"https:\/\/www.article-marketing.eu\/comunicatistampa\/renato-mazzoncini-con-le-city-plug-di-a2a-la-ricarica-domestica-portata-su-strada\/\" \/>\n<meta property=\"og:site_name\" content=\"Article Marketing\" \/>\n<meta property=\"article:published_time\" content=\"2024-03-24T11:42:10+00:00\" \/>\n<meta property=\"og:image\" content=\"https:\/\/www.affaritaliani.it\/static\/upl2020_1\/rena\/renato_mazzoncini10.jpg\" \/>\n<meta name=\"author\" content=\"articolinews\" \/>\n<meta name=\"twitter:card\" content=\"summary_large_image\" \/>\n<meta name=\"twitter:label1\" content=\"Scritto da\" \/>\n\t<meta name=\"twitter:data1\" content=\"articolinews\" \/>\n\t<meta name=\"twitter:label2\" content=\"Tempo di lettura stimato\" \/>\n\t<meta name=\"twitter:data2\" content=\"3 minuti\" \/>\n<script type=\"application\/ld+json\" class=\"yoast-schema-graph\">{\"@context\":\"https:\\\/\\\/schema.org\",\"@graph\":[{\"@type\":\"Article\",\"@id\":\"https:\\\/\\\/www.article-marketing.eu\\\/comunicatistampa\\\/renato-mazzoncini-con-le-city-plug-di-a2a-la-ricarica-domestica-portata-su-strada\\\/#article\",\"isPartOf\":{\"@id\":\"https:\\\/\\\/www.article-marketing.eu\\\/comunicatistampa\\\/renato-mazzoncini-con-le-city-plug-di-a2a-la-ricarica-domestica-portata-su-strada\\\/\"},\"author\":{\"name\":\"articolinews\",\"@id\":\"https:\\\/\\\/www.article-marketing.eu\\\/comunicatistampa\\\/#\\\/schema\\\/person\\\/2fcaf8f8f3a9eef9eb7f27532d3ca458\"},\"headline\":\"Renato Mazzoncini: \u201cCon le City Plug di A2A la ricarica domestica portata su strada\u201d\",\"datePublished\":\"2024-03-24T11:42:10+00:00\",\"mainEntityOfPage\":{\"@id\":\"https:\\\/\\\/www.article-marketing.eu\\\/comunicatistampa\\\/renato-mazzoncini-con-le-city-plug-di-a2a-la-ricarica-domestica-portata-su-strada\\\/\"},\"wordCount\":482,\"commentCount\":0,\"image\":{\"@id\":\"https:\\\/\\\/www.article-marketing.eu\\\/comunicatistampa\\\/renato-mazzoncini-con-le-city-plug-di-a2a-la-ricarica-domestica-portata-su-strada\\\/#primaryimage\"},\"thumbnailUrl\":\"https:\\\/\\\/www.affaritaliani.it\\\/static\\\/upl2020_1\\\/rena\\\/renato_mazzoncini10.jpg\",\"keywords\":[\"A2A\",\"Renato Mazzoncini\"],\"articleSection\":[\"Motori\"],\"inLanguage\":\"it-IT\",\"potentialAction\":[{\"@type\":\"CommentAction\",\"name\":\"Comment\",\"target\":[\"https:\\\/\\\/www.article-marketing.eu\\\/comunicatistampa\\\/renato-mazzoncini-con-le-city-plug-di-a2a-la-ricarica-domestica-portata-su-strada\\\/#respond\"]}]},{\"@type\":\"WebPage\",\"@id\":\"https:\\\/\\\/www.article-marketing.eu\\\/comunicatistampa\\\/renato-mazzoncini-con-le-city-plug-di-a2a-la-ricarica-domestica-portata-su-strada\\\/\",\"url\":\"https:\\\/\\\/www.article-marketing.eu\\\/comunicatistampa\\\/renato-mazzoncini-con-le-city-plug-di-a2a-la-ricarica-domestica-portata-su-strada\\\/\",\"name\":\"Renato Mazzoncini: \u201cCon le City Plug di A2A la ricarica domestica portata su strada\u201d\",\"isPartOf\":{\"@id\":\"https:\\\/\\\/www.article-marketing.eu\\\/comunicatistampa\\\/#website\"},\"primaryImageOfPage\":{\"@id\":\"https:\\\/\\\/www.article-marketing.eu\\\/comunicatistampa\\\/renato-mazzoncini-con-le-city-plug-di-a2a-la-ricarica-domestica-portata-su-strada\\\/#primaryimage\"},\"image\":{\"@id\":\"https:\\\/\\\/www.article-marketing.eu\\\/comunicatistampa\\\/renato-mazzoncini-con-le-city-plug-di-a2a-la-ricarica-domestica-portata-su-strada\\\/#primaryimage\"},\"thumbnailUrl\":\"https:\\\/\\\/www.affaritaliani.it\\\/static\\\/upl2020_1\\\/rena\\\/renato_mazzoncini10.jpg\",\"datePublished\":\"2024-03-24T11:42:10+00:00\",\"author\":{\"@id\":\"https:\\\/\\\/www.article-marketing.eu\\\/comunicatistampa\\\/#\\\/schema\\\/person\\\/2fcaf8f8f3a9eef9eb7f27532d3ca458\"},\"description\":\"Renato Mazzoncini a Milano per la presentazione delle City Plug, le colonnine di ricarica targate A2A che non richiedono stallo dedicato\",\"breadcrumb\":{\"@id\":\"https:\\\/\\\/www.article-marketing.eu\\\/comunicatistampa\\\/renato-mazzoncini-con-le-city-plug-di-a2a-la-ricarica-domestica-portata-su-strada\\\/#breadcrumb\"},\"inLanguage\":\"it-IT\",\"potentialAction\":[{\"@type\":\"ReadAction\",\"target\":[\"https:\\\/\\\/www.article-marketing.eu\\\/comunicatistampa\\\/renato-mazzoncini-con-le-city-plug-di-a2a-la-ricarica-domestica-portata-su-strada\\\/\"]}]},{\"@type\":\"ImageObject\",\"inLanguage\":\"it-IT\",\"@id\":\"https:\\\/\\\/www.article-marketing.eu\\\/comunicatistampa\\\/renato-mazzoncini-con-le-city-plug-di-a2a-la-ricarica-domestica-portata-su-strada\\\/#primaryimage\",\"url\":\"https:\\\/\\\/www.affaritaliani.it\\\/static\\\/upl2020_1\\\/rena\\\/renato_mazzoncini10.jpg\",\"contentUrl\":\"https:\\\/\\\/www.affaritaliani.it\\\/static\\\/upl2020_1\\\/rena\\\/renato_mazzoncini10.jpg\"},{\"@type\":\"BreadcrumbList\",\"@id\":\"https:\\\/\\\/www.article-marketing.eu\\\/comunicatistampa\\\/renato-mazzoncini-con-le-city-plug-di-a2a-la-ricarica-domestica-portata-su-strada\\\/#breadcrumb\",\"itemListElement\":[{\"@type\":\"ListItem\",\"position\":1,\"name\":\"Home\",\"item\":\"https:\\\/\\\/www.article-marketing.eu\\\/comunicatistampa\\\/\"},{\"@type\":\"ListItem\",\"position\":2,\"name\":\"Renato Mazzoncini: \u201cCon le City Plug di A2A la ricarica domestica portata su strada\u201d\"}]},{\"@type\":\"WebSite\",\"@id\":\"https:\\\/\\\/www.article-marketing.eu\\\/comunicatistampa\\\/#website\",\"url\":\"https:\\\/\\\/www.article-marketing.eu\\\/comunicatistampa\\\/\",\"name\":\"Article Marketing\",\"description\":\"article marketing &amp; press release\",\"potentialAction\":[{\"@type\":\"SearchAction\",\"target\":{\"@type\":\"EntryPoint\",\"urlTemplate\":\"https:\\\/\\\/www.article-marketing.eu\\\/comunicatistampa\\\/?s={search_term_string}\"},\"query-input\":{\"@type\":\"PropertyValueSpecification\",\"valueRequired\":true,\"valueName\":\"search_term_string\"}}],\"inLanguage\":\"it-IT\"},{\"@type\":\"Person\",\"@id\":\"https:\\\/\\\/www.article-marketing.eu\\\/comunicatistampa\\\/#\\\/schema\\\/person\\\/2fcaf8f8f3a9eef9eb7f27532d3ca458\",\"name\":\"articolinews\",\"image\":{\"@type\":\"ImageObject\",\"inLanguage\":\"it-IT\",\"@id\":\"https:\\\/\\\/secure.gravatar.com\\\/avatar\\\/9e2a264bab04e17dea24d937c9956304649a848cb73c46747a692ff1bdeb1cb7?s=96&d=mm&r=g\",\"url\":\"https:\\\/\\\/secure.gravatar.com\\\/avatar\\\/9e2a264bab04e17dea24d937c9956304649a848cb73c46747a692ff1bdeb1cb7?s=96&d=mm&r=g\",\"contentUrl\":\"https:\\\/\\\/secure.gravatar.com\\\/avatar\\\/9e2a264bab04e17dea24d937c9956304649a848cb73c46747a692ff1bdeb1cb7?s=96&d=mm&r=g\",\"caption\":\"articolinews\"},\"url\":\"https:\\\/\\\/www.article-marketing.eu\\\/comunicatistampa\\\/author\\\/articolinews\\\/\"}]}<\/script>\n<!-- \/ Yoast SEO plugin. -->","yoast_head_json":{"title":"Renato Mazzoncini: \u201cCon le City Plug di A2A la ricarica domestica portata su strada\u201d","description":"Renato Mazzoncini a Milano per la presentazione delle City Plug, le colonnine di ricarica targate A2A che non richiedono stallo dedicato","robots":{"index":"index","follow":"follow","max-snippet":"max-snippet:-1","max-image-preview":"max-image-preview:large","max-video-preview":"max-video-preview:-1"},"canonical":"https:\/\/www.article-marketing.eu\/comunicatistampa\/renato-mazzoncini-con-le-city-plug-di-a2a-la-ricarica-domestica-portata-su-strada\/","og_locale":"it_IT","og_type":"article","og_title":"Renato Mazzoncini: \u201cCon le City Plug di A2A la ricarica domestica portata su strada\u201d","og_description":"Renato Mazzoncini a Milano per la presentazione delle City Plug, le colonnine di ricarica targate A2A che non richiedono stallo dedicato","og_url":"https:\/\/www.article-marketing.eu\/comunicatistampa\/renato-mazzoncini-con-le-city-plug-di-a2a-la-ricarica-domestica-portata-su-strada\/","og_site_name":"Article Marketing","article_published_time":"2024-03-24T11:42:10+00:00","og_image":[{"url":"https:\/\/www.affaritaliani.it\/static\/upl2020_1\/rena\/renato_mazzoncini10.jpg","type":"","width":"","height":""}],"author":"articolinews","twitter_card":"summary_large_image","twitter_misc":{"Scritto da":"articolinews","Tempo di lettura stimato":"3 minuti"},"schema":{"@context":"https:\/\/schema.org","@graph":[{"@type":"Article","@id":"https:\/\/www.article-marketing.eu\/comunicatistampa\/renato-mazzoncini-con-le-city-plug-di-a2a-la-ricarica-domestica-portata-su-strada\/#article","isPartOf":{"@id":"https:\/\/www.article-marketing.eu\/comunicatistampa\/renato-mazzoncini-con-le-city-plug-di-a2a-la-ricarica-domestica-portata-su-strada\/"},"author":{"name":"articolinews","@id":"https:\/\/www.article-marketing.eu\/comunicatistampa\/#\/schema\/person\/2fcaf8f8f3a9eef9eb7f27532d3ca458"},"headline":"Renato Mazzoncini: \u201cCon le City Plug di A2A la ricarica domestica portata su strada\u201d","datePublished":"2024-03-24T11:42:10+00:00","mainEntityOfPage":{"@id":"https:\/\/www.article-marketing.eu\/comunicatistampa\/renato-mazzoncini-con-le-city-plug-di-a2a-la-ricarica-domestica-portata-su-strada\/"},"wordCount":482,"commentCount":0,"image":{"@id":"https:\/\/www.article-marketing.eu\/comunicatistampa\/renato-mazzoncini-con-le-city-plug-di-a2a-la-ricarica-domestica-portata-su-strada\/#primaryimage"},"thumbnailUrl":"https:\/\/www.affaritaliani.it\/static\/upl2020_1\/rena\/renato_mazzoncini10.jpg","keywords":["A2A","Renato Mazzoncini"],"articleSection":["Motori"],"inLanguage":"it-IT","potentialAction":[{"@type":"CommentAction","name":"Comment","target":["https:\/\/www.article-marketing.eu\/comunicatistampa\/renato-mazzoncini-con-le-city-plug-di-a2a-la-ricarica-domestica-portata-su-strada\/#respond"]}]},{"@type":"WebPage","@id":"https:\/\/www.article-marketing.eu\/comunicatistampa\/renato-mazzoncini-con-le-city-plug-di-a2a-la-ricarica-domestica-portata-su-strada\/","url":"https:\/\/www.article-marketing.eu\/comunicatistampa\/renato-mazzoncini-con-le-city-plug-di-a2a-la-ricarica-domestica-portata-su-strada\/","name":"Renato Mazzoncini: \u201cCon le City Plug di A2A la ricarica domestica portata su strada\u201d","isPartOf":{"@id":"https:\/\/www.article-marketing.eu\/comunicatistampa\/#website"},"primaryImageOfPage":{"@id":"https:\/\/www.article-marketing.eu\/comunicatistampa\/renato-mazzoncini-con-le-city-plug-di-a2a-la-ricarica-domestica-portata-su-strada\/#primaryimage"},"image":{"@id":"https:\/\/www.article-marketing.eu\/comunicatistampa\/renato-mazzoncini-con-le-city-plug-di-a2a-la-ricarica-domestica-portata-su-strada\/#primaryimage"},"thumbnailUrl":"https:\/\/www.affaritaliani.it\/static\/upl2020_1\/rena\/renato_mazzoncini10.jpg","datePublished":"2024-03-24T11:42:10+00:00","author":{"@id":"https:\/\/www.article-marketing.eu\/comunicatistampa\/#\/schema\/person\/2fcaf8f8f3a9eef9eb7f27532d3ca458"},"description":"Renato Mazzoncini a Milano per la presentazione delle City Plug, le colonnine di ricarica targate A2A che non richiedono stallo dedicato","breadcrumb":{"@id":"https:\/\/www.article-marketing.eu\/comunicatistampa\/renato-mazzoncini-con-le-city-plug-di-a2a-la-ricarica-domestica-portata-su-strada\/#breadcrumb"},"inLanguage":"it-IT","potentialAction":[{"@type":"ReadAction","target":["https:\/\/www.article-marketing.eu\/comunicatistampa\/renato-mazzoncini-con-le-city-plug-di-a2a-la-ricarica-domestica-portata-su-strada\/"]}]},{"@type":"ImageObject","inLanguage":"it-IT","@id":"https:\/\/www.article-marketing.eu\/comunicatistampa\/renato-mazzoncini-con-le-city-plug-di-a2a-la-ricarica-domestica-portata-su-strada\/#primaryimage","url":"https:\/\/www.affaritaliani.it\/static\/upl2020_1\/rena\/renato_mazzoncini10.jpg","contentUrl":"https:\/\/www.affaritaliani.it\/static\/upl2020_1\/rena\/renato_mazzoncini10.jpg"},{"@type":"BreadcrumbList","@id":"https:\/\/www.article-marketing.eu\/comunicatistampa\/renato-mazzoncini-con-le-city-plug-di-a2a-la-ricarica-domestica-portata-su-strada\/#breadcrumb","itemListElement":[{"@type":"ListItem","position":1,"name":"Home","item":"https:\/\/www.article-marketing.eu\/comunicatistampa\/"},{"@type":"ListItem","position":2,"name":"Renato Mazzoncini: \u201cCon le City Plug di A2A la ricarica domestica portata su strada\u201d"}]},{"@type":"WebSite","@id":"https:\/\/www.article-marketing.eu\/comunicatistampa\/#website","url":"https:\/\/www.article-marketing.eu\/comunicatistampa\/","name":"Article Marketing","description":"article marketing &amp; press release","potentialAction":[{"@type":"SearchAction","target":{"@type":"EntryPoint","urlTemplate":"https:\/\/www.article-marketing.eu\/comunicatistampa\/?s={search_term_string}"},"query-input":{"@type":"PropertyValueSpecification","valueRequired":true,"valueName":"search_term_string"}}],"inLanguage":"it-IT"},{"@type":"Person","@id":"https:\/\/www.article-marketing.eu\/comunicatistampa\/#\/schema\/person\/2fcaf8f8f3a9eef9eb7f27532d3ca458","name":"articolinews","image":{"@type":"ImageObject","inLanguage":"it-IT","@id":"https:\/\/secure.gravatar.com\/avatar\/9e2a264bab04e17dea24d937c9956304649a848cb73c46747a692ff1bdeb1cb7?s=96&d=mm&r=g","url":"https:\/\/secure.gravatar.com\/avatar\/9e2a264bab04e17dea24d937c9956304649a848cb73c46747a692ff1bdeb1cb7?s=96&d=mm&r=g","contentUrl":"https:\/\/secure.gravatar.com\/avatar\/9e2a264bab04e17dea24d937c9956304649a848cb73c46747a692ff1bdeb1cb7?s=96&d=mm&r=g","caption":"articolinews"},"url":"https:\/\/www.article-marketing.eu\/comunicatistampa\/author\/articolinews\/"}]}},"_links":{"self":[{"href":"https:\/\/www.article-marketing.eu\/comunicatistampa\/wp-json\/wp\/v2\/posts\/30346","targetHints":{"allow":["GET"]}}],"collection":[{"href":"https:\/\/www.article-marketing.eu\/comunicatistampa\/wp-json\/wp\/v2\/posts"}],"about":[{"href":"https:\/\/www.article-marketing.eu\/comunicatistampa\/wp-json\/wp\/v2\/types\/post"}],"author":[{"embeddable":true,"href":"https:\/\/www.article-marketing.eu\/comunicatistampa\/wp-json\/wp\/v2\/users\/6477"}],"replies":[{"embeddable":true,"href":"https:\/\/www.article-marketing.eu\/comunicatistampa\/wp-json\/wp\/v2\/comments?post=30346"}],"version-history":[{"count":2,"href":"https:\/\/www.article-marketing.eu\/comunicatistampa\/wp-json\/wp\/v2\/posts\/30346\/revisions"}],"predecessor-version":[{"id":30368,"href":"https:\/\/www.article-marketing.eu\/comunicatistampa\/wp-json\/wp\/v2\/posts\/30346\/revisions\/30368"}],"wp:attachment":[{"href":"https:\/\/www.article-marketing.eu\/comunicatistampa\/wp-json\/wp\/v2\/media?parent=30346"}],"wp:term":[{"taxonomy":"category","embeddable":true,"href":"https:\/\/www.article-marketing.eu\/comunicatistampa\/wp-json\/wp\/v2\/categories?post=30346"},{"taxonomy":"post_tag","embeddable":true,"href":"https:\/\/www.article-marketing.eu\/comunicatistampa\/wp-json\/wp\/v2\/tags?post=30346"}],"curies":[{"name":"wp","href":"https:\/\/api.w.org\/{rel}","templated":true}]}}