{"id":30413,"date":"2024-04-14T09:31:41","date_gmt":"2024-04-14T07:31:41","guid":{"rendered":"https:\/\/www.article-marketing.eu\/comunicatistampa\/?p=30413"},"modified":"2024-04-05T16:17:19","modified_gmt":"2024-04-05T14:17:19","slug":"roberto-sergio-premiato-per-lutilizzo-etico-dei-social","status":"publish","type":"post","link":"https:\/\/www.article-marketing.eu\/comunicatistampa\/roberto-sergio-premiato-per-lutilizzo-etico-dei-social\/","title":{"rendered":"Roberto Sergio premiato per l\u2019utilizzo etico dei social"},"content":{"rendered":"<p><em><strong>L\u2019utilizzo dei social per promuovere i propri valori, la dignit\u00e0 delle persone, il rispetto della natura e degli animali, ma anche la capacit\u00e0 di reagire compostamente ad attacchi e critiche: questi sono i meriti e le qualit\u00e0 che hanno consentito a <a title=\"Roberto Sergio eletto \u201cEthical Champion\u201d dallo IUSVE\" href=\"https:\/\/www.primaonline.it\/2024\/03\/15\/403302\/a-roberto-sergio-rai-il-premio-ethical-champion\/\">Roberto Sergio<\/a>, AD della RAI, di ricevere il riconoscimento come \u201cEthical Champion\u201d da parte dell\u2019Istituto Salesiano Universitario Venezia.<\/strong><\/em><\/p>\n<p><a title=\"Roberto Sergio insignito del titolo di \u201cEthical Champion\u201d\" href=\"https:\/\/www.primaonline.it\/2024\/03\/15\/403302\/a-roberto-sergio-rai-il-premio-ethical-champion\/\"><img loading=\"lazy\" decoding=\"async\" src=\"https:\/\/www.primaonline.it\/wp-content\/uploads\/2024\/03\/A-Roberto-Sergio-Rai-il-premio-Ethical-champion-2-1024x783.jpg\" alt=\"Roberto Sergio\" width=\"196\" height=\"150\" \/><\/a><\/p>\n<h2>Roberto Sergio: IUSVE gli conferisce il titolo di \u201cEthical Champion\u201d<\/h2>\n<p>Gli studenti e i professori dell\u2019Istituto Salesiano Universitario Venezia hanno premiato <strong><a title=\"Lo IUSVE nomina Roberto Sergio come \u201cEthical Champion\u201d\" href=\"https:\/\/www.primaonline.it\/2024\/03\/15\/403302\/a-roberto-sergio-rai-il-premio-ethical-champion\/\">Roberto Sergio<\/a><\/strong>, AD della RAI, come \u201cEthical Champion\u201d, ossia come figura pubblica distintasi per un utilizzo positivo dei social. Il Direttore della comunicazione istituzionale di IUSVE, don Nicola Giacopini, ha assegnato il riconoscimento congiuntamente con gli studenti e speaker di Cube Radio. <strong>Roberto Sergio<\/strong> \u00e8 stato apprezzato in particolare in virt\u00f9 della sua capacit\u00e0 di armonizzare sui social gli aspetti intimi e personali della sua esistenza con quelli \u201cpubblici\u201d e legati al suo lavoro. Rivolgendosi direttamente al manager, la delegazione IUSVE ha riconosciuto inoltre il suo impegno nel promuovere valori positivi su internet: \u201c<em>Nel conferirle questa edizione speciale del nostro premio che prende in considerazione la sua intera presenza sui social media, desideriamo sottolineare l\u2019importanza dei valori che lei ha messo in evidenza, soprattutto nei profili personali e privati, mettendo al centro gli affetti pi\u00f9 cari, l\u2019amore che guida e sostiene e la vita, la dignit\u00e0 delle persone, una particolare attenzione e rispetto anche per la natura e gli animali.<\/em>\u201d<\/p>\n<h2>IUSVE: \u201c<em>Roberto Sergio \u00e8 guidato da valori radicati<\/em>\u201d<\/h2>\n<p>Il merito di <strong>Roberto Sergio<\/strong> \u00e8 dunque, secondo la delegazione IUSVE, quello di mettere in questione il presupposto per cui la sfera pubblica e la sfera privata debbano necessariamente essere tenute separate. Inoltre, l\u2019AD della RAI \u00e8 anche stato elogiato per la compostezza di cui d\u00e0 mostra sulle piattaforme online: \u201c<em>Abbiamo avuto la percezione di essere di fronte a una persona che sa reagire con equilibrio agli scossoni e alle tempeste che, inevitabilmente, fanno parte della propria storia personale e si ripercuotono tanto nell\u2019esperienza professionale quanto nella vita privata<\/em>\u201d, hanno affermato gli studenti e docenti spiegando le ragioni della nomina, \u201c<em>reagendo con assertivit\u00e0 agli attacchi ricevuti senza mai lasciare spazio nel corso degli anni all\u2019aggressivit\u00e0 nelle mediazioni digitali ma cercando di comporre le divergenze con la mediazione e la forza delle motivazioni\u201d<\/em>. In un\u2019epoca in cui il nostro modo di comunicare \u00e8 stato profondamente riplasmato dai social, <strong>Roberto Sergio<\/strong> ricorda dunque a tutti come coniugare privacy e trasparenza, vita privata e responsabilit\u00e0 professionale: il tutto tenendo sempre a mente l\u2019impatto che possiamo esercitare sugli altri tramite internet.<\/p>\n","protected":false},"excerpt":{"rendered":"<p>\u201cAbbiamo avuto la percezione di essere di fronte a una persona che sa reagire con equilibrio agli scossoni e alle tempeste\u201d: cos\u00ec i docenti e studenti dello IUSVE hanno motivato l\u2019attribuzione del titolo di \u201cEthical Champion\u201d all\u2019AD della RAI Roberto Sergio.<\/p>\n","protected":false},"author":6477,"featured_media":0,"comment_status":"open","ping_status":"open","sticky":false,"template":"","format":"standard","meta":{"_monsterinsights_skip_tracking":false,"_monsterinsights_sitenote_active":false,"_monsterinsights_sitenote_note":"","_monsterinsights_sitenote_category":0,"footnotes":""},"categories":[392],"tags":[11079],"class_list":["post-30413","post","type-post","status-publish","format-standard","hentry","category-eventi","tag-roberto-sergio"],"yoast_head":"<!-- This site is optimized with the Yoast SEO plugin v27.3 - https:\/\/yoast.com\/product\/yoast-seo-wordpress\/ -->\n<title>Roberto Sergio premiato per l\u2019utilizzo etico dei social - Article Marketing<\/title>\n<meta name=\"description\" content=\"\u201cAbbiamo avuto la percezione di essere di fronte a una persona che sa reagire con equilibrio agli scossoni e alle tempeste\u201d: cos\u00ec i docenti e studenti dello IUSVE hanno motivato l\u2019attribuzione del titolo di \u201cEthical Champion\u201d all\u2019AD della RAI Roberto Sergio.\" \/>\n<meta name=\"robots\" content=\"index, follow, max-snippet:-1, max-image-preview:large, max-video-preview:-1\" \/>\n<link rel=\"canonical\" href=\"https:\/\/www.article-marketing.eu\/comunicatistampa\/roberto-sergio-premiato-per-lutilizzo-etico-dei-social\/\" \/>\n<meta property=\"og:locale\" content=\"it_IT\" \/>\n<meta property=\"og:type\" content=\"article\" \/>\n<meta property=\"og:title\" content=\"Roberto Sergio premiato per l\u2019utilizzo etico dei social - Article Marketing\" \/>\n<meta property=\"og:description\" content=\"\u201cAbbiamo avuto la percezione di essere di fronte a una persona che sa reagire con equilibrio agli scossoni e alle tempeste\u201d: cos\u00ec i docenti e studenti dello IUSVE hanno motivato l\u2019attribuzione del titolo di \u201cEthical Champion\u201d all\u2019AD della RAI Roberto Sergio.\" \/>\n<meta property=\"og:url\" content=\"https:\/\/www.article-marketing.eu\/comunicatistampa\/roberto-sergio-premiato-per-lutilizzo-etico-dei-social\/\" \/>\n<meta property=\"og:site_name\" content=\"Article Marketing\" \/>\n<meta property=\"article:published_time\" content=\"2024-04-14T07:31:41+00:00\" \/>\n<meta property=\"og:image\" content=\"https:\/\/www.primaonline.it\/wp-content\/uploads\/2024\/03\/A-Roberto-Sergio-Rai-il-premio-Ethical-champion-2-1024x783.jpg\" \/>\n<meta name=\"author\" content=\"articolinews\" \/>\n<meta name=\"twitter:card\" content=\"summary_large_image\" \/>\n<meta name=\"twitter:label1\" content=\"Scritto da\" \/>\n\t<meta name=\"twitter:data1\" content=\"articolinews\" \/>\n\t<meta name=\"twitter:label2\" content=\"Tempo di lettura stimato\" \/>\n\t<meta name=\"twitter:data2\" content=\"3 minuti\" \/>\n<script type=\"application\/ld+json\" class=\"yoast-schema-graph\">{\"@context\":\"https:\\\/\\\/schema.org\",\"@graph\":[{\"@type\":\"Article\",\"@id\":\"https:\\\/\\\/www.article-marketing.eu\\\/comunicatistampa\\\/roberto-sergio-premiato-per-lutilizzo-etico-dei-social\\\/#article\",\"isPartOf\":{\"@id\":\"https:\\\/\\\/www.article-marketing.eu\\\/comunicatistampa\\\/roberto-sergio-premiato-per-lutilizzo-etico-dei-social\\\/\"},\"author\":{\"name\":\"articolinews\",\"@id\":\"https:\\\/\\\/www.article-marketing.eu\\\/comunicatistampa\\\/#\\\/schema\\\/person\\\/2fcaf8f8f3a9eef9eb7f27532d3ca458\"},\"headline\":\"Roberto Sergio premiato per l\u2019utilizzo etico dei social\",\"datePublished\":\"2024-04-14T07:31:41+00:00\",\"mainEntityOfPage\":{\"@id\":\"https:\\\/\\\/www.article-marketing.eu\\\/comunicatistampa\\\/roberto-sergio-premiato-per-lutilizzo-etico-dei-social\\\/\"},\"wordCount\":439,\"commentCount\":0,\"image\":{\"@id\":\"https:\\\/\\\/www.article-marketing.eu\\\/comunicatistampa\\\/roberto-sergio-premiato-per-lutilizzo-etico-dei-social\\\/#primaryimage\"},\"thumbnailUrl\":\"https:\\\/\\\/www.primaonline.it\\\/wp-content\\\/uploads\\\/2024\\\/03\\\/A-Roberto-Sergio-Rai-il-premio-Ethical-champion-2-1024x783.jpg\",\"keywords\":[\"Roberto Sergio\"],\"articleSection\":[\"Eventi\"],\"inLanguage\":\"it-IT\",\"potentialAction\":[{\"@type\":\"CommentAction\",\"name\":\"Comment\",\"target\":[\"https:\\\/\\\/www.article-marketing.eu\\\/comunicatistampa\\\/roberto-sergio-premiato-per-lutilizzo-etico-dei-social\\\/#respond\"]}]},{\"@type\":\"WebPage\",\"@id\":\"https:\\\/\\\/www.article-marketing.eu\\\/comunicatistampa\\\/roberto-sergio-premiato-per-lutilizzo-etico-dei-social\\\/\",\"url\":\"https:\\\/\\\/www.article-marketing.eu\\\/comunicatistampa\\\/roberto-sergio-premiato-per-lutilizzo-etico-dei-social\\\/\",\"name\":\"Roberto Sergio premiato per l\u2019utilizzo etico dei social - Article Marketing\",\"isPartOf\":{\"@id\":\"https:\\\/\\\/www.article-marketing.eu\\\/comunicatistampa\\\/#website\"},\"primaryImageOfPage\":{\"@id\":\"https:\\\/\\\/www.article-marketing.eu\\\/comunicatistampa\\\/roberto-sergio-premiato-per-lutilizzo-etico-dei-social\\\/#primaryimage\"},\"image\":{\"@id\":\"https:\\\/\\\/www.article-marketing.eu\\\/comunicatistampa\\\/roberto-sergio-premiato-per-lutilizzo-etico-dei-social\\\/#primaryimage\"},\"thumbnailUrl\":\"https:\\\/\\\/www.primaonline.it\\\/wp-content\\\/uploads\\\/2024\\\/03\\\/A-Roberto-Sergio-Rai-il-premio-Ethical-champion-2-1024x783.jpg\",\"datePublished\":\"2024-04-14T07:31:41+00:00\",\"author\":{\"@id\":\"https:\\\/\\\/www.article-marketing.eu\\\/comunicatistampa\\\/#\\\/schema\\\/person\\\/2fcaf8f8f3a9eef9eb7f27532d3ca458\"},\"description\":\"\u201cAbbiamo avuto la percezione di essere di fronte a una persona che sa reagire con equilibrio agli scossoni e alle tempeste\u201d: cos\u00ec i docenti e studenti dello IUSVE hanno motivato l\u2019attribuzione del titolo di \u201cEthical Champion\u201d all\u2019AD della RAI Roberto Sergio.\",\"breadcrumb\":{\"@id\":\"https:\\\/\\\/www.article-marketing.eu\\\/comunicatistampa\\\/roberto-sergio-premiato-per-lutilizzo-etico-dei-social\\\/#breadcrumb\"},\"inLanguage\":\"it-IT\",\"potentialAction\":[{\"@type\":\"ReadAction\",\"target\":[\"https:\\\/\\\/www.article-marketing.eu\\\/comunicatistampa\\\/roberto-sergio-premiato-per-lutilizzo-etico-dei-social\\\/\"]}]},{\"@type\":\"ImageObject\",\"inLanguage\":\"it-IT\",\"@id\":\"https:\\\/\\\/www.article-marketing.eu\\\/comunicatistampa\\\/roberto-sergio-premiato-per-lutilizzo-etico-dei-social\\\/#primaryimage\",\"url\":\"https:\\\/\\\/www.primaonline.it\\\/wp-content\\\/uploads\\\/2024\\\/03\\\/A-Roberto-Sergio-Rai-il-premio-Ethical-champion-2-1024x783.jpg\",\"contentUrl\":\"https:\\\/\\\/www.primaonline.it\\\/wp-content\\\/uploads\\\/2024\\\/03\\\/A-Roberto-Sergio-Rai-il-premio-Ethical-champion-2-1024x783.jpg\"},{\"@type\":\"BreadcrumbList\",\"@id\":\"https:\\\/\\\/www.article-marketing.eu\\\/comunicatistampa\\\/roberto-sergio-premiato-per-lutilizzo-etico-dei-social\\\/#breadcrumb\",\"itemListElement\":[{\"@type\":\"ListItem\",\"position\":1,\"name\":\"Home\",\"item\":\"https:\\\/\\\/www.article-marketing.eu\\\/comunicatistampa\\\/\"},{\"@type\":\"ListItem\",\"position\":2,\"name\":\"Roberto Sergio premiato per l\u2019utilizzo etico dei social\"}]},{\"@type\":\"WebSite\",\"@id\":\"https:\\\/\\\/www.article-marketing.eu\\\/comunicatistampa\\\/#website\",\"url\":\"https:\\\/\\\/www.article-marketing.eu\\\/comunicatistampa\\\/\",\"name\":\"Article Marketing\",\"description\":\"article marketing &amp; press release\",\"potentialAction\":[{\"@type\":\"SearchAction\",\"target\":{\"@type\":\"EntryPoint\",\"urlTemplate\":\"https:\\\/\\\/www.article-marketing.eu\\\/comunicatistampa\\\/?s={search_term_string}\"},\"query-input\":{\"@type\":\"PropertyValueSpecification\",\"valueRequired\":true,\"valueName\":\"search_term_string\"}}],\"inLanguage\":\"it-IT\"},{\"@type\":\"Person\",\"@id\":\"https:\\\/\\\/www.article-marketing.eu\\\/comunicatistampa\\\/#\\\/schema\\\/person\\\/2fcaf8f8f3a9eef9eb7f27532d3ca458\",\"name\":\"articolinews\",\"image\":{\"@type\":\"ImageObject\",\"inLanguage\":\"it-IT\",\"@id\":\"https:\\\/\\\/secure.gravatar.com\\\/avatar\\\/9e2a264bab04e17dea24d937c9956304649a848cb73c46747a692ff1bdeb1cb7?s=96&d=mm&r=g\",\"url\":\"https:\\\/\\\/secure.gravatar.com\\\/avatar\\\/9e2a264bab04e17dea24d937c9956304649a848cb73c46747a692ff1bdeb1cb7?s=96&d=mm&r=g\",\"contentUrl\":\"https:\\\/\\\/secure.gravatar.com\\\/avatar\\\/9e2a264bab04e17dea24d937c9956304649a848cb73c46747a692ff1bdeb1cb7?s=96&d=mm&r=g\",\"caption\":\"articolinews\"},\"url\":\"https:\\\/\\\/www.article-marketing.eu\\\/comunicatistampa\\\/author\\\/articolinews\\\/\"}]}<\/script>\n<!-- \/ Yoast SEO plugin. -->","yoast_head_json":{"title":"Roberto Sergio premiato per l\u2019utilizzo etico dei social - Article Marketing","description":"\u201cAbbiamo avuto la percezione di essere di fronte a una persona che sa reagire con equilibrio agli scossoni e alle tempeste\u201d: cos\u00ec i docenti e studenti dello IUSVE hanno motivato l\u2019attribuzione del titolo di \u201cEthical Champion\u201d all\u2019AD della RAI Roberto Sergio.","robots":{"index":"index","follow":"follow","max-snippet":"max-snippet:-1","max-image-preview":"max-image-preview:large","max-video-preview":"max-video-preview:-1"},"canonical":"https:\/\/www.article-marketing.eu\/comunicatistampa\/roberto-sergio-premiato-per-lutilizzo-etico-dei-social\/","og_locale":"it_IT","og_type":"article","og_title":"Roberto Sergio premiato per l\u2019utilizzo etico dei social - Article Marketing","og_description":"\u201cAbbiamo avuto la percezione di essere di fronte a una persona che sa reagire con equilibrio agli scossoni e alle tempeste\u201d: cos\u00ec i docenti e studenti dello IUSVE hanno motivato l\u2019attribuzione del titolo di \u201cEthical Champion\u201d all\u2019AD della RAI Roberto Sergio.","og_url":"https:\/\/www.article-marketing.eu\/comunicatistampa\/roberto-sergio-premiato-per-lutilizzo-etico-dei-social\/","og_site_name":"Article Marketing","article_published_time":"2024-04-14T07:31:41+00:00","og_image":[{"url":"https:\/\/www.primaonline.it\/wp-content\/uploads\/2024\/03\/A-Roberto-Sergio-Rai-il-premio-Ethical-champion-2-1024x783.jpg","type":"","width":"","height":""}],"author":"articolinews","twitter_card":"summary_large_image","twitter_misc":{"Scritto da":"articolinews","Tempo di lettura stimato":"3 minuti"},"schema":{"@context":"https:\/\/schema.org","@graph":[{"@type":"Article","@id":"https:\/\/www.article-marketing.eu\/comunicatistampa\/roberto-sergio-premiato-per-lutilizzo-etico-dei-social\/#article","isPartOf":{"@id":"https:\/\/www.article-marketing.eu\/comunicatistampa\/roberto-sergio-premiato-per-lutilizzo-etico-dei-social\/"},"author":{"name":"articolinews","@id":"https:\/\/www.article-marketing.eu\/comunicatistampa\/#\/schema\/person\/2fcaf8f8f3a9eef9eb7f27532d3ca458"},"headline":"Roberto Sergio premiato per l\u2019utilizzo etico dei social","datePublished":"2024-04-14T07:31:41+00:00","mainEntityOfPage":{"@id":"https:\/\/www.article-marketing.eu\/comunicatistampa\/roberto-sergio-premiato-per-lutilizzo-etico-dei-social\/"},"wordCount":439,"commentCount":0,"image":{"@id":"https:\/\/www.article-marketing.eu\/comunicatistampa\/roberto-sergio-premiato-per-lutilizzo-etico-dei-social\/#primaryimage"},"thumbnailUrl":"https:\/\/www.primaonline.it\/wp-content\/uploads\/2024\/03\/A-Roberto-Sergio-Rai-il-premio-Ethical-champion-2-1024x783.jpg","keywords":["Roberto Sergio"],"articleSection":["Eventi"],"inLanguage":"it-IT","potentialAction":[{"@type":"CommentAction","name":"Comment","target":["https:\/\/www.article-marketing.eu\/comunicatistampa\/roberto-sergio-premiato-per-lutilizzo-etico-dei-social\/#respond"]}]},{"@type":"WebPage","@id":"https:\/\/www.article-marketing.eu\/comunicatistampa\/roberto-sergio-premiato-per-lutilizzo-etico-dei-social\/","url":"https:\/\/www.article-marketing.eu\/comunicatistampa\/roberto-sergio-premiato-per-lutilizzo-etico-dei-social\/","name":"Roberto Sergio premiato per l\u2019utilizzo etico dei social - Article Marketing","isPartOf":{"@id":"https:\/\/www.article-marketing.eu\/comunicatistampa\/#website"},"primaryImageOfPage":{"@id":"https:\/\/www.article-marketing.eu\/comunicatistampa\/roberto-sergio-premiato-per-lutilizzo-etico-dei-social\/#primaryimage"},"image":{"@id":"https:\/\/www.article-marketing.eu\/comunicatistampa\/roberto-sergio-premiato-per-lutilizzo-etico-dei-social\/#primaryimage"},"thumbnailUrl":"https:\/\/www.primaonline.it\/wp-content\/uploads\/2024\/03\/A-Roberto-Sergio-Rai-il-premio-Ethical-champion-2-1024x783.jpg","datePublished":"2024-04-14T07:31:41+00:00","author":{"@id":"https:\/\/www.article-marketing.eu\/comunicatistampa\/#\/schema\/person\/2fcaf8f8f3a9eef9eb7f27532d3ca458"},"description":"\u201cAbbiamo avuto la percezione di essere di fronte a una persona che sa reagire con equilibrio agli scossoni e alle tempeste\u201d: cos\u00ec i docenti e studenti dello IUSVE hanno motivato l\u2019attribuzione del titolo di \u201cEthical Champion\u201d all\u2019AD della RAI Roberto Sergio.","breadcrumb":{"@id":"https:\/\/www.article-marketing.eu\/comunicatistampa\/roberto-sergio-premiato-per-lutilizzo-etico-dei-social\/#breadcrumb"},"inLanguage":"it-IT","potentialAction":[{"@type":"ReadAction","target":["https:\/\/www.article-marketing.eu\/comunicatistampa\/roberto-sergio-premiato-per-lutilizzo-etico-dei-social\/"]}]},{"@type":"ImageObject","inLanguage":"it-IT","@id":"https:\/\/www.article-marketing.eu\/comunicatistampa\/roberto-sergio-premiato-per-lutilizzo-etico-dei-social\/#primaryimage","url":"https:\/\/www.primaonline.it\/wp-content\/uploads\/2024\/03\/A-Roberto-Sergio-Rai-il-premio-Ethical-champion-2-1024x783.jpg","contentUrl":"https:\/\/www.primaonline.it\/wp-content\/uploads\/2024\/03\/A-Roberto-Sergio-Rai-il-premio-Ethical-champion-2-1024x783.jpg"},{"@type":"BreadcrumbList","@id":"https:\/\/www.article-marketing.eu\/comunicatistampa\/roberto-sergio-premiato-per-lutilizzo-etico-dei-social\/#breadcrumb","itemListElement":[{"@type":"ListItem","position":1,"name":"Home","item":"https:\/\/www.article-marketing.eu\/comunicatistampa\/"},{"@type":"ListItem","position":2,"name":"Roberto Sergio premiato per l\u2019utilizzo etico dei social"}]},{"@type":"WebSite","@id":"https:\/\/www.article-marketing.eu\/comunicatistampa\/#website","url":"https:\/\/www.article-marketing.eu\/comunicatistampa\/","name":"Article Marketing","description":"article marketing &amp; press release","potentialAction":[{"@type":"SearchAction","target":{"@type":"EntryPoint","urlTemplate":"https:\/\/www.article-marketing.eu\/comunicatistampa\/?s={search_term_string}"},"query-input":{"@type":"PropertyValueSpecification","valueRequired":true,"valueName":"search_term_string"}}],"inLanguage":"it-IT"},{"@type":"Person","@id":"https:\/\/www.article-marketing.eu\/comunicatistampa\/#\/schema\/person\/2fcaf8f8f3a9eef9eb7f27532d3ca458","name":"articolinews","image":{"@type":"ImageObject","inLanguage":"it-IT","@id":"https:\/\/secure.gravatar.com\/avatar\/9e2a264bab04e17dea24d937c9956304649a848cb73c46747a692ff1bdeb1cb7?s=96&d=mm&r=g","url":"https:\/\/secure.gravatar.com\/avatar\/9e2a264bab04e17dea24d937c9956304649a848cb73c46747a692ff1bdeb1cb7?s=96&d=mm&r=g","contentUrl":"https:\/\/secure.gravatar.com\/avatar\/9e2a264bab04e17dea24d937c9956304649a848cb73c46747a692ff1bdeb1cb7?s=96&d=mm&r=g","caption":"articolinews"},"url":"https:\/\/www.article-marketing.eu\/comunicatistampa\/author\/articolinews\/"}]}},"_links":{"self":[{"href":"https:\/\/www.article-marketing.eu\/comunicatistampa\/wp-json\/wp\/v2\/posts\/30413","targetHints":{"allow":["GET"]}}],"collection":[{"href":"https:\/\/www.article-marketing.eu\/comunicatistampa\/wp-json\/wp\/v2\/posts"}],"about":[{"href":"https:\/\/www.article-marketing.eu\/comunicatistampa\/wp-json\/wp\/v2\/types\/post"}],"author":[{"embeddable":true,"href":"https:\/\/www.article-marketing.eu\/comunicatistampa\/wp-json\/wp\/v2\/users\/6477"}],"replies":[{"embeddable":true,"href":"https:\/\/www.article-marketing.eu\/comunicatistampa\/wp-json\/wp\/v2\/comments?post=30413"}],"version-history":[{"count":2,"href":"https:\/\/www.article-marketing.eu\/comunicatistampa\/wp-json\/wp\/v2\/posts\/30413\/revisions"}],"predecessor-version":[{"id":30520,"href":"https:\/\/www.article-marketing.eu\/comunicatistampa\/wp-json\/wp\/v2\/posts\/30413\/revisions\/30520"}],"wp:attachment":[{"href":"https:\/\/www.article-marketing.eu\/comunicatistampa\/wp-json\/wp\/v2\/media?parent=30413"}],"wp:term":[{"taxonomy":"category","embeddable":true,"href":"https:\/\/www.article-marketing.eu\/comunicatistampa\/wp-json\/wp\/v2\/categories?post=30413"},{"taxonomy":"post_tag","embeddable":true,"href":"https:\/\/www.article-marketing.eu\/comunicatistampa\/wp-json\/wp\/v2\/tags?post=30413"}],"curies":[{"name":"wp","href":"https:\/\/api.w.org\/{rel}","templated":true}]}}