{"id":30552,"date":"2024-04-18T07:26:40","date_gmt":"2024-04-18T05:26:40","guid":{"rendered":"https:\/\/www.article-marketing.eu\/comunicatistampa\/?p=30552"},"modified":"2024-04-16T15:27:34","modified_gmt":"2024-04-16T13:27:34","slug":"umberto-lebruto-parla-dei-progetti-di-fs-sistemi-urbani-a-torino-in-unintervista-a-la-stampa","status":"publish","type":"post","link":"https:\/\/www.article-marketing.eu\/comunicatistampa\/umberto-lebruto-parla-dei-progetti-di-fs-sistemi-urbani-a-torino-in-unintervista-a-la-stampa\/","title":{"rendered":"Umberto Lebruto parla dei progetti di FS Sistemi Urbani a Torino in un\u2019intervista a \u201cLa Stampa\u201d"},"content":{"rendered":"<p><em><strong>In un\u2019intervista rilasciata a \u201cLa Stampa\u201d, l\u2019Amministratore Delegato e Direttore Generale di FS Sistemi Urbani <a title=\"Intervista a Umberto Lebruto sui progetti per la citt\u00e0 di Torino\" href=\"https:\/\/www.lastampa.it\/torino\/2024\/02\/22\/news\/umberto_lebruto_disponibili_a_collaborare_su_porta_susa_ma_il_valore_delle_aree_non_e_troppo_alto-14090476\/\">Umberto Lebruto<\/a> ha parlato dell\u2019idea di trasformare l\u2019area che va dall\u2019Environment Park al Politecnico in un \u201cMiglio dell\u2019innovazione\u201d e dei piani per Porta Susa, mettendo in luce le potenzialit\u00e0 e le criticit\u00e0 che caratterizzano la citt\u00e0 di Torino nella rigenerazione urbana.<\/strong><\/em><\/p>\n<p><a title=\"Umberto Lebruto: il \u201cMiglio dell\u2019innovazione\u201d e i bandi per l\u2019area di Porta Susa\" href=\"https:\/\/www.lastampa.it\/torino\/2024\/02\/22\/news\/umberto_lebruto_disponibili_a_collaborare_su_porta_susa_ma_il_valore_delle_aree_non_e_troppo_alto-14090476\/\"><img loading=\"lazy\" decoding=\"async\" src=\"https:\/\/www.topmanagers.it\/SharingFolder\/TopManager\/it\/ManagerProfilePhoto\/Photo\/umbertolebruto-topmanager.jpg\" alt=\"Umberto Lebruto\" width=\"253\" height=\"200\" \/><\/a><\/p>\n<h2>Umberto Lebruto sul progetto del \u201cMiglio dell\u2019innovazione\u201d e i bandi per l\u2019area di Porta Susa<\/h2>\n<p>Sono due i tasselli essenziali per concretizzare il progetto che vedrebbe la creazione del \u201cMiglio dell\u2019innovazione\u201d: la zona di fronte al grattacielo di Intesa Sanpaolo e l\u2019area di oltre 50mila metri quadrati in corso Principe Oddone, entrambe di propriet\u00e0 di FS Sistemi Urbani. L\u2019AD e DG <strong>Umberto Lebruto<\/strong> ha evidenziato l\u2019interesse dell\u2019azienda per l\u2019iniziativa, che dovr\u00e0 per\u00f2 essere approfondita \u201c<em>sulla base di un\u2019analisi pi\u00f9 puntuale<\/em>\u201d. Quanto ai prezzi richiesti, considerati troppo alti, il manager ha sottolineato come siano \u201c<em>allineati con le stime attuali relative a valori di aree simili sul mercato<\/em>\u201d. \u201c<em>Siamo al lavoro con il Comune per migliorare questi valori e pervenire a una valutazione che rifletta appieno le potenzialit\u00e0 delle aree<\/em>\u201d. Sui bandi per la zona adiacente a Porta Susa, andati deserti negli ultimi anni, l\u2019AD e DG riconosce che \u201c<em>l\u2019attuale mix funzionale previsto dallo strumento urbanistico potrebbe essere non in linea con l\u2019attuale mercato immobiliare<\/em>. <em>In tal caso si valuter\u00e0 con il Comune un adeguamento in base ad ipotesi pi\u00f9 attuali di sviluppo immobiliare<\/em>\u201d. L\u2019area, comunque, potr\u00e0 andare in gara il prossimo anno.<\/p>\n<h2>Umberto Lebruto: le potenzialit\u00e0 e le sfide di Torino nella rigenerazione urbana<\/h2>\n<p>Le citt\u00e0 come Torino, in fase di transizione verso un nuovo modello di sviluppo, devono affrontare diverse sfide e saper sfruttare le potenzialit\u00e0 presenti sul territorio. Lo sa bene l\u2019AD e DG di FS Sistemi Urbani <strong><a title=\"Torino: &quot;La Stampa&quot; intervista Umberto Lebruto sui progetti di FS Sistemi Urbani\" href=\"https:\/\/www.lastampa.it\/torino\/2024\/02\/22\/news\/umberto_lebruto_disponibili_a_collaborare_su_porta_susa_ma_il_valore_delle_aree_non_e_troppo_alto-14090476\/\">Umberto Lebruto<\/a><\/strong>, il quale ha evidenziato come il mondo del lavoro, della formazione, dell\u2019imprenditorialit\u00e0 e della sanit\u00e0 costituiscano le basi su cui delineare le future prospettive di sviluppo della citt\u00e0. \u201c<em>La rigenerazione urbana e riqualificazione edilizia di Torino rappresenta una concreta possibilit\u00e0 per il rinnovamento dell\u2019identit\u00e0 cittadina e il pieno rilancio economico, grazie al disegno e allo sviluppo di progetti di qualit\u00e0 in grado di contribuire all\u2019evoluzione del contesto metropolitano di riferimento e di fornire risposte adeguate alle nuove esigenze sociali<\/em>\u201d. Tra le principali difficolt\u00e0 da affrontare ci sono quelle di natura pianificatoria, edilizia, economica e localizzativa, dal momento in cui condizionano i livelli di sostenibilit\u00e0 finanziaria dell\u2019investimento. \u201c<em>Tuttavia<\/em> \u2013 ha concluso <strong>Umberto Lebruto<\/strong> nell\u2019intervista \u2013 <em>Torino non \u00e8 necessariamente pi\u00f9 penalizzata di altre citt\u00e0, tenendo anche presente che i valori sono influenzati dal mercato immobiliare che sta attraversando comunque un periodo di ripresa<\/em>\u201d.<\/p>\n","protected":false},"excerpt":{"rendered":"<p>In un\u2019intervista rilasciata a \u201cLa Stampa\u201d, l\u2019Amministratore Delegato e Direttore Generale di FS Sistemi Urbani Umberto Lebruto ha parlato dell\u2019idea di trasformare l\u2019area che va dall\u2019Environment Park al Politecnico in un \u201cMiglio dell\u2019innovazione\u201d e dei piani per Porta Susa, mettendo in luce le potenzialit\u00e0 e le criticit\u00e0 che caratterizzano la citt\u00e0 di Torino nella rigenerazione urbana. Umberto Lebruto sul progetto del \u201cMiglio dell\u2019innovazione\u201d e i bandi per l\u2019area di Porta<\/p>\n<p><a class=\"continue-reading\" href=\"https:\/\/www.article-marketing.eu\/comunicatistampa\/umberto-lebruto-parla-dei-progetti-di-fs-sistemi-urbani-a-torino-in-unintervista-a-la-stampa\/\">Continue reading&#8230;<\/a><\/p>\n","protected":false},"author":6477,"featured_media":0,"comment_status":"open","ping_status":"open","sticky":false,"template":"","format":"standard","meta":{"_monsterinsights_skip_tracking":false,"_monsterinsights_sitenote_active":false,"_monsterinsights_sitenote_note":"","_monsterinsights_sitenote_category":0,"footnotes":""},"categories":[362],"tags":[10941],"class_list":["post-30552","post","type-post","status-publish","format-standard","hentry","category-societa","tag-umberto-lebruto"],"yoast_head":"<!-- This site is optimized with the Yoast SEO plugin v27.3 - https:\/\/yoast.com\/product\/yoast-seo-wordpress\/ -->\n<title>Umberto Lebruto parla dei progetti di FS Sistemi Urbani a Torino in un\u2019intervista a \u201cLa Stampa\u201d<\/title>\n<meta name=\"description\" content=\"Intervistato da \u201cLa Stampa\u201d, Umberto Lebruto parla delle sfide che deve affrontare la citt\u00e0 di Torino nella sua fase di transizione\" \/>\n<meta name=\"robots\" content=\"index, follow, max-snippet:-1, max-image-preview:large, max-video-preview:-1\" \/>\n<link rel=\"canonical\" href=\"https:\/\/www.article-marketing.eu\/comunicatistampa\/umberto-lebruto-parla-dei-progetti-di-fs-sistemi-urbani-a-torino-in-unintervista-a-la-stampa\/\" \/>\n<meta property=\"og:locale\" content=\"it_IT\" \/>\n<meta property=\"og:type\" content=\"article\" \/>\n<meta property=\"og:title\" content=\"Umberto Lebruto parla dei progetti di FS Sistemi Urbani a Torino in un\u2019intervista a \u201cLa Stampa\u201d\" \/>\n<meta property=\"og:description\" content=\"Intervistato da \u201cLa Stampa\u201d, Umberto Lebruto parla delle sfide che deve affrontare la citt\u00e0 di Torino nella sua fase di transizione\" \/>\n<meta property=\"og:url\" content=\"https:\/\/www.article-marketing.eu\/comunicatistampa\/umberto-lebruto-parla-dei-progetti-di-fs-sistemi-urbani-a-torino-in-unintervista-a-la-stampa\/\" \/>\n<meta property=\"og:site_name\" content=\"Article Marketing\" \/>\n<meta property=\"article:published_time\" content=\"2024-04-18T05:26:40+00:00\" \/>\n<meta property=\"og:image\" content=\"https:\/\/www.topmanagers.it\/SharingFolder\/TopManager\/it\/ManagerProfilePhoto\/Photo\/umbertolebruto-topmanager.jpg\" \/>\n<meta name=\"author\" content=\"articolinews\" \/>\n<meta name=\"twitter:card\" content=\"summary_large_image\" \/>\n<meta name=\"twitter:label1\" content=\"Scritto da\" \/>\n\t<meta name=\"twitter:data1\" content=\"articolinews\" \/>\n\t<meta name=\"twitter:label2\" content=\"Tempo di lettura stimato\" \/>\n\t<meta name=\"twitter:data2\" content=\"3 minuti\" \/>\n<script type=\"application\/ld+json\" class=\"yoast-schema-graph\">{\"@context\":\"https:\\\/\\\/schema.org\",\"@graph\":[{\"@type\":\"Article\",\"@id\":\"https:\\\/\\\/www.article-marketing.eu\\\/comunicatistampa\\\/umberto-lebruto-parla-dei-progetti-di-fs-sistemi-urbani-a-torino-in-unintervista-a-la-stampa\\\/#article\",\"isPartOf\":{\"@id\":\"https:\\\/\\\/www.article-marketing.eu\\\/comunicatistampa\\\/umberto-lebruto-parla-dei-progetti-di-fs-sistemi-urbani-a-torino-in-unintervista-a-la-stampa\\\/\"},\"author\":{\"name\":\"articolinews\",\"@id\":\"https:\\\/\\\/www.article-marketing.eu\\\/comunicatistampa\\\/#\\\/schema\\\/person\\\/2fcaf8f8f3a9eef9eb7f27532d3ca458\"},\"headline\":\"Umberto Lebruto parla dei progetti di FS Sistemi Urbani a Torino in un\u2019intervista a \u201cLa Stampa\u201d\",\"datePublished\":\"2024-04-18T05:26:40+00:00\",\"mainEntityOfPage\":{\"@id\":\"https:\\\/\\\/www.article-marketing.eu\\\/comunicatistampa\\\/umberto-lebruto-parla-dei-progetti-di-fs-sistemi-urbani-a-torino-in-unintervista-a-la-stampa\\\/\"},\"wordCount\":478,\"commentCount\":0,\"image\":{\"@id\":\"https:\\\/\\\/www.article-marketing.eu\\\/comunicatistampa\\\/umberto-lebruto-parla-dei-progetti-di-fs-sistemi-urbani-a-torino-in-unintervista-a-la-stampa\\\/#primaryimage\"},\"thumbnailUrl\":\"https:\\\/\\\/www.topmanagers.it\\\/SharingFolder\\\/TopManager\\\/it\\\/ManagerProfilePhoto\\\/Photo\\\/umbertolebruto-topmanager.jpg\",\"keywords\":[\"Umberto Lebruto\"],\"articleSection\":[\"Societ\u00e0\"],\"inLanguage\":\"it-IT\",\"potentialAction\":[{\"@type\":\"CommentAction\",\"name\":\"Comment\",\"target\":[\"https:\\\/\\\/www.article-marketing.eu\\\/comunicatistampa\\\/umberto-lebruto-parla-dei-progetti-di-fs-sistemi-urbani-a-torino-in-unintervista-a-la-stampa\\\/#respond\"]}]},{\"@type\":\"WebPage\",\"@id\":\"https:\\\/\\\/www.article-marketing.eu\\\/comunicatistampa\\\/umberto-lebruto-parla-dei-progetti-di-fs-sistemi-urbani-a-torino-in-unintervista-a-la-stampa\\\/\",\"url\":\"https:\\\/\\\/www.article-marketing.eu\\\/comunicatistampa\\\/umberto-lebruto-parla-dei-progetti-di-fs-sistemi-urbani-a-torino-in-unintervista-a-la-stampa\\\/\",\"name\":\"Umberto Lebruto parla dei progetti di FS Sistemi Urbani a Torino in un\u2019intervista a \u201cLa Stampa\u201d\",\"isPartOf\":{\"@id\":\"https:\\\/\\\/www.article-marketing.eu\\\/comunicatistampa\\\/#website\"},\"primaryImageOfPage\":{\"@id\":\"https:\\\/\\\/www.article-marketing.eu\\\/comunicatistampa\\\/umberto-lebruto-parla-dei-progetti-di-fs-sistemi-urbani-a-torino-in-unintervista-a-la-stampa\\\/#primaryimage\"},\"image\":{\"@id\":\"https:\\\/\\\/www.article-marketing.eu\\\/comunicatistampa\\\/umberto-lebruto-parla-dei-progetti-di-fs-sistemi-urbani-a-torino-in-unintervista-a-la-stampa\\\/#primaryimage\"},\"thumbnailUrl\":\"https:\\\/\\\/www.topmanagers.it\\\/SharingFolder\\\/TopManager\\\/it\\\/ManagerProfilePhoto\\\/Photo\\\/umbertolebruto-topmanager.jpg\",\"datePublished\":\"2024-04-18T05:26:40+00:00\",\"author\":{\"@id\":\"https:\\\/\\\/www.article-marketing.eu\\\/comunicatistampa\\\/#\\\/schema\\\/person\\\/2fcaf8f8f3a9eef9eb7f27532d3ca458\"},\"description\":\"Intervistato da \u201cLa Stampa\u201d, Umberto Lebruto parla delle sfide che deve affrontare la citt\u00e0 di Torino nella sua fase di transizione\",\"breadcrumb\":{\"@id\":\"https:\\\/\\\/www.article-marketing.eu\\\/comunicatistampa\\\/umberto-lebruto-parla-dei-progetti-di-fs-sistemi-urbani-a-torino-in-unintervista-a-la-stampa\\\/#breadcrumb\"},\"inLanguage\":\"it-IT\",\"potentialAction\":[{\"@type\":\"ReadAction\",\"target\":[\"https:\\\/\\\/www.article-marketing.eu\\\/comunicatistampa\\\/umberto-lebruto-parla-dei-progetti-di-fs-sistemi-urbani-a-torino-in-unintervista-a-la-stampa\\\/\"]}]},{\"@type\":\"ImageObject\",\"inLanguage\":\"it-IT\",\"@id\":\"https:\\\/\\\/www.article-marketing.eu\\\/comunicatistampa\\\/umberto-lebruto-parla-dei-progetti-di-fs-sistemi-urbani-a-torino-in-unintervista-a-la-stampa\\\/#primaryimage\",\"url\":\"https:\\\/\\\/www.topmanagers.it\\\/SharingFolder\\\/TopManager\\\/it\\\/ManagerProfilePhoto\\\/Photo\\\/umbertolebruto-topmanager.jpg\",\"contentUrl\":\"https:\\\/\\\/www.topmanagers.it\\\/SharingFolder\\\/TopManager\\\/it\\\/ManagerProfilePhoto\\\/Photo\\\/umbertolebruto-topmanager.jpg\"},{\"@type\":\"BreadcrumbList\",\"@id\":\"https:\\\/\\\/www.article-marketing.eu\\\/comunicatistampa\\\/umberto-lebruto-parla-dei-progetti-di-fs-sistemi-urbani-a-torino-in-unintervista-a-la-stampa\\\/#breadcrumb\",\"itemListElement\":[{\"@type\":\"ListItem\",\"position\":1,\"name\":\"Home\",\"item\":\"https:\\\/\\\/www.article-marketing.eu\\\/comunicatistampa\\\/\"},{\"@type\":\"ListItem\",\"position\":2,\"name\":\"Umberto Lebruto parla dei progetti di FS Sistemi Urbani a Torino in un\u2019intervista a \u201cLa Stampa\u201d\"}]},{\"@type\":\"WebSite\",\"@id\":\"https:\\\/\\\/www.article-marketing.eu\\\/comunicatistampa\\\/#website\",\"url\":\"https:\\\/\\\/www.article-marketing.eu\\\/comunicatistampa\\\/\",\"name\":\"Article Marketing\",\"description\":\"article marketing &amp; press release\",\"potentialAction\":[{\"@type\":\"SearchAction\",\"target\":{\"@type\":\"EntryPoint\",\"urlTemplate\":\"https:\\\/\\\/www.article-marketing.eu\\\/comunicatistampa\\\/?s={search_term_string}\"},\"query-input\":{\"@type\":\"PropertyValueSpecification\",\"valueRequired\":true,\"valueName\":\"search_term_string\"}}],\"inLanguage\":\"it-IT\"},{\"@type\":\"Person\",\"@id\":\"https:\\\/\\\/www.article-marketing.eu\\\/comunicatistampa\\\/#\\\/schema\\\/person\\\/2fcaf8f8f3a9eef9eb7f27532d3ca458\",\"name\":\"articolinews\",\"image\":{\"@type\":\"ImageObject\",\"inLanguage\":\"it-IT\",\"@id\":\"https:\\\/\\\/secure.gravatar.com\\\/avatar\\\/9e2a264bab04e17dea24d937c9956304649a848cb73c46747a692ff1bdeb1cb7?s=96&d=mm&r=g\",\"url\":\"https:\\\/\\\/secure.gravatar.com\\\/avatar\\\/9e2a264bab04e17dea24d937c9956304649a848cb73c46747a692ff1bdeb1cb7?s=96&d=mm&r=g\",\"contentUrl\":\"https:\\\/\\\/secure.gravatar.com\\\/avatar\\\/9e2a264bab04e17dea24d937c9956304649a848cb73c46747a692ff1bdeb1cb7?s=96&d=mm&r=g\",\"caption\":\"articolinews\"},\"url\":\"https:\\\/\\\/www.article-marketing.eu\\\/comunicatistampa\\\/author\\\/articolinews\\\/\"}]}<\/script>\n<!-- \/ Yoast SEO plugin. -->","yoast_head_json":{"title":"Umberto Lebruto parla dei progetti di FS Sistemi Urbani a Torino in un\u2019intervista a \u201cLa Stampa\u201d","description":"Intervistato da \u201cLa Stampa\u201d, Umberto Lebruto parla delle sfide che deve affrontare la citt\u00e0 di Torino nella sua fase di transizione","robots":{"index":"index","follow":"follow","max-snippet":"max-snippet:-1","max-image-preview":"max-image-preview:large","max-video-preview":"max-video-preview:-1"},"canonical":"https:\/\/www.article-marketing.eu\/comunicatistampa\/umberto-lebruto-parla-dei-progetti-di-fs-sistemi-urbani-a-torino-in-unintervista-a-la-stampa\/","og_locale":"it_IT","og_type":"article","og_title":"Umberto Lebruto parla dei progetti di FS Sistemi Urbani a Torino in un\u2019intervista a \u201cLa Stampa\u201d","og_description":"Intervistato da \u201cLa Stampa\u201d, Umberto Lebruto parla delle sfide che deve affrontare la citt\u00e0 di Torino nella sua fase di transizione","og_url":"https:\/\/www.article-marketing.eu\/comunicatistampa\/umberto-lebruto-parla-dei-progetti-di-fs-sistemi-urbani-a-torino-in-unintervista-a-la-stampa\/","og_site_name":"Article Marketing","article_published_time":"2024-04-18T05:26:40+00:00","og_image":[{"url":"https:\/\/www.topmanagers.it\/SharingFolder\/TopManager\/it\/ManagerProfilePhoto\/Photo\/umbertolebruto-topmanager.jpg","type":"","width":"","height":""}],"author":"articolinews","twitter_card":"summary_large_image","twitter_misc":{"Scritto da":"articolinews","Tempo di lettura stimato":"3 minuti"},"schema":{"@context":"https:\/\/schema.org","@graph":[{"@type":"Article","@id":"https:\/\/www.article-marketing.eu\/comunicatistampa\/umberto-lebruto-parla-dei-progetti-di-fs-sistemi-urbani-a-torino-in-unintervista-a-la-stampa\/#article","isPartOf":{"@id":"https:\/\/www.article-marketing.eu\/comunicatistampa\/umberto-lebruto-parla-dei-progetti-di-fs-sistemi-urbani-a-torino-in-unintervista-a-la-stampa\/"},"author":{"name":"articolinews","@id":"https:\/\/www.article-marketing.eu\/comunicatistampa\/#\/schema\/person\/2fcaf8f8f3a9eef9eb7f27532d3ca458"},"headline":"Umberto Lebruto parla dei progetti di FS Sistemi Urbani a Torino in un\u2019intervista a \u201cLa Stampa\u201d","datePublished":"2024-04-18T05:26:40+00:00","mainEntityOfPage":{"@id":"https:\/\/www.article-marketing.eu\/comunicatistampa\/umberto-lebruto-parla-dei-progetti-di-fs-sistemi-urbani-a-torino-in-unintervista-a-la-stampa\/"},"wordCount":478,"commentCount":0,"image":{"@id":"https:\/\/www.article-marketing.eu\/comunicatistampa\/umberto-lebruto-parla-dei-progetti-di-fs-sistemi-urbani-a-torino-in-unintervista-a-la-stampa\/#primaryimage"},"thumbnailUrl":"https:\/\/www.topmanagers.it\/SharingFolder\/TopManager\/it\/ManagerProfilePhoto\/Photo\/umbertolebruto-topmanager.jpg","keywords":["Umberto Lebruto"],"articleSection":["Societ\u00e0"],"inLanguage":"it-IT","potentialAction":[{"@type":"CommentAction","name":"Comment","target":["https:\/\/www.article-marketing.eu\/comunicatistampa\/umberto-lebruto-parla-dei-progetti-di-fs-sistemi-urbani-a-torino-in-unintervista-a-la-stampa\/#respond"]}]},{"@type":"WebPage","@id":"https:\/\/www.article-marketing.eu\/comunicatistampa\/umberto-lebruto-parla-dei-progetti-di-fs-sistemi-urbani-a-torino-in-unintervista-a-la-stampa\/","url":"https:\/\/www.article-marketing.eu\/comunicatistampa\/umberto-lebruto-parla-dei-progetti-di-fs-sistemi-urbani-a-torino-in-unintervista-a-la-stampa\/","name":"Umberto Lebruto parla dei progetti di FS Sistemi Urbani a Torino in un\u2019intervista a \u201cLa Stampa\u201d","isPartOf":{"@id":"https:\/\/www.article-marketing.eu\/comunicatistampa\/#website"},"primaryImageOfPage":{"@id":"https:\/\/www.article-marketing.eu\/comunicatistampa\/umberto-lebruto-parla-dei-progetti-di-fs-sistemi-urbani-a-torino-in-unintervista-a-la-stampa\/#primaryimage"},"image":{"@id":"https:\/\/www.article-marketing.eu\/comunicatistampa\/umberto-lebruto-parla-dei-progetti-di-fs-sistemi-urbani-a-torino-in-unintervista-a-la-stampa\/#primaryimage"},"thumbnailUrl":"https:\/\/www.topmanagers.it\/SharingFolder\/TopManager\/it\/ManagerProfilePhoto\/Photo\/umbertolebruto-topmanager.jpg","datePublished":"2024-04-18T05:26:40+00:00","author":{"@id":"https:\/\/www.article-marketing.eu\/comunicatistampa\/#\/schema\/person\/2fcaf8f8f3a9eef9eb7f27532d3ca458"},"description":"Intervistato da \u201cLa Stampa\u201d, Umberto Lebruto parla delle sfide che deve affrontare la citt\u00e0 di Torino nella sua fase di transizione","breadcrumb":{"@id":"https:\/\/www.article-marketing.eu\/comunicatistampa\/umberto-lebruto-parla-dei-progetti-di-fs-sistemi-urbani-a-torino-in-unintervista-a-la-stampa\/#breadcrumb"},"inLanguage":"it-IT","potentialAction":[{"@type":"ReadAction","target":["https:\/\/www.article-marketing.eu\/comunicatistampa\/umberto-lebruto-parla-dei-progetti-di-fs-sistemi-urbani-a-torino-in-unintervista-a-la-stampa\/"]}]},{"@type":"ImageObject","inLanguage":"it-IT","@id":"https:\/\/www.article-marketing.eu\/comunicatistampa\/umberto-lebruto-parla-dei-progetti-di-fs-sistemi-urbani-a-torino-in-unintervista-a-la-stampa\/#primaryimage","url":"https:\/\/www.topmanagers.it\/SharingFolder\/TopManager\/it\/ManagerProfilePhoto\/Photo\/umbertolebruto-topmanager.jpg","contentUrl":"https:\/\/www.topmanagers.it\/SharingFolder\/TopManager\/it\/ManagerProfilePhoto\/Photo\/umbertolebruto-topmanager.jpg"},{"@type":"BreadcrumbList","@id":"https:\/\/www.article-marketing.eu\/comunicatistampa\/umberto-lebruto-parla-dei-progetti-di-fs-sistemi-urbani-a-torino-in-unintervista-a-la-stampa\/#breadcrumb","itemListElement":[{"@type":"ListItem","position":1,"name":"Home","item":"https:\/\/www.article-marketing.eu\/comunicatistampa\/"},{"@type":"ListItem","position":2,"name":"Umberto Lebruto parla dei progetti di FS Sistemi Urbani a Torino in un\u2019intervista a \u201cLa Stampa\u201d"}]},{"@type":"WebSite","@id":"https:\/\/www.article-marketing.eu\/comunicatistampa\/#website","url":"https:\/\/www.article-marketing.eu\/comunicatistampa\/","name":"Article Marketing","description":"article marketing &amp; press release","potentialAction":[{"@type":"SearchAction","target":{"@type":"EntryPoint","urlTemplate":"https:\/\/www.article-marketing.eu\/comunicatistampa\/?s={search_term_string}"},"query-input":{"@type":"PropertyValueSpecification","valueRequired":true,"valueName":"search_term_string"}}],"inLanguage":"it-IT"},{"@type":"Person","@id":"https:\/\/www.article-marketing.eu\/comunicatistampa\/#\/schema\/person\/2fcaf8f8f3a9eef9eb7f27532d3ca458","name":"articolinews","image":{"@type":"ImageObject","inLanguage":"it-IT","@id":"https:\/\/secure.gravatar.com\/avatar\/9e2a264bab04e17dea24d937c9956304649a848cb73c46747a692ff1bdeb1cb7?s=96&d=mm&r=g","url":"https:\/\/secure.gravatar.com\/avatar\/9e2a264bab04e17dea24d937c9956304649a848cb73c46747a692ff1bdeb1cb7?s=96&d=mm&r=g","contentUrl":"https:\/\/secure.gravatar.com\/avatar\/9e2a264bab04e17dea24d937c9956304649a848cb73c46747a692ff1bdeb1cb7?s=96&d=mm&r=g","caption":"articolinews"},"url":"https:\/\/www.article-marketing.eu\/comunicatistampa\/author\/articolinews\/"}]}},"_links":{"self":[{"href":"https:\/\/www.article-marketing.eu\/comunicatistampa\/wp-json\/wp\/v2\/posts\/30552","targetHints":{"allow":["GET"]}}],"collection":[{"href":"https:\/\/www.article-marketing.eu\/comunicatistampa\/wp-json\/wp\/v2\/posts"}],"about":[{"href":"https:\/\/www.article-marketing.eu\/comunicatistampa\/wp-json\/wp\/v2\/types\/post"}],"author":[{"embeddable":true,"href":"https:\/\/www.article-marketing.eu\/comunicatistampa\/wp-json\/wp\/v2\/users\/6477"}],"replies":[{"embeddable":true,"href":"https:\/\/www.article-marketing.eu\/comunicatistampa\/wp-json\/wp\/v2\/comments?post=30552"}],"version-history":[{"count":2,"href":"https:\/\/www.article-marketing.eu\/comunicatistampa\/wp-json\/wp\/v2\/posts\/30552\/revisions"}],"predecessor-version":[{"id":30680,"href":"https:\/\/www.article-marketing.eu\/comunicatistampa\/wp-json\/wp\/v2\/posts\/30552\/revisions\/30680"}],"wp:attachment":[{"href":"https:\/\/www.article-marketing.eu\/comunicatistampa\/wp-json\/wp\/v2\/media?parent=30552"}],"wp:term":[{"taxonomy":"category","embeddable":true,"href":"https:\/\/www.article-marketing.eu\/comunicatistampa\/wp-json\/wp\/v2\/categories?post=30552"},{"taxonomy":"post_tag","embeddable":true,"href":"https:\/\/www.article-marketing.eu\/comunicatistampa\/wp-json\/wp\/v2\/tags?post=30552"}],"curies":[{"name":"wp","href":"https:\/\/api.w.org\/{rel}","templated":true}]}}