{"id":30560,"date":"2024-04-19T07:29:05","date_gmt":"2024-04-19T05:29:05","guid":{"rendered":"https:\/\/www.article-marketing.eu\/comunicatistampa\/?p=30560"},"modified":"2024-04-16T15:30:06","modified_gmt":"2024-04-16T13:30:06","slug":"cielo-e-terra-per-murialdo-world-e-t-s-solidarieta-e-inclusione-a-livello-globale","status":"publish","type":"post","link":"https:\/\/www.article-marketing.eu\/comunicatistampa\/cielo-e-terra-per-murialdo-world-e-t-s-solidarieta-e-inclusione-a-livello-globale\/","title":{"rendered":"Cielo e Terra per Murialdo World e.t.s.: solidariet\u00e0 e inclusione a livello globale"},"content":{"rendered":"<p><em>La storica cantina vicentina gi\u00e0 B Corp<\/em><em><sup>\u00ae<\/sup><\/em><em> sostiene da quasi tre lustri l\u2019associazione e i Giuseppini che attraverso il loro operato hanno un impatto significativo sulla vita di migliaia di persone nel mondo.<\/em><\/p>\n<p>&nbsp;<\/p>\n<p><strong>Murialdo World e.t.s.<\/strong> \u00e8 una realt\u00e0 unica nel suo genere, fondata dalla Congregazione di San Giuseppe &#8211; Giuseppini del Murialdo, con <strong>l&#8217;obiettivo di promuovere la solidariet\u00e0 e l&#8217;inclusione a livello nazionale e internazionale<\/strong>. Attraverso <strong>progetti innovativi e un impegno costante<\/strong>, l&#8217;associazione si dedica <strong>alla crescita e al supporto dei giovani in difficolt\u00e0 e delle loro famiglie<\/strong> in tutto il mondo. Nel 2022, Murialdo World e.t.s. ha ottenuto l&#8217;iscrizione come <strong>Ente del Terzo Settore al Registro Unico Nazionale del Terzo Settore,<\/strong> un importante riconoscimento che <strong>ne attesta la seriet\u00e0 e l&#8217;impegno nelle attivit\u00e0 di promozione sociale<\/strong>.<\/p>\n<p><strong>Tra le partnership pi\u00f9 significative si pu\u00f2 annoverare quella con Cielo e Terra S.p.A.<\/strong> che sostiene i progetti di solidariet\u00e0 e cooperazione dei Giuseppini del Murialdo <strong>da ben 14 anni<\/strong>. Con il contributo della storica cantina vicentina, <strong>questa collaborazione ha permesso di assistere migliaia di persone in varie nazion<\/strong>i, con un focus particolare su <strong>progetti che migliorano le condizioni di vita delle comunit\u00e0 locali e favoriscono l&#8217;istruzione e l&#8217;accesso alle cure mediche<\/strong>.<\/p>\n<p>Un rapporto pluriennale ben sintetizzato <strong>parafrasando la frase del fondatore Murialdo: BellaStoria Eku\u00f2, vini BIO solidai creati appositamente con Murialdo per \u00abfare il bene e farlo bene\u00bb. La linea si compone di uno spumante, un merlot e un chardonnay, da uve coltivate biologicamente, di cui il 5% del prezzo netto viene destinato ai progetti solidali Murialdo.<\/strong><\/p>\n<p>Tra i progetti realizzati con i Giuseppini del Murialdo, spiccano iniziative come <strong>&#8220;Un Pozzo per la Vita&#8221; in Sierra Leone che ha garantito accesso all&#8217;acqua potabile<\/strong> e <strong>ha aumentato la produttivit\u00e0 agricola<\/strong> coinvolgendo 14.400 persone, <strong>\u201cOltre i Muri\u201d<\/strong> in Messico che <strong>con l\u2019aiuto di oltre 130 persone ha garantito cibo, istruzione e cure mediche ai bambini e alle rispettive famiglie in difficolt\u00e0<\/strong> contribuendo a mantenere uniti i nuclei famigliari senza strappare i piccoli dai propri affetti e territori. <strong>&#8220;Assieme contro il Covid-19&#8221; in Ecuado<\/strong>r ha contribuito a <strong>contrastare la diffusione del virus<\/strong> nelle comunit\u00e0 pi\u00f9 vulnerabili coinvolgendo 1.500 persone. In Colombia il progetto <strong>\u201cAggiungi un posto a tavola\u201d ha sfamato, ma anche coinvolto in modo educativo e ricreativo circa 1480 giovani di Medellin<\/strong>.<strong>\u00a0<\/strong><\/p>\n<p><strong>In Italia<\/strong>, Murialdo World e.t.s. si impegna attivamente nell&#8217;<strong>inserimento lavorativo giovanile attraverso progetti come &#8220;Borsa Lavoro&#8221; <\/strong>che <strong>offre opportunit\u00e0 e orientamento a giovani in difficolt\u00e0, promuovendo una cultura dell&#8217;inclusione e dell&#8217;equit\u00e0<\/strong>, aiutando <strong>circa 280 giovani e 5 attivit\u00e0 di impresa per l\u2019orientamento e inserimento lavorativo di giovani pi\u00f9 fragili e in difficolt\u00e0 in Veneto<\/strong>. Con il <strong>progetto<\/strong> <strong>&#8220;Borsa Lavoro + Inclusione<\/strong>&#8220;, sono stati <strong>aiutati 52 giovani tra il 2022 e il 2023 e ne saranno sostenuti 43 nel 2024<\/strong>, per un totale di 95 giovani &#8220;fragili&#8221; in tre anni.<\/p>\n<p>Nell&#8217;ambito dell&#8217;attivit\u00e0 dell&#8217;impresa formativa, gli obiettivi sono stati: <strong>promuovere l&#8217;inserimento socio lavorativo di giovani con vulnerabilit\u00e0<\/strong>, <strong>con particolare attenzione alla disabilit\u00e0<\/strong>, <strong>promuovere l&#8217;autonomia personale e sviluppare nel territorio una cultura dell\u2019inclusione<\/strong>.<\/p>\n<p>Un punto di forza dei progetti di Murialdo World e.t.s. \u00e8 la loro <strong>capacit\u00e0 di adattarsi alle esigenze locali e di coinvolgere attivamente le comunit\u00e0 beneficiarie<\/strong>. Attraverso l&#8217;impiego di tutor qualificati e percorsi personalizzati, l&#8217;associazione mira a favorire l&#8217;autonomia e lo sviluppo personale dei giovani coinvolti. Inoltre, grazie alle <strong>iniziative come le &#8220;Botteghe del Buono, del Bello e delle Idee&#8221;, Murialdo World e.t.s. offre esperienze pratiche e formative che preparano i giovani al mondo del lavoro<\/strong>, promuovendo al contempo il senso di appartenenza e la collaborazione.<\/p>\n<p>Murialdo World e.t.s. si conferma un <strong>punto di riferimento nel panorama della solidariet\u00e0 internazionale<\/strong>, grazie alla sua <strong>missione centrata sull&#8217;inclusione e sulla promozione umana<\/strong>. Attraverso il costante impegno e <strong>il supporto di partner come Cielo e Terra S.p.A., l&#8217;associazione continua a cambiare la vita di migliaia di persone in tutto il mondo<\/strong>, dimostrando che un piccolo gesto di solidariet\u00e0 pu\u00f2 fare la differenza e testimoniando come si possano <strong>conciliare le esigenze aziendali con lo sviluppo di un modello di business che integri la sostenibilit\u00e0 e l\u2019attenzione alle persone<\/strong> superando slogan e professioni di intenti.<\/p>\n<p>\u201c<em>Un&#8217;azienda dal carattere internazionale che mira al futuro deve affrontare le realt\u00e0 del presente e impegnarsi attivamente per migliorare non solo il valore dei suoi prodotti, ma anche l&#8217;impatto ambientale e sociale che genera nel territorio in cui opera e a livello globale. Solo attraverso azioni concrete pu\u00f2 essere considerata un&#8217;azienda responsabile dal punto di vista sociale<\/em>\u201d segnala <strong>Pierpaolo Cielo, Vicepresidente di Cielo e Terra.<\/strong><\/p>\n<p>&nbsp;<\/p>\n<p><a href=\"http:\/\/www.cieloeterravini.com\">www.cieloeterravini.com<\/a><\/p>\n<p><strong>Cielo e Terra<\/strong>\u00a0nasce nel 1908, nelle campagne di Vicenza, vicino ai Castelli di Romeo e Giulietta, dove il<strong>\u00a0<\/strong>bisnonno<strong>\u00a0<\/strong>aveva acquistato un piccolo podere con vigneto.\u00a0Il\u00a0nonno Pietro<strong>\u00a0<\/strong>ha proseguito la guida dell\u2019azienda con grande passione impegno sociale. Oggi<strong>\u00a0<\/strong>alla guida dell&#8217;azienda\u00a0ci sono\u00a0Luca e Pierpaolo Cielo, assieme al socio Collis Veneto Wine Group unitosi all\u2019azienda della famiglia Cielo nel 1999. \u00a0Oggi l\u2019azienda\u00a0con una quota di esportazione superiore al 75%\u00a0\u00e8 conosciuta in tutto il mondo con i marchi Cielo, Casa Defr\u00e0 e Bericanto. Il gruppo che nel 2022\u00a0ha\u00a0superato\u00a0i 60 milioni\u00a0di euro\u00a0si caratterizza per un approccio socialmente responsabile,\u00a0orientato alla\u00a0solidariet\u00e0\u2019,\u00a0trasparenza e alla sostenibilit\u00e0.\u00a0Il marchio Cielo \u00e8 infatti legato da anni alla Ong americana Winetowater, con la quale vengono donati sistemi di filtrazione d\u2019acqua nelle aree piu\u2019 bisognose.\u00a0Dopo aver ottenuto la certificazione B Corp, l\u2019azienda ha aderito anche VIVA Sustainable, con l\u2019obiettivo di ottimizzare l\u2019impatto ambientale della filiera vite \u2013 vino\u00a0ed \u00e8 dal 2022 anche Societa\u2019 Benefit. Prima realt\u00e0 vinicola italiana a introdurre in azienda il modello della Lean Organization, Cielo e Terra integra numerosi progetti con un piano di economia circolare, affermandosi come realt\u00e0 in grado di fronteggiare le sfide dei mercati mondiali ed attestare la sua presenza in oltre 60 Paesi.<\/p>\n","protected":false},"excerpt":{"rendered":"<p>La storica cantina vicentina gi\u00e0 B Corp\u00ae sostiene da quasi tre lustri l\u2019associazione e i Giuseppini che attraverso il loro operato hanno un impatto significativo sulla vita di migliaia di persone nel mondo. &nbsp; Murialdo World e.t.s. \u00e8 una realt\u00e0 unica nel suo genere, fondata dalla Congregazione di San Giuseppe &#8211; Giuseppini del Murialdo, con l&#8217;obiettivo di promuovere la solidariet\u00e0 e l&#8217;inclusione a livello nazionale e internazionale. Attraverso progetti innovativi<\/p>\n<p><a class=\"continue-reading\" href=\"https:\/\/www.article-marketing.eu\/comunicatistampa\/cielo-e-terra-per-murialdo-world-e-t-s-solidarieta-e-inclusione-a-livello-globale\/\">Continue reading&#8230;<\/a><\/p>\n","protected":false},"author":397,"featured_media":0,"comment_status":"open","ping_status":"open","sticky":false,"template":"","format":"standard","meta":{"_monsterinsights_skip_tracking":false,"_monsterinsights_sitenote_active":false,"_monsterinsights_sitenote_note":"","_monsterinsights_sitenote_category":0,"footnotes":""},"categories":[78],"tags":[],"class_list":["post-30560","post","type-post","status-publish","format-standard","hentry","category-comunicati-stampa"],"yoast_head":"<!-- This site is optimized with the Yoast SEO plugin v27.3 - https:\/\/yoast.com\/product\/yoast-seo-wordpress\/ -->\n<title>Cielo e Terra per Murialdo World e.t.s.: solidariet\u00e0 e inclusione a livello globale<\/title>\n<meta name=\"robots\" content=\"index, follow, max-snippet:-1, max-image-preview:large, max-video-preview:-1\" \/>\n<link rel=\"canonical\" href=\"https:\/\/www.article-marketing.eu\/comunicatistampa\/cielo-e-terra-per-murialdo-world-e-t-s-solidarieta-e-inclusione-a-livello-globale\/\" \/>\n<meta property=\"og:locale\" content=\"it_IT\" \/>\n<meta property=\"og:type\" content=\"article\" \/>\n<meta property=\"og:title\" content=\"Cielo e Terra per Murialdo World e.t.s.: solidariet\u00e0 e inclusione a livello globale\" \/>\n<meta property=\"og:description\" content=\"La storica cantina vicentina gi\u00e0 B Corp\u00ae sostiene da quasi tre lustri l\u2019associazione e i Giuseppini che attraverso il loro operato hanno un impatto significativo sulla vita di migliaia di persone nel mondo. &nbsp; Murialdo World e.t.s. \u00e8 una realt\u00e0 unica nel suo genere, fondata dalla Congregazione di San Giuseppe &#8211; Giuseppini del Murialdo, con l&#8217;obiettivo di promuovere la solidariet\u00e0 e l&#8217;inclusione a livello nazionale e internazionale. Attraverso progetti innovativiContinue reading...\" \/>\n<meta property=\"og:url\" content=\"https:\/\/www.article-marketing.eu\/comunicatistampa\/cielo-e-terra-per-murialdo-world-e-t-s-solidarieta-e-inclusione-a-livello-globale\/\" \/>\n<meta property=\"og:site_name\" content=\"Article Marketing\" \/>\n<meta property=\"article:published_time\" content=\"2024-04-19T05:29:05+00:00\" \/>\n<meta name=\"author\" content=\"Borderline Agency\" \/>\n<meta name=\"twitter:card\" content=\"summary_large_image\" \/>\n<meta name=\"twitter:label1\" content=\"Scritto da\" \/>\n\t<meta name=\"twitter:data1\" content=\"Borderline Agency\" \/>\n\t<meta name=\"twitter:label2\" content=\"Tempo di lettura stimato\" \/>\n\t<meta name=\"twitter:data2\" content=\"6 minuti\" \/>\n<script type=\"application\/ld+json\" class=\"yoast-schema-graph\">{\"@context\":\"https:\\\/\\\/schema.org\",\"@graph\":[{\"@type\":\"Article\",\"@id\":\"https:\\\/\\\/www.article-marketing.eu\\\/comunicatistampa\\\/cielo-e-terra-per-murialdo-world-e-t-s-solidarieta-e-inclusione-a-livello-globale\\\/#article\",\"isPartOf\":{\"@id\":\"https:\\\/\\\/www.article-marketing.eu\\\/comunicatistampa\\\/cielo-e-terra-per-murialdo-world-e-t-s-solidarieta-e-inclusione-a-livello-globale\\\/\"},\"author\":{\"name\":\"Borderline Agency\",\"@id\":\"https:\\\/\\\/www.article-marketing.eu\\\/comunicatistampa\\\/#\\\/schema\\\/person\\\/1c4ab1c7aad84347e26e78235da6ff1b\"},\"headline\":\"Cielo e Terra per Murialdo World e.t.s.: solidariet\u00e0 e inclusione a livello globale\",\"datePublished\":\"2024-04-19T05:29:05+00:00\",\"mainEntityOfPage\":{\"@id\":\"https:\\\/\\\/www.article-marketing.eu\\\/comunicatistampa\\\/cielo-e-terra-per-murialdo-world-e-t-s-solidarieta-e-inclusione-a-livello-globale\\\/\"},\"wordCount\":979,\"commentCount\":0,\"articleSection\":[\"Comunicati stampa\"],\"inLanguage\":\"it-IT\",\"potentialAction\":[{\"@type\":\"CommentAction\",\"name\":\"Comment\",\"target\":[\"https:\\\/\\\/www.article-marketing.eu\\\/comunicatistampa\\\/cielo-e-terra-per-murialdo-world-e-t-s-solidarieta-e-inclusione-a-livello-globale\\\/#respond\"]}]},{\"@type\":\"WebPage\",\"@id\":\"https:\\\/\\\/www.article-marketing.eu\\\/comunicatistampa\\\/cielo-e-terra-per-murialdo-world-e-t-s-solidarieta-e-inclusione-a-livello-globale\\\/\",\"url\":\"https:\\\/\\\/www.article-marketing.eu\\\/comunicatistampa\\\/cielo-e-terra-per-murialdo-world-e-t-s-solidarieta-e-inclusione-a-livello-globale\\\/\",\"name\":\"Cielo e Terra per Murialdo World e.t.s.: solidariet\u00e0 e inclusione a livello globale\",\"isPartOf\":{\"@id\":\"https:\\\/\\\/www.article-marketing.eu\\\/comunicatistampa\\\/#website\"},\"datePublished\":\"2024-04-19T05:29:05+00:00\",\"author\":{\"@id\":\"https:\\\/\\\/www.article-marketing.eu\\\/comunicatistampa\\\/#\\\/schema\\\/person\\\/1c4ab1c7aad84347e26e78235da6ff1b\"},\"breadcrumb\":{\"@id\":\"https:\\\/\\\/www.article-marketing.eu\\\/comunicatistampa\\\/cielo-e-terra-per-murialdo-world-e-t-s-solidarieta-e-inclusione-a-livello-globale\\\/#breadcrumb\"},\"inLanguage\":\"it-IT\",\"potentialAction\":[{\"@type\":\"ReadAction\",\"target\":[\"https:\\\/\\\/www.article-marketing.eu\\\/comunicatistampa\\\/cielo-e-terra-per-murialdo-world-e-t-s-solidarieta-e-inclusione-a-livello-globale\\\/\"]}]},{\"@type\":\"BreadcrumbList\",\"@id\":\"https:\\\/\\\/www.article-marketing.eu\\\/comunicatistampa\\\/cielo-e-terra-per-murialdo-world-e-t-s-solidarieta-e-inclusione-a-livello-globale\\\/#breadcrumb\",\"itemListElement\":[{\"@type\":\"ListItem\",\"position\":1,\"name\":\"Home\",\"item\":\"https:\\\/\\\/www.article-marketing.eu\\\/comunicatistampa\\\/\"},{\"@type\":\"ListItem\",\"position\":2,\"name\":\"Cielo e Terra per Murialdo World e.t.s.: solidariet\u00e0 e inclusione a livello globale\"}]},{\"@type\":\"WebSite\",\"@id\":\"https:\\\/\\\/www.article-marketing.eu\\\/comunicatistampa\\\/#website\",\"url\":\"https:\\\/\\\/www.article-marketing.eu\\\/comunicatistampa\\\/\",\"name\":\"Article Marketing\",\"description\":\"article marketing &amp; press release\",\"potentialAction\":[{\"@type\":\"SearchAction\",\"target\":{\"@type\":\"EntryPoint\",\"urlTemplate\":\"https:\\\/\\\/www.article-marketing.eu\\\/comunicatistampa\\\/?s={search_term_string}\"},\"query-input\":{\"@type\":\"PropertyValueSpecification\",\"valueRequired\":true,\"valueName\":\"search_term_string\"}}],\"inLanguage\":\"it-IT\"},{\"@type\":\"Person\",\"@id\":\"https:\\\/\\\/www.article-marketing.eu\\\/comunicatistampa\\\/#\\\/schema\\\/person\\\/1c4ab1c7aad84347e26e78235da6ff1b\",\"name\":\"Borderline Agency\",\"image\":{\"@type\":\"ImageObject\",\"inLanguage\":\"it-IT\",\"@id\":\"https:\\\/\\\/secure.gravatar.com\\\/avatar\\\/741fa053101610cb0be7dc835c116926549ae4ae2142ff35eac04d78fda61461?s=96&d=mm&r=g\",\"url\":\"https:\\\/\\\/secure.gravatar.com\\\/avatar\\\/741fa053101610cb0be7dc835c116926549ae4ae2142ff35eac04d78fda61461?s=96&d=mm&r=g\",\"contentUrl\":\"https:\\\/\\\/secure.gravatar.com\\\/avatar\\\/741fa053101610cb0be7dc835c116926549ae4ae2142ff35eac04d78fda61461?s=96&d=mm&r=g\",\"caption\":\"Borderline Agency\"},\"url\":\"https:\\\/\\\/www.article-marketing.eu\\\/comunicatistampa\\\/author\\\/borderline-agency\\\/\"}]}<\/script>\n<!-- \/ Yoast SEO plugin. -->","yoast_head_json":{"title":"Cielo e Terra per Murialdo World e.t.s.: solidariet\u00e0 e inclusione a livello globale","robots":{"index":"index","follow":"follow","max-snippet":"max-snippet:-1","max-image-preview":"max-image-preview:large","max-video-preview":"max-video-preview:-1"},"canonical":"https:\/\/www.article-marketing.eu\/comunicatistampa\/cielo-e-terra-per-murialdo-world-e-t-s-solidarieta-e-inclusione-a-livello-globale\/","og_locale":"it_IT","og_type":"article","og_title":"Cielo e Terra per Murialdo World e.t.s.: solidariet\u00e0 e inclusione a livello globale","og_description":"La storica cantina vicentina gi\u00e0 B Corp\u00ae sostiene da quasi tre lustri l\u2019associazione e i Giuseppini che attraverso il loro operato hanno un impatto significativo sulla vita di migliaia di persone nel mondo. &nbsp; Murialdo World e.t.s. \u00e8 una realt\u00e0 unica nel suo genere, fondata dalla Congregazione di San Giuseppe &#8211; Giuseppini del Murialdo, con l&#8217;obiettivo di promuovere la solidariet\u00e0 e l&#8217;inclusione a livello nazionale e internazionale. Attraverso progetti innovativiContinue reading...","og_url":"https:\/\/www.article-marketing.eu\/comunicatistampa\/cielo-e-terra-per-murialdo-world-e-t-s-solidarieta-e-inclusione-a-livello-globale\/","og_site_name":"Article Marketing","article_published_time":"2024-04-19T05:29:05+00:00","author":"Borderline Agency","twitter_card":"summary_large_image","twitter_misc":{"Scritto da":"Borderline Agency","Tempo di lettura stimato":"6 minuti"},"schema":{"@context":"https:\/\/schema.org","@graph":[{"@type":"Article","@id":"https:\/\/www.article-marketing.eu\/comunicatistampa\/cielo-e-terra-per-murialdo-world-e-t-s-solidarieta-e-inclusione-a-livello-globale\/#article","isPartOf":{"@id":"https:\/\/www.article-marketing.eu\/comunicatistampa\/cielo-e-terra-per-murialdo-world-e-t-s-solidarieta-e-inclusione-a-livello-globale\/"},"author":{"name":"Borderline Agency","@id":"https:\/\/www.article-marketing.eu\/comunicatistampa\/#\/schema\/person\/1c4ab1c7aad84347e26e78235da6ff1b"},"headline":"Cielo e Terra per Murialdo World e.t.s.: solidariet\u00e0 e inclusione a livello globale","datePublished":"2024-04-19T05:29:05+00:00","mainEntityOfPage":{"@id":"https:\/\/www.article-marketing.eu\/comunicatistampa\/cielo-e-terra-per-murialdo-world-e-t-s-solidarieta-e-inclusione-a-livello-globale\/"},"wordCount":979,"commentCount":0,"articleSection":["Comunicati stampa"],"inLanguage":"it-IT","potentialAction":[{"@type":"CommentAction","name":"Comment","target":["https:\/\/www.article-marketing.eu\/comunicatistampa\/cielo-e-terra-per-murialdo-world-e-t-s-solidarieta-e-inclusione-a-livello-globale\/#respond"]}]},{"@type":"WebPage","@id":"https:\/\/www.article-marketing.eu\/comunicatistampa\/cielo-e-terra-per-murialdo-world-e-t-s-solidarieta-e-inclusione-a-livello-globale\/","url":"https:\/\/www.article-marketing.eu\/comunicatistampa\/cielo-e-terra-per-murialdo-world-e-t-s-solidarieta-e-inclusione-a-livello-globale\/","name":"Cielo e Terra per Murialdo World e.t.s.: solidariet\u00e0 e inclusione a livello globale","isPartOf":{"@id":"https:\/\/www.article-marketing.eu\/comunicatistampa\/#website"},"datePublished":"2024-04-19T05:29:05+00:00","author":{"@id":"https:\/\/www.article-marketing.eu\/comunicatistampa\/#\/schema\/person\/1c4ab1c7aad84347e26e78235da6ff1b"},"breadcrumb":{"@id":"https:\/\/www.article-marketing.eu\/comunicatistampa\/cielo-e-terra-per-murialdo-world-e-t-s-solidarieta-e-inclusione-a-livello-globale\/#breadcrumb"},"inLanguage":"it-IT","potentialAction":[{"@type":"ReadAction","target":["https:\/\/www.article-marketing.eu\/comunicatistampa\/cielo-e-terra-per-murialdo-world-e-t-s-solidarieta-e-inclusione-a-livello-globale\/"]}]},{"@type":"BreadcrumbList","@id":"https:\/\/www.article-marketing.eu\/comunicatistampa\/cielo-e-terra-per-murialdo-world-e-t-s-solidarieta-e-inclusione-a-livello-globale\/#breadcrumb","itemListElement":[{"@type":"ListItem","position":1,"name":"Home","item":"https:\/\/www.article-marketing.eu\/comunicatistampa\/"},{"@type":"ListItem","position":2,"name":"Cielo e Terra per Murialdo World e.t.s.: solidariet\u00e0 e inclusione a livello globale"}]},{"@type":"WebSite","@id":"https:\/\/www.article-marketing.eu\/comunicatistampa\/#website","url":"https:\/\/www.article-marketing.eu\/comunicatistampa\/","name":"Article Marketing","description":"article marketing &amp; press release","potentialAction":[{"@type":"SearchAction","target":{"@type":"EntryPoint","urlTemplate":"https:\/\/www.article-marketing.eu\/comunicatistampa\/?s={search_term_string}"},"query-input":{"@type":"PropertyValueSpecification","valueRequired":true,"valueName":"search_term_string"}}],"inLanguage":"it-IT"},{"@type":"Person","@id":"https:\/\/www.article-marketing.eu\/comunicatistampa\/#\/schema\/person\/1c4ab1c7aad84347e26e78235da6ff1b","name":"Borderline Agency","image":{"@type":"ImageObject","inLanguage":"it-IT","@id":"https:\/\/secure.gravatar.com\/avatar\/741fa053101610cb0be7dc835c116926549ae4ae2142ff35eac04d78fda61461?s=96&d=mm&r=g","url":"https:\/\/secure.gravatar.com\/avatar\/741fa053101610cb0be7dc835c116926549ae4ae2142ff35eac04d78fda61461?s=96&d=mm&r=g","contentUrl":"https:\/\/secure.gravatar.com\/avatar\/741fa053101610cb0be7dc835c116926549ae4ae2142ff35eac04d78fda61461?s=96&d=mm&r=g","caption":"Borderline Agency"},"url":"https:\/\/www.article-marketing.eu\/comunicatistampa\/author\/borderline-agency\/"}]}},"_links":{"self":[{"href":"https:\/\/www.article-marketing.eu\/comunicatistampa\/wp-json\/wp\/v2\/posts\/30560","targetHints":{"allow":["GET"]}}],"collection":[{"href":"https:\/\/www.article-marketing.eu\/comunicatistampa\/wp-json\/wp\/v2\/posts"}],"about":[{"href":"https:\/\/www.article-marketing.eu\/comunicatistampa\/wp-json\/wp\/v2\/types\/post"}],"author":[{"embeddable":true,"href":"https:\/\/www.article-marketing.eu\/comunicatistampa\/wp-json\/wp\/v2\/users\/397"}],"replies":[{"embeddable":true,"href":"https:\/\/www.article-marketing.eu\/comunicatistampa\/wp-json\/wp\/v2\/comments?post=30560"}],"version-history":[{"count":3,"href":"https:\/\/www.article-marketing.eu\/comunicatistampa\/wp-json\/wp\/v2\/posts\/30560\/revisions"}],"predecessor-version":[{"id":30685,"href":"https:\/\/www.article-marketing.eu\/comunicatistampa\/wp-json\/wp\/v2\/posts\/30560\/revisions\/30685"}],"wp:attachment":[{"href":"https:\/\/www.article-marketing.eu\/comunicatistampa\/wp-json\/wp\/v2\/media?parent=30560"}],"wp:term":[{"taxonomy":"category","embeddable":true,"href":"https:\/\/www.article-marketing.eu\/comunicatistampa\/wp-json\/wp\/v2\/categories?post=30560"},{"taxonomy":"post_tag","embeddable":true,"href":"https:\/\/www.article-marketing.eu\/comunicatistampa\/wp-json\/wp\/v2\/tags?post=30560"}],"curies":[{"name":"wp","href":"https:\/\/api.w.org\/{rel}","templated":true}]}}