{"id":30571,"date":"2024-04-19T07:44:07","date_gmt":"2024-04-19T05:44:07","guid":{"rendered":"https:\/\/www.article-marketing.eu\/comunicatistampa\/?p=30571"},"modified":"2024-04-16T15:30:33","modified_gmt":"2024-04-16T13:30:33","slug":"diana-bracco-vi-spiego-come-le-imprese-contribuiscono-a-valorizzare-il-patrimonio-culturale","status":"publish","type":"post","link":"https:\/\/www.article-marketing.eu\/comunicatistampa\/diana-bracco-vi-spiego-come-le-imprese-contribuiscono-a-valorizzare-il-patrimonio-culturale\/","title":{"rendered":"Diana Bracco: \u201cVi spiego come le imprese contribuiscono a valorizzare il patrimonio culturale\u201d"},"content":{"rendered":"<p><em><strong>Sotto la guida della Presidente e AD <a title=\"Il videomessaggio di Diana Bracco su &quot;Il Sole 24 ore&quot;\" href=\"https:\/\/stream24.ilsole24ore.com\/video\/italia\/beni-culturali-diana-bracco-per-italia-sono-miniera-d-oro-\/AEXpDaYD\">Diana Bracco<\/a>, il Gruppo Bracco ha dato un contributo importante a diversi progetti e realt\u00e0 culturali, mettendo a disposizione degli esperti non solo abbondanti risorse, ma anche competenze e tecnologie di alto livello che hanno permesso di fare tornare alla luce informazioni chiave sulla realizzazione di alcune opere d\u2019arte.<\/strong><\/em><\/p>\n<p><a title=\"Diana Bracco: su &quot;Il Sole 24 ore&quot; il videomessaggio della Presidente e CEO del Gruppo Bracco\" href=\"https:\/\/stream24.ilsole24ore.com\/video\/italia\/beni-culturali-diana-bracco-per-italia-sono-miniera-d-oro-\/AEXpDaYD\"><img loading=\"lazy\" decoding=\"async\" src=\"https:\/\/h2biz.net\/images\/Plats\/crop_min_11305-i-diana_bracco.jpg\" alt=\"Diana Bracco\" width=\"199\" height=\"200\" \/><\/a><\/p>\n<h2>Diana Bracco, i progetti del Gruppo Bracco in ambito culturale<\/h2>\n<p>Curare e sostenere il mondo dell\u2019arte, secondo <a title=\"Il video di Diana Bracco su &quot;Il Sole 24 ore&quot;: la combinazione vincente tra arte e scienze\" href=\"https:\/\/stream24.ilsole24ore.com\/video\/italia\/beni-culturali-diana-bracco-per-italia-sono-miniera-d-oro-\/AEXpDaYD\"><strong>Diana Bracco<\/strong><\/a>, \u00e8 un importante dovere sociale delle imprese: secondo la Presidente del Gruppo Bracco \u201c<em>la cultura \u00e8 il cemento di una comunit\u00e0, rappresenta la sua identit\u00e0 e permette a un Paese di confrontarsi, comunicare, condividere<\/em>\u201d. Non a caso, il Gruppo Bracco si impegna costantemente in progetti culturali di alto livello, tra cui una serie di collaborazioni con grandi musei nazionali che hanno permesso di scoprire, attraverso l\u2019applicazione di tecnologie innovative, dettagli importantissimi sulla realizzazione del quadro e i materiali utilizzati: \u201c<em>Lo studio, raccontato in un video in mostra, ha permesso di svelare le tecniche di lavoro del pittore, i materiali utilizzati, e di fare valide ipotesi sulle figure rappresentate nelle tavole mancanti del Polittico<\/em>\u201d.<\/p>\n<h2>Diana Bracco: il ruolo del \u201cmecenatismo\u201d d\u2019impresa, oltre al semplice sostegno economico<\/h2>\n<p>Nella filosofia di <strong>Diana Bracco<\/strong>, infatti, il sostengo al mondo dell\u2019arte non deve limitarsi al finanziamento, ma contribuire ai progetti culturali anche curandone l\u2019impostazione e seguendone l\u2019evoluzione nel corso del tempo. \u201c<em>Le imprese vanno coinvolte ma le istituzioni, compresi gli enti accademici, non possono trattare le aziende come un mero \u2018bancomat\u2019<\/em>,\u201d ha affermato la Presidente. \u201c<em>Devono considerarle come effettivi partner, offrendo loro certezze sui tempi di realizzazione dei progetti e garanzie sui benefici e sull\u2019impatto reale<\/em>\u201d. La collaborazione con il Museo Poldi Pezzoli \u00e8 un esempio virtuoso di questa forma di sostegno attivo: il Gruppo Bracco ha infatti portato il progetto legato al Polittico Agostiniano di Piero della Francesca a evolversi in una vera e propria ricerca scientifica, mettendo a disposizione degli esperti le sue rinomate competenze nello screening, nell\u2019imaging e nella radiografia non-invasiva. Un caso, dunque, in cui la sinergia tra arte, scienza ed imprenditoria d\u00e0, secondo <strong>Diana Bracco<\/strong>, risultati paragonabili a quelli del grande mecenatismo dell\u2019epoca rinascimentale.<\/p>\n","protected":false},"excerpt":{"rendered":"<p>Sotto la guida della Presidente e AD Diana Bracco, il Gruppo Bracco ha dato un contributo importante a diversi progetti e realt\u00e0 culturali, mettendo a disposizione degli esperti non solo abbondanti risorse, ma anche competenze e tecnologie di alto livello che hanno permesso di fare tornare alla luce informazioni chiave sulla realizzazione di alcune opere d\u2019arte. Diana Bracco, i progetti del Gruppo Bracco in ambito culturale Curare e sostenere il<\/p>\n<p><a class=\"continue-reading\" href=\"https:\/\/www.article-marketing.eu\/comunicatistampa\/diana-bracco-vi-spiego-come-le-imprese-contribuiscono-a-valorizzare-il-patrimonio-culturale\/\">Continue reading&#8230;<\/a><\/p>\n","protected":false},"author":6477,"featured_media":0,"comment_status":"open","ping_status":"open","sticky":false,"template":"","format":"standard","meta":{"_monsterinsights_skip_tracking":false,"_monsterinsights_sitenote_active":false,"_monsterinsights_sitenote_note":"","_monsterinsights_sitenote_category":0,"footnotes":""},"categories":[407],"tags":[11089],"class_list":["post-30571","post","type-post","status-publish","format-standard","hentry","category-arte-e-cultura","tag-diana-bracco"],"yoast_head":"<!-- This site is optimized with the Yoast SEO plugin v27.3 - https:\/\/yoast.com\/product\/yoast-seo-wordpress\/ -->\n<title>Diana Bracco: \u201cVi spiego come le imprese contribuiscono a valorizzare il patrimonio culturale\u201d<\/title>\n<meta name=\"description\" content=\"La bellezza, secondo Diana Bracco, \u00e8 universale: la collaborazione tra scienza, arte e impresa pu\u00f2 dare vita a risultati eccezionali\" \/>\n<meta name=\"robots\" content=\"index, follow, max-snippet:-1, max-image-preview:large, max-video-preview:-1\" \/>\n<link rel=\"canonical\" href=\"https:\/\/www.article-marketing.eu\/comunicatistampa\/diana-bracco-vi-spiego-come-le-imprese-contribuiscono-a-valorizzare-il-patrimonio-culturale\/\" \/>\n<meta property=\"og:locale\" content=\"it_IT\" \/>\n<meta property=\"og:type\" content=\"article\" \/>\n<meta property=\"og:title\" content=\"Diana Bracco: \u201cVi spiego come le imprese contribuiscono a valorizzare il patrimonio culturale\u201d\" \/>\n<meta property=\"og:description\" content=\"La bellezza, secondo Diana Bracco, \u00e8 universale: la collaborazione tra scienza, arte e impresa pu\u00f2 dare vita a risultati eccezionali\" \/>\n<meta property=\"og:url\" content=\"https:\/\/www.article-marketing.eu\/comunicatistampa\/diana-bracco-vi-spiego-come-le-imprese-contribuiscono-a-valorizzare-il-patrimonio-culturale\/\" \/>\n<meta property=\"og:site_name\" content=\"Article Marketing\" \/>\n<meta property=\"article:published_time\" content=\"2024-04-19T05:44:07+00:00\" \/>\n<meta property=\"og:image\" content=\"https:\/\/h2biz.net\/images\/Plats\/crop_min_11305-i-diana_bracco.jpg\" \/>\n<meta name=\"author\" content=\"articolinews\" \/>\n<meta name=\"twitter:card\" content=\"summary_large_image\" \/>\n<meta name=\"twitter:label1\" content=\"Scritto da\" \/>\n\t<meta name=\"twitter:data1\" content=\"articolinews\" \/>\n\t<meta name=\"twitter:label2\" content=\"Tempo di lettura stimato\" \/>\n\t<meta name=\"twitter:data2\" content=\"3 minuti\" \/>\n<script type=\"application\/ld+json\" class=\"yoast-schema-graph\">{\"@context\":\"https:\\\/\\\/schema.org\",\"@graph\":[{\"@type\":\"Article\",\"@id\":\"https:\\\/\\\/www.article-marketing.eu\\\/comunicatistampa\\\/diana-bracco-vi-spiego-come-le-imprese-contribuiscono-a-valorizzare-il-patrimonio-culturale\\\/#article\",\"isPartOf\":{\"@id\":\"https:\\\/\\\/www.article-marketing.eu\\\/comunicatistampa\\\/diana-bracco-vi-spiego-come-le-imprese-contribuiscono-a-valorizzare-il-patrimonio-culturale\\\/\"},\"author\":{\"name\":\"articolinews\",\"@id\":\"https:\\\/\\\/www.article-marketing.eu\\\/comunicatistampa\\\/#\\\/schema\\\/person\\\/2fcaf8f8f3a9eef9eb7f27532d3ca458\"},\"headline\":\"Diana Bracco: \u201cVi spiego come le imprese contribuiscono a valorizzare il patrimonio culturale\u201d\",\"datePublished\":\"2024-04-19T05:44:07+00:00\",\"mainEntityOfPage\":{\"@id\":\"https:\\\/\\\/www.article-marketing.eu\\\/comunicatistampa\\\/diana-bracco-vi-spiego-come-le-imprese-contribuiscono-a-valorizzare-il-patrimonio-culturale\\\/\"},\"wordCount\":379,\"commentCount\":0,\"image\":{\"@id\":\"https:\\\/\\\/www.article-marketing.eu\\\/comunicatistampa\\\/diana-bracco-vi-spiego-come-le-imprese-contribuiscono-a-valorizzare-il-patrimonio-culturale\\\/#primaryimage\"},\"thumbnailUrl\":\"https:\\\/\\\/h2biz.net\\\/images\\\/Plats\\\/crop_min_11305-i-diana_bracco.jpg\",\"keywords\":[\"Diana Bracco\"],\"articleSection\":[\"Arte e cultura\"],\"inLanguage\":\"it-IT\",\"potentialAction\":[{\"@type\":\"CommentAction\",\"name\":\"Comment\",\"target\":[\"https:\\\/\\\/www.article-marketing.eu\\\/comunicatistampa\\\/diana-bracco-vi-spiego-come-le-imprese-contribuiscono-a-valorizzare-il-patrimonio-culturale\\\/#respond\"]}]},{\"@type\":\"WebPage\",\"@id\":\"https:\\\/\\\/www.article-marketing.eu\\\/comunicatistampa\\\/diana-bracco-vi-spiego-come-le-imprese-contribuiscono-a-valorizzare-il-patrimonio-culturale\\\/\",\"url\":\"https:\\\/\\\/www.article-marketing.eu\\\/comunicatistampa\\\/diana-bracco-vi-spiego-come-le-imprese-contribuiscono-a-valorizzare-il-patrimonio-culturale\\\/\",\"name\":\"Diana Bracco: \u201cVi spiego come le imprese contribuiscono a valorizzare il patrimonio culturale\u201d\",\"isPartOf\":{\"@id\":\"https:\\\/\\\/www.article-marketing.eu\\\/comunicatistampa\\\/#website\"},\"primaryImageOfPage\":{\"@id\":\"https:\\\/\\\/www.article-marketing.eu\\\/comunicatistampa\\\/diana-bracco-vi-spiego-come-le-imprese-contribuiscono-a-valorizzare-il-patrimonio-culturale\\\/#primaryimage\"},\"image\":{\"@id\":\"https:\\\/\\\/www.article-marketing.eu\\\/comunicatistampa\\\/diana-bracco-vi-spiego-come-le-imprese-contribuiscono-a-valorizzare-il-patrimonio-culturale\\\/#primaryimage\"},\"thumbnailUrl\":\"https:\\\/\\\/h2biz.net\\\/images\\\/Plats\\\/crop_min_11305-i-diana_bracco.jpg\",\"datePublished\":\"2024-04-19T05:44:07+00:00\",\"author\":{\"@id\":\"https:\\\/\\\/www.article-marketing.eu\\\/comunicatistampa\\\/#\\\/schema\\\/person\\\/2fcaf8f8f3a9eef9eb7f27532d3ca458\"},\"description\":\"La bellezza, secondo Diana Bracco, \u00e8 universale: la collaborazione tra scienza, arte e impresa pu\u00f2 dare vita a risultati eccezionali\",\"breadcrumb\":{\"@id\":\"https:\\\/\\\/www.article-marketing.eu\\\/comunicatistampa\\\/diana-bracco-vi-spiego-come-le-imprese-contribuiscono-a-valorizzare-il-patrimonio-culturale\\\/#breadcrumb\"},\"inLanguage\":\"it-IT\",\"potentialAction\":[{\"@type\":\"ReadAction\",\"target\":[\"https:\\\/\\\/www.article-marketing.eu\\\/comunicatistampa\\\/diana-bracco-vi-spiego-come-le-imprese-contribuiscono-a-valorizzare-il-patrimonio-culturale\\\/\"]}]},{\"@type\":\"ImageObject\",\"inLanguage\":\"it-IT\",\"@id\":\"https:\\\/\\\/www.article-marketing.eu\\\/comunicatistampa\\\/diana-bracco-vi-spiego-come-le-imprese-contribuiscono-a-valorizzare-il-patrimonio-culturale\\\/#primaryimage\",\"url\":\"https:\\\/\\\/h2biz.net\\\/images\\\/Plats\\\/crop_min_11305-i-diana_bracco.jpg\",\"contentUrl\":\"https:\\\/\\\/h2biz.net\\\/images\\\/Plats\\\/crop_min_11305-i-diana_bracco.jpg\"},{\"@type\":\"BreadcrumbList\",\"@id\":\"https:\\\/\\\/www.article-marketing.eu\\\/comunicatistampa\\\/diana-bracco-vi-spiego-come-le-imprese-contribuiscono-a-valorizzare-il-patrimonio-culturale\\\/#breadcrumb\",\"itemListElement\":[{\"@type\":\"ListItem\",\"position\":1,\"name\":\"Home\",\"item\":\"https:\\\/\\\/www.article-marketing.eu\\\/comunicatistampa\\\/\"},{\"@type\":\"ListItem\",\"position\":2,\"name\":\"Diana Bracco: \u201cVi spiego come le imprese contribuiscono a valorizzare il patrimonio culturale\u201d\"}]},{\"@type\":\"WebSite\",\"@id\":\"https:\\\/\\\/www.article-marketing.eu\\\/comunicatistampa\\\/#website\",\"url\":\"https:\\\/\\\/www.article-marketing.eu\\\/comunicatistampa\\\/\",\"name\":\"Article Marketing\",\"description\":\"article marketing &amp; press release\",\"potentialAction\":[{\"@type\":\"SearchAction\",\"target\":{\"@type\":\"EntryPoint\",\"urlTemplate\":\"https:\\\/\\\/www.article-marketing.eu\\\/comunicatistampa\\\/?s={search_term_string}\"},\"query-input\":{\"@type\":\"PropertyValueSpecification\",\"valueRequired\":true,\"valueName\":\"search_term_string\"}}],\"inLanguage\":\"it-IT\"},{\"@type\":\"Person\",\"@id\":\"https:\\\/\\\/www.article-marketing.eu\\\/comunicatistampa\\\/#\\\/schema\\\/person\\\/2fcaf8f8f3a9eef9eb7f27532d3ca458\",\"name\":\"articolinews\",\"image\":{\"@type\":\"ImageObject\",\"inLanguage\":\"it-IT\",\"@id\":\"https:\\\/\\\/secure.gravatar.com\\\/avatar\\\/9e2a264bab04e17dea24d937c9956304649a848cb73c46747a692ff1bdeb1cb7?s=96&d=mm&r=g\",\"url\":\"https:\\\/\\\/secure.gravatar.com\\\/avatar\\\/9e2a264bab04e17dea24d937c9956304649a848cb73c46747a692ff1bdeb1cb7?s=96&d=mm&r=g\",\"contentUrl\":\"https:\\\/\\\/secure.gravatar.com\\\/avatar\\\/9e2a264bab04e17dea24d937c9956304649a848cb73c46747a692ff1bdeb1cb7?s=96&d=mm&r=g\",\"caption\":\"articolinews\"},\"url\":\"https:\\\/\\\/www.article-marketing.eu\\\/comunicatistampa\\\/author\\\/articolinews\\\/\"}]}<\/script>\n<!-- \/ Yoast SEO plugin. -->","yoast_head_json":{"title":"Diana Bracco: \u201cVi spiego come le imprese contribuiscono a valorizzare il patrimonio culturale\u201d","description":"La bellezza, secondo Diana Bracco, \u00e8 universale: la collaborazione tra scienza, arte e impresa pu\u00f2 dare vita a risultati eccezionali","robots":{"index":"index","follow":"follow","max-snippet":"max-snippet:-1","max-image-preview":"max-image-preview:large","max-video-preview":"max-video-preview:-1"},"canonical":"https:\/\/www.article-marketing.eu\/comunicatistampa\/diana-bracco-vi-spiego-come-le-imprese-contribuiscono-a-valorizzare-il-patrimonio-culturale\/","og_locale":"it_IT","og_type":"article","og_title":"Diana Bracco: \u201cVi spiego come le imprese contribuiscono a valorizzare il patrimonio culturale\u201d","og_description":"La bellezza, secondo Diana Bracco, \u00e8 universale: la collaborazione tra scienza, arte e impresa pu\u00f2 dare vita a risultati eccezionali","og_url":"https:\/\/www.article-marketing.eu\/comunicatistampa\/diana-bracco-vi-spiego-come-le-imprese-contribuiscono-a-valorizzare-il-patrimonio-culturale\/","og_site_name":"Article Marketing","article_published_time":"2024-04-19T05:44:07+00:00","og_image":[{"url":"https:\/\/h2biz.net\/images\/Plats\/crop_min_11305-i-diana_bracco.jpg","type":"","width":"","height":""}],"author":"articolinews","twitter_card":"summary_large_image","twitter_misc":{"Scritto da":"articolinews","Tempo di lettura stimato":"3 minuti"},"schema":{"@context":"https:\/\/schema.org","@graph":[{"@type":"Article","@id":"https:\/\/www.article-marketing.eu\/comunicatistampa\/diana-bracco-vi-spiego-come-le-imprese-contribuiscono-a-valorizzare-il-patrimonio-culturale\/#article","isPartOf":{"@id":"https:\/\/www.article-marketing.eu\/comunicatistampa\/diana-bracco-vi-spiego-come-le-imprese-contribuiscono-a-valorizzare-il-patrimonio-culturale\/"},"author":{"name":"articolinews","@id":"https:\/\/www.article-marketing.eu\/comunicatistampa\/#\/schema\/person\/2fcaf8f8f3a9eef9eb7f27532d3ca458"},"headline":"Diana Bracco: \u201cVi spiego come le imprese contribuiscono a valorizzare il patrimonio culturale\u201d","datePublished":"2024-04-19T05:44:07+00:00","mainEntityOfPage":{"@id":"https:\/\/www.article-marketing.eu\/comunicatistampa\/diana-bracco-vi-spiego-come-le-imprese-contribuiscono-a-valorizzare-il-patrimonio-culturale\/"},"wordCount":379,"commentCount":0,"image":{"@id":"https:\/\/www.article-marketing.eu\/comunicatistampa\/diana-bracco-vi-spiego-come-le-imprese-contribuiscono-a-valorizzare-il-patrimonio-culturale\/#primaryimage"},"thumbnailUrl":"https:\/\/h2biz.net\/images\/Plats\/crop_min_11305-i-diana_bracco.jpg","keywords":["Diana Bracco"],"articleSection":["Arte e cultura"],"inLanguage":"it-IT","potentialAction":[{"@type":"CommentAction","name":"Comment","target":["https:\/\/www.article-marketing.eu\/comunicatistampa\/diana-bracco-vi-spiego-come-le-imprese-contribuiscono-a-valorizzare-il-patrimonio-culturale\/#respond"]}]},{"@type":"WebPage","@id":"https:\/\/www.article-marketing.eu\/comunicatistampa\/diana-bracco-vi-spiego-come-le-imprese-contribuiscono-a-valorizzare-il-patrimonio-culturale\/","url":"https:\/\/www.article-marketing.eu\/comunicatistampa\/diana-bracco-vi-spiego-come-le-imprese-contribuiscono-a-valorizzare-il-patrimonio-culturale\/","name":"Diana Bracco: \u201cVi spiego come le imprese contribuiscono a valorizzare il patrimonio culturale\u201d","isPartOf":{"@id":"https:\/\/www.article-marketing.eu\/comunicatistampa\/#website"},"primaryImageOfPage":{"@id":"https:\/\/www.article-marketing.eu\/comunicatistampa\/diana-bracco-vi-spiego-come-le-imprese-contribuiscono-a-valorizzare-il-patrimonio-culturale\/#primaryimage"},"image":{"@id":"https:\/\/www.article-marketing.eu\/comunicatistampa\/diana-bracco-vi-spiego-come-le-imprese-contribuiscono-a-valorizzare-il-patrimonio-culturale\/#primaryimage"},"thumbnailUrl":"https:\/\/h2biz.net\/images\/Plats\/crop_min_11305-i-diana_bracco.jpg","datePublished":"2024-04-19T05:44:07+00:00","author":{"@id":"https:\/\/www.article-marketing.eu\/comunicatistampa\/#\/schema\/person\/2fcaf8f8f3a9eef9eb7f27532d3ca458"},"description":"La bellezza, secondo Diana Bracco, \u00e8 universale: la collaborazione tra scienza, arte e impresa pu\u00f2 dare vita a risultati eccezionali","breadcrumb":{"@id":"https:\/\/www.article-marketing.eu\/comunicatistampa\/diana-bracco-vi-spiego-come-le-imprese-contribuiscono-a-valorizzare-il-patrimonio-culturale\/#breadcrumb"},"inLanguage":"it-IT","potentialAction":[{"@type":"ReadAction","target":["https:\/\/www.article-marketing.eu\/comunicatistampa\/diana-bracco-vi-spiego-come-le-imprese-contribuiscono-a-valorizzare-il-patrimonio-culturale\/"]}]},{"@type":"ImageObject","inLanguage":"it-IT","@id":"https:\/\/www.article-marketing.eu\/comunicatistampa\/diana-bracco-vi-spiego-come-le-imprese-contribuiscono-a-valorizzare-il-patrimonio-culturale\/#primaryimage","url":"https:\/\/h2biz.net\/images\/Plats\/crop_min_11305-i-diana_bracco.jpg","contentUrl":"https:\/\/h2biz.net\/images\/Plats\/crop_min_11305-i-diana_bracco.jpg"},{"@type":"BreadcrumbList","@id":"https:\/\/www.article-marketing.eu\/comunicatistampa\/diana-bracco-vi-spiego-come-le-imprese-contribuiscono-a-valorizzare-il-patrimonio-culturale\/#breadcrumb","itemListElement":[{"@type":"ListItem","position":1,"name":"Home","item":"https:\/\/www.article-marketing.eu\/comunicatistampa\/"},{"@type":"ListItem","position":2,"name":"Diana Bracco: \u201cVi spiego come le imprese contribuiscono a valorizzare il patrimonio culturale\u201d"}]},{"@type":"WebSite","@id":"https:\/\/www.article-marketing.eu\/comunicatistampa\/#website","url":"https:\/\/www.article-marketing.eu\/comunicatistampa\/","name":"Article Marketing","description":"article marketing &amp; press release","potentialAction":[{"@type":"SearchAction","target":{"@type":"EntryPoint","urlTemplate":"https:\/\/www.article-marketing.eu\/comunicatistampa\/?s={search_term_string}"},"query-input":{"@type":"PropertyValueSpecification","valueRequired":true,"valueName":"search_term_string"}}],"inLanguage":"it-IT"},{"@type":"Person","@id":"https:\/\/www.article-marketing.eu\/comunicatistampa\/#\/schema\/person\/2fcaf8f8f3a9eef9eb7f27532d3ca458","name":"articolinews","image":{"@type":"ImageObject","inLanguage":"it-IT","@id":"https:\/\/secure.gravatar.com\/avatar\/9e2a264bab04e17dea24d937c9956304649a848cb73c46747a692ff1bdeb1cb7?s=96&d=mm&r=g","url":"https:\/\/secure.gravatar.com\/avatar\/9e2a264bab04e17dea24d937c9956304649a848cb73c46747a692ff1bdeb1cb7?s=96&d=mm&r=g","contentUrl":"https:\/\/secure.gravatar.com\/avatar\/9e2a264bab04e17dea24d937c9956304649a848cb73c46747a692ff1bdeb1cb7?s=96&d=mm&r=g","caption":"articolinews"},"url":"https:\/\/www.article-marketing.eu\/comunicatistampa\/author\/articolinews\/"}]}},"_links":{"self":[{"href":"https:\/\/www.article-marketing.eu\/comunicatistampa\/wp-json\/wp\/v2\/posts\/30571","targetHints":{"allow":["GET"]}}],"collection":[{"href":"https:\/\/www.article-marketing.eu\/comunicatistampa\/wp-json\/wp\/v2\/posts"}],"about":[{"href":"https:\/\/www.article-marketing.eu\/comunicatistampa\/wp-json\/wp\/v2\/types\/post"}],"author":[{"embeddable":true,"href":"https:\/\/www.article-marketing.eu\/comunicatistampa\/wp-json\/wp\/v2\/users\/6477"}],"replies":[{"embeddable":true,"href":"https:\/\/www.article-marketing.eu\/comunicatistampa\/wp-json\/wp\/v2\/comments?post=30571"}],"version-history":[{"count":3,"href":"https:\/\/www.article-marketing.eu\/comunicatistampa\/wp-json\/wp\/v2\/posts\/30571\/revisions"}],"predecessor-version":[{"id":30686,"href":"https:\/\/www.article-marketing.eu\/comunicatistampa\/wp-json\/wp\/v2\/posts\/30571\/revisions\/30686"}],"wp:attachment":[{"href":"https:\/\/www.article-marketing.eu\/comunicatistampa\/wp-json\/wp\/v2\/media?parent=30571"}],"wp:term":[{"taxonomy":"category","embeddable":true,"href":"https:\/\/www.article-marketing.eu\/comunicatistampa\/wp-json\/wp\/v2\/categories?post=30571"},{"taxonomy":"post_tag","embeddable":true,"href":"https:\/\/www.article-marketing.eu\/comunicatistampa\/wp-json\/wp\/v2\/tags?post=30571"}],"curies":[{"name":"wp","href":"https:\/\/api.w.org\/{rel}","templated":true}]}}