{"id":30602,"date":"2024-04-17T09:10:34","date_gmt":"2024-04-17T07:10:34","guid":{"rendered":"https:\/\/www.article-marketing.eu\/comunicatistampa\/?p=30602"},"modified":"2024-04-16T15:16:24","modified_gmt":"2024-04-16T13:16:24","slug":"virus-respiratorio-sinciziale-susanna-esposito-rassicura-i-genitori-calo-nelle-ultime-settimane","status":"publish","type":"post","link":"https:\/\/www.article-marketing.eu\/comunicatistampa\/virus-respiratorio-sinciziale-susanna-esposito-rassicura-i-genitori-calo-nelle-ultime-settimane\/","title":{"rendered":"Virus respiratorio sinciziale, Susanna Esposito rassicura i genitori: \u201cCalo nelle ultime settimane\u201d"},"content":{"rendered":"<p><strong><em>I bambini ammalati di VRS affollano ancora i reparti di pediatria, ma l\u2019infezione virale ha registrato un promettente calo nelle ultime settimane: lo ha annunciato <a title=\"La pediatra Susanna Esposito afferma che i casi di VRS sono in calo\" href=\"https:\/\/webpressvalue.com\/2024\/03\/26\/susanna-esposito-nelle-ultime-due-settimane-calati-i-casi-di-virus-respiratori-nei-bambini\/\">Susanna Esposito<\/a>, Direttrice della Clinica Pediatrica dell\u2019Ospedale di Parma.<\/em><\/strong><\/p>\n<p><a title=\"Susanna Esposito: calati i casi di virus respiratori nei bambini\" href=\"https:\/\/webpressvalue.com\/2024\/03\/26\/susanna-esposito-nelle-ultime-due-settimane-calati-i-casi-di-virus-respiratori-nei-bambini\/\"><img loading=\"lazy\" decoding=\"async\" src=\"https:\/\/www.susannaesposito.it\/wp-content\/uploads\/2021\/05\/susanna-esposito.jpg\" alt=\"Susanna Esposito\" width=\"293\" height=\"200\" \/><\/a><\/p>\n<h2>In calo i casi di VRS: la conferma di Susanna Esposito<\/h2>\n<p>Il Virus Respiratorio Sinciziale \u00e8 entrato finalmente in una fase di calo: lo sottolinea la pediatra <strong>Susanna Esposito<\/strong>, aggiungendo che l\u2019infezione continuer\u00e0 a circolare per circa un mese per poi affievolirsi del tutto. Un grande sollievo per i genitori, dunque, che vedono ridotto il rischio che i loro figli contraggano una malattia caratterizzata da grosse complicanze, quali ad esempio le bronchioliti. <strong>Susanna Esposito<\/strong> ha tuttavia messo in guardia dal rischio di un duplice contagio di diversi virus, che potrebbe causare grossi rischi per i pi\u00f9 piccoli: \u201c<em>I casi pi\u00f9 impegnativi legati ai ricoveri sono quelli in cui, insieme a questa infezione, c&#8217;\u00e8 anche il coinvolgimento del metapneumovirus, patogeno che, quando infetta il bambino con virus respiratorio sinciziale pu\u00f2 determinare casi pi\u00f9 gravi, con ricoveri pi\u00f9 lunghi che durano anche sette giorni invece di quattro<\/em>\u201d.<\/p>\n<h2>Virus Respiratorio Sinciziale, come riconoscerlo e cosa fare? Le raccomandazioni di Susanna Esposito<\/h2>\n<p><a title=\"La pediatra Susanna Esposito: casi di VRS in calo nei bambini\" href=\"https:\/\/webpressvalue.com\/2024\/03\/26\/susanna-esposito-nelle-ultime-due-settimane-calati-i-casi-di-virus-respiratori-nei-bambini\/\"><strong>Susanna Esposito<\/strong><\/a> affianca alla pratica medica l\u2019attivit\u00e0 di divulgazione, volta a istruire l\u2019opinione pubblica su sintomi, terapie e rischi di infezioni che, come il VRS, minacciano innanzitutto la salute dei bambini. La professoressa raccomanda di mettere in atto efficaci tattiche di prevenzione, quali lavarsi le mani prima di toccare i bambini ed evitare di fumare intorno a loro. Per i bambini vulnerabili o prematuri, \u00e8 possibile valersi di anticorpi monoclonali, ma anche il latte materno, per i pi\u00f9 piccoli, funge come una eccezionale riserva di anticorpi. Tra i sintomi, <strong>Susanna Esposito<\/strong> elenca la rinorrea (il cosiddetto \u201cnaso che cola\u201d), il mal di gola e la faringite, ma non \u00e8 necessario rivolgersi a un pediatra finch\u00e9 non si presentano complicanze pi\u00f9 gravi, associate a una riduzione di appetito, difficolt\u00e0 respiratorie e apnee prolungate. Purtroppo non esiste una terapia universalmente efficace, ma \u00e8 possibile utilizzare i lavaggi nasali con soluzione di acqua salina per migliorare la respirazione, assicurandosi anche che il bambino sia sempre idratato.<\/p>\n","protected":false},"excerpt":{"rendered":"<p>I bambini ammalati di VRS affollano ancora i reparti di pediatria, ma l\u2019infezione virale ha registrato un promettente calo nelle ultime settimane: lo ha annunciato Susanna Esposito, Direttrice della Clinica Pediatrica dell\u2019Ospedale di Parma. In calo i casi di VRS: la conferma di Susanna Esposito Il Virus Respiratorio Sinciziale \u00e8 entrato finalmente in una fase di calo: lo sottolinea la pediatra Susanna Esposito, aggiungendo che l\u2019infezione continuer\u00e0 a circolare per<\/p>\n<p><a class=\"continue-reading\" href=\"https:\/\/www.article-marketing.eu\/comunicatistampa\/virus-respiratorio-sinciziale-susanna-esposito-rassicura-i-genitori-calo-nelle-ultime-settimane\/\">Continue reading&#8230;<\/a><\/p>\n","protected":false},"author":6477,"featured_media":0,"comment_status":"open","ping_status":"open","sticky":false,"template":"","format":"standard","meta":{"_monsterinsights_skip_tracking":false,"_monsterinsights_sitenote_active":false,"_monsterinsights_sitenote_note":"","_monsterinsights_sitenote_category":0,"footnotes":""},"categories":[371],"tags":[10779],"class_list":["post-30602","post","type-post","status-publish","format-standard","hentry","category-medicina","tag-susanna-esposito"],"yoast_head":"<!-- This site is optimized with the Yoast SEO plugin v27.3 - https:\/\/yoast.com\/product\/yoast-seo-wordpress\/ -->\n<title>Virus respiratorio sinciziale, Susanna Esposito rassicura i genitori: \u201cCalo nelle ultime settimane\u201d<\/title>\n<meta name=\"description\" content=\"Il Virus Respiratorio Sinciziale continua a fare paura ma, come evidenza Susanna Esposito, l\u2019infezione ha ormai raggiunto la fase di calo\" \/>\n<meta name=\"robots\" content=\"index, follow, max-snippet:-1, max-image-preview:large, max-video-preview:-1\" \/>\n<link rel=\"canonical\" href=\"https:\/\/www.article-marketing.eu\/comunicatistampa\/virus-respiratorio-sinciziale-susanna-esposito-rassicura-i-genitori-calo-nelle-ultime-settimane\/\" \/>\n<meta property=\"og:locale\" content=\"it_IT\" \/>\n<meta property=\"og:type\" content=\"article\" \/>\n<meta property=\"og:title\" content=\"Virus respiratorio sinciziale, Susanna Esposito rassicura i genitori: \u201cCalo nelle ultime settimane\u201d\" \/>\n<meta property=\"og:description\" content=\"Il Virus Respiratorio Sinciziale continua a fare paura ma, come evidenza Susanna Esposito, l\u2019infezione ha ormai raggiunto la fase di calo\" \/>\n<meta property=\"og:url\" content=\"https:\/\/www.article-marketing.eu\/comunicatistampa\/virus-respiratorio-sinciziale-susanna-esposito-rassicura-i-genitori-calo-nelle-ultime-settimane\/\" \/>\n<meta property=\"og:site_name\" content=\"Article Marketing\" \/>\n<meta property=\"article:published_time\" content=\"2024-04-17T07:10:34+00:00\" \/>\n<meta property=\"og:image\" content=\"https:\/\/www.susannaesposito.it\/wp-content\/uploads\/2021\/05\/susanna-esposito.jpg\" \/>\n<meta name=\"author\" content=\"articolinews\" \/>\n<meta name=\"twitter:card\" content=\"summary_large_image\" \/>\n<meta name=\"twitter:label1\" content=\"Scritto da\" \/>\n\t<meta name=\"twitter:data1\" content=\"articolinews\" \/>\n\t<meta name=\"twitter:label2\" content=\"Tempo di lettura stimato\" \/>\n\t<meta name=\"twitter:data2\" content=\"3 minuti\" \/>\n<script type=\"application\/ld+json\" class=\"yoast-schema-graph\">{\"@context\":\"https:\\\/\\\/schema.org\",\"@graph\":[{\"@type\":\"Article\",\"@id\":\"https:\\\/\\\/www.article-marketing.eu\\\/comunicatistampa\\\/virus-respiratorio-sinciziale-susanna-esposito-rassicura-i-genitori-calo-nelle-ultime-settimane\\\/#article\",\"isPartOf\":{\"@id\":\"https:\\\/\\\/www.article-marketing.eu\\\/comunicatistampa\\\/virus-respiratorio-sinciziale-susanna-esposito-rassicura-i-genitori-calo-nelle-ultime-settimane\\\/\"},\"author\":{\"name\":\"articolinews\",\"@id\":\"https:\\\/\\\/www.article-marketing.eu\\\/comunicatistampa\\\/#\\\/schema\\\/person\\\/2fcaf8f8f3a9eef9eb7f27532d3ca458\"},\"headline\":\"Virus respiratorio sinciziale, Susanna Esposito rassicura i genitori: \u201cCalo nelle ultime settimane\u201d\",\"datePublished\":\"2024-04-17T07:10:34+00:00\",\"mainEntityOfPage\":{\"@id\":\"https:\\\/\\\/www.article-marketing.eu\\\/comunicatistampa\\\/virus-respiratorio-sinciziale-susanna-esposito-rassicura-i-genitori-calo-nelle-ultime-settimane\\\/\"},\"wordCount\":368,\"commentCount\":0,\"image\":{\"@id\":\"https:\\\/\\\/www.article-marketing.eu\\\/comunicatistampa\\\/virus-respiratorio-sinciziale-susanna-esposito-rassicura-i-genitori-calo-nelle-ultime-settimane\\\/#primaryimage\"},\"thumbnailUrl\":\"https:\\\/\\\/www.susannaesposito.it\\\/wp-content\\\/uploads\\\/2021\\\/05\\\/susanna-esposito.jpg\",\"keywords\":[\"Susanna Esposito\"],\"articleSection\":[\"Medicina\"],\"inLanguage\":\"it-IT\",\"potentialAction\":[{\"@type\":\"CommentAction\",\"name\":\"Comment\",\"target\":[\"https:\\\/\\\/www.article-marketing.eu\\\/comunicatistampa\\\/virus-respiratorio-sinciziale-susanna-esposito-rassicura-i-genitori-calo-nelle-ultime-settimane\\\/#respond\"]}]},{\"@type\":\"WebPage\",\"@id\":\"https:\\\/\\\/www.article-marketing.eu\\\/comunicatistampa\\\/virus-respiratorio-sinciziale-susanna-esposito-rassicura-i-genitori-calo-nelle-ultime-settimane\\\/\",\"url\":\"https:\\\/\\\/www.article-marketing.eu\\\/comunicatistampa\\\/virus-respiratorio-sinciziale-susanna-esposito-rassicura-i-genitori-calo-nelle-ultime-settimane\\\/\",\"name\":\"Virus respiratorio sinciziale, Susanna Esposito rassicura i genitori: \u201cCalo nelle ultime settimane\u201d\",\"isPartOf\":{\"@id\":\"https:\\\/\\\/www.article-marketing.eu\\\/comunicatistampa\\\/#website\"},\"primaryImageOfPage\":{\"@id\":\"https:\\\/\\\/www.article-marketing.eu\\\/comunicatistampa\\\/virus-respiratorio-sinciziale-susanna-esposito-rassicura-i-genitori-calo-nelle-ultime-settimane\\\/#primaryimage\"},\"image\":{\"@id\":\"https:\\\/\\\/www.article-marketing.eu\\\/comunicatistampa\\\/virus-respiratorio-sinciziale-susanna-esposito-rassicura-i-genitori-calo-nelle-ultime-settimane\\\/#primaryimage\"},\"thumbnailUrl\":\"https:\\\/\\\/www.susannaesposito.it\\\/wp-content\\\/uploads\\\/2021\\\/05\\\/susanna-esposito.jpg\",\"datePublished\":\"2024-04-17T07:10:34+00:00\",\"author\":{\"@id\":\"https:\\\/\\\/www.article-marketing.eu\\\/comunicatistampa\\\/#\\\/schema\\\/person\\\/2fcaf8f8f3a9eef9eb7f27532d3ca458\"},\"description\":\"Il Virus Respiratorio Sinciziale continua a fare paura ma, come evidenza Susanna Esposito, l\u2019infezione ha ormai raggiunto la fase di calo\",\"breadcrumb\":{\"@id\":\"https:\\\/\\\/www.article-marketing.eu\\\/comunicatistampa\\\/virus-respiratorio-sinciziale-susanna-esposito-rassicura-i-genitori-calo-nelle-ultime-settimane\\\/#breadcrumb\"},\"inLanguage\":\"it-IT\",\"potentialAction\":[{\"@type\":\"ReadAction\",\"target\":[\"https:\\\/\\\/www.article-marketing.eu\\\/comunicatistampa\\\/virus-respiratorio-sinciziale-susanna-esposito-rassicura-i-genitori-calo-nelle-ultime-settimane\\\/\"]}]},{\"@type\":\"ImageObject\",\"inLanguage\":\"it-IT\",\"@id\":\"https:\\\/\\\/www.article-marketing.eu\\\/comunicatistampa\\\/virus-respiratorio-sinciziale-susanna-esposito-rassicura-i-genitori-calo-nelle-ultime-settimane\\\/#primaryimage\",\"url\":\"https:\\\/\\\/www.susannaesposito.it\\\/wp-content\\\/uploads\\\/2021\\\/05\\\/susanna-esposito.jpg\",\"contentUrl\":\"https:\\\/\\\/www.susannaesposito.it\\\/wp-content\\\/uploads\\\/2021\\\/05\\\/susanna-esposito.jpg\"},{\"@type\":\"BreadcrumbList\",\"@id\":\"https:\\\/\\\/www.article-marketing.eu\\\/comunicatistampa\\\/virus-respiratorio-sinciziale-susanna-esposito-rassicura-i-genitori-calo-nelle-ultime-settimane\\\/#breadcrumb\",\"itemListElement\":[{\"@type\":\"ListItem\",\"position\":1,\"name\":\"Home\",\"item\":\"https:\\\/\\\/www.article-marketing.eu\\\/comunicatistampa\\\/\"},{\"@type\":\"ListItem\",\"position\":2,\"name\":\"Virus respiratorio sinciziale, Susanna Esposito rassicura i genitori: \u201cCalo nelle ultime settimane\u201d\"}]},{\"@type\":\"WebSite\",\"@id\":\"https:\\\/\\\/www.article-marketing.eu\\\/comunicatistampa\\\/#website\",\"url\":\"https:\\\/\\\/www.article-marketing.eu\\\/comunicatistampa\\\/\",\"name\":\"Article Marketing\",\"description\":\"article marketing &amp; press release\",\"potentialAction\":[{\"@type\":\"SearchAction\",\"target\":{\"@type\":\"EntryPoint\",\"urlTemplate\":\"https:\\\/\\\/www.article-marketing.eu\\\/comunicatistampa\\\/?s={search_term_string}\"},\"query-input\":{\"@type\":\"PropertyValueSpecification\",\"valueRequired\":true,\"valueName\":\"search_term_string\"}}],\"inLanguage\":\"it-IT\"},{\"@type\":\"Person\",\"@id\":\"https:\\\/\\\/www.article-marketing.eu\\\/comunicatistampa\\\/#\\\/schema\\\/person\\\/2fcaf8f8f3a9eef9eb7f27532d3ca458\",\"name\":\"articolinews\",\"image\":{\"@type\":\"ImageObject\",\"inLanguage\":\"it-IT\",\"@id\":\"https:\\\/\\\/secure.gravatar.com\\\/avatar\\\/9e2a264bab04e17dea24d937c9956304649a848cb73c46747a692ff1bdeb1cb7?s=96&d=mm&r=g\",\"url\":\"https:\\\/\\\/secure.gravatar.com\\\/avatar\\\/9e2a264bab04e17dea24d937c9956304649a848cb73c46747a692ff1bdeb1cb7?s=96&d=mm&r=g\",\"contentUrl\":\"https:\\\/\\\/secure.gravatar.com\\\/avatar\\\/9e2a264bab04e17dea24d937c9956304649a848cb73c46747a692ff1bdeb1cb7?s=96&d=mm&r=g\",\"caption\":\"articolinews\"},\"url\":\"https:\\\/\\\/www.article-marketing.eu\\\/comunicatistampa\\\/author\\\/articolinews\\\/\"}]}<\/script>\n<!-- \/ Yoast SEO plugin. -->","yoast_head_json":{"title":"Virus respiratorio sinciziale, Susanna Esposito rassicura i genitori: \u201cCalo nelle ultime settimane\u201d","description":"Il Virus Respiratorio Sinciziale continua a fare paura ma, come evidenza Susanna Esposito, l\u2019infezione ha ormai raggiunto la fase di calo","robots":{"index":"index","follow":"follow","max-snippet":"max-snippet:-1","max-image-preview":"max-image-preview:large","max-video-preview":"max-video-preview:-1"},"canonical":"https:\/\/www.article-marketing.eu\/comunicatistampa\/virus-respiratorio-sinciziale-susanna-esposito-rassicura-i-genitori-calo-nelle-ultime-settimane\/","og_locale":"it_IT","og_type":"article","og_title":"Virus respiratorio sinciziale, Susanna Esposito rassicura i genitori: \u201cCalo nelle ultime settimane\u201d","og_description":"Il Virus Respiratorio Sinciziale continua a fare paura ma, come evidenza Susanna Esposito, l\u2019infezione ha ormai raggiunto la fase di calo","og_url":"https:\/\/www.article-marketing.eu\/comunicatistampa\/virus-respiratorio-sinciziale-susanna-esposito-rassicura-i-genitori-calo-nelle-ultime-settimane\/","og_site_name":"Article Marketing","article_published_time":"2024-04-17T07:10:34+00:00","og_image":[{"url":"https:\/\/www.susannaesposito.it\/wp-content\/uploads\/2021\/05\/susanna-esposito.jpg","type":"","width":"","height":""}],"author":"articolinews","twitter_card":"summary_large_image","twitter_misc":{"Scritto da":"articolinews","Tempo di lettura stimato":"3 minuti"},"schema":{"@context":"https:\/\/schema.org","@graph":[{"@type":"Article","@id":"https:\/\/www.article-marketing.eu\/comunicatistampa\/virus-respiratorio-sinciziale-susanna-esposito-rassicura-i-genitori-calo-nelle-ultime-settimane\/#article","isPartOf":{"@id":"https:\/\/www.article-marketing.eu\/comunicatistampa\/virus-respiratorio-sinciziale-susanna-esposito-rassicura-i-genitori-calo-nelle-ultime-settimane\/"},"author":{"name":"articolinews","@id":"https:\/\/www.article-marketing.eu\/comunicatistampa\/#\/schema\/person\/2fcaf8f8f3a9eef9eb7f27532d3ca458"},"headline":"Virus respiratorio sinciziale, Susanna Esposito rassicura i genitori: \u201cCalo nelle ultime settimane\u201d","datePublished":"2024-04-17T07:10:34+00:00","mainEntityOfPage":{"@id":"https:\/\/www.article-marketing.eu\/comunicatistampa\/virus-respiratorio-sinciziale-susanna-esposito-rassicura-i-genitori-calo-nelle-ultime-settimane\/"},"wordCount":368,"commentCount":0,"image":{"@id":"https:\/\/www.article-marketing.eu\/comunicatistampa\/virus-respiratorio-sinciziale-susanna-esposito-rassicura-i-genitori-calo-nelle-ultime-settimane\/#primaryimage"},"thumbnailUrl":"https:\/\/www.susannaesposito.it\/wp-content\/uploads\/2021\/05\/susanna-esposito.jpg","keywords":["Susanna Esposito"],"articleSection":["Medicina"],"inLanguage":"it-IT","potentialAction":[{"@type":"CommentAction","name":"Comment","target":["https:\/\/www.article-marketing.eu\/comunicatistampa\/virus-respiratorio-sinciziale-susanna-esposito-rassicura-i-genitori-calo-nelle-ultime-settimane\/#respond"]}]},{"@type":"WebPage","@id":"https:\/\/www.article-marketing.eu\/comunicatistampa\/virus-respiratorio-sinciziale-susanna-esposito-rassicura-i-genitori-calo-nelle-ultime-settimane\/","url":"https:\/\/www.article-marketing.eu\/comunicatistampa\/virus-respiratorio-sinciziale-susanna-esposito-rassicura-i-genitori-calo-nelle-ultime-settimane\/","name":"Virus respiratorio sinciziale, Susanna Esposito rassicura i genitori: \u201cCalo nelle ultime settimane\u201d","isPartOf":{"@id":"https:\/\/www.article-marketing.eu\/comunicatistampa\/#website"},"primaryImageOfPage":{"@id":"https:\/\/www.article-marketing.eu\/comunicatistampa\/virus-respiratorio-sinciziale-susanna-esposito-rassicura-i-genitori-calo-nelle-ultime-settimane\/#primaryimage"},"image":{"@id":"https:\/\/www.article-marketing.eu\/comunicatistampa\/virus-respiratorio-sinciziale-susanna-esposito-rassicura-i-genitori-calo-nelle-ultime-settimane\/#primaryimage"},"thumbnailUrl":"https:\/\/www.susannaesposito.it\/wp-content\/uploads\/2021\/05\/susanna-esposito.jpg","datePublished":"2024-04-17T07:10:34+00:00","author":{"@id":"https:\/\/www.article-marketing.eu\/comunicatistampa\/#\/schema\/person\/2fcaf8f8f3a9eef9eb7f27532d3ca458"},"description":"Il Virus Respiratorio Sinciziale continua a fare paura ma, come evidenza Susanna Esposito, l\u2019infezione ha ormai raggiunto la fase di calo","breadcrumb":{"@id":"https:\/\/www.article-marketing.eu\/comunicatistampa\/virus-respiratorio-sinciziale-susanna-esposito-rassicura-i-genitori-calo-nelle-ultime-settimane\/#breadcrumb"},"inLanguage":"it-IT","potentialAction":[{"@type":"ReadAction","target":["https:\/\/www.article-marketing.eu\/comunicatistampa\/virus-respiratorio-sinciziale-susanna-esposito-rassicura-i-genitori-calo-nelle-ultime-settimane\/"]}]},{"@type":"ImageObject","inLanguage":"it-IT","@id":"https:\/\/www.article-marketing.eu\/comunicatistampa\/virus-respiratorio-sinciziale-susanna-esposito-rassicura-i-genitori-calo-nelle-ultime-settimane\/#primaryimage","url":"https:\/\/www.susannaesposito.it\/wp-content\/uploads\/2021\/05\/susanna-esposito.jpg","contentUrl":"https:\/\/www.susannaesposito.it\/wp-content\/uploads\/2021\/05\/susanna-esposito.jpg"},{"@type":"BreadcrumbList","@id":"https:\/\/www.article-marketing.eu\/comunicatistampa\/virus-respiratorio-sinciziale-susanna-esposito-rassicura-i-genitori-calo-nelle-ultime-settimane\/#breadcrumb","itemListElement":[{"@type":"ListItem","position":1,"name":"Home","item":"https:\/\/www.article-marketing.eu\/comunicatistampa\/"},{"@type":"ListItem","position":2,"name":"Virus respiratorio sinciziale, Susanna Esposito rassicura i genitori: \u201cCalo nelle ultime settimane\u201d"}]},{"@type":"WebSite","@id":"https:\/\/www.article-marketing.eu\/comunicatistampa\/#website","url":"https:\/\/www.article-marketing.eu\/comunicatistampa\/","name":"Article Marketing","description":"article marketing &amp; press release","potentialAction":[{"@type":"SearchAction","target":{"@type":"EntryPoint","urlTemplate":"https:\/\/www.article-marketing.eu\/comunicatistampa\/?s={search_term_string}"},"query-input":{"@type":"PropertyValueSpecification","valueRequired":true,"valueName":"search_term_string"}}],"inLanguage":"it-IT"},{"@type":"Person","@id":"https:\/\/www.article-marketing.eu\/comunicatistampa\/#\/schema\/person\/2fcaf8f8f3a9eef9eb7f27532d3ca458","name":"articolinews","image":{"@type":"ImageObject","inLanguage":"it-IT","@id":"https:\/\/secure.gravatar.com\/avatar\/9e2a264bab04e17dea24d937c9956304649a848cb73c46747a692ff1bdeb1cb7?s=96&d=mm&r=g","url":"https:\/\/secure.gravatar.com\/avatar\/9e2a264bab04e17dea24d937c9956304649a848cb73c46747a692ff1bdeb1cb7?s=96&d=mm&r=g","contentUrl":"https:\/\/secure.gravatar.com\/avatar\/9e2a264bab04e17dea24d937c9956304649a848cb73c46747a692ff1bdeb1cb7?s=96&d=mm&r=g","caption":"articolinews"},"url":"https:\/\/www.article-marketing.eu\/comunicatistampa\/author\/articolinews\/"}]}},"_links":{"self":[{"href":"https:\/\/www.article-marketing.eu\/comunicatistampa\/wp-json\/wp\/v2\/posts\/30602","targetHints":{"allow":["GET"]}}],"collection":[{"href":"https:\/\/www.article-marketing.eu\/comunicatistampa\/wp-json\/wp\/v2\/posts"}],"about":[{"href":"https:\/\/www.article-marketing.eu\/comunicatistampa\/wp-json\/wp\/v2\/types\/post"}],"author":[{"embeddable":true,"href":"https:\/\/www.article-marketing.eu\/comunicatistampa\/wp-json\/wp\/v2\/users\/6477"}],"replies":[{"embeddable":true,"href":"https:\/\/www.article-marketing.eu\/comunicatistampa\/wp-json\/wp\/v2\/comments?post=30602"}],"version-history":[{"count":2,"href":"https:\/\/www.article-marketing.eu\/comunicatistampa\/wp-json\/wp\/v2\/posts\/30602\/revisions"}],"predecessor-version":[{"id":30663,"href":"https:\/\/www.article-marketing.eu\/comunicatistampa\/wp-json\/wp\/v2\/posts\/30602\/revisions\/30663"}],"wp:attachment":[{"href":"https:\/\/www.article-marketing.eu\/comunicatistampa\/wp-json\/wp\/v2\/media?parent=30602"}],"wp:term":[{"taxonomy":"category","embeddable":true,"href":"https:\/\/www.article-marketing.eu\/comunicatistampa\/wp-json\/wp\/v2\/categories?post=30602"},{"taxonomy":"post_tag","embeddable":true,"href":"https:\/\/www.article-marketing.eu\/comunicatistampa\/wp-json\/wp\/v2\/tags?post=30602"}],"curies":[{"name":"wp","href":"https:\/\/api.w.org\/{rel}","templated":true}]}}