{"id":30648,"date":"2024-04-16T15:46:39","date_gmt":"2024-04-16T13:46:39","guid":{"rendered":"https:\/\/www.article-marketing.eu\/comunicatistampa\/?p=30648"},"modified":"2024-04-16T15:46:39","modified_gmt":"2024-04-16T13:46:39","slug":"umberto-lebruto-e-il-lancio-di-fs-park-un-nuovo-capitolo-nella-mobilita-urbana","status":"publish","type":"post","link":"https:\/\/www.article-marketing.eu\/comunicatistampa\/umberto-lebruto-e-il-lancio-di-fs-park-un-nuovo-capitolo-nella-mobilita-urbana\/","title":{"rendered":"Umberto Lebruto e il lancio di FS PARK: un nuovo capitolo nella mobilit\u00e0 urbana"},"content":{"rendered":"<p><em><strong>Il lancio di FS PARK il 20 marzo scorso ha segnato un punto di svolta nell\u2019evoluzione dei parcheggi. Presentato come una risposta innovativa alle esigenze di mobilit\u00e0 moderne, il nuovo brand eredita una solida esperienza trentennale nella gestione dei servizi di sosta da Metropark, ponendo l\u2019accento su sostenibilit\u00e0, tecnologia e comfort per gli utenti. <a title=\"Nasce FS Park: le dichiarazioni integrali di Umberto Lebruto\" href=\"https:\/\/ladiscussione.com\/311271\/video-pillole\/nasce-fs-park-lebruto-nuovi-parcheggi-con-tutti-i-servizi\/\">Umberto Lebruto<\/a>: \u201cNuovi parcheggi urbani con servizi integrati\u201d.<\/strong><\/em><\/p>\n<p><a title=\"Umberto Lebruto presenta FS Park\" href=\"https:\/\/ladiscussione.com\/311271\/video-pillole\/nasce-fs-park-lebruto-nuovi-parcheggi-con-tutti-i-servizi\/\"><em><strong><img loading=\"lazy\" decoding=\"async\" src=\"https:\/\/ladiscussione.com\/wp-content\/uploads\/2024\/03\/EGJW.jpg\" alt=\"Umberto Lebruto (FS Sistemi Urbani)\" width=\"356\" height=\"200\" \/><\/strong><\/em><\/a><\/p>\n<h2>Umberto Lebruto: ridefinire il futuro della mobilit\u00e0 urbana<\/h2>\n<p>\u201c<em>\u00c8 un evento per noi molto importante. Il Gruppo FS, con le sue societ\u00e0 Metropark e oggi FS PARK, ha realizzato questa piastra sfruttando il suolo pubblico gi\u00e0 predisposto per le infrastrutture, capace di rendere intermodale il viaggio di ciascuno di noi<\/em>\u201d, ha commentato il Presidente <strong>Umberto Lebruto<\/strong> presente all\u2019evento di presentazione di FS PARK. Il concetto di parcheggio urbano viene radicalmente ridefinito dalla nuova societ\u00e0, che si impegna a creare spazi verdi, accoglienti e tecnologicamente avanzati in tutta Italia. \u201c<em>Quando si parcheggia per prendere il treno, vogliamo che le persone si sentano ispirate a entrare in un ambiente piacevole e ricco di servizi<\/em>\u201d, ha aggiunto ancora Umberto Lebruto. L\u2019obiettivo di FS PARK \u00e8 ambizioso: aumentare il numero di aree di sosta a 250 in tutta Italia nei prossimi dieci anni, migliorando quelle esistenti e creandone di nuove. I parking hub del nuovo brand sono progettati per promuovere l\u2019intermodalit\u00e0, l\u2019accessibilit\u00e0 e la sostenibilit\u00e0 intorno alle stazioni ferroviarie, riducendo al contempo il problema della sosta nei centri urbani.<\/p>\n<h2>Umberto Lebruto: con FS PARK sostenibilit\u00e0 e innovazione<\/h2>\n<p>\u201c<em>Il paradigma del nuovo parcheggio sar\u00e0 completamente diverso, rivolto alla sostenibilit\u00e0 di tipo ambientale e al recupero di CO2 emesso\u201d, <\/em>ha continuato <a title=\"Su &quot;La Discussione&quot; il commento del Presidente di FS Park Umberto Lebruto\" href=\"https:\/\/ladiscussione.com\/311271\/video-pillole\/nasce-fs-park-lebruto-nuovi-parcheggi-con-tutti-i-servizi\/\"><strong>Umberto Lebruto<\/strong><\/a>. \u201c<em>In tutta Italia tutti i nostri parcheggi avranno una concezione dal punto di vista infrastrutturale, progettuale e realizzativa completamente diversa<\/em>\u201d. Tra i servizi offerti da FS PARK vi sono postazioni di ricarica per veicoli elettrici, posti riservati per disabili, car sharing, autonoleggio, rilevamento delle targhe, videosorveglianza e accesso con telepedaggio. Questi servizi sono progettati per garantire un\u2019esperienza di sosta confortevole, sicura e personalizzata per tutti gli utenti. FS PARK si impegna inoltre a utilizzare tecnologie innovative per gestire in modo intelligente gli hub, monitorare la sicurezza e migliorare l\u2019efficienza energetica, contribuendo cos\u00ec alla riduzione delle emissioni e all\u2019ottimizzazione delle risorse. Attraverso il lancio del nuovo brand, il parcheggio urbano diventa un vero e proprio punto di incontro tra sostenibilit\u00e0, tecnologia e comfort, rappresentando un passo significativo verso una mobilit\u00e0 pi\u00f9 moderna, accessibile ed ecologica per tutti.<\/p>\n","protected":false},"excerpt":{"rendered":"<p>Umberto Lebruto: con FS PARK, l\u2019obiettivo \u00e8 trasformare il concetto tradizionale di parcheggio in un\u2019esperienza intermodale, sostenibile e orientata al benessere degli utenti.<\/p>\n","protected":false},"author":6477,"featured_media":0,"comment_status":"open","ping_status":"open","sticky":false,"template":"","format":"standard","meta":{"_monsterinsights_skip_tracking":false,"_monsterinsights_sitenote_active":false,"_monsterinsights_sitenote_note":"","_monsterinsights_sitenote_category":0,"footnotes":""},"categories":[394],"tags":[10941],"class_list":["post-30648","post","type-post","status-publish","format-standard","hentry","category-servizi","tag-umberto-lebruto"],"yoast_head":"<!-- This site is optimized with the Yoast SEO plugin v27.3 - https:\/\/yoast.com\/product\/yoast-seo-wordpress\/ -->\n<title>Umberto Lebruto e il lancio di FS PARK: un nuovo capitolo nella mobilit\u00e0 urbana<\/title>\n<meta name=\"description\" content=\"Umberto Lebruto: con FS PARK, l\u2019obiettivo \u00e8 trasformare il concetto tradizionale di parcheggio in un\u2019esperienza intermodale, sostenibile e orientata al benessere degli utenti.\" \/>\n<meta name=\"robots\" content=\"index, follow, max-snippet:-1, max-image-preview:large, max-video-preview:-1\" \/>\n<link rel=\"canonical\" href=\"https:\/\/www.article-marketing.eu\/comunicatistampa\/umberto-lebruto-e-il-lancio-di-fs-park-un-nuovo-capitolo-nella-mobilita-urbana\/\" \/>\n<meta property=\"og:locale\" content=\"it_IT\" \/>\n<meta property=\"og:type\" content=\"article\" \/>\n<meta property=\"og:title\" content=\"Umberto Lebruto e il lancio di FS PARK: un nuovo capitolo nella mobilit\u00e0 urbana\" \/>\n<meta property=\"og:description\" content=\"Umberto Lebruto: con FS PARK, l\u2019obiettivo \u00e8 trasformare il concetto tradizionale di parcheggio in un\u2019esperienza intermodale, sostenibile e orientata al benessere degli utenti.\" \/>\n<meta property=\"og:url\" content=\"https:\/\/www.article-marketing.eu\/comunicatistampa\/umberto-lebruto-e-il-lancio-di-fs-park-un-nuovo-capitolo-nella-mobilita-urbana\/\" \/>\n<meta property=\"og:site_name\" content=\"Article Marketing\" \/>\n<meta property=\"article:published_time\" content=\"2024-04-16T13:46:39+00:00\" \/>\n<meta property=\"og:image\" content=\"https:\/\/ladiscussione.com\/wp-content\/uploads\/2024\/03\/EGJW.jpg\" \/>\n<meta name=\"author\" content=\"articolinews\" \/>\n<meta name=\"twitter:card\" content=\"summary_large_image\" \/>\n<meta name=\"twitter:label1\" content=\"Scritto da\" \/>\n\t<meta name=\"twitter:data1\" content=\"articolinews\" \/>\n\t<meta name=\"twitter:label2\" content=\"Tempo di lettura stimato\" \/>\n\t<meta name=\"twitter:data2\" content=\"3 minuti\" \/>\n<script type=\"application\/ld+json\" class=\"yoast-schema-graph\">{\"@context\":\"https:\\\/\\\/schema.org\",\"@graph\":[{\"@type\":\"Article\",\"@id\":\"https:\\\/\\\/www.article-marketing.eu\\\/comunicatistampa\\\/umberto-lebruto-e-il-lancio-di-fs-park-un-nuovo-capitolo-nella-mobilita-urbana\\\/#article\",\"isPartOf\":{\"@id\":\"https:\\\/\\\/www.article-marketing.eu\\\/comunicatistampa\\\/umberto-lebruto-e-il-lancio-di-fs-park-un-nuovo-capitolo-nella-mobilita-urbana\\\/\"},\"author\":{\"name\":\"articolinews\",\"@id\":\"https:\\\/\\\/www.article-marketing.eu\\\/comunicatistampa\\\/#\\\/schema\\\/person\\\/2fcaf8f8f3a9eef9eb7f27532d3ca458\"},\"headline\":\"Umberto Lebruto e il lancio di FS PARK: un nuovo capitolo nella mobilit\u00e0 urbana\",\"datePublished\":\"2024-04-16T13:46:39+00:00\",\"mainEntityOfPage\":{\"@id\":\"https:\\\/\\\/www.article-marketing.eu\\\/comunicatistampa\\\/umberto-lebruto-e-il-lancio-di-fs-park-un-nuovo-capitolo-nella-mobilita-urbana\\\/\"},\"wordCount\":424,\"commentCount\":0,\"image\":{\"@id\":\"https:\\\/\\\/www.article-marketing.eu\\\/comunicatistampa\\\/umberto-lebruto-e-il-lancio-di-fs-park-un-nuovo-capitolo-nella-mobilita-urbana\\\/#primaryimage\"},\"thumbnailUrl\":\"https:\\\/\\\/ladiscussione.com\\\/wp-content\\\/uploads\\\/2024\\\/03\\\/EGJW.jpg\",\"keywords\":[\"Umberto Lebruto\"],\"articleSection\":[\"Servizi\"],\"inLanguage\":\"it-IT\",\"potentialAction\":[{\"@type\":\"CommentAction\",\"name\":\"Comment\",\"target\":[\"https:\\\/\\\/www.article-marketing.eu\\\/comunicatistampa\\\/umberto-lebruto-e-il-lancio-di-fs-park-un-nuovo-capitolo-nella-mobilita-urbana\\\/#respond\"]}]},{\"@type\":\"WebPage\",\"@id\":\"https:\\\/\\\/www.article-marketing.eu\\\/comunicatistampa\\\/umberto-lebruto-e-il-lancio-di-fs-park-un-nuovo-capitolo-nella-mobilita-urbana\\\/\",\"url\":\"https:\\\/\\\/www.article-marketing.eu\\\/comunicatistampa\\\/umberto-lebruto-e-il-lancio-di-fs-park-un-nuovo-capitolo-nella-mobilita-urbana\\\/\",\"name\":\"Umberto Lebruto e il lancio di FS PARK: un nuovo capitolo nella mobilit\u00e0 urbana\",\"isPartOf\":{\"@id\":\"https:\\\/\\\/www.article-marketing.eu\\\/comunicatistampa\\\/#website\"},\"primaryImageOfPage\":{\"@id\":\"https:\\\/\\\/www.article-marketing.eu\\\/comunicatistampa\\\/umberto-lebruto-e-il-lancio-di-fs-park-un-nuovo-capitolo-nella-mobilita-urbana\\\/#primaryimage\"},\"image\":{\"@id\":\"https:\\\/\\\/www.article-marketing.eu\\\/comunicatistampa\\\/umberto-lebruto-e-il-lancio-di-fs-park-un-nuovo-capitolo-nella-mobilita-urbana\\\/#primaryimage\"},\"thumbnailUrl\":\"https:\\\/\\\/ladiscussione.com\\\/wp-content\\\/uploads\\\/2024\\\/03\\\/EGJW.jpg\",\"datePublished\":\"2024-04-16T13:46:39+00:00\",\"author\":{\"@id\":\"https:\\\/\\\/www.article-marketing.eu\\\/comunicatistampa\\\/#\\\/schema\\\/person\\\/2fcaf8f8f3a9eef9eb7f27532d3ca458\"},\"description\":\"Umberto Lebruto: con FS PARK, l\u2019obiettivo \u00e8 trasformare il concetto tradizionale di parcheggio in un\u2019esperienza intermodale, sostenibile e orientata al benessere degli utenti.\",\"breadcrumb\":{\"@id\":\"https:\\\/\\\/www.article-marketing.eu\\\/comunicatistampa\\\/umberto-lebruto-e-il-lancio-di-fs-park-un-nuovo-capitolo-nella-mobilita-urbana\\\/#breadcrumb\"},\"inLanguage\":\"it-IT\",\"potentialAction\":[{\"@type\":\"ReadAction\",\"target\":[\"https:\\\/\\\/www.article-marketing.eu\\\/comunicatistampa\\\/umberto-lebruto-e-il-lancio-di-fs-park-un-nuovo-capitolo-nella-mobilita-urbana\\\/\"]}]},{\"@type\":\"ImageObject\",\"inLanguage\":\"it-IT\",\"@id\":\"https:\\\/\\\/www.article-marketing.eu\\\/comunicatistampa\\\/umberto-lebruto-e-il-lancio-di-fs-park-un-nuovo-capitolo-nella-mobilita-urbana\\\/#primaryimage\",\"url\":\"https:\\\/\\\/ladiscussione.com\\\/wp-content\\\/uploads\\\/2024\\\/03\\\/EGJW.jpg\",\"contentUrl\":\"https:\\\/\\\/ladiscussione.com\\\/wp-content\\\/uploads\\\/2024\\\/03\\\/EGJW.jpg\"},{\"@type\":\"BreadcrumbList\",\"@id\":\"https:\\\/\\\/www.article-marketing.eu\\\/comunicatistampa\\\/umberto-lebruto-e-il-lancio-di-fs-park-un-nuovo-capitolo-nella-mobilita-urbana\\\/#breadcrumb\",\"itemListElement\":[{\"@type\":\"ListItem\",\"position\":1,\"name\":\"Home\",\"item\":\"https:\\\/\\\/www.article-marketing.eu\\\/comunicatistampa\\\/\"},{\"@type\":\"ListItem\",\"position\":2,\"name\":\"Umberto Lebruto e il lancio di FS PARK: un nuovo capitolo nella mobilit\u00e0 urbana\"}]},{\"@type\":\"WebSite\",\"@id\":\"https:\\\/\\\/www.article-marketing.eu\\\/comunicatistampa\\\/#website\",\"url\":\"https:\\\/\\\/www.article-marketing.eu\\\/comunicatistampa\\\/\",\"name\":\"Article Marketing\",\"description\":\"article marketing &amp; press release\",\"potentialAction\":[{\"@type\":\"SearchAction\",\"target\":{\"@type\":\"EntryPoint\",\"urlTemplate\":\"https:\\\/\\\/www.article-marketing.eu\\\/comunicatistampa\\\/?s={search_term_string}\"},\"query-input\":{\"@type\":\"PropertyValueSpecification\",\"valueRequired\":true,\"valueName\":\"search_term_string\"}}],\"inLanguage\":\"it-IT\"},{\"@type\":\"Person\",\"@id\":\"https:\\\/\\\/www.article-marketing.eu\\\/comunicatistampa\\\/#\\\/schema\\\/person\\\/2fcaf8f8f3a9eef9eb7f27532d3ca458\",\"name\":\"articolinews\",\"image\":{\"@type\":\"ImageObject\",\"inLanguage\":\"it-IT\",\"@id\":\"https:\\\/\\\/secure.gravatar.com\\\/avatar\\\/9e2a264bab04e17dea24d937c9956304649a848cb73c46747a692ff1bdeb1cb7?s=96&d=mm&r=g\",\"url\":\"https:\\\/\\\/secure.gravatar.com\\\/avatar\\\/9e2a264bab04e17dea24d937c9956304649a848cb73c46747a692ff1bdeb1cb7?s=96&d=mm&r=g\",\"contentUrl\":\"https:\\\/\\\/secure.gravatar.com\\\/avatar\\\/9e2a264bab04e17dea24d937c9956304649a848cb73c46747a692ff1bdeb1cb7?s=96&d=mm&r=g\",\"caption\":\"articolinews\"},\"url\":\"https:\\\/\\\/www.article-marketing.eu\\\/comunicatistampa\\\/author\\\/articolinews\\\/\"}]}<\/script>\n<!-- \/ Yoast SEO plugin. -->","yoast_head_json":{"title":"Umberto Lebruto e il lancio di FS PARK: un nuovo capitolo nella mobilit\u00e0 urbana","description":"Umberto Lebruto: con FS PARK, l\u2019obiettivo \u00e8 trasformare il concetto tradizionale di parcheggio in un\u2019esperienza intermodale, sostenibile e orientata al benessere degli utenti.","robots":{"index":"index","follow":"follow","max-snippet":"max-snippet:-1","max-image-preview":"max-image-preview:large","max-video-preview":"max-video-preview:-1"},"canonical":"https:\/\/www.article-marketing.eu\/comunicatistampa\/umberto-lebruto-e-il-lancio-di-fs-park-un-nuovo-capitolo-nella-mobilita-urbana\/","og_locale":"it_IT","og_type":"article","og_title":"Umberto Lebruto e il lancio di FS PARK: un nuovo capitolo nella mobilit\u00e0 urbana","og_description":"Umberto Lebruto: con FS PARK, l\u2019obiettivo \u00e8 trasformare il concetto tradizionale di parcheggio in un\u2019esperienza intermodale, sostenibile e orientata al benessere degli utenti.","og_url":"https:\/\/www.article-marketing.eu\/comunicatistampa\/umberto-lebruto-e-il-lancio-di-fs-park-un-nuovo-capitolo-nella-mobilita-urbana\/","og_site_name":"Article Marketing","article_published_time":"2024-04-16T13:46:39+00:00","og_image":[{"url":"https:\/\/ladiscussione.com\/wp-content\/uploads\/2024\/03\/EGJW.jpg","type":"","width":"","height":""}],"author":"articolinews","twitter_card":"summary_large_image","twitter_misc":{"Scritto da":"articolinews","Tempo di lettura stimato":"3 minuti"},"schema":{"@context":"https:\/\/schema.org","@graph":[{"@type":"Article","@id":"https:\/\/www.article-marketing.eu\/comunicatistampa\/umberto-lebruto-e-il-lancio-di-fs-park-un-nuovo-capitolo-nella-mobilita-urbana\/#article","isPartOf":{"@id":"https:\/\/www.article-marketing.eu\/comunicatistampa\/umberto-lebruto-e-il-lancio-di-fs-park-un-nuovo-capitolo-nella-mobilita-urbana\/"},"author":{"name":"articolinews","@id":"https:\/\/www.article-marketing.eu\/comunicatistampa\/#\/schema\/person\/2fcaf8f8f3a9eef9eb7f27532d3ca458"},"headline":"Umberto Lebruto e il lancio di FS PARK: un nuovo capitolo nella mobilit\u00e0 urbana","datePublished":"2024-04-16T13:46:39+00:00","mainEntityOfPage":{"@id":"https:\/\/www.article-marketing.eu\/comunicatistampa\/umberto-lebruto-e-il-lancio-di-fs-park-un-nuovo-capitolo-nella-mobilita-urbana\/"},"wordCount":424,"commentCount":0,"image":{"@id":"https:\/\/www.article-marketing.eu\/comunicatistampa\/umberto-lebruto-e-il-lancio-di-fs-park-un-nuovo-capitolo-nella-mobilita-urbana\/#primaryimage"},"thumbnailUrl":"https:\/\/ladiscussione.com\/wp-content\/uploads\/2024\/03\/EGJW.jpg","keywords":["Umberto Lebruto"],"articleSection":["Servizi"],"inLanguage":"it-IT","potentialAction":[{"@type":"CommentAction","name":"Comment","target":["https:\/\/www.article-marketing.eu\/comunicatistampa\/umberto-lebruto-e-il-lancio-di-fs-park-un-nuovo-capitolo-nella-mobilita-urbana\/#respond"]}]},{"@type":"WebPage","@id":"https:\/\/www.article-marketing.eu\/comunicatistampa\/umberto-lebruto-e-il-lancio-di-fs-park-un-nuovo-capitolo-nella-mobilita-urbana\/","url":"https:\/\/www.article-marketing.eu\/comunicatistampa\/umberto-lebruto-e-il-lancio-di-fs-park-un-nuovo-capitolo-nella-mobilita-urbana\/","name":"Umberto Lebruto e il lancio di FS PARK: un nuovo capitolo nella mobilit\u00e0 urbana","isPartOf":{"@id":"https:\/\/www.article-marketing.eu\/comunicatistampa\/#website"},"primaryImageOfPage":{"@id":"https:\/\/www.article-marketing.eu\/comunicatistampa\/umberto-lebruto-e-il-lancio-di-fs-park-un-nuovo-capitolo-nella-mobilita-urbana\/#primaryimage"},"image":{"@id":"https:\/\/www.article-marketing.eu\/comunicatistampa\/umberto-lebruto-e-il-lancio-di-fs-park-un-nuovo-capitolo-nella-mobilita-urbana\/#primaryimage"},"thumbnailUrl":"https:\/\/ladiscussione.com\/wp-content\/uploads\/2024\/03\/EGJW.jpg","datePublished":"2024-04-16T13:46:39+00:00","author":{"@id":"https:\/\/www.article-marketing.eu\/comunicatistampa\/#\/schema\/person\/2fcaf8f8f3a9eef9eb7f27532d3ca458"},"description":"Umberto Lebruto: con FS PARK, l\u2019obiettivo \u00e8 trasformare il concetto tradizionale di parcheggio in un\u2019esperienza intermodale, sostenibile e orientata al benessere degli utenti.","breadcrumb":{"@id":"https:\/\/www.article-marketing.eu\/comunicatistampa\/umberto-lebruto-e-il-lancio-di-fs-park-un-nuovo-capitolo-nella-mobilita-urbana\/#breadcrumb"},"inLanguage":"it-IT","potentialAction":[{"@type":"ReadAction","target":["https:\/\/www.article-marketing.eu\/comunicatistampa\/umberto-lebruto-e-il-lancio-di-fs-park-un-nuovo-capitolo-nella-mobilita-urbana\/"]}]},{"@type":"ImageObject","inLanguage":"it-IT","@id":"https:\/\/www.article-marketing.eu\/comunicatistampa\/umberto-lebruto-e-il-lancio-di-fs-park-un-nuovo-capitolo-nella-mobilita-urbana\/#primaryimage","url":"https:\/\/ladiscussione.com\/wp-content\/uploads\/2024\/03\/EGJW.jpg","contentUrl":"https:\/\/ladiscussione.com\/wp-content\/uploads\/2024\/03\/EGJW.jpg"},{"@type":"BreadcrumbList","@id":"https:\/\/www.article-marketing.eu\/comunicatistampa\/umberto-lebruto-e-il-lancio-di-fs-park-un-nuovo-capitolo-nella-mobilita-urbana\/#breadcrumb","itemListElement":[{"@type":"ListItem","position":1,"name":"Home","item":"https:\/\/www.article-marketing.eu\/comunicatistampa\/"},{"@type":"ListItem","position":2,"name":"Umberto Lebruto e il lancio di FS PARK: un nuovo capitolo nella mobilit\u00e0 urbana"}]},{"@type":"WebSite","@id":"https:\/\/www.article-marketing.eu\/comunicatistampa\/#website","url":"https:\/\/www.article-marketing.eu\/comunicatistampa\/","name":"Article Marketing","description":"article marketing &amp; press release","potentialAction":[{"@type":"SearchAction","target":{"@type":"EntryPoint","urlTemplate":"https:\/\/www.article-marketing.eu\/comunicatistampa\/?s={search_term_string}"},"query-input":{"@type":"PropertyValueSpecification","valueRequired":true,"valueName":"search_term_string"}}],"inLanguage":"it-IT"},{"@type":"Person","@id":"https:\/\/www.article-marketing.eu\/comunicatistampa\/#\/schema\/person\/2fcaf8f8f3a9eef9eb7f27532d3ca458","name":"articolinews","image":{"@type":"ImageObject","inLanguage":"it-IT","@id":"https:\/\/secure.gravatar.com\/avatar\/9e2a264bab04e17dea24d937c9956304649a848cb73c46747a692ff1bdeb1cb7?s=96&d=mm&r=g","url":"https:\/\/secure.gravatar.com\/avatar\/9e2a264bab04e17dea24d937c9956304649a848cb73c46747a692ff1bdeb1cb7?s=96&d=mm&r=g","contentUrl":"https:\/\/secure.gravatar.com\/avatar\/9e2a264bab04e17dea24d937c9956304649a848cb73c46747a692ff1bdeb1cb7?s=96&d=mm&r=g","caption":"articolinews"},"url":"https:\/\/www.article-marketing.eu\/comunicatistampa\/author\/articolinews\/"}]}},"_links":{"self":[{"href":"https:\/\/www.article-marketing.eu\/comunicatistampa\/wp-json\/wp\/v2\/posts\/30648","targetHints":{"allow":["GET"]}}],"collection":[{"href":"https:\/\/www.article-marketing.eu\/comunicatistampa\/wp-json\/wp\/v2\/posts"}],"about":[{"href":"https:\/\/www.article-marketing.eu\/comunicatistampa\/wp-json\/wp\/v2\/types\/post"}],"author":[{"embeddable":true,"href":"https:\/\/www.article-marketing.eu\/comunicatistampa\/wp-json\/wp\/v2\/users\/6477"}],"replies":[{"embeddable":true,"href":"https:\/\/www.article-marketing.eu\/comunicatistampa\/wp-json\/wp\/v2\/comments?post=30648"}],"version-history":[{"count":3,"href":"https:\/\/www.article-marketing.eu\/comunicatistampa\/wp-json\/wp\/v2\/posts\/30648\/revisions"}],"predecessor-version":[{"id":30697,"href":"https:\/\/www.article-marketing.eu\/comunicatistampa\/wp-json\/wp\/v2\/posts\/30648\/revisions\/30697"}],"wp:attachment":[{"href":"https:\/\/www.article-marketing.eu\/comunicatistampa\/wp-json\/wp\/v2\/media?parent=30648"}],"wp:term":[{"taxonomy":"category","embeddable":true,"href":"https:\/\/www.article-marketing.eu\/comunicatistampa\/wp-json\/wp\/v2\/categories?post=30648"},{"taxonomy":"post_tag","embeddable":true,"href":"https:\/\/www.article-marketing.eu\/comunicatistampa\/wp-json\/wp\/v2\/tags?post=30648"}],"curies":[{"name":"wp","href":"https:\/\/api.w.org\/{rel}","templated":true}]}}