{"id":30749,"date":"2024-04-19T17:25:55","date_gmt":"2024-04-19T15:25:55","guid":{"rendered":"https:\/\/www.article-marketing.eu\/comunicatistampa\/?p=30749"},"modified":"2024-04-19T17:25:55","modified_gmt":"2024-04-19T15:25:55","slug":"riflessioni-sullimprenditoria-lintervento-di-gianni-lettieri-al-festival-del-business","status":"publish","type":"post","link":"https:\/\/www.article-marketing.eu\/comunicatistampa\/riflessioni-sullimprenditoria-lintervento-di-gianni-lettieri-al-festival-del-business\/","title":{"rendered":"Riflessioni sull\u2019imprenditoria: l\u2019intervento di Gianni Lettieri al Festival del Business"},"content":{"rendered":"<p><em><strong>Lo scorso 22 marzo, la Mostra d\u2019Oltremare ha fatto da cornice a un evento di rilievo: la prima edizione del Festival del Business. Organizzato da BNI Napoli, il convegno ha riunito imprenditori e professionisti del Sud Italia, tra questi anche <a title=\"Festival del Business: Gianni Lettieri tra i partecipanti\" href=\"https:\/\/www.atitech.it\/it\/gianni-lettieri-partecipa-al-festival-del-business\/\">Gianni Lettieri<\/a>, per celebrare il potere delle connessioni nel mondo degli affari.<\/strong><\/em><\/p>\n<p><a title=\"Atitech, Gianni Lettieri partecipa al Festival del Business\" href=\"https:\/\/www.atitech.it\/it\/gianni-lettieri-partecipa-al-festival-del-business\/\"><img loading=\"lazy\" decoding=\"async\" src=\"https:\/\/www.giannilettieri.it\/wp-content\/uploads\/2020\/08\/gianni-lettieri-7.jpg\" alt=\"Gianni Lettieri\" width=\"200\" height=\"300\" \/><\/a><\/p>\n<h2>Gianni Lettieri: la ricerca della felicit\u00e0 nell\u2019ambito lavorativo<\/h2>\n<p>Al centro del dibattito c\u2019\u00e8 stato un tema interessante affrontato dal Presidente di Atitech: la ricerca della felicit\u00e0 nell\u2019ambito lavorativo. <a title=\"Il Presidente di Atitech Gianni Lettieri tra i partecipanti del Festival del Business\" href=\"https:\/\/www.atitech.it\/it\/gianni-lettieri-partecipa-al-festival-del-business\/\"><strong>Gianni Lettieri<\/strong><\/a>, figura di spicco nel panorama imprenditoriale, ha condiviso la sua visione su come promuovere un ambiente lavorativo positivo e soddisfacente per i dipendenti. L\u2019idea che la felicit\u00e0 sia un elemento fondamentale per il successo aziendale ha permeato le discussioni e ha offerto spunti interessanti per esplorare nuovi approcci alla gestione delle risorse umane. Atitech, ha ricordato <strong>Gianni Lettieri<\/strong>, \u00e8 stata classificata al vertice del settore dei trasporti e dei servizi aeroportuali in un\u2019indagine sui migliori datori di lavoro condotta nel 2021 dall\u2019Istituto Tedesco Qualit\u00e0 e Finanza in collaborazione con \u201cRepubblica\u201d. Il Festival, suddiviso in due momenti distinti, ha offerto da un lato i Business Talk, che hanno fornito una piattaforma per imprenditori di rilievo internazionale per condividere le proprie esperienze e conoscenze. Dall\u2019altro, i tavoli di lavoro durante i quali professionisti e imprenditori hanno avuto modo di presentare pubblicamente la propria attivit\u00e0.<\/p>\n<h2>Gianni Lettieri al Festival del Business: riflessioni sull\u2019imprenditoria<\/h2>\n<p>L\u2019intervento di Francesco Cacciapuoti, Executive Director di BNI Napoli, ha dato il via a un\u2019esperienza coinvolgente, seguita dai saluti del Sindaco di Napoli Gaetano Manfredi. L\u2019incontro con imprenditori di successo come <strong>Gianni Lettieri<\/strong> ha arricchito il dibattito, offrendo spunti preziosi su come costruire relazioni solide e durature nel mondo degli affari. Il Festival del Business non \u00e8 stato solo un evento di networking, ma anche un\u2019occasione per riflettere sui valori fondamentali che guidano l\u2019imprenditoria. La volont\u00e0 di creare un ambiente lavorativo basato sulla fiducia, sulla collaborazione e sul benessere dei dipendenti \u00e8 emersa come un elemento cruciale per il successo a lungo termine delle aziende. L\u2019evento si \u00e8 rivelato un momento importante di ispirazione e connessione per tutti coloro che partecipano al vibrante tessuto imprenditoriale del Sud Italia. Guardando al futuro, \u00e8 chiaro che investire nelle relazioni umane e nel benessere dei dipendenti continuer\u00e0 a essere una priorit\u00e0 per le aziende che aspirano a eccellere nel loro settore.<\/p>\n","protected":false},"excerpt":{"rendered":"<p>Gianni Lettieri, tra i protagonisti del Festival del Business, ha condiviso la sua visione su come promuovere un ambiente lavorativo positivo e soddisfacente per i dipendenti.<\/p>\n","protected":false},"author":7190,"featured_media":0,"comment_status":"open","ping_status":"open","sticky":false,"template":"","format":"standard","meta":{"_monsterinsights_skip_tracking":false,"_monsterinsights_sitenote_active":false,"_monsterinsights_sitenote_note":"","_monsterinsights_sitenote_category":0,"footnotes":""},"categories":[392],"tags":[9494],"class_list":["post-30749","post","type-post","status-publish","format-standard","hentry","category-eventi","tag-gianni-lettieri"],"yoast_head":"<!-- This site is optimized with the Yoast SEO plugin v27.3 - https:\/\/yoast.com\/product\/yoast-seo-wordpress\/ -->\n<title>Riflessioni sull\u2019imprenditoria: l\u2019intervento di Gianni Lettieri al Festival del Business<\/title>\n<meta name=\"description\" content=\"Gianni Lettieri, tra i protagonisti del Festival del Business, ha condiviso la sua visione su come promuovere un ambiente lavorativo positivo e soddisfacente per i dipendenti.\" \/>\n<meta name=\"robots\" content=\"index, follow, max-snippet:-1, max-image-preview:large, max-video-preview:-1\" \/>\n<link rel=\"canonical\" href=\"https:\/\/www.article-marketing.eu\/comunicatistampa\/riflessioni-sullimprenditoria-lintervento-di-gianni-lettieri-al-festival-del-business\/\" \/>\n<meta property=\"og:locale\" content=\"it_IT\" \/>\n<meta property=\"og:type\" content=\"article\" \/>\n<meta property=\"og:title\" content=\"Riflessioni sull\u2019imprenditoria: l\u2019intervento di Gianni Lettieri al Festival del Business\" \/>\n<meta property=\"og:description\" content=\"Gianni Lettieri, tra i protagonisti del Festival del Business, ha condiviso la sua visione su come promuovere un ambiente lavorativo positivo e soddisfacente per i dipendenti.\" \/>\n<meta property=\"og:url\" content=\"https:\/\/www.article-marketing.eu\/comunicatistampa\/riflessioni-sullimprenditoria-lintervento-di-gianni-lettieri-al-festival-del-business\/\" \/>\n<meta property=\"og:site_name\" content=\"Article Marketing\" \/>\n<meta property=\"article:published_time\" content=\"2024-04-19T15:25:55+00:00\" \/>\n<meta property=\"og:image\" content=\"https:\/\/www.giannilettieri.it\/wp-content\/uploads\/2020\/08\/gianni-lettieri-7.jpg\" \/>\n<meta name=\"author\" content=\"glofficeprnews\" \/>\n<meta name=\"twitter:card\" content=\"summary_large_image\" \/>\n<meta name=\"twitter:label1\" content=\"Scritto da\" \/>\n\t<meta name=\"twitter:data1\" content=\"glofficeprnews\" \/>\n\t<meta name=\"twitter:label2\" content=\"Tempo di lettura stimato\" \/>\n\t<meta name=\"twitter:data2\" content=\"3 minuti\" \/>\n<script type=\"application\/ld+json\" class=\"yoast-schema-graph\">{\"@context\":\"https:\\\/\\\/schema.org\",\"@graph\":[{\"@type\":\"Article\",\"@id\":\"https:\\\/\\\/www.article-marketing.eu\\\/comunicatistampa\\\/riflessioni-sullimprenditoria-lintervento-di-gianni-lettieri-al-festival-del-business\\\/#article\",\"isPartOf\":{\"@id\":\"https:\\\/\\\/www.article-marketing.eu\\\/comunicatistampa\\\/riflessioni-sullimprenditoria-lintervento-di-gianni-lettieri-al-festival-del-business\\\/\"},\"author\":{\"name\":\"glofficeprnews\",\"@id\":\"https:\\\/\\\/www.article-marketing.eu\\\/comunicatistampa\\\/#\\\/schema\\\/person\\\/e671b60aab591381d585023cd318a080\"},\"headline\":\"Riflessioni sull\u2019imprenditoria: l\u2019intervento di Gianni Lettieri al Festival del Business\",\"datePublished\":\"2024-04-19T15:25:55+00:00\",\"mainEntityOfPage\":{\"@id\":\"https:\\\/\\\/www.article-marketing.eu\\\/comunicatistampa\\\/riflessioni-sullimprenditoria-lintervento-di-gianni-lettieri-al-festival-del-business\\\/\"},\"wordCount\":409,\"commentCount\":0,\"image\":{\"@id\":\"https:\\\/\\\/www.article-marketing.eu\\\/comunicatistampa\\\/riflessioni-sullimprenditoria-lintervento-di-gianni-lettieri-al-festival-del-business\\\/#primaryimage\"},\"thumbnailUrl\":\"https:\\\/\\\/www.giannilettieri.it\\\/wp-content\\\/uploads\\\/2020\\\/08\\\/gianni-lettieri-7.jpg\",\"keywords\":[\"Gianni Lettieri\"],\"articleSection\":[\"Eventi\"],\"inLanguage\":\"it-IT\",\"potentialAction\":[{\"@type\":\"CommentAction\",\"name\":\"Comment\",\"target\":[\"https:\\\/\\\/www.article-marketing.eu\\\/comunicatistampa\\\/riflessioni-sullimprenditoria-lintervento-di-gianni-lettieri-al-festival-del-business\\\/#respond\"]}]},{\"@type\":\"WebPage\",\"@id\":\"https:\\\/\\\/www.article-marketing.eu\\\/comunicatistampa\\\/riflessioni-sullimprenditoria-lintervento-di-gianni-lettieri-al-festival-del-business\\\/\",\"url\":\"https:\\\/\\\/www.article-marketing.eu\\\/comunicatistampa\\\/riflessioni-sullimprenditoria-lintervento-di-gianni-lettieri-al-festival-del-business\\\/\",\"name\":\"Riflessioni sull\u2019imprenditoria: l\u2019intervento di Gianni Lettieri al Festival del Business\",\"isPartOf\":{\"@id\":\"https:\\\/\\\/www.article-marketing.eu\\\/comunicatistampa\\\/#website\"},\"primaryImageOfPage\":{\"@id\":\"https:\\\/\\\/www.article-marketing.eu\\\/comunicatistampa\\\/riflessioni-sullimprenditoria-lintervento-di-gianni-lettieri-al-festival-del-business\\\/#primaryimage\"},\"image\":{\"@id\":\"https:\\\/\\\/www.article-marketing.eu\\\/comunicatistampa\\\/riflessioni-sullimprenditoria-lintervento-di-gianni-lettieri-al-festival-del-business\\\/#primaryimage\"},\"thumbnailUrl\":\"https:\\\/\\\/www.giannilettieri.it\\\/wp-content\\\/uploads\\\/2020\\\/08\\\/gianni-lettieri-7.jpg\",\"datePublished\":\"2024-04-19T15:25:55+00:00\",\"author\":{\"@id\":\"https:\\\/\\\/www.article-marketing.eu\\\/comunicatistampa\\\/#\\\/schema\\\/person\\\/e671b60aab591381d585023cd318a080\"},\"description\":\"Gianni Lettieri, tra i protagonisti del Festival del Business, ha condiviso la sua visione su come promuovere un ambiente lavorativo positivo e soddisfacente per i dipendenti.\",\"breadcrumb\":{\"@id\":\"https:\\\/\\\/www.article-marketing.eu\\\/comunicatistampa\\\/riflessioni-sullimprenditoria-lintervento-di-gianni-lettieri-al-festival-del-business\\\/#breadcrumb\"},\"inLanguage\":\"it-IT\",\"potentialAction\":[{\"@type\":\"ReadAction\",\"target\":[\"https:\\\/\\\/www.article-marketing.eu\\\/comunicatistampa\\\/riflessioni-sullimprenditoria-lintervento-di-gianni-lettieri-al-festival-del-business\\\/\"]}]},{\"@type\":\"ImageObject\",\"inLanguage\":\"it-IT\",\"@id\":\"https:\\\/\\\/www.article-marketing.eu\\\/comunicatistampa\\\/riflessioni-sullimprenditoria-lintervento-di-gianni-lettieri-al-festival-del-business\\\/#primaryimage\",\"url\":\"https:\\\/\\\/www.giannilettieri.it\\\/wp-content\\\/uploads\\\/2020\\\/08\\\/gianni-lettieri-7.jpg\",\"contentUrl\":\"https:\\\/\\\/www.giannilettieri.it\\\/wp-content\\\/uploads\\\/2020\\\/08\\\/gianni-lettieri-7.jpg\"},{\"@type\":\"BreadcrumbList\",\"@id\":\"https:\\\/\\\/www.article-marketing.eu\\\/comunicatistampa\\\/riflessioni-sullimprenditoria-lintervento-di-gianni-lettieri-al-festival-del-business\\\/#breadcrumb\",\"itemListElement\":[{\"@type\":\"ListItem\",\"position\":1,\"name\":\"Home\",\"item\":\"https:\\\/\\\/www.article-marketing.eu\\\/comunicatistampa\\\/\"},{\"@type\":\"ListItem\",\"position\":2,\"name\":\"Riflessioni sull\u2019imprenditoria: l\u2019intervento di Gianni Lettieri al Festival del Business\"}]},{\"@type\":\"WebSite\",\"@id\":\"https:\\\/\\\/www.article-marketing.eu\\\/comunicatistampa\\\/#website\",\"url\":\"https:\\\/\\\/www.article-marketing.eu\\\/comunicatistampa\\\/\",\"name\":\"Article Marketing\",\"description\":\"article marketing &amp; press release\",\"potentialAction\":[{\"@type\":\"SearchAction\",\"target\":{\"@type\":\"EntryPoint\",\"urlTemplate\":\"https:\\\/\\\/www.article-marketing.eu\\\/comunicatistampa\\\/?s={search_term_string}\"},\"query-input\":{\"@type\":\"PropertyValueSpecification\",\"valueRequired\":true,\"valueName\":\"search_term_string\"}}],\"inLanguage\":\"it-IT\"},{\"@type\":\"Person\",\"@id\":\"https:\\\/\\\/www.article-marketing.eu\\\/comunicatistampa\\\/#\\\/schema\\\/person\\\/e671b60aab591381d585023cd318a080\",\"name\":\"glofficeprnews\",\"image\":{\"@type\":\"ImageObject\",\"inLanguage\":\"it-IT\",\"@id\":\"https:\\\/\\\/secure.gravatar.com\\\/avatar\\\/8c63f677859ecaebf1cc4c53ba163fd5a5836461425fd7fc8231273fff4dfb68?s=96&d=mm&r=g\",\"url\":\"https:\\\/\\\/secure.gravatar.com\\\/avatar\\\/8c63f677859ecaebf1cc4c53ba163fd5a5836461425fd7fc8231273fff4dfb68?s=96&d=mm&r=g\",\"contentUrl\":\"https:\\\/\\\/secure.gravatar.com\\\/avatar\\\/8c63f677859ecaebf1cc4c53ba163fd5a5836461425fd7fc8231273fff4dfb68?s=96&d=mm&r=g\",\"caption\":\"glofficeprnews\"},\"url\":\"https:\\\/\\\/www.article-marketing.eu\\\/comunicatistampa\\\/author\\\/glofficeprnews\\\/\"}]}<\/script>\n<!-- \/ Yoast SEO plugin. -->","yoast_head_json":{"title":"Riflessioni sull\u2019imprenditoria: l\u2019intervento di Gianni Lettieri al Festival del Business","description":"Gianni Lettieri, tra i protagonisti del Festival del Business, ha condiviso la sua visione su come promuovere un ambiente lavorativo positivo e soddisfacente per i dipendenti.","robots":{"index":"index","follow":"follow","max-snippet":"max-snippet:-1","max-image-preview":"max-image-preview:large","max-video-preview":"max-video-preview:-1"},"canonical":"https:\/\/www.article-marketing.eu\/comunicatistampa\/riflessioni-sullimprenditoria-lintervento-di-gianni-lettieri-al-festival-del-business\/","og_locale":"it_IT","og_type":"article","og_title":"Riflessioni sull\u2019imprenditoria: l\u2019intervento di Gianni Lettieri al Festival del Business","og_description":"Gianni Lettieri, tra i protagonisti del Festival del Business, ha condiviso la sua visione su come promuovere un ambiente lavorativo positivo e soddisfacente per i dipendenti.","og_url":"https:\/\/www.article-marketing.eu\/comunicatistampa\/riflessioni-sullimprenditoria-lintervento-di-gianni-lettieri-al-festival-del-business\/","og_site_name":"Article Marketing","article_published_time":"2024-04-19T15:25:55+00:00","og_image":[{"url":"https:\/\/www.giannilettieri.it\/wp-content\/uploads\/2020\/08\/gianni-lettieri-7.jpg","type":"","width":"","height":""}],"author":"glofficeprnews","twitter_card":"summary_large_image","twitter_misc":{"Scritto da":"glofficeprnews","Tempo di lettura stimato":"3 minuti"},"schema":{"@context":"https:\/\/schema.org","@graph":[{"@type":"Article","@id":"https:\/\/www.article-marketing.eu\/comunicatistampa\/riflessioni-sullimprenditoria-lintervento-di-gianni-lettieri-al-festival-del-business\/#article","isPartOf":{"@id":"https:\/\/www.article-marketing.eu\/comunicatistampa\/riflessioni-sullimprenditoria-lintervento-di-gianni-lettieri-al-festival-del-business\/"},"author":{"name":"glofficeprnews","@id":"https:\/\/www.article-marketing.eu\/comunicatistampa\/#\/schema\/person\/e671b60aab591381d585023cd318a080"},"headline":"Riflessioni sull\u2019imprenditoria: l\u2019intervento di Gianni Lettieri al Festival del Business","datePublished":"2024-04-19T15:25:55+00:00","mainEntityOfPage":{"@id":"https:\/\/www.article-marketing.eu\/comunicatistampa\/riflessioni-sullimprenditoria-lintervento-di-gianni-lettieri-al-festival-del-business\/"},"wordCount":409,"commentCount":0,"image":{"@id":"https:\/\/www.article-marketing.eu\/comunicatistampa\/riflessioni-sullimprenditoria-lintervento-di-gianni-lettieri-al-festival-del-business\/#primaryimage"},"thumbnailUrl":"https:\/\/www.giannilettieri.it\/wp-content\/uploads\/2020\/08\/gianni-lettieri-7.jpg","keywords":["Gianni Lettieri"],"articleSection":["Eventi"],"inLanguage":"it-IT","potentialAction":[{"@type":"CommentAction","name":"Comment","target":["https:\/\/www.article-marketing.eu\/comunicatistampa\/riflessioni-sullimprenditoria-lintervento-di-gianni-lettieri-al-festival-del-business\/#respond"]}]},{"@type":"WebPage","@id":"https:\/\/www.article-marketing.eu\/comunicatistampa\/riflessioni-sullimprenditoria-lintervento-di-gianni-lettieri-al-festival-del-business\/","url":"https:\/\/www.article-marketing.eu\/comunicatistampa\/riflessioni-sullimprenditoria-lintervento-di-gianni-lettieri-al-festival-del-business\/","name":"Riflessioni sull\u2019imprenditoria: l\u2019intervento di Gianni Lettieri al Festival del Business","isPartOf":{"@id":"https:\/\/www.article-marketing.eu\/comunicatistampa\/#website"},"primaryImageOfPage":{"@id":"https:\/\/www.article-marketing.eu\/comunicatistampa\/riflessioni-sullimprenditoria-lintervento-di-gianni-lettieri-al-festival-del-business\/#primaryimage"},"image":{"@id":"https:\/\/www.article-marketing.eu\/comunicatistampa\/riflessioni-sullimprenditoria-lintervento-di-gianni-lettieri-al-festival-del-business\/#primaryimage"},"thumbnailUrl":"https:\/\/www.giannilettieri.it\/wp-content\/uploads\/2020\/08\/gianni-lettieri-7.jpg","datePublished":"2024-04-19T15:25:55+00:00","author":{"@id":"https:\/\/www.article-marketing.eu\/comunicatistampa\/#\/schema\/person\/e671b60aab591381d585023cd318a080"},"description":"Gianni Lettieri, tra i protagonisti del Festival del Business, ha condiviso la sua visione su come promuovere un ambiente lavorativo positivo e soddisfacente per i dipendenti.","breadcrumb":{"@id":"https:\/\/www.article-marketing.eu\/comunicatistampa\/riflessioni-sullimprenditoria-lintervento-di-gianni-lettieri-al-festival-del-business\/#breadcrumb"},"inLanguage":"it-IT","potentialAction":[{"@type":"ReadAction","target":["https:\/\/www.article-marketing.eu\/comunicatistampa\/riflessioni-sullimprenditoria-lintervento-di-gianni-lettieri-al-festival-del-business\/"]}]},{"@type":"ImageObject","inLanguage":"it-IT","@id":"https:\/\/www.article-marketing.eu\/comunicatistampa\/riflessioni-sullimprenditoria-lintervento-di-gianni-lettieri-al-festival-del-business\/#primaryimage","url":"https:\/\/www.giannilettieri.it\/wp-content\/uploads\/2020\/08\/gianni-lettieri-7.jpg","contentUrl":"https:\/\/www.giannilettieri.it\/wp-content\/uploads\/2020\/08\/gianni-lettieri-7.jpg"},{"@type":"BreadcrumbList","@id":"https:\/\/www.article-marketing.eu\/comunicatistampa\/riflessioni-sullimprenditoria-lintervento-di-gianni-lettieri-al-festival-del-business\/#breadcrumb","itemListElement":[{"@type":"ListItem","position":1,"name":"Home","item":"https:\/\/www.article-marketing.eu\/comunicatistampa\/"},{"@type":"ListItem","position":2,"name":"Riflessioni sull\u2019imprenditoria: l\u2019intervento di Gianni Lettieri al Festival del Business"}]},{"@type":"WebSite","@id":"https:\/\/www.article-marketing.eu\/comunicatistampa\/#website","url":"https:\/\/www.article-marketing.eu\/comunicatistampa\/","name":"Article Marketing","description":"article marketing &amp; press release","potentialAction":[{"@type":"SearchAction","target":{"@type":"EntryPoint","urlTemplate":"https:\/\/www.article-marketing.eu\/comunicatistampa\/?s={search_term_string}"},"query-input":{"@type":"PropertyValueSpecification","valueRequired":true,"valueName":"search_term_string"}}],"inLanguage":"it-IT"},{"@type":"Person","@id":"https:\/\/www.article-marketing.eu\/comunicatistampa\/#\/schema\/person\/e671b60aab591381d585023cd318a080","name":"glofficeprnews","image":{"@type":"ImageObject","inLanguage":"it-IT","@id":"https:\/\/secure.gravatar.com\/avatar\/8c63f677859ecaebf1cc4c53ba163fd5a5836461425fd7fc8231273fff4dfb68?s=96&d=mm&r=g","url":"https:\/\/secure.gravatar.com\/avatar\/8c63f677859ecaebf1cc4c53ba163fd5a5836461425fd7fc8231273fff4dfb68?s=96&d=mm&r=g","contentUrl":"https:\/\/secure.gravatar.com\/avatar\/8c63f677859ecaebf1cc4c53ba163fd5a5836461425fd7fc8231273fff4dfb68?s=96&d=mm&r=g","caption":"glofficeprnews"},"url":"https:\/\/www.article-marketing.eu\/comunicatistampa\/author\/glofficeprnews\/"}]}},"_links":{"self":[{"href":"https:\/\/www.article-marketing.eu\/comunicatistampa\/wp-json\/wp\/v2\/posts\/30749","targetHints":{"allow":["GET"]}}],"collection":[{"href":"https:\/\/www.article-marketing.eu\/comunicatistampa\/wp-json\/wp\/v2\/posts"}],"about":[{"href":"https:\/\/www.article-marketing.eu\/comunicatistampa\/wp-json\/wp\/v2\/types\/post"}],"author":[{"embeddable":true,"href":"https:\/\/www.article-marketing.eu\/comunicatistampa\/wp-json\/wp\/v2\/users\/7190"}],"replies":[{"embeddable":true,"href":"https:\/\/www.article-marketing.eu\/comunicatistampa\/wp-json\/wp\/v2\/comments?post=30749"}],"version-history":[{"count":3,"href":"https:\/\/www.article-marketing.eu\/comunicatistampa\/wp-json\/wp\/v2\/posts\/30749\/revisions"}],"predecessor-version":[{"id":30752,"href":"https:\/\/www.article-marketing.eu\/comunicatistampa\/wp-json\/wp\/v2\/posts\/30749\/revisions\/30752"}],"wp:attachment":[{"href":"https:\/\/www.article-marketing.eu\/comunicatistampa\/wp-json\/wp\/v2\/media?parent=30749"}],"wp:term":[{"taxonomy":"category","embeddable":true,"href":"https:\/\/www.article-marketing.eu\/comunicatistampa\/wp-json\/wp\/v2\/categories?post=30749"},{"taxonomy":"post_tag","embeddable":true,"href":"https:\/\/www.article-marketing.eu\/comunicatistampa\/wp-json\/wp\/v2\/tags?post=30749"}],"curies":[{"name":"wp","href":"https:\/\/api.w.org\/{rel}","templated":true}]}}