{"id":30768,"date":"2024-05-28T13:16:29","date_gmt":"2024-05-28T11:16:29","guid":{"rendered":"https:\/\/www.article-marketing.eu\/comunicatistampa\/?p=30768"},"modified":"2024-05-28T13:16:29","modified_gmt":"2024-05-28T11:16:29","slug":"deficit-di-offerta-ecco-perche-il-rame-continuera-il-suo-rally","status":"publish","type":"post","link":"https:\/\/www.article-marketing.eu\/comunicatistampa\/deficit-di-offerta-ecco-perche-il-rame-continuera-il-suo-rally\/","title":{"rendered":"Deficit di offerta, ecco perch\u00e9 il rame continuer\u00e0 il suo rally"},"content":{"rendered":"<p>I tagli avvenuti nell&#8217;ambito dell\u2019attivit\u00e0 mineraria, la ripresa del settore manifatturiero cinese, i grandi investimenti che l&#8217;India sta facendo nelle infrastrutture ed anche\u00a0il boom dell\u2019intelligenza artificiale, sono tutti fattori che stanno agitando <strong>il mercato del rame<\/strong>, e che prospettano <strong>un lungo periodo di deficit dell&#8217;offerta<\/strong>. E di conseguenza prezzi in ascesa.<\/p>\n<h2>Cosa sta provocando il deficit di offerta<\/h2>\n<p><img decoding=\"async\" style=\"float: right; height: 162px; margin: 11px; width: 309px;\" src=\"https:\/\/economia-impresa.info\/wp-content\/uploads\/2020\/07\/rame-630x330.jpg\" alt=\"rame\" \/>Nonostante ci siano alcuni segnali che la domanda di metallo rosso sta risalendo, <strong>la prospettiva pi\u00f9 concreta <\/strong>\u00e8 che il mercato ramifero si avvicina sempre di pi\u00f9 a una <strong>situazione di deficit<\/strong>, a causa soprattutto delle <strong>recenti interruzioni dal lato dell\u2019offerta<\/strong>. Questo spinge i prezzi del rame, con <strong>i futures del rame che sono saliti sopra i 4,4 dollari <\/strong>per libbra ad aprile, il livello pi\u00f9 alto in quasi due anni.<\/p>\n<h2>La situazione nelle miniere<\/h2>\n<p><strong>Tutti i paesi produttori di rame stanno incontrando difficolt\u00e0 <\/strong>produttive, e la maggior parte ha adottato dei tagli pi\u00f9 o meno consistenti all&#8217;attivit\u00e0 mineraria. Ad esempio, la <strong>produzione trimestrale di Ivanhoe Mines \u00e8 calata del 6,5%<\/strong> nell\u2019enorme complesso di Kamoa-Kakula, nella Repubblica Democratica del Congo.<br \/>\nQuesto <strong>si ripercuote &#8211; <\/strong>anche se sono numerose le <a href=\"https:\/\/www.universoforex.it\/news\/919\/correlazioni_forex_strategia_delle_coppie_di_valute_correlate.html\" target=\"_blank\" rel=\"noopener\">correlazioni<\/a> con altri settori <strong>&#8211; sull&#8217;attivit\u00e0 delle fonderie<\/strong>, che limitano a loro volta la produzione.<\/p>\n<h2>I dati sulle scorte<\/h2>\n<p>Per quanto riguarda <strong>le scorte globali, si evidenzia una forte riduzione nell&#8217;ultimo periodo<\/strong>. Il livello infatti \u00e8 sceso al 41%, che \u00e8 una misura decisamente <strong>inferiore rispetto alla media stagionale <\/strong>degli ultimi cinque anni. E questo malgrado la Cina abbia incrementato il suo livello di circa un quarto su base mensile. Il calo degli stock di rame <strong>alimenta ulteriormente il pericolo di un deficit di offerta nei prossimi trimestri<\/strong>.<\/p>\n<h2>La domanda invece resta robusta<\/h2>\n<p>A mettere ancora pi\u00f9 pressione su un&#8217;offerta carente, \u00e8 <strong>la crescita significativa della domanda, a causa del massiccio boom della spesa per le infrastrutture in India<\/strong>, fortemente legati al processo di transizione energetica. Il Paese prevede di raggiungere l\u2019azzeramento delle emissioni nette di carbonio entro il 2070 e di aumentare il proprio mix di energie rinnovabili al 50% entro il 2030. Tutto questo richiede <strong>grossi investimenti e, di conseguenza, grandi quantit\u00e0 di rame<\/strong>.<\/p>\n<p>Un altro fattore di <strong>crescita della domanda <\/strong>\u00e8 attivato dalla <strong>richiesta dei data center per l\u2019intelligenza artificiale<\/strong>. Infatti i computer basati su AI utilizzano pi\u00f9 elettricit\u00e0 per metro quadrato, e il rame, per via della sua conduttivit\u00e0 elettrica e il basso costo, \u00e8 materia prima fondamentale per l\u2019espansione delle infrastrutture elettriche.<\/p>\n","protected":false},"excerpt":{"rendered":"<p>I tagli avvenuti nell&#8217;ambito dell\u2019attivit\u00e0 mineraria, la ripresa del settore manifatturiero cinese, i grandi investimenti che l&#8217;India sta facendo nelle infrastrutture ed anche\u00a0il boom dell\u2019intelligenza artificiale, sono tutti fattori che stanno agitando il mercato del rame, e che prospettano un lungo periodo di deficit dell&#8217;offerta. E di conseguenza prezzi in ascesa. Cosa sta provocando il deficit di offerta Nonostante ci siano alcuni segnali che la domanda di metallo rosso sta<\/p>\n<p><a class=\"continue-reading\" href=\"https:\/\/www.article-marketing.eu\/comunicatistampa\/deficit-di-offerta-ecco-perche-il-rame-continuera-il-suo-rally\/\">Continue reading&#8230;<\/a><\/p>\n","protected":false},"author":7116,"featured_media":0,"comment_status":"open","ping_status":"open","sticky":false,"template":"","format":"standard","meta":{"_monsterinsights_skip_tracking":false,"_monsterinsights_sitenote_active":false,"_monsterinsights_sitenote_note":"","_monsterinsights_sitenote_category":0,"footnotes":""},"categories":[386],"tags":[6637,11102,11100,11101],"class_list":["post-30768","post","type-post","status-publish","format-standard","hentry","category-economia-e-lavoro","tag-miniere","tag-correlazioni","tag-deficit","tag-rame"],"yoast_head":"<!-- This site is optimized with the Yoast SEO plugin v27.3 - https:\/\/yoast.com\/product\/yoast-seo-wordpress\/ -->\n<title>Deficit di offerta, ecco perch\u00e9 il rame continuer\u00e0 il suo rally - Article Marketing<\/title>\n<meta name=\"robots\" content=\"index, follow, max-snippet:-1, max-image-preview:large, max-video-preview:-1\" \/>\n<link rel=\"canonical\" href=\"https:\/\/www.article-marketing.eu\/comunicatistampa\/deficit-di-offerta-ecco-perche-il-rame-continuera-il-suo-rally\/\" \/>\n<meta property=\"og:locale\" content=\"it_IT\" \/>\n<meta property=\"og:type\" content=\"article\" \/>\n<meta property=\"og:title\" content=\"Deficit di offerta, ecco perch\u00e9 il rame continuer\u00e0 il suo rally - Article Marketing\" \/>\n<meta property=\"og:description\" content=\"I tagli avvenuti nell&#8217;ambito dell\u2019attivit\u00e0 mineraria, la ripresa del settore manifatturiero cinese, i grandi investimenti che l&#8217;India sta facendo nelle infrastrutture ed anche\u00a0il boom dell\u2019intelligenza artificiale, sono tutti fattori che stanno agitando il mercato del rame, e che prospettano un lungo periodo di deficit dell&#8217;offerta. E di conseguenza prezzi in ascesa. Cosa sta provocando il deficit di offerta Nonostante ci siano alcuni segnali che la domanda di metallo rosso staContinue reading...\" \/>\n<meta property=\"og:url\" content=\"https:\/\/www.article-marketing.eu\/comunicatistampa\/deficit-di-offerta-ecco-perche-il-rame-continuera-il-suo-rally\/\" \/>\n<meta property=\"og:site_name\" content=\"Article Marketing\" \/>\n<meta property=\"article:published_time\" content=\"2024-05-28T11:16:29+00:00\" \/>\n<meta property=\"og:image\" content=\"https:\/\/economia-impresa.info\/wp-content\/uploads\/2020\/07\/rame-630x330.jpg\" \/>\n<meta name=\"author\" content=\"heliricci\" \/>\n<meta name=\"twitter:card\" content=\"summary_large_image\" \/>\n<meta name=\"twitter:label1\" content=\"Scritto da\" \/>\n\t<meta name=\"twitter:data1\" content=\"heliricci\" \/>\n\t<meta name=\"twitter:label2\" content=\"Tempo di lettura stimato\" \/>\n\t<meta name=\"twitter:data2\" content=\"3 minuti\" \/>\n<script type=\"application\/ld+json\" class=\"yoast-schema-graph\">{\"@context\":\"https:\\\/\\\/schema.org\",\"@graph\":[{\"@type\":\"Article\",\"@id\":\"https:\\\/\\\/www.article-marketing.eu\\\/comunicatistampa\\\/deficit-di-offerta-ecco-perche-il-rame-continuera-il-suo-rally\\\/#article\",\"isPartOf\":{\"@id\":\"https:\\\/\\\/www.article-marketing.eu\\\/comunicatistampa\\\/deficit-di-offerta-ecco-perche-il-rame-continuera-il-suo-rally\\\/\"},\"author\":{\"name\":\"heliricci\",\"@id\":\"https:\\\/\\\/www.article-marketing.eu\\\/comunicatistampa\\\/#\\\/schema\\\/person\\\/eb0d46093829ff5c8faf8fc7703db387\"},\"headline\":\"Deficit di offerta, ecco perch\u00e9 il rame continuer\u00e0 il suo rally\",\"datePublished\":\"2024-05-28T11:16:29+00:00\",\"mainEntityOfPage\":{\"@id\":\"https:\\\/\\\/www.article-marketing.eu\\\/comunicatistampa\\\/deficit-di-offerta-ecco-perche-il-rame-continuera-il-suo-rally\\\/\"},\"wordCount\":410,\"commentCount\":0,\"image\":{\"@id\":\"https:\\\/\\\/www.article-marketing.eu\\\/comunicatistampa\\\/deficit-di-offerta-ecco-perche-il-rame-continuera-il-suo-rally\\\/#primaryimage\"},\"thumbnailUrl\":\"https:\\\/\\\/economia-impresa.info\\\/wp-content\\\/uploads\\\/2020\\\/07\\\/rame-630x330.jpg\",\"keywords\":[\"#miniere\",\"correlazioni\",\"deficit\",\"rame\"],\"articleSection\":[\"Economia e lavoro\"],\"inLanguage\":\"it-IT\",\"potentialAction\":[{\"@type\":\"CommentAction\",\"name\":\"Comment\",\"target\":[\"https:\\\/\\\/www.article-marketing.eu\\\/comunicatistampa\\\/deficit-di-offerta-ecco-perche-il-rame-continuera-il-suo-rally\\\/#respond\"]}]},{\"@type\":\"WebPage\",\"@id\":\"https:\\\/\\\/www.article-marketing.eu\\\/comunicatistampa\\\/deficit-di-offerta-ecco-perche-il-rame-continuera-il-suo-rally\\\/\",\"url\":\"https:\\\/\\\/www.article-marketing.eu\\\/comunicatistampa\\\/deficit-di-offerta-ecco-perche-il-rame-continuera-il-suo-rally\\\/\",\"name\":\"Deficit di offerta, ecco perch\u00e9 il rame continuer\u00e0 il suo rally - Article Marketing\",\"isPartOf\":{\"@id\":\"https:\\\/\\\/www.article-marketing.eu\\\/comunicatistampa\\\/#website\"},\"primaryImageOfPage\":{\"@id\":\"https:\\\/\\\/www.article-marketing.eu\\\/comunicatistampa\\\/deficit-di-offerta-ecco-perche-il-rame-continuera-il-suo-rally\\\/#primaryimage\"},\"image\":{\"@id\":\"https:\\\/\\\/www.article-marketing.eu\\\/comunicatistampa\\\/deficit-di-offerta-ecco-perche-il-rame-continuera-il-suo-rally\\\/#primaryimage\"},\"thumbnailUrl\":\"https:\\\/\\\/economia-impresa.info\\\/wp-content\\\/uploads\\\/2020\\\/07\\\/rame-630x330.jpg\",\"datePublished\":\"2024-05-28T11:16:29+00:00\",\"author\":{\"@id\":\"https:\\\/\\\/www.article-marketing.eu\\\/comunicatistampa\\\/#\\\/schema\\\/person\\\/eb0d46093829ff5c8faf8fc7703db387\"},\"breadcrumb\":{\"@id\":\"https:\\\/\\\/www.article-marketing.eu\\\/comunicatistampa\\\/deficit-di-offerta-ecco-perche-il-rame-continuera-il-suo-rally\\\/#breadcrumb\"},\"inLanguage\":\"it-IT\",\"potentialAction\":[{\"@type\":\"ReadAction\",\"target\":[\"https:\\\/\\\/www.article-marketing.eu\\\/comunicatistampa\\\/deficit-di-offerta-ecco-perche-il-rame-continuera-il-suo-rally\\\/\"]}]},{\"@type\":\"ImageObject\",\"inLanguage\":\"it-IT\",\"@id\":\"https:\\\/\\\/www.article-marketing.eu\\\/comunicatistampa\\\/deficit-di-offerta-ecco-perche-il-rame-continuera-il-suo-rally\\\/#primaryimage\",\"url\":\"https:\\\/\\\/economia-impresa.info\\\/wp-content\\\/uploads\\\/2020\\\/07\\\/rame-630x330.jpg\",\"contentUrl\":\"https:\\\/\\\/economia-impresa.info\\\/wp-content\\\/uploads\\\/2020\\\/07\\\/rame-630x330.jpg\"},{\"@type\":\"BreadcrumbList\",\"@id\":\"https:\\\/\\\/www.article-marketing.eu\\\/comunicatistampa\\\/deficit-di-offerta-ecco-perche-il-rame-continuera-il-suo-rally\\\/#breadcrumb\",\"itemListElement\":[{\"@type\":\"ListItem\",\"position\":1,\"name\":\"Home\",\"item\":\"https:\\\/\\\/www.article-marketing.eu\\\/comunicatistampa\\\/\"},{\"@type\":\"ListItem\",\"position\":2,\"name\":\"Deficit di offerta, ecco perch\u00e9 il rame continuer\u00e0 il suo rally\"}]},{\"@type\":\"WebSite\",\"@id\":\"https:\\\/\\\/www.article-marketing.eu\\\/comunicatistampa\\\/#website\",\"url\":\"https:\\\/\\\/www.article-marketing.eu\\\/comunicatistampa\\\/\",\"name\":\"Article Marketing\",\"description\":\"article marketing &amp; press release\",\"potentialAction\":[{\"@type\":\"SearchAction\",\"target\":{\"@type\":\"EntryPoint\",\"urlTemplate\":\"https:\\\/\\\/www.article-marketing.eu\\\/comunicatistampa\\\/?s={search_term_string}\"},\"query-input\":{\"@type\":\"PropertyValueSpecification\",\"valueRequired\":true,\"valueName\":\"search_term_string\"}}],\"inLanguage\":\"it-IT\"},{\"@type\":\"Person\",\"@id\":\"https:\\\/\\\/www.article-marketing.eu\\\/comunicatistampa\\\/#\\\/schema\\\/person\\\/eb0d46093829ff5c8faf8fc7703db387\",\"name\":\"heliricci\",\"image\":{\"@type\":\"ImageObject\",\"inLanguage\":\"it-IT\",\"@id\":\"https:\\\/\\\/secure.gravatar.com\\\/avatar\\\/c6d7bd728cdc2edbc0952c2d33ef684ae63b49979e1912fdf2804320fb36a0d6?s=96&d=mm&r=g\",\"url\":\"https:\\\/\\\/secure.gravatar.com\\\/avatar\\\/c6d7bd728cdc2edbc0952c2d33ef684ae63b49979e1912fdf2804320fb36a0d6?s=96&d=mm&r=g\",\"contentUrl\":\"https:\\\/\\\/secure.gravatar.com\\\/avatar\\\/c6d7bd728cdc2edbc0952c2d33ef684ae63b49979e1912fdf2804320fb36a0d6?s=96&d=mm&r=g\",\"caption\":\"heliricci\"},\"url\":\"https:\\\/\\\/www.article-marketing.eu\\\/comunicatistampa\\\/author\\\/heliricci\\\/\"}]}<\/script>\n<!-- \/ Yoast SEO plugin. -->","yoast_head_json":{"title":"Deficit di offerta, ecco perch\u00e9 il rame continuer\u00e0 il suo rally - Article Marketing","robots":{"index":"index","follow":"follow","max-snippet":"max-snippet:-1","max-image-preview":"max-image-preview:large","max-video-preview":"max-video-preview:-1"},"canonical":"https:\/\/www.article-marketing.eu\/comunicatistampa\/deficit-di-offerta-ecco-perche-il-rame-continuera-il-suo-rally\/","og_locale":"it_IT","og_type":"article","og_title":"Deficit di offerta, ecco perch\u00e9 il rame continuer\u00e0 il suo rally - Article Marketing","og_description":"I tagli avvenuti nell&#8217;ambito dell\u2019attivit\u00e0 mineraria, la ripresa del settore manifatturiero cinese, i grandi investimenti che l&#8217;India sta facendo nelle infrastrutture ed anche\u00a0il boom dell\u2019intelligenza artificiale, sono tutti fattori che stanno agitando il mercato del rame, e che prospettano un lungo periodo di deficit dell&#8217;offerta. E di conseguenza prezzi in ascesa. Cosa sta provocando il deficit di offerta Nonostante ci siano alcuni segnali che la domanda di metallo rosso staContinue reading...","og_url":"https:\/\/www.article-marketing.eu\/comunicatistampa\/deficit-di-offerta-ecco-perche-il-rame-continuera-il-suo-rally\/","og_site_name":"Article Marketing","article_published_time":"2024-05-28T11:16:29+00:00","og_image":[{"url":"https:\/\/economia-impresa.info\/wp-content\/uploads\/2020\/07\/rame-630x330.jpg","type":"","width":"","height":""}],"author":"heliricci","twitter_card":"summary_large_image","twitter_misc":{"Scritto da":"heliricci","Tempo di lettura stimato":"3 minuti"},"schema":{"@context":"https:\/\/schema.org","@graph":[{"@type":"Article","@id":"https:\/\/www.article-marketing.eu\/comunicatistampa\/deficit-di-offerta-ecco-perche-il-rame-continuera-il-suo-rally\/#article","isPartOf":{"@id":"https:\/\/www.article-marketing.eu\/comunicatistampa\/deficit-di-offerta-ecco-perche-il-rame-continuera-il-suo-rally\/"},"author":{"name":"heliricci","@id":"https:\/\/www.article-marketing.eu\/comunicatistampa\/#\/schema\/person\/eb0d46093829ff5c8faf8fc7703db387"},"headline":"Deficit di offerta, ecco perch\u00e9 il rame continuer\u00e0 il suo rally","datePublished":"2024-05-28T11:16:29+00:00","mainEntityOfPage":{"@id":"https:\/\/www.article-marketing.eu\/comunicatistampa\/deficit-di-offerta-ecco-perche-il-rame-continuera-il-suo-rally\/"},"wordCount":410,"commentCount":0,"image":{"@id":"https:\/\/www.article-marketing.eu\/comunicatistampa\/deficit-di-offerta-ecco-perche-il-rame-continuera-il-suo-rally\/#primaryimage"},"thumbnailUrl":"https:\/\/economia-impresa.info\/wp-content\/uploads\/2020\/07\/rame-630x330.jpg","keywords":["#miniere","correlazioni","deficit","rame"],"articleSection":["Economia e lavoro"],"inLanguage":"it-IT","potentialAction":[{"@type":"CommentAction","name":"Comment","target":["https:\/\/www.article-marketing.eu\/comunicatistampa\/deficit-di-offerta-ecco-perche-il-rame-continuera-il-suo-rally\/#respond"]}]},{"@type":"WebPage","@id":"https:\/\/www.article-marketing.eu\/comunicatistampa\/deficit-di-offerta-ecco-perche-il-rame-continuera-il-suo-rally\/","url":"https:\/\/www.article-marketing.eu\/comunicatistampa\/deficit-di-offerta-ecco-perche-il-rame-continuera-il-suo-rally\/","name":"Deficit di offerta, ecco perch\u00e9 il rame continuer\u00e0 il suo rally - Article Marketing","isPartOf":{"@id":"https:\/\/www.article-marketing.eu\/comunicatistampa\/#website"},"primaryImageOfPage":{"@id":"https:\/\/www.article-marketing.eu\/comunicatistampa\/deficit-di-offerta-ecco-perche-il-rame-continuera-il-suo-rally\/#primaryimage"},"image":{"@id":"https:\/\/www.article-marketing.eu\/comunicatistampa\/deficit-di-offerta-ecco-perche-il-rame-continuera-il-suo-rally\/#primaryimage"},"thumbnailUrl":"https:\/\/economia-impresa.info\/wp-content\/uploads\/2020\/07\/rame-630x330.jpg","datePublished":"2024-05-28T11:16:29+00:00","author":{"@id":"https:\/\/www.article-marketing.eu\/comunicatistampa\/#\/schema\/person\/eb0d46093829ff5c8faf8fc7703db387"},"breadcrumb":{"@id":"https:\/\/www.article-marketing.eu\/comunicatistampa\/deficit-di-offerta-ecco-perche-il-rame-continuera-il-suo-rally\/#breadcrumb"},"inLanguage":"it-IT","potentialAction":[{"@type":"ReadAction","target":["https:\/\/www.article-marketing.eu\/comunicatistampa\/deficit-di-offerta-ecco-perche-il-rame-continuera-il-suo-rally\/"]}]},{"@type":"ImageObject","inLanguage":"it-IT","@id":"https:\/\/www.article-marketing.eu\/comunicatistampa\/deficit-di-offerta-ecco-perche-il-rame-continuera-il-suo-rally\/#primaryimage","url":"https:\/\/economia-impresa.info\/wp-content\/uploads\/2020\/07\/rame-630x330.jpg","contentUrl":"https:\/\/economia-impresa.info\/wp-content\/uploads\/2020\/07\/rame-630x330.jpg"},{"@type":"BreadcrumbList","@id":"https:\/\/www.article-marketing.eu\/comunicatistampa\/deficit-di-offerta-ecco-perche-il-rame-continuera-il-suo-rally\/#breadcrumb","itemListElement":[{"@type":"ListItem","position":1,"name":"Home","item":"https:\/\/www.article-marketing.eu\/comunicatistampa\/"},{"@type":"ListItem","position":2,"name":"Deficit di offerta, ecco perch\u00e9 il rame continuer\u00e0 il suo rally"}]},{"@type":"WebSite","@id":"https:\/\/www.article-marketing.eu\/comunicatistampa\/#website","url":"https:\/\/www.article-marketing.eu\/comunicatistampa\/","name":"Article Marketing","description":"article marketing &amp; press release","potentialAction":[{"@type":"SearchAction","target":{"@type":"EntryPoint","urlTemplate":"https:\/\/www.article-marketing.eu\/comunicatistampa\/?s={search_term_string}"},"query-input":{"@type":"PropertyValueSpecification","valueRequired":true,"valueName":"search_term_string"}}],"inLanguage":"it-IT"},{"@type":"Person","@id":"https:\/\/www.article-marketing.eu\/comunicatistampa\/#\/schema\/person\/eb0d46093829ff5c8faf8fc7703db387","name":"heliricci","image":{"@type":"ImageObject","inLanguage":"it-IT","@id":"https:\/\/secure.gravatar.com\/avatar\/c6d7bd728cdc2edbc0952c2d33ef684ae63b49979e1912fdf2804320fb36a0d6?s=96&d=mm&r=g","url":"https:\/\/secure.gravatar.com\/avatar\/c6d7bd728cdc2edbc0952c2d33ef684ae63b49979e1912fdf2804320fb36a0d6?s=96&d=mm&r=g","contentUrl":"https:\/\/secure.gravatar.com\/avatar\/c6d7bd728cdc2edbc0952c2d33ef684ae63b49979e1912fdf2804320fb36a0d6?s=96&d=mm&r=g","caption":"heliricci"},"url":"https:\/\/www.article-marketing.eu\/comunicatistampa\/author\/heliricci\/"}]}},"_links":{"self":[{"href":"https:\/\/www.article-marketing.eu\/comunicatistampa\/wp-json\/wp\/v2\/posts\/30768","targetHints":{"allow":["GET"]}}],"collection":[{"href":"https:\/\/www.article-marketing.eu\/comunicatistampa\/wp-json\/wp\/v2\/posts"}],"about":[{"href":"https:\/\/www.article-marketing.eu\/comunicatistampa\/wp-json\/wp\/v2\/types\/post"}],"author":[{"embeddable":true,"href":"https:\/\/www.article-marketing.eu\/comunicatistampa\/wp-json\/wp\/v2\/users\/7116"}],"replies":[{"embeddable":true,"href":"https:\/\/www.article-marketing.eu\/comunicatistampa\/wp-json\/wp\/v2\/comments?post=30768"}],"version-history":[{"count":2,"href":"https:\/\/www.article-marketing.eu\/comunicatistampa\/wp-json\/wp\/v2\/posts\/30768\/revisions"}],"predecessor-version":[{"id":30880,"href":"https:\/\/www.article-marketing.eu\/comunicatistampa\/wp-json\/wp\/v2\/posts\/30768\/revisions\/30880"}],"wp:attachment":[{"href":"https:\/\/www.article-marketing.eu\/comunicatistampa\/wp-json\/wp\/v2\/media?parent=30768"}],"wp:term":[{"taxonomy":"category","embeddable":true,"href":"https:\/\/www.article-marketing.eu\/comunicatistampa\/wp-json\/wp\/v2\/categories?post=30768"},{"taxonomy":"post_tag","embeddable":true,"href":"https:\/\/www.article-marketing.eu\/comunicatistampa\/wp-json\/wp\/v2\/tags?post=30768"}],"curies":[{"name":"wp","href":"https:\/\/api.w.org\/{rel}","templated":true}]}}