{"id":30785,"date":"2024-05-28T13:22:21","date_gmt":"2024-05-28T11:22:21","guid":{"rendered":"https:\/\/www.article-marketing.eu\/comunicatistampa\/?p=30785"},"modified":"2024-05-28T13:22:21","modified_gmt":"2024-05-28T11:22:21","slug":"treno-ultraveloce-le-due-partecipate-del-gruppo-fs-fungeranno-da-system-integrator","status":"publish","type":"post","link":"https:\/\/www.article-marketing.eu\/comunicatistampa\/treno-ultraveloce-le-due-partecipate-del-gruppo-fs-fungeranno-da-system-integrator\/","title":{"rendered":"Treno ultraveloce: le due partecipate del Gruppo FS fungeranno da \u201csystem integrator\u201d"},"content":{"rendered":"<p><em><strong>Il futuro dei trasporti terrestri sta prendendo forma con rapidit\u00e0 sorprendente. <a title=\"Le ultime iniziative del Gruppo FS\" href=\"https:\/\/www.ilgazzettino.it\/schede\/treno_ultra_veloce_ferrovie_cos_e_dove-8013727.html\">Gruppo FS<\/a> ha recentemente annunciato il suo ingresso nell\u2019ambiziosa impresa del treno ultraveloce in Veneto: la Regione, il Ministero delle Infrastrutture e il CAV hanno firmato un atto aggiuntivo al protocollo d\u2019intesa, concentrandosi sullo studio del sistema di trasporto per merci e passeggeri basato sulla levitazione magnetica.<\/strong><\/em><\/p>\n<p><a title=\"Treni ultra-veloci, Gruppo FS protagonista\" href=\"https:\/\/www.ilgazzettino.it\/schede\/treno_ultra_veloce_ferrovie_cos_e_dove-8013727.html\"><em><strong><img loading=\"lazy\" decoding=\"async\" src=\"https:\/\/statics.cedscdn.it\/photos\/MED_HIGH\/65\/04\/7466504_16182303_fs.jpg\" alt=\"Gruppo FS Italiane\" width=\"365\" height=\"200\" \/><\/strong><\/em><\/a><\/p>\n<h2>Treno ultraveloce: Gruppo FS si unisce al progetto<\/h2>\n<p>Si sta preparando il terreno per il primo prototipo operativo al mondo di un nuovo mezzo di trasporto terrestre che promette di raggiungere velocit\u00e0 paragonabili a quelle di un aereo. Dopo una gara pubblica, il contratto da 4 milioni per lo studio di fattibilit\u00e0 \u00e8 stato assegnato al consorzio composto da Webuild e Leonardo, con il supporto tecnologico dell\u2019azienda americana Hyperloop Tt e della sua licenziataria Hyperloop Italia. Questo progetto, noto come sistema Hyper Transfer, ha un valore stimato attuale di 800 milioni di euro. In questo processo sono coinvolte anche le societ\u00e0 Italferr e Italcertifer, entrambe controllate del <strong>Gruppo FS<\/strong>: il loro ruolo \u00e8 quello di fungere da \u201csystem integrator\u201d, ovvero una struttura tecnica specializzata nella gestione delle normative e dei processi di certificazione. L\u2019obiettivo \u00e8 chiaramente quello di tradurre rapidamente il piano in azione, sebbene sia stato riconosciuto dalle istituzioni che sar\u00e0 necessario estendere da 18 a 36 mesi il tempo necessario per la fase di progettazione. Il mezzo di trasporto verr\u00e0 inizialmente testato sulla linea Venezia-Padova, dove si prevede di collegare il porto e l\u2019interporto in soli 5 minuti, grazie alla straordinaria velocit\u00e0 di 1.223 chilometri all\u2019ora. Tale ambizioso progetto mira a centrare sei obiettivi chiave: la riduzione della densit\u00e0 del traffico veicolare pesante e dei livelli di congestione delle autostrade e delle vie di collegamento; una diminuzione delle tempistiche di trasporto tradizionali e del consumo energetico associato; il miglioramento della tutela dell\u2019ambiente e della sostenibilit\u00e0; una maggiore sicurezza stradale; una migliore integrazione tra i sistemi di trasporto e le smart cities e una superiore qualit\u00e0 dei servizi legati alla circolazione.<\/p>\n<h2>Gruppo FS: Italferr e Italcertifer supervisioneranno gli aspetti tecnici chiave<\/h2>\n<p>Un comitato tecnico, che avr\u00e0 il compito di ottenere le necessarie certificazioni e autorizzazioni per il sistema di trasporto ultraveloce, \u00e8 stato incaricato di raggiungere gli obiettivi prefissati e di garantire il completamento del progetto. Data la natura innovativa e altamente tecnologica del progetto, \u00e8 stato deciso di affidare alle partecipate del <strong><a title=\"Gruppo FS: con Italferr e Italcertifer un ruolo cruciale nella supervisione tecnica \" href=\"https:\/\/www.ilgazzettino.it\/schede\/treno_ultra_veloce_ferrovie_cos_e_dove-8013727.html\">Gruppo FS<\/a><\/strong>, Italferr e Italcertifer, la supervisione degli aspetti tecnici chiave. Questi includono il design preliminare del veicolo, l\u2019integrazione dei diversi prototipi, la stima del fabbisogno energetico e la pianificazione dei tempi di progettazione e realizzazione. L\u2019estensione del cronoprogramma \u00e8 stata gi\u00e0 presa in considerazione dalle istituzioni, come indicato nella delibera approvata dalla Giunta regionale. La proposta di estendere la durata dell\u2019efficacia del Protocollo \u00e8 stata avanzata dalla Vicepresidente Elisa De Berti, che ha seguito l\u2019iniziativa fin dal primo sopralluogo in California. La valutazione di fattibilit\u00e0 e progettazione richieder\u00e0 ora 36 mesi anzich\u00e9 i 18 inizialmente previsti. Rimane tuttavia la possibilit\u00e0 di ulteriori estensioni del termine in caso di necessit\u00e0 motivate individuate dal CAV. Questo adattamento del cronoprogramma riflette la complessit\u00e0 e l\u2019importanza di garantire che il progetto sia portato avanti con la massima cura e precisione.<\/p>\n","protected":false},"excerpt":{"rendered":"<p>Il futuro dei trasporti terrestri sta prendendo forma con rapidit\u00e0 sorprendente. Gruppo FS ha recentemente annunciato il suo ingresso nell\u2019ambiziosa impresa del treno ultraveloce in Veneto: la Regione, il Ministero delle Infrastrutture e il CAV hanno firmato un atto aggiuntivo al protocollo d\u2019intesa, concentrandosi sullo studio del sistema di trasporto per merci e passeggeri basato sulla levitazione magnetica. Treno ultraveloce: Gruppo FS si unisce al progetto Si sta preparando il<\/p>\n<p><a class=\"continue-reading\" href=\"https:\/\/www.article-marketing.eu\/comunicatistampa\/treno-ultraveloce-le-due-partecipate-del-gruppo-fs-fungeranno-da-system-integrator\/\">Continue reading&#8230;<\/a><\/p>\n","protected":false},"author":7203,"featured_media":0,"comment_status":"open","ping_status":"open","sticky":false,"template":"","format":"standard","meta":{"_monsterinsights_skip_tracking":false,"_monsterinsights_sitenote_active":false,"_monsterinsights_sitenote_note":"","_monsterinsights_sitenote_category":0,"footnotes":""},"categories":[388],"tags":[10013],"class_list":["post-30785","post","type-post","status-publish","format-standard","hentry","category-aziende","tag-gruppo-fs"],"yoast_head":"<!-- This site is optimized with the Yoast SEO plugin v27.3 - https:\/\/yoast.com\/product\/yoast-seo-wordpress\/ -->\n<title>Treno ultraveloce: le due partecipate del Gruppo FS fungeranno da \u201csystem integrator\u201d<\/title>\n<meta name=\"robots\" content=\"index, follow, max-snippet:-1, max-image-preview:large, max-video-preview:-1\" \/>\n<link rel=\"canonical\" href=\"https:\/\/www.article-marketing.eu\/comunicatistampa\/treno-ultraveloce-le-due-partecipate-del-gruppo-fs-fungeranno-da-system-integrator\/\" \/>\n<meta property=\"og:locale\" content=\"it_IT\" \/>\n<meta property=\"og:type\" content=\"article\" \/>\n<meta property=\"og:title\" content=\"Treno ultraveloce: le due partecipate del Gruppo FS fungeranno da \u201csystem integrator\u201d\" \/>\n<meta property=\"og:description\" content=\"Il futuro dei trasporti terrestri sta prendendo forma con rapidit\u00e0 sorprendente. Gruppo FS ha recentemente annunciato il suo ingresso nell\u2019ambiziosa impresa del treno ultraveloce in Veneto: la Regione, il Ministero delle Infrastrutture e il CAV hanno firmato un atto aggiuntivo al protocollo d\u2019intesa, concentrandosi sullo studio del sistema di trasporto per merci e passeggeri basato sulla levitazione magnetica. Treno ultraveloce: Gruppo FS si unisce al progetto Si sta preparando ilContinue reading...\" \/>\n<meta property=\"og:url\" content=\"https:\/\/www.article-marketing.eu\/comunicatistampa\/treno-ultraveloce-le-due-partecipate-del-gruppo-fs-fungeranno-da-system-integrator\/\" \/>\n<meta property=\"og:site_name\" content=\"Article Marketing\" \/>\n<meta property=\"article:published_time\" content=\"2024-05-28T11:22:21+00:00\" \/>\n<meta property=\"og:image\" content=\"https:\/\/statics.cedscdn.it\/photos\/MED_HIGH\/65\/04\/7466504_16182303_fs.jpg\" \/>\n<meta name=\"author\" content=\"gbofficeprnews\" \/>\n<meta name=\"twitter:card\" content=\"summary_large_image\" \/>\n<meta name=\"twitter:label1\" content=\"Scritto da\" \/>\n\t<meta name=\"twitter:data1\" content=\"gbofficeprnews\" \/>\n\t<meta name=\"twitter:label2\" content=\"Tempo di lettura stimato\" \/>\n\t<meta name=\"twitter:data2\" content=\"4 minuti\" \/>\n<script type=\"application\/ld+json\" class=\"yoast-schema-graph\">{\"@context\":\"https:\\\/\\\/schema.org\",\"@graph\":[{\"@type\":\"Article\",\"@id\":\"https:\\\/\\\/www.article-marketing.eu\\\/comunicatistampa\\\/treno-ultraveloce-le-due-partecipate-del-gruppo-fs-fungeranno-da-system-integrator\\\/#article\",\"isPartOf\":{\"@id\":\"https:\\\/\\\/www.article-marketing.eu\\\/comunicatistampa\\\/treno-ultraveloce-le-due-partecipate-del-gruppo-fs-fungeranno-da-system-integrator\\\/\"},\"author\":{\"name\":\"gbofficeprnews\",\"@id\":\"https:\\\/\\\/www.article-marketing.eu\\\/comunicatistampa\\\/#\\\/schema\\\/person\\\/00c541681af1a376511ed63d59ca096f\"},\"headline\":\"Treno ultraveloce: le due partecipate del Gruppo FS fungeranno da \u201csystem integrator\u201d\",\"datePublished\":\"2024-05-28T11:22:21+00:00\",\"mainEntityOfPage\":{\"@id\":\"https:\\\/\\\/www.article-marketing.eu\\\/comunicatistampa\\\/treno-ultraveloce-le-due-partecipate-del-gruppo-fs-fungeranno-da-system-integrator\\\/\"},\"wordCount\":538,\"commentCount\":0,\"image\":{\"@id\":\"https:\\\/\\\/www.article-marketing.eu\\\/comunicatistampa\\\/treno-ultraveloce-le-due-partecipate-del-gruppo-fs-fungeranno-da-system-integrator\\\/#primaryimage\"},\"thumbnailUrl\":\"https:\\\/\\\/statics.cedscdn.it\\\/photos\\\/MED_HIGH\\\/65\\\/04\\\/7466504_16182303_fs.jpg\",\"keywords\":[\"Gruppo FS\"],\"articleSection\":[\"Aziende\"],\"inLanguage\":\"it-IT\",\"potentialAction\":[{\"@type\":\"CommentAction\",\"name\":\"Comment\",\"target\":[\"https:\\\/\\\/www.article-marketing.eu\\\/comunicatistampa\\\/treno-ultraveloce-le-due-partecipate-del-gruppo-fs-fungeranno-da-system-integrator\\\/#respond\"]}]},{\"@type\":\"WebPage\",\"@id\":\"https:\\\/\\\/www.article-marketing.eu\\\/comunicatistampa\\\/treno-ultraveloce-le-due-partecipate-del-gruppo-fs-fungeranno-da-system-integrator\\\/\",\"url\":\"https:\\\/\\\/www.article-marketing.eu\\\/comunicatistampa\\\/treno-ultraveloce-le-due-partecipate-del-gruppo-fs-fungeranno-da-system-integrator\\\/\",\"name\":\"Treno ultraveloce: le due partecipate del Gruppo FS fungeranno da \u201csystem integrator\u201d\",\"isPartOf\":{\"@id\":\"https:\\\/\\\/www.article-marketing.eu\\\/comunicatistampa\\\/#website\"},\"primaryImageOfPage\":{\"@id\":\"https:\\\/\\\/www.article-marketing.eu\\\/comunicatistampa\\\/treno-ultraveloce-le-due-partecipate-del-gruppo-fs-fungeranno-da-system-integrator\\\/#primaryimage\"},\"image\":{\"@id\":\"https:\\\/\\\/www.article-marketing.eu\\\/comunicatistampa\\\/treno-ultraveloce-le-due-partecipate-del-gruppo-fs-fungeranno-da-system-integrator\\\/#primaryimage\"},\"thumbnailUrl\":\"https:\\\/\\\/statics.cedscdn.it\\\/photos\\\/MED_HIGH\\\/65\\\/04\\\/7466504_16182303_fs.jpg\",\"datePublished\":\"2024-05-28T11:22:21+00:00\",\"author\":{\"@id\":\"https:\\\/\\\/www.article-marketing.eu\\\/comunicatistampa\\\/#\\\/schema\\\/person\\\/00c541681af1a376511ed63d59ca096f\"},\"breadcrumb\":{\"@id\":\"https:\\\/\\\/www.article-marketing.eu\\\/comunicatistampa\\\/treno-ultraveloce-le-due-partecipate-del-gruppo-fs-fungeranno-da-system-integrator\\\/#breadcrumb\"},\"inLanguage\":\"it-IT\",\"potentialAction\":[{\"@type\":\"ReadAction\",\"target\":[\"https:\\\/\\\/www.article-marketing.eu\\\/comunicatistampa\\\/treno-ultraveloce-le-due-partecipate-del-gruppo-fs-fungeranno-da-system-integrator\\\/\"]}]},{\"@type\":\"ImageObject\",\"inLanguage\":\"it-IT\",\"@id\":\"https:\\\/\\\/www.article-marketing.eu\\\/comunicatistampa\\\/treno-ultraveloce-le-due-partecipate-del-gruppo-fs-fungeranno-da-system-integrator\\\/#primaryimage\",\"url\":\"https:\\\/\\\/statics.cedscdn.it\\\/photos\\\/MED_HIGH\\\/65\\\/04\\\/7466504_16182303_fs.jpg\",\"contentUrl\":\"https:\\\/\\\/statics.cedscdn.it\\\/photos\\\/MED_HIGH\\\/65\\\/04\\\/7466504_16182303_fs.jpg\"},{\"@type\":\"BreadcrumbList\",\"@id\":\"https:\\\/\\\/www.article-marketing.eu\\\/comunicatistampa\\\/treno-ultraveloce-le-due-partecipate-del-gruppo-fs-fungeranno-da-system-integrator\\\/#breadcrumb\",\"itemListElement\":[{\"@type\":\"ListItem\",\"position\":1,\"name\":\"Home\",\"item\":\"https:\\\/\\\/www.article-marketing.eu\\\/comunicatistampa\\\/\"},{\"@type\":\"ListItem\",\"position\":2,\"name\":\"Treno ultraveloce: le due partecipate del Gruppo FS fungeranno da \u201csystem integrator\u201d\"}]},{\"@type\":\"WebSite\",\"@id\":\"https:\\\/\\\/www.article-marketing.eu\\\/comunicatistampa\\\/#website\",\"url\":\"https:\\\/\\\/www.article-marketing.eu\\\/comunicatistampa\\\/\",\"name\":\"Article Marketing\",\"description\":\"article marketing &amp; press release\",\"potentialAction\":[{\"@type\":\"SearchAction\",\"target\":{\"@type\":\"EntryPoint\",\"urlTemplate\":\"https:\\\/\\\/www.article-marketing.eu\\\/comunicatistampa\\\/?s={search_term_string}\"},\"query-input\":{\"@type\":\"PropertyValueSpecification\",\"valueRequired\":true,\"valueName\":\"search_term_string\"}}],\"inLanguage\":\"it-IT\"},{\"@type\":\"Person\",\"@id\":\"https:\\\/\\\/www.article-marketing.eu\\\/comunicatistampa\\\/#\\\/schema\\\/person\\\/00c541681af1a376511ed63d59ca096f\",\"name\":\"gbofficeprnews\",\"image\":{\"@type\":\"ImageObject\",\"inLanguage\":\"it-IT\",\"@id\":\"https:\\\/\\\/secure.gravatar.com\\\/avatar\\\/6c895f4b9cd59fffe899c25f76b85bf0d427605c1f0d3b07c81e155c001265cf?s=96&d=mm&r=g\",\"url\":\"https:\\\/\\\/secure.gravatar.com\\\/avatar\\\/6c895f4b9cd59fffe899c25f76b85bf0d427605c1f0d3b07c81e155c001265cf?s=96&d=mm&r=g\",\"contentUrl\":\"https:\\\/\\\/secure.gravatar.com\\\/avatar\\\/6c895f4b9cd59fffe899c25f76b85bf0d427605c1f0d3b07c81e155c001265cf?s=96&d=mm&r=g\",\"caption\":\"gbofficeprnews\"},\"url\":\"https:\\\/\\\/www.article-marketing.eu\\\/comunicatistampa\\\/author\\\/gbofficeprnews\\\/\"}]}<\/script>\n<!-- \/ Yoast SEO plugin. -->","yoast_head_json":{"title":"Treno ultraveloce: le due partecipate del Gruppo FS fungeranno da \u201csystem integrator\u201d","robots":{"index":"index","follow":"follow","max-snippet":"max-snippet:-1","max-image-preview":"max-image-preview:large","max-video-preview":"max-video-preview:-1"},"canonical":"https:\/\/www.article-marketing.eu\/comunicatistampa\/treno-ultraveloce-le-due-partecipate-del-gruppo-fs-fungeranno-da-system-integrator\/","og_locale":"it_IT","og_type":"article","og_title":"Treno ultraveloce: le due partecipate del Gruppo FS fungeranno da \u201csystem integrator\u201d","og_description":"Il futuro dei trasporti terrestri sta prendendo forma con rapidit\u00e0 sorprendente. Gruppo FS ha recentemente annunciato il suo ingresso nell\u2019ambiziosa impresa del treno ultraveloce in Veneto: la Regione, il Ministero delle Infrastrutture e il CAV hanno firmato un atto aggiuntivo al protocollo d\u2019intesa, concentrandosi sullo studio del sistema di trasporto per merci e passeggeri basato sulla levitazione magnetica. Treno ultraveloce: Gruppo FS si unisce al progetto Si sta preparando ilContinue reading...","og_url":"https:\/\/www.article-marketing.eu\/comunicatistampa\/treno-ultraveloce-le-due-partecipate-del-gruppo-fs-fungeranno-da-system-integrator\/","og_site_name":"Article Marketing","article_published_time":"2024-05-28T11:22:21+00:00","og_image":[{"url":"https:\/\/statics.cedscdn.it\/photos\/MED_HIGH\/65\/04\/7466504_16182303_fs.jpg","type":"","width":"","height":""}],"author":"gbofficeprnews","twitter_card":"summary_large_image","twitter_misc":{"Scritto da":"gbofficeprnews","Tempo di lettura stimato":"4 minuti"},"schema":{"@context":"https:\/\/schema.org","@graph":[{"@type":"Article","@id":"https:\/\/www.article-marketing.eu\/comunicatistampa\/treno-ultraveloce-le-due-partecipate-del-gruppo-fs-fungeranno-da-system-integrator\/#article","isPartOf":{"@id":"https:\/\/www.article-marketing.eu\/comunicatistampa\/treno-ultraveloce-le-due-partecipate-del-gruppo-fs-fungeranno-da-system-integrator\/"},"author":{"name":"gbofficeprnews","@id":"https:\/\/www.article-marketing.eu\/comunicatistampa\/#\/schema\/person\/00c541681af1a376511ed63d59ca096f"},"headline":"Treno ultraveloce: le due partecipate del Gruppo FS fungeranno da \u201csystem integrator\u201d","datePublished":"2024-05-28T11:22:21+00:00","mainEntityOfPage":{"@id":"https:\/\/www.article-marketing.eu\/comunicatistampa\/treno-ultraveloce-le-due-partecipate-del-gruppo-fs-fungeranno-da-system-integrator\/"},"wordCount":538,"commentCount":0,"image":{"@id":"https:\/\/www.article-marketing.eu\/comunicatistampa\/treno-ultraveloce-le-due-partecipate-del-gruppo-fs-fungeranno-da-system-integrator\/#primaryimage"},"thumbnailUrl":"https:\/\/statics.cedscdn.it\/photos\/MED_HIGH\/65\/04\/7466504_16182303_fs.jpg","keywords":["Gruppo FS"],"articleSection":["Aziende"],"inLanguage":"it-IT","potentialAction":[{"@type":"CommentAction","name":"Comment","target":["https:\/\/www.article-marketing.eu\/comunicatistampa\/treno-ultraveloce-le-due-partecipate-del-gruppo-fs-fungeranno-da-system-integrator\/#respond"]}]},{"@type":"WebPage","@id":"https:\/\/www.article-marketing.eu\/comunicatistampa\/treno-ultraveloce-le-due-partecipate-del-gruppo-fs-fungeranno-da-system-integrator\/","url":"https:\/\/www.article-marketing.eu\/comunicatistampa\/treno-ultraveloce-le-due-partecipate-del-gruppo-fs-fungeranno-da-system-integrator\/","name":"Treno ultraveloce: le due partecipate del Gruppo FS fungeranno da \u201csystem integrator\u201d","isPartOf":{"@id":"https:\/\/www.article-marketing.eu\/comunicatistampa\/#website"},"primaryImageOfPage":{"@id":"https:\/\/www.article-marketing.eu\/comunicatistampa\/treno-ultraveloce-le-due-partecipate-del-gruppo-fs-fungeranno-da-system-integrator\/#primaryimage"},"image":{"@id":"https:\/\/www.article-marketing.eu\/comunicatistampa\/treno-ultraveloce-le-due-partecipate-del-gruppo-fs-fungeranno-da-system-integrator\/#primaryimage"},"thumbnailUrl":"https:\/\/statics.cedscdn.it\/photos\/MED_HIGH\/65\/04\/7466504_16182303_fs.jpg","datePublished":"2024-05-28T11:22:21+00:00","author":{"@id":"https:\/\/www.article-marketing.eu\/comunicatistampa\/#\/schema\/person\/00c541681af1a376511ed63d59ca096f"},"breadcrumb":{"@id":"https:\/\/www.article-marketing.eu\/comunicatistampa\/treno-ultraveloce-le-due-partecipate-del-gruppo-fs-fungeranno-da-system-integrator\/#breadcrumb"},"inLanguage":"it-IT","potentialAction":[{"@type":"ReadAction","target":["https:\/\/www.article-marketing.eu\/comunicatistampa\/treno-ultraveloce-le-due-partecipate-del-gruppo-fs-fungeranno-da-system-integrator\/"]}]},{"@type":"ImageObject","inLanguage":"it-IT","@id":"https:\/\/www.article-marketing.eu\/comunicatistampa\/treno-ultraveloce-le-due-partecipate-del-gruppo-fs-fungeranno-da-system-integrator\/#primaryimage","url":"https:\/\/statics.cedscdn.it\/photos\/MED_HIGH\/65\/04\/7466504_16182303_fs.jpg","contentUrl":"https:\/\/statics.cedscdn.it\/photos\/MED_HIGH\/65\/04\/7466504_16182303_fs.jpg"},{"@type":"BreadcrumbList","@id":"https:\/\/www.article-marketing.eu\/comunicatistampa\/treno-ultraveloce-le-due-partecipate-del-gruppo-fs-fungeranno-da-system-integrator\/#breadcrumb","itemListElement":[{"@type":"ListItem","position":1,"name":"Home","item":"https:\/\/www.article-marketing.eu\/comunicatistampa\/"},{"@type":"ListItem","position":2,"name":"Treno ultraveloce: le due partecipate del Gruppo FS fungeranno da \u201csystem integrator\u201d"}]},{"@type":"WebSite","@id":"https:\/\/www.article-marketing.eu\/comunicatistampa\/#website","url":"https:\/\/www.article-marketing.eu\/comunicatistampa\/","name":"Article Marketing","description":"article marketing &amp; press release","potentialAction":[{"@type":"SearchAction","target":{"@type":"EntryPoint","urlTemplate":"https:\/\/www.article-marketing.eu\/comunicatistampa\/?s={search_term_string}"},"query-input":{"@type":"PropertyValueSpecification","valueRequired":true,"valueName":"search_term_string"}}],"inLanguage":"it-IT"},{"@type":"Person","@id":"https:\/\/www.article-marketing.eu\/comunicatistampa\/#\/schema\/person\/00c541681af1a376511ed63d59ca096f","name":"gbofficeprnews","image":{"@type":"ImageObject","inLanguage":"it-IT","@id":"https:\/\/secure.gravatar.com\/avatar\/6c895f4b9cd59fffe899c25f76b85bf0d427605c1f0d3b07c81e155c001265cf?s=96&d=mm&r=g","url":"https:\/\/secure.gravatar.com\/avatar\/6c895f4b9cd59fffe899c25f76b85bf0d427605c1f0d3b07c81e155c001265cf?s=96&d=mm&r=g","contentUrl":"https:\/\/secure.gravatar.com\/avatar\/6c895f4b9cd59fffe899c25f76b85bf0d427605c1f0d3b07c81e155c001265cf?s=96&d=mm&r=g","caption":"gbofficeprnews"},"url":"https:\/\/www.article-marketing.eu\/comunicatistampa\/author\/gbofficeprnews\/"}]}},"_links":{"self":[{"href":"https:\/\/www.article-marketing.eu\/comunicatistampa\/wp-json\/wp\/v2\/posts\/30785","targetHints":{"allow":["GET"]}}],"collection":[{"href":"https:\/\/www.article-marketing.eu\/comunicatistampa\/wp-json\/wp\/v2\/posts"}],"about":[{"href":"https:\/\/www.article-marketing.eu\/comunicatistampa\/wp-json\/wp\/v2\/types\/post"}],"author":[{"embeddable":true,"href":"https:\/\/www.article-marketing.eu\/comunicatistampa\/wp-json\/wp\/v2\/users\/7203"}],"replies":[{"embeddable":true,"href":"https:\/\/www.article-marketing.eu\/comunicatistampa\/wp-json\/wp\/v2\/comments?post=30785"}],"version-history":[{"count":3,"href":"https:\/\/www.article-marketing.eu\/comunicatistampa\/wp-json\/wp\/v2\/posts\/30785\/revisions"}],"predecessor-version":[{"id":30894,"href":"https:\/\/www.article-marketing.eu\/comunicatistampa\/wp-json\/wp\/v2\/posts\/30785\/revisions\/30894"}],"wp:attachment":[{"href":"https:\/\/www.article-marketing.eu\/comunicatistampa\/wp-json\/wp\/v2\/media?parent=30785"}],"wp:term":[{"taxonomy":"category","embeddable":true,"href":"https:\/\/www.article-marketing.eu\/comunicatistampa\/wp-json\/wp\/v2\/categories?post=30785"},{"taxonomy":"post_tag","embeddable":true,"href":"https:\/\/www.article-marketing.eu\/comunicatistampa\/wp-json\/wp\/v2\/tags?post=30785"}],"curies":[{"name":"wp","href":"https:\/\/api.w.org\/{rel}","templated":true}]}}