{"id":30826,"date":"2024-05-28T13:17:57","date_gmt":"2024-05-28T11:17:57","guid":{"rendered":"https:\/\/www.article-marketing.eu\/comunicatistampa\/?p=30826"},"modified":"2024-05-28T13:17:57","modified_gmt":"2024-05-28T11:17:57","slug":"luigi-ferraris-cosi-il-gruppo-fs-vuole-risolvere-il-problema-della-congestione-della-rete","status":"publish","type":"post","link":"https:\/\/www.article-marketing.eu\/comunicatistampa\/luigi-ferraris-cosi-il-gruppo-fs-vuole-risolvere-il-problema-della-congestione-della-rete\/","title":{"rendered":"Luigi Ferraris: \u201cCos\u00ec il Gruppo FS vuole risolvere il problema della congestione della rete\u201d"},"content":{"rendered":"<p><em><strong>In virt\u00f9 del suo ruolo fondamentale nel funzionamento del Paese, il Gruppo FS \u00e8 uno dei maggiori consumatori di energia in Italia: per questo, sotto la guida dell\u2019AD <a title=\"&quot;Avvenire&quot;: l'AD del Gruppo FS Luigi Ferraris parla delle sfide per la sostenibilit\u00e0\" href=\"https:\/\/www.avvenire.it\/economia\/pagine\/ferraris-energia-logistica-e-sociale-tutte-le-sfide-di-fs-per-la-sostenib\">Luigi Ferraris<\/a>, la societ\u00e0 sta implementando misure volte a favorire l\u2019autoproduzione di energia, anche attraverso l\u2019installazione di pannelli solari su stazioni e treni. L\u2019obiettivo a lungo termine \u00e8 coprire il 40% del fabbisogno del Gruppo.<\/strong><\/em><\/p>\n<p><a title=\"Luigi Ferraris sulle sfide di FS per la sostenibilit\u00e0: l'articolo su &quot;Avvenire&quot;\" href=\"https:\/\/www.avvenire.it\/economia\/pagine\/ferraris-energia-logistica-e-sociale-tutte-le-sfide-di-fs-per-la-sostenib\"><img loading=\"lazy\" decoding=\"async\" src=\"https:\/\/www.riflettorisu.it\/wp-content\/uploads\/2022\/10\/luigi-ferraris-ad-ferrovie.jpg\" alt=\"Luigi Ferraris\" width=\"300\" height=\"200\" \/><\/a><\/p>\n<h2>Luigi Ferraris guida il Gruppo FS verso l\u2019autosufficienza energetica<\/h2>\n<p>Autoprodurre il 40% del fabbisogno energetico della societ\u00e0 e raggiungere la <em>carbon neutrality <\/em>entro il 2040: questi sono gli ambiziosi obiettivi di sostenibilit\u00e0 che il Gruppo FS sta portando avanti sotto la guida di <strong>Luigi Ferraris<\/strong>. L\u2019AD ha sottolineato che la societ\u00e0, che gestisce 17mila chilometri di binari e 30mila chilometri di strade, \u00e8 tra i maggiori consumatori di energia del Paese, con una spesa annua che \u00e8 talvolta arrivata a toccare gli 1,3 miliardi di euro. Lavorare sull\u2019autonomia energetica significa dunque non solo compiere una scelta di sostenibilit\u00e0, ma anche garantire prezzi pi\u00f9 convenienti ai consumatori, secondo le politiche di responsabilit\u00e0 del Gruppo FS.<\/p>\n<p>Tra progetti illustrati da <strong>Luigi Ferraris<\/strong> spiccano l\u2019impiego di pannelli solari sui treni o sulle stazioni, ma anche la sperimentazione con il biometano e l\u2019idrogeno.<\/p>\n<h2>Luigi Ferraris: il Gruppo FS tra sostenibilit\u00e0 ambientale e sociale<\/h2>\n<p>Secondo <a title=\"Sostenibilit\u00e0, l'AD del Gruppo FS Luigi Ferraris sulle sfide future: l'articolo su &quot;Avvenire&quot;\" href=\"https:\/\/www.avvenire.it\/economia\/pagine\/ferraris-energia-logistica-e-sociale-tutte-le-sfide-di-fs-per-la-sostenib\"><strong>Luigi Ferraris<\/strong><\/a>, sostenibilit\u00e0 non significa solo tutelare l\u2019ambiente, ma anche gli esseri umani: il Gruppo FS attua infatti politiche a sostegno di giovani, che vengono particolarmente valorizzati nelle nuove assunzioni, donne e categorie fragili.<\/p>\n<p>All\u2019interno della societ\u00e0, il 20% del personale \u00e8 femminile, con una rappresentanza del 30% nei ruoli manageriali. Inoltre, per contrastare la violenza di genere, sono stati istituiti gli &#8220;<em>help center<\/em>&#8221; e il &#8220;biglietto SOSpeso&#8221;, iniziative che offrono supporto tangibile alle vittime di violenza.<\/p>\n<p>Infine, <strong>Luigi Ferraris<\/strong> sta cercando di trovare soluzioni concrete al problema della congestione della rete, causata dal notevole aumento di convogli (200%) di fronte alla ridotta crescita delle infrastrutture. L\u2019AD ha proposto di dedicare alcune stazioni esclusivamente all&#8217;Alta Velocit\u00e0 e di aprire un tavolo di lavoro per il raddoppio della tratta Roma-Firenze, cos\u00ec come per il potenziamento della linea Adriatica, con un impatto paragonabile a quello del Terzo Valico a Genova.<\/p>\n","protected":false},"excerpt":{"rendered":"<p>In virt\u00f9 del suo ruolo fondamentale nel funzionamento del Paese, il Gruppo FS \u00e8 uno dei maggiori consumatori di energia in Italia: per questo, sotto la guida dell\u2019AD Luigi Ferraris, la societ\u00e0 sta implementando misure volte a favorire l\u2019autoproduzione di energia, anche attraverso l\u2019installazione di pannelli solari su stazioni e treni. L\u2019obiettivo a lungo termine \u00e8 coprire il 40% del fabbisogno del Gruppo. Luigi Ferraris guida il Gruppo FS verso<\/p>\n<p><a class=\"continue-reading\" href=\"https:\/\/www.article-marketing.eu\/comunicatistampa\/luigi-ferraris-cosi-il-gruppo-fs-vuole-risolvere-il-problema-della-congestione-della-rete\/\">Continue reading&#8230;<\/a><\/p>\n","protected":false},"author":6477,"featured_media":0,"comment_status":"open","ping_status":"open","sticky":false,"template":"","format":"standard","meta":{"_monsterinsights_skip_tracking":false,"_monsterinsights_sitenote_active":false,"_monsterinsights_sitenote_note":"","_monsterinsights_sitenote_category":0,"footnotes":""},"categories":[388],"tags":[10013,9540],"class_list":["post-30826","post","type-post","status-publish","format-standard","hentry","category-aziende","tag-gruppo-fs","tag-luigi-ferraris"],"yoast_head":"<!-- This site is optimized with the Yoast SEO plugin v27.3 - https:\/\/yoast.com\/product\/yoast-seo-wordpress\/ -->\n<title>Luigi Ferraris: \u201cCos\u00ec il Gruppo FS vuole risolvere il problema della congestione della rete\u201d<\/title>\n<meta name=\"description\" content=\"\u201c40% del fabbisogno energetico e neutralit\u00e0 al 2040\u201d: sotto la guida di Luigi Ferraris, il Gruppo FS sta attuando programmi ambiziosi\" \/>\n<meta name=\"robots\" content=\"index, follow, max-snippet:-1, max-image-preview:large, max-video-preview:-1\" \/>\n<link rel=\"canonical\" href=\"https:\/\/www.article-marketing.eu\/comunicatistampa\/luigi-ferraris-cosi-il-gruppo-fs-vuole-risolvere-il-problema-della-congestione-della-rete\/\" \/>\n<meta property=\"og:locale\" content=\"it_IT\" \/>\n<meta property=\"og:type\" content=\"article\" \/>\n<meta property=\"og:title\" content=\"Luigi Ferraris: \u201cCos\u00ec il Gruppo FS vuole risolvere il problema della congestione della rete\u201d\" \/>\n<meta property=\"og:description\" content=\"\u201c40% del fabbisogno energetico e neutralit\u00e0 al 2040\u201d: sotto la guida di Luigi Ferraris, il Gruppo FS sta attuando programmi ambiziosi\" \/>\n<meta property=\"og:url\" content=\"https:\/\/www.article-marketing.eu\/comunicatistampa\/luigi-ferraris-cosi-il-gruppo-fs-vuole-risolvere-il-problema-della-congestione-della-rete\/\" \/>\n<meta property=\"og:site_name\" content=\"Article Marketing\" \/>\n<meta property=\"article:published_time\" content=\"2024-05-28T11:17:57+00:00\" \/>\n<meta property=\"og:image\" content=\"https:\/\/www.riflettorisu.it\/wp-content\/uploads\/2022\/10\/luigi-ferraris-ad-ferrovie.jpg\" \/>\n<meta name=\"author\" content=\"articolinews\" \/>\n<meta name=\"twitter:card\" content=\"summary_large_image\" \/>\n<meta name=\"twitter:label1\" content=\"Scritto da\" \/>\n\t<meta name=\"twitter:data1\" content=\"articolinews\" \/>\n\t<meta name=\"twitter:label2\" content=\"Tempo di lettura stimato\" \/>\n\t<meta name=\"twitter:data2\" content=\"3 minuti\" \/>\n<script type=\"application\/ld+json\" class=\"yoast-schema-graph\">{\"@context\":\"https:\\\/\\\/schema.org\",\"@graph\":[{\"@type\":\"Article\",\"@id\":\"https:\\\/\\\/www.article-marketing.eu\\\/comunicatistampa\\\/luigi-ferraris-cosi-il-gruppo-fs-vuole-risolvere-il-problema-della-congestione-della-rete\\\/#article\",\"isPartOf\":{\"@id\":\"https:\\\/\\\/www.article-marketing.eu\\\/comunicatistampa\\\/luigi-ferraris-cosi-il-gruppo-fs-vuole-risolvere-il-problema-della-congestione-della-rete\\\/\"},\"author\":{\"name\":\"articolinews\",\"@id\":\"https:\\\/\\\/www.article-marketing.eu\\\/comunicatistampa\\\/#\\\/schema\\\/person\\\/2fcaf8f8f3a9eef9eb7f27532d3ca458\"},\"headline\":\"Luigi Ferraris: \u201cCos\u00ec il Gruppo FS vuole risolvere il problema della congestione della rete\u201d\",\"datePublished\":\"2024-05-28T11:17:57+00:00\",\"mainEntityOfPage\":{\"@id\":\"https:\\\/\\\/www.article-marketing.eu\\\/comunicatistampa\\\/luigi-ferraris-cosi-il-gruppo-fs-vuole-risolvere-il-problema-della-congestione-della-rete\\\/\"},\"wordCount\":375,\"commentCount\":0,\"image\":{\"@id\":\"https:\\\/\\\/www.article-marketing.eu\\\/comunicatistampa\\\/luigi-ferraris-cosi-il-gruppo-fs-vuole-risolvere-il-problema-della-congestione-della-rete\\\/#primaryimage\"},\"thumbnailUrl\":\"https:\\\/\\\/www.riflettorisu.it\\\/wp-content\\\/uploads\\\/2022\\\/10\\\/luigi-ferraris-ad-ferrovie.jpg\",\"keywords\":[\"Gruppo FS\",\"Luigi Ferraris\"],\"articleSection\":[\"Aziende\"],\"inLanguage\":\"it-IT\",\"potentialAction\":[{\"@type\":\"CommentAction\",\"name\":\"Comment\",\"target\":[\"https:\\\/\\\/www.article-marketing.eu\\\/comunicatistampa\\\/luigi-ferraris-cosi-il-gruppo-fs-vuole-risolvere-il-problema-della-congestione-della-rete\\\/#respond\"]}]},{\"@type\":\"WebPage\",\"@id\":\"https:\\\/\\\/www.article-marketing.eu\\\/comunicatistampa\\\/luigi-ferraris-cosi-il-gruppo-fs-vuole-risolvere-il-problema-della-congestione-della-rete\\\/\",\"url\":\"https:\\\/\\\/www.article-marketing.eu\\\/comunicatistampa\\\/luigi-ferraris-cosi-il-gruppo-fs-vuole-risolvere-il-problema-della-congestione-della-rete\\\/\",\"name\":\"Luigi Ferraris: \u201cCos\u00ec il Gruppo FS vuole risolvere il problema della congestione della rete\u201d\",\"isPartOf\":{\"@id\":\"https:\\\/\\\/www.article-marketing.eu\\\/comunicatistampa\\\/#website\"},\"primaryImageOfPage\":{\"@id\":\"https:\\\/\\\/www.article-marketing.eu\\\/comunicatistampa\\\/luigi-ferraris-cosi-il-gruppo-fs-vuole-risolvere-il-problema-della-congestione-della-rete\\\/#primaryimage\"},\"image\":{\"@id\":\"https:\\\/\\\/www.article-marketing.eu\\\/comunicatistampa\\\/luigi-ferraris-cosi-il-gruppo-fs-vuole-risolvere-il-problema-della-congestione-della-rete\\\/#primaryimage\"},\"thumbnailUrl\":\"https:\\\/\\\/www.riflettorisu.it\\\/wp-content\\\/uploads\\\/2022\\\/10\\\/luigi-ferraris-ad-ferrovie.jpg\",\"datePublished\":\"2024-05-28T11:17:57+00:00\",\"author\":{\"@id\":\"https:\\\/\\\/www.article-marketing.eu\\\/comunicatistampa\\\/#\\\/schema\\\/person\\\/2fcaf8f8f3a9eef9eb7f27532d3ca458\"},\"description\":\"\u201c40% del fabbisogno energetico e neutralit\u00e0 al 2040\u201d: sotto la guida di Luigi Ferraris, il Gruppo FS sta attuando programmi ambiziosi\",\"breadcrumb\":{\"@id\":\"https:\\\/\\\/www.article-marketing.eu\\\/comunicatistampa\\\/luigi-ferraris-cosi-il-gruppo-fs-vuole-risolvere-il-problema-della-congestione-della-rete\\\/#breadcrumb\"},\"inLanguage\":\"it-IT\",\"potentialAction\":[{\"@type\":\"ReadAction\",\"target\":[\"https:\\\/\\\/www.article-marketing.eu\\\/comunicatistampa\\\/luigi-ferraris-cosi-il-gruppo-fs-vuole-risolvere-il-problema-della-congestione-della-rete\\\/\"]}]},{\"@type\":\"ImageObject\",\"inLanguage\":\"it-IT\",\"@id\":\"https:\\\/\\\/www.article-marketing.eu\\\/comunicatistampa\\\/luigi-ferraris-cosi-il-gruppo-fs-vuole-risolvere-il-problema-della-congestione-della-rete\\\/#primaryimage\",\"url\":\"https:\\\/\\\/www.riflettorisu.it\\\/wp-content\\\/uploads\\\/2022\\\/10\\\/luigi-ferraris-ad-ferrovie.jpg\",\"contentUrl\":\"https:\\\/\\\/www.riflettorisu.it\\\/wp-content\\\/uploads\\\/2022\\\/10\\\/luigi-ferraris-ad-ferrovie.jpg\"},{\"@type\":\"BreadcrumbList\",\"@id\":\"https:\\\/\\\/www.article-marketing.eu\\\/comunicatistampa\\\/luigi-ferraris-cosi-il-gruppo-fs-vuole-risolvere-il-problema-della-congestione-della-rete\\\/#breadcrumb\",\"itemListElement\":[{\"@type\":\"ListItem\",\"position\":1,\"name\":\"Home\",\"item\":\"https:\\\/\\\/www.article-marketing.eu\\\/comunicatistampa\\\/\"},{\"@type\":\"ListItem\",\"position\":2,\"name\":\"Luigi Ferraris: \u201cCos\u00ec il Gruppo FS vuole risolvere il problema della congestione della rete\u201d\"}]},{\"@type\":\"WebSite\",\"@id\":\"https:\\\/\\\/www.article-marketing.eu\\\/comunicatistampa\\\/#website\",\"url\":\"https:\\\/\\\/www.article-marketing.eu\\\/comunicatistampa\\\/\",\"name\":\"Article Marketing\",\"description\":\"article marketing &amp; press release\",\"potentialAction\":[{\"@type\":\"SearchAction\",\"target\":{\"@type\":\"EntryPoint\",\"urlTemplate\":\"https:\\\/\\\/www.article-marketing.eu\\\/comunicatistampa\\\/?s={search_term_string}\"},\"query-input\":{\"@type\":\"PropertyValueSpecification\",\"valueRequired\":true,\"valueName\":\"search_term_string\"}}],\"inLanguage\":\"it-IT\"},{\"@type\":\"Person\",\"@id\":\"https:\\\/\\\/www.article-marketing.eu\\\/comunicatistampa\\\/#\\\/schema\\\/person\\\/2fcaf8f8f3a9eef9eb7f27532d3ca458\",\"name\":\"articolinews\",\"image\":{\"@type\":\"ImageObject\",\"inLanguage\":\"it-IT\",\"@id\":\"https:\\\/\\\/secure.gravatar.com\\\/avatar\\\/9e2a264bab04e17dea24d937c9956304649a848cb73c46747a692ff1bdeb1cb7?s=96&d=mm&r=g\",\"url\":\"https:\\\/\\\/secure.gravatar.com\\\/avatar\\\/9e2a264bab04e17dea24d937c9956304649a848cb73c46747a692ff1bdeb1cb7?s=96&d=mm&r=g\",\"contentUrl\":\"https:\\\/\\\/secure.gravatar.com\\\/avatar\\\/9e2a264bab04e17dea24d937c9956304649a848cb73c46747a692ff1bdeb1cb7?s=96&d=mm&r=g\",\"caption\":\"articolinews\"},\"url\":\"https:\\\/\\\/www.article-marketing.eu\\\/comunicatistampa\\\/author\\\/articolinews\\\/\"}]}<\/script>\n<!-- \/ Yoast SEO plugin. -->","yoast_head_json":{"title":"Luigi Ferraris: \u201cCos\u00ec il Gruppo FS vuole risolvere il problema della congestione della rete\u201d","description":"\u201c40% del fabbisogno energetico e neutralit\u00e0 al 2040\u201d: sotto la guida di Luigi Ferraris, il Gruppo FS sta attuando programmi ambiziosi","robots":{"index":"index","follow":"follow","max-snippet":"max-snippet:-1","max-image-preview":"max-image-preview:large","max-video-preview":"max-video-preview:-1"},"canonical":"https:\/\/www.article-marketing.eu\/comunicatistampa\/luigi-ferraris-cosi-il-gruppo-fs-vuole-risolvere-il-problema-della-congestione-della-rete\/","og_locale":"it_IT","og_type":"article","og_title":"Luigi Ferraris: \u201cCos\u00ec il Gruppo FS vuole risolvere il problema della congestione della rete\u201d","og_description":"\u201c40% del fabbisogno energetico e neutralit\u00e0 al 2040\u201d: sotto la guida di Luigi Ferraris, il Gruppo FS sta attuando programmi ambiziosi","og_url":"https:\/\/www.article-marketing.eu\/comunicatistampa\/luigi-ferraris-cosi-il-gruppo-fs-vuole-risolvere-il-problema-della-congestione-della-rete\/","og_site_name":"Article Marketing","article_published_time":"2024-05-28T11:17:57+00:00","og_image":[{"url":"https:\/\/www.riflettorisu.it\/wp-content\/uploads\/2022\/10\/luigi-ferraris-ad-ferrovie.jpg","type":"","width":"","height":""}],"author":"articolinews","twitter_card":"summary_large_image","twitter_misc":{"Scritto da":"articolinews","Tempo di lettura stimato":"3 minuti"},"schema":{"@context":"https:\/\/schema.org","@graph":[{"@type":"Article","@id":"https:\/\/www.article-marketing.eu\/comunicatistampa\/luigi-ferraris-cosi-il-gruppo-fs-vuole-risolvere-il-problema-della-congestione-della-rete\/#article","isPartOf":{"@id":"https:\/\/www.article-marketing.eu\/comunicatistampa\/luigi-ferraris-cosi-il-gruppo-fs-vuole-risolvere-il-problema-della-congestione-della-rete\/"},"author":{"name":"articolinews","@id":"https:\/\/www.article-marketing.eu\/comunicatistampa\/#\/schema\/person\/2fcaf8f8f3a9eef9eb7f27532d3ca458"},"headline":"Luigi Ferraris: \u201cCos\u00ec il Gruppo FS vuole risolvere il problema della congestione della rete\u201d","datePublished":"2024-05-28T11:17:57+00:00","mainEntityOfPage":{"@id":"https:\/\/www.article-marketing.eu\/comunicatistampa\/luigi-ferraris-cosi-il-gruppo-fs-vuole-risolvere-il-problema-della-congestione-della-rete\/"},"wordCount":375,"commentCount":0,"image":{"@id":"https:\/\/www.article-marketing.eu\/comunicatistampa\/luigi-ferraris-cosi-il-gruppo-fs-vuole-risolvere-il-problema-della-congestione-della-rete\/#primaryimage"},"thumbnailUrl":"https:\/\/www.riflettorisu.it\/wp-content\/uploads\/2022\/10\/luigi-ferraris-ad-ferrovie.jpg","keywords":["Gruppo FS","Luigi Ferraris"],"articleSection":["Aziende"],"inLanguage":"it-IT","potentialAction":[{"@type":"CommentAction","name":"Comment","target":["https:\/\/www.article-marketing.eu\/comunicatistampa\/luigi-ferraris-cosi-il-gruppo-fs-vuole-risolvere-il-problema-della-congestione-della-rete\/#respond"]}]},{"@type":"WebPage","@id":"https:\/\/www.article-marketing.eu\/comunicatistampa\/luigi-ferraris-cosi-il-gruppo-fs-vuole-risolvere-il-problema-della-congestione-della-rete\/","url":"https:\/\/www.article-marketing.eu\/comunicatistampa\/luigi-ferraris-cosi-il-gruppo-fs-vuole-risolvere-il-problema-della-congestione-della-rete\/","name":"Luigi Ferraris: \u201cCos\u00ec il Gruppo FS vuole risolvere il problema della congestione della rete\u201d","isPartOf":{"@id":"https:\/\/www.article-marketing.eu\/comunicatistampa\/#website"},"primaryImageOfPage":{"@id":"https:\/\/www.article-marketing.eu\/comunicatistampa\/luigi-ferraris-cosi-il-gruppo-fs-vuole-risolvere-il-problema-della-congestione-della-rete\/#primaryimage"},"image":{"@id":"https:\/\/www.article-marketing.eu\/comunicatistampa\/luigi-ferraris-cosi-il-gruppo-fs-vuole-risolvere-il-problema-della-congestione-della-rete\/#primaryimage"},"thumbnailUrl":"https:\/\/www.riflettorisu.it\/wp-content\/uploads\/2022\/10\/luigi-ferraris-ad-ferrovie.jpg","datePublished":"2024-05-28T11:17:57+00:00","author":{"@id":"https:\/\/www.article-marketing.eu\/comunicatistampa\/#\/schema\/person\/2fcaf8f8f3a9eef9eb7f27532d3ca458"},"description":"\u201c40% del fabbisogno energetico e neutralit\u00e0 al 2040\u201d: sotto la guida di Luigi Ferraris, il Gruppo FS sta attuando programmi ambiziosi","breadcrumb":{"@id":"https:\/\/www.article-marketing.eu\/comunicatistampa\/luigi-ferraris-cosi-il-gruppo-fs-vuole-risolvere-il-problema-della-congestione-della-rete\/#breadcrumb"},"inLanguage":"it-IT","potentialAction":[{"@type":"ReadAction","target":["https:\/\/www.article-marketing.eu\/comunicatistampa\/luigi-ferraris-cosi-il-gruppo-fs-vuole-risolvere-il-problema-della-congestione-della-rete\/"]}]},{"@type":"ImageObject","inLanguage":"it-IT","@id":"https:\/\/www.article-marketing.eu\/comunicatistampa\/luigi-ferraris-cosi-il-gruppo-fs-vuole-risolvere-il-problema-della-congestione-della-rete\/#primaryimage","url":"https:\/\/www.riflettorisu.it\/wp-content\/uploads\/2022\/10\/luigi-ferraris-ad-ferrovie.jpg","contentUrl":"https:\/\/www.riflettorisu.it\/wp-content\/uploads\/2022\/10\/luigi-ferraris-ad-ferrovie.jpg"},{"@type":"BreadcrumbList","@id":"https:\/\/www.article-marketing.eu\/comunicatistampa\/luigi-ferraris-cosi-il-gruppo-fs-vuole-risolvere-il-problema-della-congestione-della-rete\/#breadcrumb","itemListElement":[{"@type":"ListItem","position":1,"name":"Home","item":"https:\/\/www.article-marketing.eu\/comunicatistampa\/"},{"@type":"ListItem","position":2,"name":"Luigi Ferraris: \u201cCos\u00ec il Gruppo FS vuole risolvere il problema della congestione della rete\u201d"}]},{"@type":"WebSite","@id":"https:\/\/www.article-marketing.eu\/comunicatistampa\/#website","url":"https:\/\/www.article-marketing.eu\/comunicatistampa\/","name":"Article Marketing","description":"article marketing &amp; press release","potentialAction":[{"@type":"SearchAction","target":{"@type":"EntryPoint","urlTemplate":"https:\/\/www.article-marketing.eu\/comunicatistampa\/?s={search_term_string}"},"query-input":{"@type":"PropertyValueSpecification","valueRequired":true,"valueName":"search_term_string"}}],"inLanguage":"it-IT"},{"@type":"Person","@id":"https:\/\/www.article-marketing.eu\/comunicatistampa\/#\/schema\/person\/2fcaf8f8f3a9eef9eb7f27532d3ca458","name":"articolinews","image":{"@type":"ImageObject","inLanguage":"it-IT","@id":"https:\/\/secure.gravatar.com\/avatar\/9e2a264bab04e17dea24d937c9956304649a848cb73c46747a692ff1bdeb1cb7?s=96&d=mm&r=g","url":"https:\/\/secure.gravatar.com\/avatar\/9e2a264bab04e17dea24d937c9956304649a848cb73c46747a692ff1bdeb1cb7?s=96&d=mm&r=g","contentUrl":"https:\/\/secure.gravatar.com\/avatar\/9e2a264bab04e17dea24d937c9956304649a848cb73c46747a692ff1bdeb1cb7?s=96&d=mm&r=g","caption":"articolinews"},"url":"https:\/\/www.article-marketing.eu\/comunicatistampa\/author\/articolinews\/"}]}},"_links":{"self":[{"href":"https:\/\/www.article-marketing.eu\/comunicatistampa\/wp-json\/wp\/v2\/posts\/30826","targetHints":{"allow":["GET"]}}],"collection":[{"href":"https:\/\/www.article-marketing.eu\/comunicatistampa\/wp-json\/wp\/v2\/posts"}],"about":[{"href":"https:\/\/www.article-marketing.eu\/comunicatistampa\/wp-json\/wp\/v2\/types\/post"}],"author":[{"embeddable":true,"href":"https:\/\/www.article-marketing.eu\/comunicatistampa\/wp-json\/wp\/v2\/users\/6477"}],"replies":[{"embeddable":true,"href":"https:\/\/www.article-marketing.eu\/comunicatistampa\/wp-json\/wp\/v2\/comments?post=30826"}],"version-history":[{"count":2,"href":"https:\/\/www.article-marketing.eu\/comunicatistampa\/wp-json\/wp\/v2\/posts\/30826\/revisions"}],"predecessor-version":[{"id":30885,"href":"https:\/\/www.article-marketing.eu\/comunicatistampa\/wp-json\/wp\/v2\/posts\/30826\/revisions\/30885"}],"wp:attachment":[{"href":"https:\/\/www.article-marketing.eu\/comunicatistampa\/wp-json\/wp\/v2\/media?parent=30826"}],"wp:term":[{"taxonomy":"category","embeddable":true,"href":"https:\/\/www.article-marketing.eu\/comunicatistampa\/wp-json\/wp\/v2\/categories?post=30826"},{"taxonomy":"post_tag","embeddable":true,"href":"https:\/\/www.article-marketing.eu\/comunicatistampa\/wp-json\/wp\/v2\/tags?post=30826"}],"curies":[{"name":"wp","href":"https:\/\/api.w.org\/{rel}","templated":true}]}}