{"id":30830,"date":"2024-05-28T13:18:27","date_gmt":"2024-05-28T11:18:27","guid":{"rendered":"https:\/\/www.article-marketing.eu\/comunicatistampa\/?p=30830"},"modified":"2024-05-28T13:18:27","modified_gmt":"2024-05-28T11:18:27","slug":"claudio-descalzi-la-vision-di-eni-sul-futuro-dellenergia-nel-piano-strategico-2024-2027","status":"publish","type":"post","link":"https:\/\/www.article-marketing.eu\/comunicatistampa\/claudio-descalzi-la-vision-di-eni-sul-futuro-dellenergia-nel-piano-strategico-2024-2027\/","title":{"rendered":"Claudio Descalzi: la vision di Eni sul futuro dell\u2019energia nel Piano Strategico 2024-2027"},"content":{"rendered":"<p><em><strong><a title=\"Su Top Manager il profilo professionale di Claudio Descalzi\" href=\"https:\/\/www.topmanagers.it\/manager\/claudio_descalzi\" target=\"_blank\" rel=\"noopener\">Claudio Descalzi<\/a>: \u201cAffrontiamo le sfide poste dalla transizione energetica con la nostra strategia distintiva di crescita e creazione di valore, in grado di rispondere alle esigenze di sicurezza e competitivit\u00e0 delle forniture energetiche, conseguendo nel contempo gli obiettivi di decarbonizzazione\u201d.<\/strong><\/em><\/p>\n<p><a title=\"Visita il profilo Top Manager di Claudio Descalzi\" href=\"https:\/\/www.topmanagers.it\/manager\/claudio_descalzi\" target=\"_blank\" rel=\"noopener\"><img loading=\"lazy\" decoding=\"async\" src=\"https:\/\/www.topmanagers.it\/sharingfolder\/topmanager\/it\/managerprofilephoto\/photo\/claudiodescalzi-topmanager.jpg\" alt=\"Claudio Descalzi\" width=\"253\" height=\"200\" \/><\/a><\/p>\n<h2>Claudio Descalzi: il valore del Piano Strategico per il quadriennio 2024-2027<\/h2>\n<p>Nel presentarlo lo scorso 14 marzo, l\u2019AD <strong>Claudio Descalzi<\/strong> ha sottolineato come Eni con il Piano Strategico per il quadriennio 2024-2027 intenda cogliere le opportunit\u00e0 che il mercato energetico \u00e8 in grado di offrire massimizzando il valore per il Gruppo e i suoi investitori: alla base la consapevolezza che la transizione energetica possa essere realizzabile \u201c<em>se genera ritorni adeguati e sostenibili e pone le basi per nuove e profittevoli forme di business<\/em>\u201d, ha evidenziato l\u2019AD. \u201c<em>Affrontiamo le sfide poste dalla transizione energetica con la nostra strategia distintiva di crescita e creazione di valore, in grado di rispondere alle esigenze di sicurezza e competitivita\u0300 delle forniture energetiche, conseguendo nel contempo gli obiettivi di decarbonizzazione<\/em>\u201d: parole che riflettono i traguardi raggiunti ad oggi da Eni a partire dal significativo aumento della generazione di cassa \u201c<em>anche attraverso la diversificazione delle fonti, la riduzione dei rischi e l\u2019espansione in nuove aree di opportunita\u0300 legate alla transizione<\/em>\u201d. Il Gruppo guidato da <strong>Claudio Descalzi<\/strong> inoltre sta valorizzando il suo \u201c<em>ampio portafoglio di attivita\u0300 in modo disciplinato, bilanciando gli investimenti con maggiori ritorni per gli azionisti<\/em>\u201d: azioni che rendono Eni \u201c<em>ancora pi\u00f9 profittevole, meglio diversificata e con fondamentali piu\u0300 solidi, potenziando la remunerazione agli azionisti<\/em>\u201d.<\/p>\n<h2>Claudio Descalzi: Piano Strategico 2024-2027 di Eni, focus sui business legati alla transizione energetica<\/h2>\n<p>L\u2019AD <a title=\"Scopri il percorso professionale di Claudio Descalzi\" href=\"https:\/\/www.topmanagers.it\/manager\/claudio_descalzi\" target=\"_blank\" rel=\"noopener\">Claudio Descalzi<\/a>, parlando nel dettaglio del Piano Strategico 2024-2027, ha spiegato come i business legati alla transizione energetica siano \u201c<em>un\u2019opportunit\u00e0 significativa e diventeranno sempre pi\u00f9 rilevanti generando maggiore crescita per Eni, in termini di attivit\u00e0 e di ritorni<\/em>\u201d. Enilive, Plenitude, CCS e le attivit\u00e0 di Novamont\/biochimica rappresentano nel loro complesso \u201c<em>un portafoglio di soluzioni di business in grado di soddisfare la domanda di prodotti sempre pi\u00f9 decarbonizzati da parte dei nostri clienti<\/em>\u201d: business che diventeranno \u201c<em>leve di generazione di cassa sempre pi\u00f9 importanti<\/em>\u201d e contribuiranno a diversificare e accrescere in modo significativo il valore di Eni. \u201c<em>Enilive e Plenitude si sono affermate come attivit\u00e0 rilevanti nel nostro portafoglio; la CCS e la biochimica, con Novamont, sono attivit\u00e0 in rapida maturazione nelle quali abbiamo una posizione di leadership<\/em>\u201d. Ognuno dei business legati alla transizione, ha aggiunto <strong>Claudio Descalzi<\/strong>, \u00e8 \u201c<em>candidato ideale per il nostro modello satellitare, che consente di ridurre l\u2019impegno finanziario per la crescita e di esplicitare il loro valore di mercato<\/em>\u201d.<\/p>\n","protected":false},"excerpt":{"rendered":"<p>Claudio Descalzi: \u201cAffrontiamo le sfide poste dalla transizione energetica con la nostra strategia distintiva di crescita e creazione di valore, in grado di rispondere alle esigenze di sicurezza e competitivit\u00e0 delle forniture energetiche, conseguendo nel contempo gli obiettivi di decarbonizzazione\u201d. Claudio Descalzi: il valore del Piano Strategico per il quadriennio 2024-2027 Nel presentarlo lo scorso 14 marzo, l\u2019AD Claudio Descalzi ha sottolineato come Eni con il Piano Strategico per il<\/p>\n<p><a class=\"continue-reading\" href=\"https:\/\/www.article-marketing.eu\/comunicatistampa\/claudio-descalzi-la-vision-di-eni-sul-futuro-dellenergia-nel-piano-strategico-2024-2027\/\">Continue reading&#8230;<\/a><\/p>\n","protected":false},"author":6477,"featured_media":0,"comment_status":"open","ping_status":"open","sticky":false,"template":"","format":"standard","meta":{"_monsterinsights_skip_tracking":false,"_monsterinsights_sitenote_active":false,"_monsterinsights_sitenote_note":"","_monsterinsights_sitenote_category":0,"footnotes":""},"categories":[386],"tags":[9889],"class_list":["post-30830","post","type-post","status-publish","format-standard","hentry","category-economia-e-lavoro","tag-claudio-descalzi"],"yoast_head":"<!-- This site is optimized with the Yoast SEO plugin v27.3 - https:\/\/yoast.com\/product\/yoast-seo-wordpress\/ -->\n<title>Claudio Descalzi: la vision di Eni sul futuro dell\u2019energia nel Piano Strategico 2024-2027<\/title>\n<meta name=\"description\" content=\"La strategia di Eni affronta le sfide e ottimizza le opportunit\u00e0 offerte dal mercato: Claudio Descalzi presenta il Piano Strategico al 2027\" \/>\n<meta name=\"robots\" content=\"index, follow, max-snippet:-1, max-image-preview:large, max-video-preview:-1\" \/>\n<link rel=\"canonical\" href=\"https:\/\/www.article-marketing.eu\/comunicatistampa\/claudio-descalzi-la-vision-di-eni-sul-futuro-dellenergia-nel-piano-strategico-2024-2027\/\" \/>\n<meta property=\"og:locale\" content=\"it_IT\" \/>\n<meta property=\"og:type\" content=\"article\" \/>\n<meta property=\"og:title\" content=\"Claudio Descalzi: la vision di Eni sul futuro dell\u2019energia nel Piano Strategico 2024-2027\" \/>\n<meta property=\"og:description\" content=\"La strategia di Eni affronta le sfide e ottimizza le opportunit\u00e0 offerte dal mercato: Claudio Descalzi presenta il Piano Strategico al 2027\" \/>\n<meta property=\"og:url\" content=\"https:\/\/www.article-marketing.eu\/comunicatistampa\/claudio-descalzi-la-vision-di-eni-sul-futuro-dellenergia-nel-piano-strategico-2024-2027\/\" \/>\n<meta property=\"og:site_name\" content=\"Article Marketing\" \/>\n<meta property=\"article:published_time\" content=\"2024-05-28T11:18:27+00:00\" \/>\n<meta property=\"og:image\" content=\"https:\/\/www.topmanagers.it\/sharingfolder\/topmanager\/it\/managerprofilephoto\/photo\/claudiodescalzi-topmanager.jpg\" \/>\n<meta name=\"author\" content=\"articolinews\" \/>\n<meta name=\"twitter:card\" content=\"summary_large_image\" \/>\n<meta name=\"twitter:label1\" content=\"Scritto da\" \/>\n\t<meta name=\"twitter:data1\" content=\"articolinews\" \/>\n\t<meta name=\"twitter:label2\" content=\"Tempo di lettura stimato\" \/>\n\t<meta name=\"twitter:data2\" content=\"3 minuti\" \/>\n<script type=\"application\/ld+json\" class=\"yoast-schema-graph\">{\"@context\":\"https:\\\/\\\/schema.org\",\"@graph\":[{\"@type\":\"Article\",\"@id\":\"https:\\\/\\\/www.article-marketing.eu\\\/comunicatistampa\\\/claudio-descalzi-la-vision-di-eni-sul-futuro-dellenergia-nel-piano-strategico-2024-2027\\\/#article\",\"isPartOf\":{\"@id\":\"https:\\\/\\\/www.article-marketing.eu\\\/comunicatistampa\\\/claudio-descalzi-la-vision-di-eni-sul-futuro-dellenergia-nel-piano-strategico-2024-2027\\\/\"},\"author\":{\"name\":\"articolinews\",\"@id\":\"https:\\\/\\\/www.article-marketing.eu\\\/comunicatistampa\\\/#\\\/schema\\\/person\\\/2fcaf8f8f3a9eef9eb7f27532d3ca458\"},\"headline\":\"Claudio Descalzi: la vision di Eni sul futuro dell\u2019energia nel Piano Strategico 2024-2027\",\"datePublished\":\"2024-05-28T11:18:27+00:00\",\"mainEntityOfPage\":{\"@id\":\"https:\\\/\\\/www.article-marketing.eu\\\/comunicatistampa\\\/claudio-descalzi-la-vision-di-eni-sul-futuro-dellenergia-nel-piano-strategico-2024-2027\\\/\"},\"wordCount\":444,\"commentCount\":0,\"image\":{\"@id\":\"https:\\\/\\\/www.article-marketing.eu\\\/comunicatistampa\\\/claudio-descalzi-la-vision-di-eni-sul-futuro-dellenergia-nel-piano-strategico-2024-2027\\\/#primaryimage\"},\"thumbnailUrl\":\"https:\\\/\\\/www.topmanagers.it\\\/sharingfolder\\\/topmanager\\\/it\\\/managerprofilephoto\\\/photo\\\/claudiodescalzi-topmanager.jpg\",\"keywords\":[\"Claudio Descalzi\"],\"articleSection\":[\"Economia e lavoro\"],\"inLanguage\":\"it-IT\",\"potentialAction\":[{\"@type\":\"CommentAction\",\"name\":\"Comment\",\"target\":[\"https:\\\/\\\/www.article-marketing.eu\\\/comunicatistampa\\\/claudio-descalzi-la-vision-di-eni-sul-futuro-dellenergia-nel-piano-strategico-2024-2027\\\/#respond\"]}]},{\"@type\":\"WebPage\",\"@id\":\"https:\\\/\\\/www.article-marketing.eu\\\/comunicatistampa\\\/claudio-descalzi-la-vision-di-eni-sul-futuro-dellenergia-nel-piano-strategico-2024-2027\\\/\",\"url\":\"https:\\\/\\\/www.article-marketing.eu\\\/comunicatistampa\\\/claudio-descalzi-la-vision-di-eni-sul-futuro-dellenergia-nel-piano-strategico-2024-2027\\\/\",\"name\":\"Claudio Descalzi: la vision di Eni sul futuro dell\u2019energia nel Piano Strategico 2024-2027\",\"isPartOf\":{\"@id\":\"https:\\\/\\\/www.article-marketing.eu\\\/comunicatistampa\\\/#website\"},\"primaryImageOfPage\":{\"@id\":\"https:\\\/\\\/www.article-marketing.eu\\\/comunicatistampa\\\/claudio-descalzi-la-vision-di-eni-sul-futuro-dellenergia-nel-piano-strategico-2024-2027\\\/#primaryimage\"},\"image\":{\"@id\":\"https:\\\/\\\/www.article-marketing.eu\\\/comunicatistampa\\\/claudio-descalzi-la-vision-di-eni-sul-futuro-dellenergia-nel-piano-strategico-2024-2027\\\/#primaryimage\"},\"thumbnailUrl\":\"https:\\\/\\\/www.topmanagers.it\\\/sharingfolder\\\/topmanager\\\/it\\\/managerprofilephoto\\\/photo\\\/claudiodescalzi-topmanager.jpg\",\"datePublished\":\"2024-05-28T11:18:27+00:00\",\"author\":{\"@id\":\"https:\\\/\\\/www.article-marketing.eu\\\/comunicatistampa\\\/#\\\/schema\\\/person\\\/2fcaf8f8f3a9eef9eb7f27532d3ca458\"},\"description\":\"La strategia di Eni affronta le sfide e ottimizza le opportunit\u00e0 offerte dal mercato: Claudio Descalzi presenta il Piano Strategico al 2027\",\"breadcrumb\":{\"@id\":\"https:\\\/\\\/www.article-marketing.eu\\\/comunicatistampa\\\/claudio-descalzi-la-vision-di-eni-sul-futuro-dellenergia-nel-piano-strategico-2024-2027\\\/#breadcrumb\"},\"inLanguage\":\"it-IT\",\"potentialAction\":[{\"@type\":\"ReadAction\",\"target\":[\"https:\\\/\\\/www.article-marketing.eu\\\/comunicatistampa\\\/claudio-descalzi-la-vision-di-eni-sul-futuro-dellenergia-nel-piano-strategico-2024-2027\\\/\"]}]},{\"@type\":\"ImageObject\",\"inLanguage\":\"it-IT\",\"@id\":\"https:\\\/\\\/www.article-marketing.eu\\\/comunicatistampa\\\/claudio-descalzi-la-vision-di-eni-sul-futuro-dellenergia-nel-piano-strategico-2024-2027\\\/#primaryimage\",\"url\":\"https:\\\/\\\/www.topmanagers.it\\\/sharingfolder\\\/topmanager\\\/it\\\/managerprofilephoto\\\/photo\\\/claudiodescalzi-topmanager.jpg\",\"contentUrl\":\"https:\\\/\\\/www.topmanagers.it\\\/sharingfolder\\\/topmanager\\\/it\\\/managerprofilephoto\\\/photo\\\/claudiodescalzi-topmanager.jpg\"},{\"@type\":\"BreadcrumbList\",\"@id\":\"https:\\\/\\\/www.article-marketing.eu\\\/comunicatistampa\\\/claudio-descalzi-la-vision-di-eni-sul-futuro-dellenergia-nel-piano-strategico-2024-2027\\\/#breadcrumb\",\"itemListElement\":[{\"@type\":\"ListItem\",\"position\":1,\"name\":\"Home\",\"item\":\"https:\\\/\\\/www.article-marketing.eu\\\/comunicatistampa\\\/\"},{\"@type\":\"ListItem\",\"position\":2,\"name\":\"Claudio Descalzi: la vision di Eni sul futuro dell\u2019energia nel Piano Strategico 2024-2027\"}]},{\"@type\":\"WebSite\",\"@id\":\"https:\\\/\\\/www.article-marketing.eu\\\/comunicatistampa\\\/#website\",\"url\":\"https:\\\/\\\/www.article-marketing.eu\\\/comunicatistampa\\\/\",\"name\":\"Article Marketing\",\"description\":\"article marketing &amp; press release\",\"potentialAction\":[{\"@type\":\"SearchAction\",\"target\":{\"@type\":\"EntryPoint\",\"urlTemplate\":\"https:\\\/\\\/www.article-marketing.eu\\\/comunicatistampa\\\/?s={search_term_string}\"},\"query-input\":{\"@type\":\"PropertyValueSpecification\",\"valueRequired\":true,\"valueName\":\"search_term_string\"}}],\"inLanguage\":\"it-IT\"},{\"@type\":\"Person\",\"@id\":\"https:\\\/\\\/www.article-marketing.eu\\\/comunicatistampa\\\/#\\\/schema\\\/person\\\/2fcaf8f8f3a9eef9eb7f27532d3ca458\",\"name\":\"articolinews\",\"image\":{\"@type\":\"ImageObject\",\"inLanguage\":\"it-IT\",\"@id\":\"https:\\\/\\\/secure.gravatar.com\\\/avatar\\\/9e2a264bab04e17dea24d937c9956304649a848cb73c46747a692ff1bdeb1cb7?s=96&d=mm&r=g\",\"url\":\"https:\\\/\\\/secure.gravatar.com\\\/avatar\\\/9e2a264bab04e17dea24d937c9956304649a848cb73c46747a692ff1bdeb1cb7?s=96&d=mm&r=g\",\"contentUrl\":\"https:\\\/\\\/secure.gravatar.com\\\/avatar\\\/9e2a264bab04e17dea24d937c9956304649a848cb73c46747a692ff1bdeb1cb7?s=96&d=mm&r=g\",\"caption\":\"articolinews\"},\"url\":\"https:\\\/\\\/www.article-marketing.eu\\\/comunicatistampa\\\/author\\\/articolinews\\\/\"}]}<\/script>\n<!-- \/ Yoast SEO plugin. -->","yoast_head_json":{"title":"Claudio Descalzi: la vision di Eni sul futuro dell\u2019energia nel Piano Strategico 2024-2027","description":"La strategia di Eni affronta le sfide e ottimizza le opportunit\u00e0 offerte dal mercato: Claudio Descalzi presenta il Piano Strategico al 2027","robots":{"index":"index","follow":"follow","max-snippet":"max-snippet:-1","max-image-preview":"max-image-preview:large","max-video-preview":"max-video-preview:-1"},"canonical":"https:\/\/www.article-marketing.eu\/comunicatistampa\/claudio-descalzi-la-vision-di-eni-sul-futuro-dellenergia-nel-piano-strategico-2024-2027\/","og_locale":"it_IT","og_type":"article","og_title":"Claudio Descalzi: la vision di Eni sul futuro dell\u2019energia nel Piano Strategico 2024-2027","og_description":"La strategia di Eni affronta le sfide e ottimizza le opportunit\u00e0 offerte dal mercato: Claudio Descalzi presenta il Piano Strategico al 2027","og_url":"https:\/\/www.article-marketing.eu\/comunicatistampa\/claudio-descalzi-la-vision-di-eni-sul-futuro-dellenergia-nel-piano-strategico-2024-2027\/","og_site_name":"Article Marketing","article_published_time":"2024-05-28T11:18:27+00:00","og_image":[{"url":"https:\/\/www.topmanagers.it\/sharingfolder\/topmanager\/it\/managerprofilephoto\/photo\/claudiodescalzi-topmanager.jpg","type":"","width":"","height":""}],"author":"articolinews","twitter_card":"summary_large_image","twitter_misc":{"Scritto da":"articolinews","Tempo di lettura stimato":"3 minuti"},"schema":{"@context":"https:\/\/schema.org","@graph":[{"@type":"Article","@id":"https:\/\/www.article-marketing.eu\/comunicatistampa\/claudio-descalzi-la-vision-di-eni-sul-futuro-dellenergia-nel-piano-strategico-2024-2027\/#article","isPartOf":{"@id":"https:\/\/www.article-marketing.eu\/comunicatistampa\/claudio-descalzi-la-vision-di-eni-sul-futuro-dellenergia-nel-piano-strategico-2024-2027\/"},"author":{"name":"articolinews","@id":"https:\/\/www.article-marketing.eu\/comunicatistampa\/#\/schema\/person\/2fcaf8f8f3a9eef9eb7f27532d3ca458"},"headline":"Claudio Descalzi: la vision di Eni sul futuro dell\u2019energia nel Piano Strategico 2024-2027","datePublished":"2024-05-28T11:18:27+00:00","mainEntityOfPage":{"@id":"https:\/\/www.article-marketing.eu\/comunicatistampa\/claudio-descalzi-la-vision-di-eni-sul-futuro-dellenergia-nel-piano-strategico-2024-2027\/"},"wordCount":444,"commentCount":0,"image":{"@id":"https:\/\/www.article-marketing.eu\/comunicatistampa\/claudio-descalzi-la-vision-di-eni-sul-futuro-dellenergia-nel-piano-strategico-2024-2027\/#primaryimage"},"thumbnailUrl":"https:\/\/www.topmanagers.it\/sharingfolder\/topmanager\/it\/managerprofilephoto\/photo\/claudiodescalzi-topmanager.jpg","keywords":["Claudio Descalzi"],"articleSection":["Economia e lavoro"],"inLanguage":"it-IT","potentialAction":[{"@type":"CommentAction","name":"Comment","target":["https:\/\/www.article-marketing.eu\/comunicatistampa\/claudio-descalzi-la-vision-di-eni-sul-futuro-dellenergia-nel-piano-strategico-2024-2027\/#respond"]}]},{"@type":"WebPage","@id":"https:\/\/www.article-marketing.eu\/comunicatistampa\/claudio-descalzi-la-vision-di-eni-sul-futuro-dellenergia-nel-piano-strategico-2024-2027\/","url":"https:\/\/www.article-marketing.eu\/comunicatistampa\/claudio-descalzi-la-vision-di-eni-sul-futuro-dellenergia-nel-piano-strategico-2024-2027\/","name":"Claudio Descalzi: la vision di Eni sul futuro dell\u2019energia nel Piano Strategico 2024-2027","isPartOf":{"@id":"https:\/\/www.article-marketing.eu\/comunicatistampa\/#website"},"primaryImageOfPage":{"@id":"https:\/\/www.article-marketing.eu\/comunicatistampa\/claudio-descalzi-la-vision-di-eni-sul-futuro-dellenergia-nel-piano-strategico-2024-2027\/#primaryimage"},"image":{"@id":"https:\/\/www.article-marketing.eu\/comunicatistampa\/claudio-descalzi-la-vision-di-eni-sul-futuro-dellenergia-nel-piano-strategico-2024-2027\/#primaryimage"},"thumbnailUrl":"https:\/\/www.topmanagers.it\/sharingfolder\/topmanager\/it\/managerprofilephoto\/photo\/claudiodescalzi-topmanager.jpg","datePublished":"2024-05-28T11:18:27+00:00","author":{"@id":"https:\/\/www.article-marketing.eu\/comunicatistampa\/#\/schema\/person\/2fcaf8f8f3a9eef9eb7f27532d3ca458"},"description":"La strategia di Eni affronta le sfide e ottimizza le opportunit\u00e0 offerte dal mercato: Claudio Descalzi presenta il Piano Strategico al 2027","breadcrumb":{"@id":"https:\/\/www.article-marketing.eu\/comunicatistampa\/claudio-descalzi-la-vision-di-eni-sul-futuro-dellenergia-nel-piano-strategico-2024-2027\/#breadcrumb"},"inLanguage":"it-IT","potentialAction":[{"@type":"ReadAction","target":["https:\/\/www.article-marketing.eu\/comunicatistampa\/claudio-descalzi-la-vision-di-eni-sul-futuro-dellenergia-nel-piano-strategico-2024-2027\/"]}]},{"@type":"ImageObject","inLanguage":"it-IT","@id":"https:\/\/www.article-marketing.eu\/comunicatistampa\/claudio-descalzi-la-vision-di-eni-sul-futuro-dellenergia-nel-piano-strategico-2024-2027\/#primaryimage","url":"https:\/\/www.topmanagers.it\/sharingfolder\/topmanager\/it\/managerprofilephoto\/photo\/claudiodescalzi-topmanager.jpg","contentUrl":"https:\/\/www.topmanagers.it\/sharingfolder\/topmanager\/it\/managerprofilephoto\/photo\/claudiodescalzi-topmanager.jpg"},{"@type":"BreadcrumbList","@id":"https:\/\/www.article-marketing.eu\/comunicatistampa\/claudio-descalzi-la-vision-di-eni-sul-futuro-dellenergia-nel-piano-strategico-2024-2027\/#breadcrumb","itemListElement":[{"@type":"ListItem","position":1,"name":"Home","item":"https:\/\/www.article-marketing.eu\/comunicatistampa\/"},{"@type":"ListItem","position":2,"name":"Claudio Descalzi: la vision di Eni sul futuro dell\u2019energia nel Piano Strategico 2024-2027"}]},{"@type":"WebSite","@id":"https:\/\/www.article-marketing.eu\/comunicatistampa\/#website","url":"https:\/\/www.article-marketing.eu\/comunicatistampa\/","name":"Article Marketing","description":"article marketing &amp; press release","potentialAction":[{"@type":"SearchAction","target":{"@type":"EntryPoint","urlTemplate":"https:\/\/www.article-marketing.eu\/comunicatistampa\/?s={search_term_string}"},"query-input":{"@type":"PropertyValueSpecification","valueRequired":true,"valueName":"search_term_string"}}],"inLanguage":"it-IT"},{"@type":"Person","@id":"https:\/\/www.article-marketing.eu\/comunicatistampa\/#\/schema\/person\/2fcaf8f8f3a9eef9eb7f27532d3ca458","name":"articolinews","image":{"@type":"ImageObject","inLanguage":"it-IT","@id":"https:\/\/secure.gravatar.com\/avatar\/9e2a264bab04e17dea24d937c9956304649a848cb73c46747a692ff1bdeb1cb7?s=96&d=mm&r=g","url":"https:\/\/secure.gravatar.com\/avatar\/9e2a264bab04e17dea24d937c9956304649a848cb73c46747a692ff1bdeb1cb7?s=96&d=mm&r=g","contentUrl":"https:\/\/secure.gravatar.com\/avatar\/9e2a264bab04e17dea24d937c9956304649a848cb73c46747a692ff1bdeb1cb7?s=96&d=mm&r=g","caption":"articolinews"},"url":"https:\/\/www.article-marketing.eu\/comunicatistampa\/author\/articolinews\/"}]}},"_links":{"self":[{"href":"https:\/\/www.article-marketing.eu\/comunicatistampa\/wp-json\/wp\/v2\/posts\/30830","targetHints":{"allow":["GET"]}}],"collection":[{"href":"https:\/\/www.article-marketing.eu\/comunicatistampa\/wp-json\/wp\/v2\/posts"}],"about":[{"href":"https:\/\/www.article-marketing.eu\/comunicatistampa\/wp-json\/wp\/v2\/types\/post"}],"author":[{"embeddable":true,"href":"https:\/\/www.article-marketing.eu\/comunicatistampa\/wp-json\/wp\/v2\/users\/6477"}],"replies":[{"embeddable":true,"href":"https:\/\/www.article-marketing.eu\/comunicatistampa\/wp-json\/wp\/v2\/comments?post=30830"}],"version-history":[{"count":2,"href":"https:\/\/www.article-marketing.eu\/comunicatistampa\/wp-json\/wp\/v2\/posts\/30830\/revisions"}],"predecessor-version":[{"id":30887,"href":"https:\/\/www.article-marketing.eu\/comunicatistampa\/wp-json\/wp\/v2\/posts\/30830\/revisions\/30887"}],"wp:attachment":[{"href":"https:\/\/www.article-marketing.eu\/comunicatistampa\/wp-json\/wp\/v2\/media?parent=30830"}],"wp:term":[{"taxonomy":"category","embeddable":true,"href":"https:\/\/www.article-marketing.eu\/comunicatistampa\/wp-json\/wp\/v2\/categories?post=30830"},{"taxonomy":"post_tag","embeddable":true,"href":"https:\/\/www.article-marketing.eu\/comunicatistampa\/wp-json\/wp\/v2\/tags?post=30830"}],"curies":[{"name":"wp","href":"https:\/\/api.w.org\/{rel}","templated":true}]}}