{"id":30845,"date":"2024-05-28T13:21:20","date_gmt":"2024-05-28T11:21:20","guid":{"rendered":"https:\/\/www.article-marketing.eu\/comunicatistampa\/?p=30845"},"modified":"2024-05-28T13:21:20","modified_gmt":"2024-05-28T11:21:20","slug":"il-contributo-di-gruppo-riva-alla-storia-della-siderurgia-europea","status":"publish","type":"post","link":"https:\/\/www.article-marketing.eu\/comunicatistampa\/il-contributo-di-gruppo-riva-alla-storia-della-siderurgia-europea\/","title":{"rendered":"Il contributo di Gruppo Riva alla storia della siderurgia europea"},"content":{"rendered":"<p><em><strong>Nel cuore dell\u2019Italia del dopoguerra, Emilio Riva e il fratello Adriano intravidero un\u2019opportunit\u00e0 straordinaria: la siderurgia. Era il periodo del \u201cmiracolo economico\u201d, un\u2019epoca di rinascita per l\u2019Italia. Da un modesto inizio nel commercio di rottami ferrosi, <a title=\"La storia del Gruppo Riva su Professionisti e Aziende\" href=\"https:\/\/www.professionistieaziende.it\/gruppo-riva\/gruppo-riva.php\" target=\"_blank\" rel=\"noopener\">Gruppo Riva<\/a> \u00e8 diventato in pochi decenni uno dei principali gruppi siderurgici del Vecchio Continente.<\/strong><\/em><\/p>\n<p><a title=\"Il profilo storico del Gruppo Riva\" href=\"https:\/\/www.professionistieaziende.it\/gruppo-riva\/gruppo-riva.php\" target=\"_blank\" rel=\"noopener\"><img loading=\"lazy\" decoding=\"async\" src=\"https:\/\/www.professionistieaziende.it\/gruppo-riva\/gruppo-riva.jpg\" alt=\"Gruppo Riva\" width=\"200\" height=\"200\" \/><\/a><\/p>\n<h2>Gruppo Riva negli anni \u201860 e \u201870: innovazione e crescita nel panorama siderurgico europeo<\/h2>\n<p>Negli anni \u201860, la concorrenza internazionale crescente, sostenuta dalle miniacciaierie e dalla tecnologia del forno elettrico ad arco, rappresent\u00f2 una sfida significativa per l\u2019industria siderurgica italiana. Emilio Riva riconobbe l\u2019importanza dell\u2019innovazione e dell\u2019investimento in ricerca. Fu cos\u00ec che nel 1964 <strong>Gruppo Riva<\/strong> introdusse in Italia la colata continua curva a tre linee, un passo rivoluzionario che miglior\u00f2 la resa produttiva e ridusse i costi. La nuova tecnologia permise di produrre acciaio di alta qualit\u00e0 in modo pi\u00f9 efficiente, facendo arrivare l\u2019azienda a una posizione di leadership sul mercato. Ma il Gruppo non si ferm\u00f2 alla sola innovazione tecnologica. Negli anni \u201860 e \u201870, attraverso una serie di acquisizioni mirate in Italia e all\u2019estero, Gruppo Riva ampli\u00f2 ulteriormente la propria presenza e la gamma dei suoi prodotti.<\/p>\n<h2>Gruppo Riva tra espansione globale e impegno verso la sostenibilit\u00e0<\/h2>\n<p>L\u2019espansione internazionale di <a title=\"Scopri la storia del Gruppo Riva\" href=\"https:\/\/www.professionistieaziende.it\/gruppo-riva\/gruppo-riva.php\" target=\"_blank\" rel=\"noopener\">Gruppo Riva<\/a> fu accompagnata da un impegno costante verso l\u2019innovazione e la ricerca. Gli investimenti in nuove tecnologie, l\u2019automazione dei processi produttivi e l\u2019esplorazione di nuove fonti di approvvigionamento del rottame contribuirono al continuo successo e alla crescita dell\u2019azienda. Gli anni \u201880 e \u201890 furono periodi di ulteriore espansione per il Gruppo, con acquisizioni in Belgio, Germania, Francia, Spagna e Canada. La produzione annua di acciaio aument\u00f2 notevolmente, superando i 5,8 milioni di tonnellate nel 1994 e raggiungendo 14,6 milioni di tonnellate nel 1995. Nel corso degli anni, nonostante la crescita e il successo, <strong>Gruppo Riva<\/strong> \u00e8 sempre rimasto fedele ai suoi valori fondamentali, tra cui la sostenibilit\u00e0. A gennaio 2023, ha integrato alla sua rete 4 centri di raccolta e 4 strutture per la selezione e la frantumazione dei rottami metallici. Questi nuovi siti operativi sono stati organizzati sotto il nome della societ\u00e0 TRENTETROIS, permettendo al Gruppo di avanzare verso una maggiore indipendenza nella gestione del ciclo di riciclo dell\u2019acciaio, confermando il suo impegno verso un ciclo produttivo pi\u00f9 sostenibile.<\/p>\n","protected":false},"excerpt":{"rendered":"<p>Nel cuore dell\u2019Italia del dopoguerra, Emilio Riva e il fratello Adriano intravidero un\u2019opportunit\u00e0 straordinaria: la siderurgia. Era il periodo del \u201cmiracolo economico\u201d, un\u2019epoca di rinascita per l\u2019Italia. Da un modesto inizio nel commercio di rottami ferrosi, Gruppo Riva \u00e8 diventato in pochi decenni uno dei principali gruppi siderurgici del Vecchio Continente. Gruppo Riva negli anni \u201860 e \u201870: innovazione e crescita nel panorama siderurgico europeo Negli anni \u201860, la concorrenza<\/p>\n<p><a class=\"continue-reading\" href=\"https:\/\/www.article-marketing.eu\/comunicatistampa\/il-contributo-di-gruppo-riva-alla-storia-della-siderurgia-europea\/\">Continue reading&#8230;<\/a><\/p>\n","protected":false},"author":6477,"featured_media":0,"comment_status":"open","ping_status":"open","sticky":false,"template":"","format":"standard","meta":{"_monsterinsights_skip_tracking":false,"_monsterinsights_sitenote_active":false,"_monsterinsights_sitenote_note":"","_monsterinsights_sitenote_category":0,"footnotes":""},"categories":[388],"tags":[9332],"class_list":["post-30845","post","type-post","status-publish","format-standard","hentry","category-aziende","tag-gruppo-riva"],"yoast_head":"<!-- This site is optimized with the Yoast SEO plugin v27.3 - https:\/\/yoast.com\/product\/yoast-seo-wordpress\/ -->\n<title>Il contributo di Gruppo Riva alla storia della siderurgia europea - Article Marketing<\/title>\n<meta name=\"description\" content=\"Negli anni \u201860 e \u201870, Gruppo Riva affronta la sfida della concorrenza internazionale con innovazioni tecnologiche e acquisizioni strategiche\" \/>\n<meta name=\"robots\" content=\"index, follow, max-snippet:-1, max-image-preview:large, max-video-preview:-1\" \/>\n<link rel=\"canonical\" href=\"https:\/\/www.article-marketing.eu\/comunicatistampa\/il-contributo-di-gruppo-riva-alla-storia-della-siderurgia-europea\/\" \/>\n<meta property=\"og:locale\" content=\"it_IT\" \/>\n<meta property=\"og:type\" content=\"article\" \/>\n<meta property=\"og:title\" content=\"Il contributo di Gruppo Riva alla storia della siderurgia europea - Article Marketing\" \/>\n<meta property=\"og:description\" content=\"Negli anni \u201860 e \u201870, Gruppo Riva affronta la sfida della concorrenza internazionale con innovazioni tecnologiche e acquisizioni strategiche\" \/>\n<meta property=\"og:url\" content=\"https:\/\/www.article-marketing.eu\/comunicatistampa\/il-contributo-di-gruppo-riva-alla-storia-della-siderurgia-europea\/\" \/>\n<meta property=\"og:site_name\" content=\"Article Marketing\" \/>\n<meta property=\"article:published_time\" content=\"2024-05-28T11:21:20+00:00\" \/>\n<meta property=\"og:image\" content=\"https:\/\/www.professionistieaziende.it\/gruppo-riva\/gruppo-riva.jpg\" \/>\n<meta name=\"author\" content=\"articolinews\" \/>\n<meta name=\"twitter:card\" content=\"summary_large_image\" \/>\n<meta name=\"twitter:label1\" content=\"Scritto da\" \/>\n\t<meta name=\"twitter:data1\" content=\"articolinews\" \/>\n\t<meta name=\"twitter:label2\" content=\"Tempo di lettura stimato\" \/>\n\t<meta name=\"twitter:data2\" content=\"3 minuti\" \/>\n<script type=\"application\/ld+json\" class=\"yoast-schema-graph\">{\"@context\":\"https:\\\/\\\/schema.org\",\"@graph\":[{\"@type\":\"Article\",\"@id\":\"https:\\\/\\\/www.article-marketing.eu\\\/comunicatistampa\\\/il-contributo-di-gruppo-riva-alla-storia-della-siderurgia-europea\\\/#article\",\"isPartOf\":{\"@id\":\"https:\\\/\\\/www.article-marketing.eu\\\/comunicatistampa\\\/il-contributo-di-gruppo-riva-alla-storia-della-siderurgia-europea\\\/\"},\"author\":{\"name\":\"articolinews\",\"@id\":\"https:\\\/\\\/www.article-marketing.eu\\\/comunicatistampa\\\/#\\\/schema\\\/person\\\/2fcaf8f8f3a9eef9eb7f27532d3ca458\"},\"headline\":\"Il contributo di Gruppo Riva alla storia della siderurgia europea\",\"datePublished\":\"2024-05-28T11:21:20+00:00\",\"mainEntityOfPage\":{\"@id\":\"https:\\\/\\\/www.article-marketing.eu\\\/comunicatistampa\\\/il-contributo-di-gruppo-riva-alla-storia-della-siderurgia-europea\\\/\"},\"wordCount\":384,\"commentCount\":0,\"image\":{\"@id\":\"https:\\\/\\\/www.article-marketing.eu\\\/comunicatistampa\\\/il-contributo-di-gruppo-riva-alla-storia-della-siderurgia-europea\\\/#primaryimage\"},\"thumbnailUrl\":\"https:\\\/\\\/www.professionistieaziende.it\\\/gruppo-riva\\\/gruppo-riva.jpg\",\"keywords\":[\"Gruppo Riva\"],\"articleSection\":[\"Aziende\"],\"inLanguage\":\"it-IT\",\"potentialAction\":[{\"@type\":\"CommentAction\",\"name\":\"Comment\",\"target\":[\"https:\\\/\\\/www.article-marketing.eu\\\/comunicatistampa\\\/il-contributo-di-gruppo-riva-alla-storia-della-siderurgia-europea\\\/#respond\"]}]},{\"@type\":\"WebPage\",\"@id\":\"https:\\\/\\\/www.article-marketing.eu\\\/comunicatistampa\\\/il-contributo-di-gruppo-riva-alla-storia-della-siderurgia-europea\\\/\",\"url\":\"https:\\\/\\\/www.article-marketing.eu\\\/comunicatistampa\\\/il-contributo-di-gruppo-riva-alla-storia-della-siderurgia-europea\\\/\",\"name\":\"Il contributo di Gruppo Riva alla storia della siderurgia europea - Article Marketing\",\"isPartOf\":{\"@id\":\"https:\\\/\\\/www.article-marketing.eu\\\/comunicatistampa\\\/#website\"},\"primaryImageOfPage\":{\"@id\":\"https:\\\/\\\/www.article-marketing.eu\\\/comunicatistampa\\\/il-contributo-di-gruppo-riva-alla-storia-della-siderurgia-europea\\\/#primaryimage\"},\"image\":{\"@id\":\"https:\\\/\\\/www.article-marketing.eu\\\/comunicatistampa\\\/il-contributo-di-gruppo-riva-alla-storia-della-siderurgia-europea\\\/#primaryimage\"},\"thumbnailUrl\":\"https:\\\/\\\/www.professionistieaziende.it\\\/gruppo-riva\\\/gruppo-riva.jpg\",\"datePublished\":\"2024-05-28T11:21:20+00:00\",\"author\":{\"@id\":\"https:\\\/\\\/www.article-marketing.eu\\\/comunicatistampa\\\/#\\\/schema\\\/person\\\/2fcaf8f8f3a9eef9eb7f27532d3ca458\"},\"description\":\"Negli anni \u201860 e \u201870, Gruppo Riva affronta la sfida della concorrenza internazionale con innovazioni tecnologiche e acquisizioni strategiche\",\"breadcrumb\":{\"@id\":\"https:\\\/\\\/www.article-marketing.eu\\\/comunicatistampa\\\/il-contributo-di-gruppo-riva-alla-storia-della-siderurgia-europea\\\/#breadcrumb\"},\"inLanguage\":\"it-IT\",\"potentialAction\":[{\"@type\":\"ReadAction\",\"target\":[\"https:\\\/\\\/www.article-marketing.eu\\\/comunicatistampa\\\/il-contributo-di-gruppo-riva-alla-storia-della-siderurgia-europea\\\/\"]}]},{\"@type\":\"ImageObject\",\"inLanguage\":\"it-IT\",\"@id\":\"https:\\\/\\\/www.article-marketing.eu\\\/comunicatistampa\\\/il-contributo-di-gruppo-riva-alla-storia-della-siderurgia-europea\\\/#primaryimage\",\"url\":\"https:\\\/\\\/www.professionistieaziende.it\\\/gruppo-riva\\\/gruppo-riva.jpg\",\"contentUrl\":\"https:\\\/\\\/www.professionistieaziende.it\\\/gruppo-riva\\\/gruppo-riva.jpg\"},{\"@type\":\"BreadcrumbList\",\"@id\":\"https:\\\/\\\/www.article-marketing.eu\\\/comunicatistampa\\\/il-contributo-di-gruppo-riva-alla-storia-della-siderurgia-europea\\\/#breadcrumb\",\"itemListElement\":[{\"@type\":\"ListItem\",\"position\":1,\"name\":\"Home\",\"item\":\"https:\\\/\\\/www.article-marketing.eu\\\/comunicatistampa\\\/\"},{\"@type\":\"ListItem\",\"position\":2,\"name\":\"Il contributo di Gruppo Riva alla storia della siderurgia europea\"}]},{\"@type\":\"WebSite\",\"@id\":\"https:\\\/\\\/www.article-marketing.eu\\\/comunicatistampa\\\/#website\",\"url\":\"https:\\\/\\\/www.article-marketing.eu\\\/comunicatistampa\\\/\",\"name\":\"Article Marketing\",\"description\":\"article marketing &amp; press release\",\"potentialAction\":[{\"@type\":\"SearchAction\",\"target\":{\"@type\":\"EntryPoint\",\"urlTemplate\":\"https:\\\/\\\/www.article-marketing.eu\\\/comunicatistampa\\\/?s={search_term_string}\"},\"query-input\":{\"@type\":\"PropertyValueSpecification\",\"valueRequired\":true,\"valueName\":\"search_term_string\"}}],\"inLanguage\":\"it-IT\"},{\"@type\":\"Person\",\"@id\":\"https:\\\/\\\/www.article-marketing.eu\\\/comunicatistampa\\\/#\\\/schema\\\/person\\\/2fcaf8f8f3a9eef9eb7f27532d3ca458\",\"name\":\"articolinews\",\"image\":{\"@type\":\"ImageObject\",\"inLanguage\":\"it-IT\",\"@id\":\"https:\\\/\\\/secure.gravatar.com\\\/avatar\\\/9e2a264bab04e17dea24d937c9956304649a848cb73c46747a692ff1bdeb1cb7?s=96&d=mm&r=g\",\"url\":\"https:\\\/\\\/secure.gravatar.com\\\/avatar\\\/9e2a264bab04e17dea24d937c9956304649a848cb73c46747a692ff1bdeb1cb7?s=96&d=mm&r=g\",\"contentUrl\":\"https:\\\/\\\/secure.gravatar.com\\\/avatar\\\/9e2a264bab04e17dea24d937c9956304649a848cb73c46747a692ff1bdeb1cb7?s=96&d=mm&r=g\",\"caption\":\"articolinews\"},\"url\":\"https:\\\/\\\/www.article-marketing.eu\\\/comunicatistampa\\\/author\\\/articolinews\\\/\"}]}<\/script>\n<!-- \/ Yoast SEO plugin. -->","yoast_head_json":{"title":"Il contributo di Gruppo Riva alla storia della siderurgia europea - Article Marketing","description":"Negli anni \u201860 e \u201870, Gruppo Riva affronta la sfida della concorrenza internazionale con innovazioni tecnologiche e acquisizioni strategiche","robots":{"index":"index","follow":"follow","max-snippet":"max-snippet:-1","max-image-preview":"max-image-preview:large","max-video-preview":"max-video-preview:-1"},"canonical":"https:\/\/www.article-marketing.eu\/comunicatistampa\/il-contributo-di-gruppo-riva-alla-storia-della-siderurgia-europea\/","og_locale":"it_IT","og_type":"article","og_title":"Il contributo di Gruppo Riva alla storia della siderurgia europea - Article Marketing","og_description":"Negli anni \u201860 e \u201870, Gruppo Riva affronta la sfida della concorrenza internazionale con innovazioni tecnologiche e acquisizioni strategiche","og_url":"https:\/\/www.article-marketing.eu\/comunicatistampa\/il-contributo-di-gruppo-riva-alla-storia-della-siderurgia-europea\/","og_site_name":"Article Marketing","article_published_time":"2024-05-28T11:21:20+00:00","og_image":[{"url":"https:\/\/www.professionistieaziende.it\/gruppo-riva\/gruppo-riva.jpg","type":"","width":"","height":""}],"author":"articolinews","twitter_card":"summary_large_image","twitter_misc":{"Scritto da":"articolinews","Tempo di lettura stimato":"3 minuti"},"schema":{"@context":"https:\/\/schema.org","@graph":[{"@type":"Article","@id":"https:\/\/www.article-marketing.eu\/comunicatistampa\/il-contributo-di-gruppo-riva-alla-storia-della-siderurgia-europea\/#article","isPartOf":{"@id":"https:\/\/www.article-marketing.eu\/comunicatistampa\/il-contributo-di-gruppo-riva-alla-storia-della-siderurgia-europea\/"},"author":{"name":"articolinews","@id":"https:\/\/www.article-marketing.eu\/comunicatistampa\/#\/schema\/person\/2fcaf8f8f3a9eef9eb7f27532d3ca458"},"headline":"Il contributo di Gruppo Riva alla storia della siderurgia europea","datePublished":"2024-05-28T11:21:20+00:00","mainEntityOfPage":{"@id":"https:\/\/www.article-marketing.eu\/comunicatistampa\/il-contributo-di-gruppo-riva-alla-storia-della-siderurgia-europea\/"},"wordCount":384,"commentCount":0,"image":{"@id":"https:\/\/www.article-marketing.eu\/comunicatistampa\/il-contributo-di-gruppo-riva-alla-storia-della-siderurgia-europea\/#primaryimage"},"thumbnailUrl":"https:\/\/www.professionistieaziende.it\/gruppo-riva\/gruppo-riva.jpg","keywords":["Gruppo Riva"],"articleSection":["Aziende"],"inLanguage":"it-IT","potentialAction":[{"@type":"CommentAction","name":"Comment","target":["https:\/\/www.article-marketing.eu\/comunicatistampa\/il-contributo-di-gruppo-riva-alla-storia-della-siderurgia-europea\/#respond"]}]},{"@type":"WebPage","@id":"https:\/\/www.article-marketing.eu\/comunicatistampa\/il-contributo-di-gruppo-riva-alla-storia-della-siderurgia-europea\/","url":"https:\/\/www.article-marketing.eu\/comunicatistampa\/il-contributo-di-gruppo-riva-alla-storia-della-siderurgia-europea\/","name":"Il contributo di Gruppo Riva alla storia della siderurgia europea - Article Marketing","isPartOf":{"@id":"https:\/\/www.article-marketing.eu\/comunicatistampa\/#website"},"primaryImageOfPage":{"@id":"https:\/\/www.article-marketing.eu\/comunicatistampa\/il-contributo-di-gruppo-riva-alla-storia-della-siderurgia-europea\/#primaryimage"},"image":{"@id":"https:\/\/www.article-marketing.eu\/comunicatistampa\/il-contributo-di-gruppo-riva-alla-storia-della-siderurgia-europea\/#primaryimage"},"thumbnailUrl":"https:\/\/www.professionistieaziende.it\/gruppo-riva\/gruppo-riva.jpg","datePublished":"2024-05-28T11:21:20+00:00","author":{"@id":"https:\/\/www.article-marketing.eu\/comunicatistampa\/#\/schema\/person\/2fcaf8f8f3a9eef9eb7f27532d3ca458"},"description":"Negli anni \u201860 e \u201870, Gruppo Riva affronta la sfida della concorrenza internazionale con innovazioni tecnologiche e acquisizioni strategiche","breadcrumb":{"@id":"https:\/\/www.article-marketing.eu\/comunicatistampa\/il-contributo-di-gruppo-riva-alla-storia-della-siderurgia-europea\/#breadcrumb"},"inLanguage":"it-IT","potentialAction":[{"@type":"ReadAction","target":["https:\/\/www.article-marketing.eu\/comunicatistampa\/il-contributo-di-gruppo-riva-alla-storia-della-siderurgia-europea\/"]}]},{"@type":"ImageObject","inLanguage":"it-IT","@id":"https:\/\/www.article-marketing.eu\/comunicatistampa\/il-contributo-di-gruppo-riva-alla-storia-della-siderurgia-europea\/#primaryimage","url":"https:\/\/www.professionistieaziende.it\/gruppo-riva\/gruppo-riva.jpg","contentUrl":"https:\/\/www.professionistieaziende.it\/gruppo-riva\/gruppo-riva.jpg"},{"@type":"BreadcrumbList","@id":"https:\/\/www.article-marketing.eu\/comunicatistampa\/il-contributo-di-gruppo-riva-alla-storia-della-siderurgia-europea\/#breadcrumb","itemListElement":[{"@type":"ListItem","position":1,"name":"Home","item":"https:\/\/www.article-marketing.eu\/comunicatistampa\/"},{"@type":"ListItem","position":2,"name":"Il contributo di Gruppo Riva alla storia della siderurgia europea"}]},{"@type":"WebSite","@id":"https:\/\/www.article-marketing.eu\/comunicatistampa\/#website","url":"https:\/\/www.article-marketing.eu\/comunicatistampa\/","name":"Article Marketing","description":"article marketing &amp; press release","potentialAction":[{"@type":"SearchAction","target":{"@type":"EntryPoint","urlTemplate":"https:\/\/www.article-marketing.eu\/comunicatistampa\/?s={search_term_string}"},"query-input":{"@type":"PropertyValueSpecification","valueRequired":true,"valueName":"search_term_string"}}],"inLanguage":"it-IT"},{"@type":"Person","@id":"https:\/\/www.article-marketing.eu\/comunicatistampa\/#\/schema\/person\/2fcaf8f8f3a9eef9eb7f27532d3ca458","name":"articolinews","image":{"@type":"ImageObject","inLanguage":"it-IT","@id":"https:\/\/secure.gravatar.com\/avatar\/9e2a264bab04e17dea24d937c9956304649a848cb73c46747a692ff1bdeb1cb7?s=96&d=mm&r=g","url":"https:\/\/secure.gravatar.com\/avatar\/9e2a264bab04e17dea24d937c9956304649a848cb73c46747a692ff1bdeb1cb7?s=96&d=mm&r=g","contentUrl":"https:\/\/secure.gravatar.com\/avatar\/9e2a264bab04e17dea24d937c9956304649a848cb73c46747a692ff1bdeb1cb7?s=96&d=mm&r=g","caption":"articolinews"},"url":"https:\/\/www.article-marketing.eu\/comunicatistampa\/author\/articolinews\/"}]}},"_links":{"self":[{"href":"https:\/\/www.article-marketing.eu\/comunicatistampa\/wp-json\/wp\/v2\/posts\/30845","targetHints":{"allow":["GET"]}}],"collection":[{"href":"https:\/\/www.article-marketing.eu\/comunicatistampa\/wp-json\/wp\/v2\/posts"}],"about":[{"href":"https:\/\/www.article-marketing.eu\/comunicatistampa\/wp-json\/wp\/v2\/types\/post"}],"author":[{"embeddable":true,"href":"https:\/\/www.article-marketing.eu\/comunicatistampa\/wp-json\/wp\/v2\/users\/6477"}],"replies":[{"embeddable":true,"href":"https:\/\/www.article-marketing.eu\/comunicatistampa\/wp-json\/wp\/v2\/comments?post=30845"}],"version-history":[{"count":3,"href":"https:\/\/www.article-marketing.eu\/comunicatistampa\/wp-json\/wp\/v2\/posts\/30845\/revisions"}],"predecessor-version":[{"id":30890,"href":"https:\/\/www.article-marketing.eu\/comunicatistampa\/wp-json\/wp\/v2\/posts\/30845\/revisions\/30890"}],"wp:attachment":[{"href":"https:\/\/www.article-marketing.eu\/comunicatistampa\/wp-json\/wp\/v2\/media?parent=30845"}],"wp:term":[{"taxonomy":"category","embeddable":true,"href":"https:\/\/www.article-marketing.eu\/comunicatistampa\/wp-json\/wp\/v2\/categories?post=30845"},{"taxonomy":"post_tag","embeddable":true,"href":"https:\/\/www.article-marketing.eu\/comunicatistampa\/wp-json\/wp\/v2\/tags?post=30845"}],"curies":[{"name":"wp","href":"https:\/\/api.w.org\/{rel}","templated":true}]}}