{"id":30946,"date":"2024-05-30T15:31:19","date_gmt":"2024-05-30T13:31:19","guid":{"rendered":"https:\/\/www.article-marketing.eu\/comunicatistampa\/?p=30946"},"modified":"2024-05-30T15:31:19","modified_gmt":"2024-05-30T13:31:19","slug":"ares-ambiente-ampliamento-dellofferta-per-lazienda-fondata-da-marco-nicola-domizio","status":"publish","type":"post","link":"https:\/\/www.article-marketing.eu\/comunicatistampa\/ares-ambiente-ampliamento-dellofferta-per-lazienda-fondata-da-marco-nicola-domizio\/","title":{"rendered":"Ares Ambiente: ampliamento dell\u2019offerta per l\u2019azienda fondata da Marco Nicola Domizio"},"content":{"rendered":"<p><em><strong>Con l\u2019iscrizione dei propri mezzi alla Categoria 1 Classe F dell\u2019Albo Nazionale Gestori Ambientali, l\u2019azienda fondata da <a title=\"Notizie e attivit\u00e0 di Marco Domizio, fondatore di Ares Ambiente\" href=\"https:\/\/www.originalcontents.eu\/tag\/marco-domizio\/\">Marco Domizio<\/a> potr\u00e0 ampliare la propria offerta e gestire una vasta gamma di rifiuti urbani in conformit\u00e0 con le normative ambientali.<\/strong><\/em><\/p>\n<p><a title=\"Gestione rifiuti: news e aggiornamenti su Marco Domizio\" href=\"https:\/\/www.originalcontents.eu\/tag\/marco-domizio\/\"><img loading=\"lazy\" decoding=\"async\" src=\"https:\/\/www.originalcontents.eu\/wp-content\/uploads\/2024\/04\/marco-domizio-496x346.jpg\" alt=\"Marco Domizio\" width=\"215\" height=\"150\" \/><\/a><\/p>\n<h2>Ares Ambiente: la societ\u00e0 fondata da Marco Domizio amplia la propria offerta<\/h2>\n<p>L\u2019azienda fondata da <a title=\"Ares Ambiente: scopri le ultime notizie sul fondatore Marco Nicola Domizio\" href=\"https:\/\/www.originalcontents.eu\/tag\/marco-domizio\/\">Marco Nicola Domizio<\/a> ha recentemente ottenuto l\u2019iscrizione dei propri mezzi alla Categoria 1 Classe F dell\u2019Albo Nazionale Gestori Ambientali, Sezione Regionale della Lombardia. Questa iscrizione consente all&#8217;azienda di operare nella raccolta e nel trasporto di rifiuti urbani, ampliando cos\u00ec la gamma dei servizi offerti. Ares Ambiente potr\u00e0 ora gestire una variet\u00e0 ancora pi\u00f9 vasta di rifiuti urbani, offrendo soluzioni integrate. Il servizio \u00e8 erogato in stretta conformit\u00e0 con le normative dettagliate nei paragrafi 4.2 dell\u2019allegato 1 al Decreto Ministeriale dell\u20198 aprile 2008 e delle successive modifiche del 13 maggio 2009. Questo traguardo rappresenta un ulteriore passo significativo per l\u2019azienda verso l\u2019economia circolare e la transizione ecologica, rafforzando il suo impegno per la sostenibilit\u00e0 ambientale e per la gestione efficiente dei rifiuti.<\/p>\n<h2>Un maggiore contributo per l\u2019ambiente dall\u2019azienda fondata da Marco Nicola Domizio<\/h2>\n<p>Il Decreto Legislativo n.152 del 2006, spesso indicato con il nome \u201cCodice dell\u2019Ambiente\u201d, \u00e8 la norma che in Italia regolamenta la raccolta urbana, stabilendo quali sono i principi fondamentali per una corretta gestione dei rifiuti, vale a dire una gestione in grado di tutelare l\u2019ambiente e la salute pubblica. Le attivit\u00e0 di raccolta differenziata, riciclaggio e recupero di materia ed energia sono alla base della strategia nazionale per diminuire l\u2019impatto dei rifiuti sull\u2019ambiente. In tale contesto, il ruolo di intermediari come l\u2019azienda guidata da <strong>Marco Domizio<\/strong> diventa estremamente prezioso in quanto, attraverso l\u2019efficienza e l\u2019innovazione dei propri servizi, riescono a contribuire in maniera significativa ad affrontare le sfide della raccolta e del trasporto dei rifiuti. Un contributo che, grazie all\u2019iscrizione dei propri mezzi, <strong>Ares Ambiente<\/strong> potr\u00e0 adesso duplicare.<\/p>\n","protected":false},"excerpt":{"rendered":"<p>Ares Ambiente ottiene l\u2019iscrizione dei propri mezzi alla Categoria 1 Classe F dell&#8217;Albo Nazionale Gestori Ambientali: un altro importante passo verso l\u2019economia circolare per l\u2019azienda fondata da Marco Domizio.<\/p>\n","protected":false},"author":6477,"featured_media":0,"comment_status":"open","ping_status":"open","sticky":false,"template":"","format":"standard","meta":{"_monsterinsights_skip_tracking":false,"_monsterinsights_sitenote_active":false,"_monsterinsights_sitenote_note":"","_monsterinsights_sitenote_category":0,"footnotes":""},"categories":[78],"tags":[9620],"class_list":["post-30946","post","type-post","status-publish","format-standard","hentry","category-comunicati-stampa","tag-marco-domizio"],"yoast_head":"<!-- This site is optimized with the Yoast SEO plugin v27.3 - https:\/\/yoast.com\/product\/yoast-seo-wordpress\/ -->\n<title>Ares Ambiente: ampliamento dell\u2019offerta per l\u2019azienda fondata da Marco Nicola Domizio<\/title>\n<meta name=\"description\" content=\"Ares Ambiente ottiene l\u2019iscrizione dei propri mezzi alla Categoria 1 Classe F dell&#039;Albo Nazionale Gestori Ambientali: un altro importante passo verso l\u2019economia circolare per l\u2019azienda fondata da Marco Domizio.\" \/>\n<meta name=\"robots\" content=\"index, follow, max-snippet:-1, max-image-preview:large, max-video-preview:-1\" \/>\n<link rel=\"canonical\" href=\"https:\/\/www.article-marketing.eu\/comunicatistampa\/ares-ambiente-ampliamento-dellofferta-per-lazienda-fondata-da-marco-nicola-domizio\/\" \/>\n<meta property=\"og:locale\" content=\"it_IT\" \/>\n<meta property=\"og:type\" content=\"article\" \/>\n<meta property=\"og:title\" content=\"Ares Ambiente: ampliamento dell\u2019offerta per l\u2019azienda fondata da Marco Nicola Domizio\" \/>\n<meta property=\"og:description\" content=\"Ares Ambiente ottiene l\u2019iscrizione dei propri mezzi alla Categoria 1 Classe F dell&#039;Albo Nazionale Gestori Ambientali: un altro importante passo verso l\u2019economia circolare per l\u2019azienda fondata da Marco Domizio.\" \/>\n<meta property=\"og:url\" content=\"https:\/\/www.article-marketing.eu\/comunicatistampa\/ares-ambiente-ampliamento-dellofferta-per-lazienda-fondata-da-marco-nicola-domizio\/\" \/>\n<meta property=\"og:site_name\" content=\"Article Marketing\" \/>\n<meta property=\"article:published_time\" content=\"2024-05-30T13:31:19+00:00\" \/>\n<meta property=\"og:image\" content=\"https:\/\/www.originalcontents.eu\/wp-content\/uploads\/2024\/04\/marco-domizio-496x346.jpg\" \/>\n<meta name=\"author\" content=\"articolinews\" \/>\n<meta name=\"twitter:card\" content=\"summary_large_image\" \/>\n<meta name=\"twitter:label1\" content=\"Scritto da\" \/>\n\t<meta name=\"twitter:data1\" content=\"articolinews\" \/>\n\t<meta name=\"twitter:label2\" content=\"Tempo di lettura stimato\" \/>\n\t<meta name=\"twitter:data2\" content=\"2 minuti\" \/>\n<script type=\"application\/ld+json\" class=\"yoast-schema-graph\">{\"@context\":\"https:\\\/\\\/schema.org\",\"@graph\":[{\"@type\":\"Article\",\"@id\":\"https:\\\/\\\/www.article-marketing.eu\\\/comunicatistampa\\\/ares-ambiente-ampliamento-dellofferta-per-lazienda-fondata-da-marco-nicola-domizio\\\/#article\",\"isPartOf\":{\"@id\":\"https:\\\/\\\/www.article-marketing.eu\\\/comunicatistampa\\\/ares-ambiente-ampliamento-dellofferta-per-lazienda-fondata-da-marco-nicola-domizio\\\/\"},\"author\":{\"name\":\"articolinews\",\"@id\":\"https:\\\/\\\/www.article-marketing.eu\\\/comunicatistampa\\\/#\\\/schema\\\/person\\\/2fcaf8f8f3a9eef9eb7f27532d3ca458\"},\"headline\":\"Ares Ambiente: ampliamento dell\u2019offerta per l\u2019azienda fondata da Marco Nicola Domizio\",\"datePublished\":\"2024-05-30T13:31:19+00:00\",\"mainEntityOfPage\":{\"@id\":\"https:\\\/\\\/www.article-marketing.eu\\\/comunicatistampa\\\/ares-ambiente-ampliamento-dellofferta-per-lazienda-fondata-da-marco-nicola-domizio\\\/\"},\"wordCount\":335,\"commentCount\":0,\"image\":{\"@id\":\"https:\\\/\\\/www.article-marketing.eu\\\/comunicatistampa\\\/ares-ambiente-ampliamento-dellofferta-per-lazienda-fondata-da-marco-nicola-domizio\\\/#primaryimage\"},\"thumbnailUrl\":\"https:\\\/\\\/www.originalcontents.eu\\\/wp-content\\\/uploads\\\/2024\\\/04\\\/marco-domizio-496x346.jpg\",\"keywords\":[\"Marco Domizio\"],\"articleSection\":[\"Comunicati stampa\"],\"inLanguage\":\"it-IT\",\"potentialAction\":[{\"@type\":\"CommentAction\",\"name\":\"Comment\",\"target\":[\"https:\\\/\\\/www.article-marketing.eu\\\/comunicatistampa\\\/ares-ambiente-ampliamento-dellofferta-per-lazienda-fondata-da-marco-nicola-domizio\\\/#respond\"]}]},{\"@type\":\"WebPage\",\"@id\":\"https:\\\/\\\/www.article-marketing.eu\\\/comunicatistampa\\\/ares-ambiente-ampliamento-dellofferta-per-lazienda-fondata-da-marco-nicola-domizio\\\/\",\"url\":\"https:\\\/\\\/www.article-marketing.eu\\\/comunicatistampa\\\/ares-ambiente-ampliamento-dellofferta-per-lazienda-fondata-da-marco-nicola-domizio\\\/\",\"name\":\"Ares Ambiente: ampliamento dell\u2019offerta per l\u2019azienda fondata da Marco Nicola Domizio\",\"isPartOf\":{\"@id\":\"https:\\\/\\\/www.article-marketing.eu\\\/comunicatistampa\\\/#website\"},\"primaryImageOfPage\":{\"@id\":\"https:\\\/\\\/www.article-marketing.eu\\\/comunicatistampa\\\/ares-ambiente-ampliamento-dellofferta-per-lazienda-fondata-da-marco-nicola-domizio\\\/#primaryimage\"},\"image\":{\"@id\":\"https:\\\/\\\/www.article-marketing.eu\\\/comunicatistampa\\\/ares-ambiente-ampliamento-dellofferta-per-lazienda-fondata-da-marco-nicola-domizio\\\/#primaryimage\"},\"thumbnailUrl\":\"https:\\\/\\\/www.originalcontents.eu\\\/wp-content\\\/uploads\\\/2024\\\/04\\\/marco-domizio-496x346.jpg\",\"datePublished\":\"2024-05-30T13:31:19+00:00\",\"author\":{\"@id\":\"https:\\\/\\\/www.article-marketing.eu\\\/comunicatistampa\\\/#\\\/schema\\\/person\\\/2fcaf8f8f3a9eef9eb7f27532d3ca458\"},\"description\":\"Ares Ambiente ottiene l\u2019iscrizione dei propri mezzi alla Categoria 1 Classe F dell'Albo Nazionale Gestori Ambientali: un altro importante passo verso l\u2019economia circolare per l\u2019azienda fondata da Marco Domizio.\",\"breadcrumb\":{\"@id\":\"https:\\\/\\\/www.article-marketing.eu\\\/comunicatistampa\\\/ares-ambiente-ampliamento-dellofferta-per-lazienda-fondata-da-marco-nicola-domizio\\\/#breadcrumb\"},\"inLanguage\":\"it-IT\",\"potentialAction\":[{\"@type\":\"ReadAction\",\"target\":[\"https:\\\/\\\/www.article-marketing.eu\\\/comunicatistampa\\\/ares-ambiente-ampliamento-dellofferta-per-lazienda-fondata-da-marco-nicola-domizio\\\/\"]}]},{\"@type\":\"ImageObject\",\"inLanguage\":\"it-IT\",\"@id\":\"https:\\\/\\\/www.article-marketing.eu\\\/comunicatistampa\\\/ares-ambiente-ampliamento-dellofferta-per-lazienda-fondata-da-marco-nicola-domizio\\\/#primaryimage\",\"url\":\"https:\\\/\\\/www.originalcontents.eu\\\/wp-content\\\/uploads\\\/2024\\\/04\\\/marco-domizio-496x346.jpg\",\"contentUrl\":\"https:\\\/\\\/www.originalcontents.eu\\\/wp-content\\\/uploads\\\/2024\\\/04\\\/marco-domizio-496x346.jpg\"},{\"@type\":\"BreadcrumbList\",\"@id\":\"https:\\\/\\\/www.article-marketing.eu\\\/comunicatistampa\\\/ares-ambiente-ampliamento-dellofferta-per-lazienda-fondata-da-marco-nicola-domizio\\\/#breadcrumb\",\"itemListElement\":[{\"@type\":\"ListItem\",\"position\":1,\"name\":\"Home\",\"item\":\"https:\\\/\\\/www.article-marketing.eu\\\/comunicatistampa\\\/\"},{\"@type\":\"ListItem\",\"position\":2,\"name\":\"Ares Ambiente: ampliamento dell\u2019offerta per l\u2019azienda fondata da Marco Nicola Domizio\"}]},{\"@type\":\"WebSite\",\"@id\":\"https:\\\/\\\/www.article-marketing.eu\\\/comunicatistampa\\\/#website\",\"url\":\"https:\\\/\\\/www.article-marketing.eu\\\/comunicatistampa\\\/\",\"name\":\"Article Marketing\",\"description\":\"article marketing &amp; press release\",\"potentialAction\":[{\"@type\":\"SearchAction\",\"target\":{\"@type\":\"EntryPoint\",\"urlTemplate\":\"https:\\\/\\\/www.article-marketing.eu\\\/comunicatistampa\\\/?s={search_term_string}\"},\"query-input\":{\"@type\":\"PropertyValueSpecification\",\"valueRequired\":true,\"valueName\":\"search_term_string\"}}],\"inLanguage\":\"it-IT\"},{\"@type\":\"Person\",\"@id\":\"https:\\\/\\\/www.article-marketing.eu\\\/comunicatistampa\\\/#\\\/schema\\\/person\\\/2fcaf8f8f3a9eef9eb7f27532d3ca458\",\"name\":\"articolinews\",\"image\":{\"@type\":\"ImageObject\",\"inLanguage\":\"it-IT\",\"@id\":\"https:\\\/\\\/secure.gravatar.com\\\/avatar\\\/9e2a264bab04e17dea24d937c9956304649a848cb73c46747a692ff1bdeb1cb7?s=96&d=mm&r=g\",\"url\":\"https:\\\/\\\/secure.gravatar.com\\\/avatar\\\/9e2a264bab04e17dea24d937c9956304649a848cb73c46747a692ff1bdeb1cb7?s=96&d=mm&r=g\",\"contentUrl\":\"https:\\\/\\\/secure.gravatar.com\\\/avatar\\\/9e2a264bab04e17dea24d937c9956304649a848cb73c46747a692ff1bdeb1cb7?s=96&d=mm&r=g\",\"caption\":\"articolinews\"},\"url\":\"https:\\\/\\\/www.article-marketing.eu\\\/comunicatistampa\\\/author\\\/articolinews\\\/\"}]}<\/script>\n<!-- \/ Yoast SEO plugin. -->","yoast_head_json":{"title":"Ares Ambiente: ampliamento dell\u2019offerta per l\u2019azienda fondata da Marco Nicola Domizio","description":"Ares Ambiente ottiene l\u2019iscrizione dei propri mezzi alla Categoria 1 Classe F dell'Albo Nazionale Gestori Ambientali: un altro importante passo verso l\u2019economia circolare per l\u2019azienda fondata da Marco Domizio.","robots":{"index":"index","follow":"follow","max-snippet":"max-snippet:-1","max-image-preview":"max-image-preview:large","max-video-preview":"max-video-preview:-1"},"canonical":"https:\/\/www.article-marketing.eu\/comunicatistampa\/ares-ambiente-ampliamento-dellofferta-per-lazienda-fondata-da-marco-nicola-domizio\/","og_locale":"it_IT","og_type":"article","og_title":"Ares Ambiente: ampliamento dell\u2019offerta per l\u2019azienda fondata da Marco Nicola Domizio","og_description":"Ares Ambiente ottiene l\u2019iscrizione dei propri mezzi alla Categoria 1 Classe F dell'Albo Nazionale Gestori Ambientali: un altro importante passo verso l\u2019economia circolare per l\u2019azienda fondata da Marco Domizio.","og_url":"https:\/\/www.article-marketing.eu\/comunicatistampa\/ares-ambiente-ampliamento-dellofferta-per-lazienda-fondata-da-marco-nicola-domizio\/","og_site_name":"Article Marketing","article_published_time":"2024-05-30T13:31:19+00:00","og_image":[{"url":"https:\/\/www.originalcontents.eu\/wp-content\/uploads\/2024\/04\/marco-domizio-496x346.jpg","type":"","width":"","height":""}],"author":"articolinews","twitter_card":"summary_large_image","twitter_misc":{"Scritto da":"articolinews","Tempo di lettura stimato":"2 minuti"},"schema":{"@context":"https:\/\/schema.org","@graph":[{"@type":"Article","@id":"https:\/\/www.article-marketing.eu\/comunicatistampa\/ares-ambiente-ampliamento-dellofferta-per-lazienda-fondata-da-marco-nicola-domizio\/#article","isPartOf":{"@id":"https:\/\/www.article-marketing.eu\/comunicatistampa\/ares-ambiente-ampliamento-dellofferta-per-lazienda-fondata-da-marco-nicola-domizio\/"},"author":{"name":"articolinews","@id":"https:\/\/www.article-marketing.eu\/comunicatistampa\/#\/schema\/person\/2fcaf8f8f3a9eef9eb7f27532d3ca458"},"headline":"Ares Ambiente: ampliamento dell\u2019offerta per l\u2019azienda fondata da Marco Nicola Domizio","datePublished":"2024-05-30T13:31:19+00:00","mainEntityOfPage":{"@id":"https:\/\/www.article-marketing.eu\/comunicatistampa\/ares-ambiente-ampliamento-dellofferta-per-lazienda-fondata-da-marco-nicola-domizio\/"},"wordCount":335,"commentCount":0,"image":{"@id":"https:\/\/www.article-marketing.eu\/comunicatistampa\/ares-ambiente-ampliamento-dellofferta-per-lazienda-fondata-da-marco-nicola-domizio\/#primaryimage"},"thumbnailUrl":"https:\/\/www.originalcontents.eu\/wp-content\/uploads\/2024\/04\/marco-domizio-496x346.jpg","keywords":["Marco Domizio"],"articleSection":["Comunicati stampa"],"inLanguage":"it-IT","potentialAction":[{"@type":"CommentAction","name":"Comment","target":["https:\/\/www.article-marketing.eu\/comunicatistampa\/ares-ambiente-ampliamento-dellofferta-per-lazienda-fondata-da-marco-nicola-domizio\/#respond"]}]},{"@type":"WebPage","@id":"https:\/\/www.article-marketing.eu\/comunicatistampa\/ares-ambiente-ampliamento-dellofferta-per-lazienda-fondata-da-marco-nicola-domizio\/","url":"https:\/\/www.article-marketing.eu\/comunicatistampa\/ares-ambiente-ampliamento-dellofferta-per-lazienda-fondata-da-marco-nicola-domizio\/","name":"Ares Ambiente: ampliamento dell\u2019offerta per l\u2019azienda fondata da Marco Nicola Domizio","isPartOf":{"@id":"https:\/\/www.article-marketing.eu\/comunicatistampa\/#website"},"primaryImageOfPage":{"@id":"https:\/\/www.article-marketing.eu\/comunicatistampa\/ares-ambiente-ampliamento-dellofferta-per-lazienda-fondata-da-marco-nicola-domizio\/#primaryimage"},"image":{"@id":"https:\/\/www.article-marketing.eu\/comunicatistampa\/ares-ambiente-ampliamento-dellofferta-per-lazienda-fondata-da-marco-nicola-domizio\/#primaryimage"},"thumbnailUrl":"https:\/\/www.originalcontents.eu\/wp-content\/uploads\/2024\/04\/marco-domizio-496x346.jpg","datePublished":"2024-05-30T13:31:19+00:00","author":{"@id":"https:\/\/www.article-marketing.eu\/comunicatistampa\/#\/schema\/person\/2fcaf8f8f3a9eef9eb7f27532d3ca458"},"description":"Ares Ambiente ottiene l\u2019iscrizione dei propri mezzi alla Categoria 1 Classe F dell'Albo Nazionale Gestori Ambientali: un altro importante passo verso l\u2019economia circolare per l\u2019azienda fondata da Marco Domizio.","breadcrumb":{"@id":"https:\/\/www.article-marketing.eu\/comunicatistampa\/ares-ambiente-ampliamento-dellofferta-per-lazienda-fondata-da-marco-nicola-domizio\/#breadcrumb"},"inLanguage":"it-IT","potentialAction":[{"@type":"ReadAction","target":["https:\/\/www.article-marketing.eu\/comunicatistampa\/ares-ambiente-ampliamento-dellofferta-per-lazienda-fondata-da-marco-nicola-domizio\/"]}]},{"@type":"ImageObject","inLanguage":"it-IT","@id":"https:\/\/www.article-marketing.eu\/comunicatistampa\/ares-ambiente-ampliamento-dellofferta-per-lazienda-fondata-da-marco-nicola-domizio\/#primaryimage","url":"https:\/\/www.originalcontents.eu\/wp-content\/uploads\/2024\/04\/marco-domizio-496x346.jpg","contentUrl":"https:\/\/www.originalcontents.eu\/wp-content\/uploads\/2024\/04\/marco-domizio-496x346.jpg"},{"@type":"BreadcrumbList","@id":"https:\/\/www.article-marketing.eu\/comunicatistampa\/ares-ambiente-ampliamento-dellofferta-per-lazienda-fondata-da-marco-nicola-domizio\/#breadcrumb","itemListElement":[{"@type":"ListItem","position":1,"name":"Home","item":"https:\/\/www.article-marketing.eu\/comunicatistampa\/"},{"@type":"ListItem","position":2,"name":"Ares Ambiente: ampliamento dell\u2019offerta per l\u2019azienda fondata da Marco Nicola Domizio"}]},{"@type":"WebSite","@id":"https:\/\/www.article-marketing.eu\/comunicatistampa\/#website","url":"https:\/\/www.article-marketing.eu\/comunicatistampa\/","name":"Article Marketing","description":"article marketing &amp; press release","potentialAction":[{"@type":"SearchAction","target":{"@type":"EntryPoint","urlTemplate":"https:\/\/www.article-marketing.eu\/comunicatistampa\/?s={search_term_string}"},"query-input":{"@type":"PropertyValueSpecification","valueRequired":true,"valueName":"search_term_string"}}],"inLanguage":"it-IT"},{"@type":"Person","@id":"https:\/\/www.article-marketing.eu\/comunicatistampa\/#\/schema\/person\/2fcaf8f8f3a9eef9eb7f27532d3ca458","name":"articolinews","image":{"@type":"ImageObject","inLanguage":"it-IT","@id":"https:\/\/secure.gravatar.com\/avatar\/9e2a264bab04e17dea24d937c9956304649a848cb73c46747a692ff1bdeb1cb7?s=96&d=mm&r=g","url":"https:\/\/secure.gravatar.com\/avatar\/9e2a264bab04e17dea24d937c9956304649a848cb73c46747a692ff1bdeb1cb7?s=96&d=mm&r=g","contentUrl":"https:\/\/secure.gravatar.com\/avatar\/9e2a264bab04e17dea24d937c9956304649a848cb73c46747a692ff1bdeb1cb7?s=96&d=mm&r=g","caption":"articolinews"},"url":"https:\/\/www.article-marketing.eu\/comunicatistampa\/author\/articolinews\/"}]}},"_links":{"self":[{"href":"https:\/\/www.article-marketing.eu\/comunicatistampa\/wp-json\/wp\/v2\/posts\/30946","targetHints":{"allow":["GET"]}}],"collection":[{"href":"https:\/\/www.article-marketing.eu\/comunicatistampa\/wp-json\/wp\/v2\/posts"}],"about":[{"href":"https:\/\/www.article-marketing.eu\/comunicatistampa\/wp-json\/wp\/v2\/types\/post"}],"author":[{"embeddable":true,"href":"https:\/\/www.article-marketing.eu\/comunicatistampa\/wp-json\/wp\/v2\/users\/6477"}],"replies":[{"embeddable":true,"href":"https:\/\/www.article-marketing.eu\/comunicatistampa\/wp-json\/wp\/v2\/comments?post=30946"}],"version-history":[{"count":4,"href":"https:\/\/www.article-marketing.eu\/comunicatistampa\/wp-json\/wp\/v2\/posts\/30946\/revisions"}],"predecessor-version":[{"id":30975,"href":"https:\/\/www.article-marketing.eu\/comunicatistampa\/wp-json\/wp\/v2\/posts\/30946\/revisions\/30975"}],"wp:attachment":[{"href":"https:\/\/www.article-marketing.eu\/comunicatistampa\/wp-json\/wp\/v2\/media?parent=30946"}],"wp:term":[{"taxonomy":"category","embeddable":true,"href":"https:\/\/www.article-marketing.eu\/comunicatistampa\/wp-json\/wp\/v2\/categories?post=30946"},{"taxonomy":"post_tag","embeddable":true,"href":"https:\/\/www.article-marketing.eu\/comunicatistampa\/wp-json\/wp\/v2\/tags?post=30946"}],"curies":[{"name":"wp","href":"https:\/\/api.w.org\/{rel}","templated":true}]}}