{"id":30953,"date":"2024-05-30T15:27:04","date_gmt":"2024-05-30T13:27:04","guid":{"rendered":"https:\/\/www.article-marketing.eu\/comunicatistampa\/?p=30953"},"modified":"2024-05-30T15:27:04","modified_gmt":"2024-05-30T13:27:04","slug":"gianni-prandi-esplora-i-limiti-dellintelligenza-artificiale-lia-secchione-non-genio","status":"publish","type":"post","link":"https:\/\/www.article-marketing.eu\/comunicatistampa\/gianni-prandi-esplora-i-limiti-dellintelligenza-artificiale-lia-secchione-non-genio\/","title":{"rendered":"Gianni Prandi esplora i limiti dell\u2019Intelligenza Artificiale: \u201cL\u2019IA? Secchione, non genio\u201d"},"content":{"rendered":"<p><strong><em>L\u2019utilizzo dell\u2019Intelligenza Artificiale (IA) sta trasformando velocemente la societ\u00e0, creando mistificazioni, pregiudizi e incomprensioni: secondo <a title=\"Leggi l'editoriale completo a cura di Gianni Prandi\" href=\"https:\/\/www.businesspost.eu\/gianni-prandi-intelligenza-artificiale-rischi-e-opportunita-nelleditoriale-del-fondatore-di-vidierre\/\">Gianni Prandi<\/a>, Fondatore e membro del CdA di Vidierre, \u00e8 importante rendersi conto che la tecnologia non \u00e8 dotata di intelligenza reale, ed \u00e8 pi\u00f9 urgente che mai chiedersi come e secondo quali principi si dovrebbe utilizzare.<\/em><\/strong><\/p>\n<p><a title=\"Le dichiarazioni integrali di Gianni Prandi\" href=\"https:\/\/www.businesspost.eu\/gianni-prandi-intelligenza-artificiale-rischi-e-opportunita-nelleditoriale-del-fondatore-di-vidierre\/\"><img loading=\"lazy\" decoding=\"async\" src=\"https:\/\/www.greengoenergy.eu\/wp-content\/uploads\/2023\/12\/gianni-prandi-vidierre.png\" alt=\"Gianni Prandi\" width=\"296\" height=\"200\" \/><\/a><\/p>\n<h2>Le IA sono realmente intelligenti? La risposta di Gianni Prandi<\/h2>\n<p>L\u2019esplosione delle Intelligenze Artificiali (IA) presso le grandi masse ricorda, secondo <strong>Gianni Prandi<\/strong>, alcuni fenomeni verificatisi in corrispondenza con il lancio dei primi PC. Allo stesso modo in cui i computer dell\u2019epoca furono salutati come innovazioni epocali che avrebbero risolto i problemi dell\u2019umanit\u00e0, cos\u00ec, quando si parla di IA, emerge spesso il luogo comune che in futuro saranno le Intelligenze Artificiali a occuparsi di tutto. Una mentalit\u00e0 non solo sbagliata, ma persino pericolosa: secondo Gianni Prandi, \u00e8 importante ricordarsi che l\u2019IA \u00e8 in grado di mimare i processi cognitivi degli umani con eccezionale diligenza, ma non \u00e8 realmente dotata di intelligenza e capacit\u00e0 critica. \u201c<em>Il suo mestiere \u00e8 un altro, come se fosse uno straordinario archivista: sa incamerare quantit\u00e0 formidabili di dati e catalogarli con una rapidit\u00e0 eccezionale in modo da poterli confrontare<\/em>\u201d. \u201c<em>Usando il termine che si usava per distinguere le doti degli studenti: \u00e8 un secchione, non un genio<\/em>\u201d.<\/p>\n<h2>Gianni Prandi: l\u2019umanesimo applicato alle IA<\/h2>\n<p>Il problema \u00e8 rappresentato dal modo \u201c<em>superficiale<\/em>\u201d con cui la maggioranza si pone di fronte a questa questione. La crescita incontrollata dei dispositivi tecnologici contribuir\u00e0 a rendere le IA sempre pi\u00f9 potenti e la diffusione del suo utilizzo aumenter\u00e0 il numero di \u201c<em>azioni senza intelligenza<\/em>\u201d compiute nella societ\u00e0. Per questo, <a title=\"Rischi e opportunit\u00e0 dell'IA: il punto di Gianni Prandi\" href=\"https:\/\/www.businesspost.eu\/gianni-prandi-intelligenza-artificiale-rischi-e-opportunita-nelleditoriale-del-fondatore-di-vidierre\/\">Gianni Prandi<\/a> ritiene che sia necessario adottare un approccio molto pi\u00f9 misurato e consapevole verso le IA. Ricordandosi sempre, soprattutto, la regola fondamentale: le Intelligenze Artificiali devono contribuire allo sviluppo dell\u2019uomo, e non il contrario: \u201c<em>Come per tutte le innovazioni, se non vengono governate finiscono per schiacciare l\u2019uomo. Per questo credo che sia importante stabilire regole e principi. Il rischio \u00e8 che comprima l\u2019autonomia, l\u2019indipendenza e la capacit\u00e0 di decidere: un percorso che trasforma l\u2019essere umano in un mezzo, mentre dovrebbe restare il fine\u201d<\/em>.<\/p>\n","protected":false},"excerpt":{"rendered":"<p>\u201cIl problema \u00e8 che si affronta un cambiamento cos\u00ec profondo in maniera superficiale; si mescolano fantascienza e paure creando una nuvola di caos tale da lasciarci privi persino di una definizione di Intelligenza Artificiale\u201d: lo ha sottolineato Gianni Prandi, Fondatore e membro del CdA di Vidierre.<\/p>\n","protected":false},"author":6477,"featured_media":0,"comment_status":"open","ping_status":"open","sticky":false,"template":"","format":"standard","meta":{"_monsterinsights_skip_tracking":false,"_monsterinsights_sitenote_active":false,"_monsterinsights_sitenote_note":"","_monsterinsights_sitenote_category":0,"footnotes":""},"categories":[78],"tags":[10972],"class_list":["post-30953","post","type-post","status-publish","format-standard","hentry","category-comunicati-stampa","tag-gianni-prandi"],"yoast_head":"<!-- This site is optimized with the Yoast SEO plugin v27.3 - https:\/\/yoast.com\/product\/yoast-seo-wordpress\/ -->\n<title>Gianni Prandi esplora i limiti dell\u2019Intelligenza Artificiale: \u201cL\u2019IA? Secchione, non genio\u201d<\/title>\n<meta name=\"description\" content=\"\u201cIl problema \u00e8 che si affronta un cambiamento cos\u00ec profondo in maniera superficiale; si mescolano fantascienza e paure creando una nuvola di caos tale da lasciarci privi persino di una definizione di Intelligenza Artificiale\u201d: lo ha sottolineato Gianni Prandi, Fondatore e membro del CdA di Vidierre.\" \/>\n<meta name=\"robots\" content=\"index, follow, max-snippet:-1, max-image-preview:large, max-video-preview:-1\" \/>\n<link rel=\"canonical\" href=\"https:\/\/www.article-marketing.eu\/comunicatistampa\/gianni-prandi-esplora-i-limiti-dellintelligenza-artificiale-lia-secchione-non-genio\/\" \/>\n<meta property=\"og:locale\" content=\"it_IT\" \/>\n<meta property=\"og:type\" content=\"article\" \/>\n<meta property=\"og:title\" content=\"Gianni Prandi esplora i limiti dell\u2019Intelligenza Artificiale: \u201cL\u2019IA? Secchione, non genio\u201d\" \/>\n<meta property=\"og:description\" content=\"\u201cIl problema \u00e8 che si affronta un cambiamento cos\u00ec profondo in maniera superficiale; si mescolano fantascienza e paure creando una nuvola di caos tale da lasciarci privi persino di una definizione di Intelligenza Artificiale\u201d: lo ha sottolineato Gianni Prandi, Fondatore e membro del CdA di Vidierre.\" \/>\n<meta property=\"og:url\" content=\"https:\/\/www.article-marketing.eu\/comunicatistampa\/gianni-prandi-esplora-i-limiti-dellintelligenza-artificiale-lia-secchione-non-genio\/\" \/>\n<meta property=\"og:site_name\" content=\"Article Marketing\" \/>\n<meta property=\"article:published_time\" content=\"2024-05-30T13:27:04+00:00\" \/>\n<meta property=\"og:image\" content=\"https:\/\/www.greengoenergy.eu\/wp-content\/uploads\/2023\/12\/gianni-prandi-vidierre.png\" \/>\n<meta name=\"author\" content=\"articolinews\" \/>\n<meta name=\"twitter:card\" content=\"summary_large_image\" \/>\n<meta name=\"twitter:label1\" content=\"Scritto da\" \/>\n\t<meta name=\"twitter:data1\" content=\"articolinews\" \/>\n\t<meta name=\"twitter:label2\" content=\"Tempo di lettura stimato\" \/>\n\t<meta name=\"twitter:data2\" content=\"3 minuti\" \/>\n<script type=\"application\/ld+json\" class=\"yoast-schema-graph\">{\"@context\":\"https:\\\/\\\/schema.org\",\"@graph\":[{\"@type\":\"Article\",\"@id\":\"https:\\\/\\\/www.article-marketing.eu\\\/comunicatistampa\\\/gianni-prandi-esplora-i-limiti-dellintelligenza-artificiale-lia-secchione-non-genio\\\/#article\",\"isPartOf\":{\"@id\":\"https:\\\/\\\/www.article-marketing.eu\\\/comunicatistampa\\\/gianni-prandi-esplora-i-limiti-dellintelligenza-artificiale-lia-secchione-non-genio\\\/\"},\"author\":{\"name\":\"articolinews\",\"@id\":\"https:\\\/\\\/www.article-marketing.eu\\\/comunicatistampa\\\/#\\\/schema\\\/person\\\/2fcaf8f8f3a9eef9eb7f27532d3ca458\"},\"headline\":\"Gianni Prandi esplora i limiti dell\u2019Intelligenza Artificiale: \u201cL\u2019IA? Secchione, non genio\u201d\",\"datePublished\":\"2024-05-30T13:27:04+00:00\",\"mainEntityOfPage\":{\"@id\":\"https:\\\/\\\/www.article-marketing.eu\\\/comunicatistampa\\\/gianni-prandi-esplora-i-limiti-dellintelligenza-artificiale-lia-secchione-non-genio\\\/\"},\"wordCount\":368,\"commentCount\":0,\"image\":{\"@id\":\"https:\\\/\\\/www.article-marketing.eu\\\/comunicatistampa\\\/gianni-prandi-esplora-i-limiti-dellintelligenza-artificiale-lia-secchione-non-genio\\\/#primaryimage\"},\"thumbnailUrl\":\"https:\\\/\\\/www.greengoenergy.eu\\\/wp-content\\\/uploads\\\/2023\\\/12\\\/gianni-prandi-vidierre.png\",\"keywords\":[\"Gianni Prandi\"],\"articleSection\":[\"Comunicati stampa\"],\"inLanguage\":\"it-IT\",\"potentialAction\":[{\"@type\":\"CommentAction\",\"name\":\"Comment\",\"target\":[\"https:\\\/\\\/www.article-marketing.eu\\\/comunicatistampa\\\/gianni-prandi-esplora-i-limiti-dellintelligenza-artificiale-lia-secchione-non-genio\\\/#respond\"]}]},{\"@type\":\"WebPage\",\"@id\":\"https:\\\/\\\/www.article-marketing.eu\\\/comunicatistampa\\\/gianni-prandi-esplora-i-limiti-dellintelligenza-artificiale-lia-secchione-non-genio\\\/\",\"url\":\"https:\\\/\\\/www.article-marketing.eu\\\/comunicatistampa\\\/gianni-prandi-esplora-i-limiti-dellintelligenza-artificiale-lia-secchione-non-genio\\\/\",\"name\":\"Gianni Prandi esplora i limiti dell\u2019Intelligenza Artificiale: \u201cL\u2019IA? Secchione, non genio\u201d\",\"isPartOf\":{\"@id\":\"https:\\\/\\\/www.article-marketing.eu\\\/comunicatistampa\\\/#website\"},\"primaryImageOfPage\":{\"@id\":\"https:\\\/\\\/www.article-marketing.eu\\\/comunicatistampa\\\/gianni-prandi-esplora-i-limiti-dellintelligenza-artificiale-lia-secchione-non-genio\\\/#primaryimage\"},\"image\":{\"@id\":\"https:\\\/\\\/www.article-marketing.eu\\\/comunicatistampa\\\/gianni-prandi-esplora-i-limiti-dellintelligenza-artificiale-lia-secchione-non-genio\\\/#primaryimage\"},\"thumbnailUrl\":\"https:\\\/\\\/www.greengoenergy.eu\\\/wp-content\\\/uploads\\\/2023\\\/12\\\/gianni-prandi-vidierre.png\",\"datePublished\":\"2024-05-30T13:27:04+00:00\",\"author\":{\"@id\":\"https:\\\/\\\/www.article-marketing.eu\\\/comunicatistampa\\\/#\\\/schema\\\/person\\\/2fcaf8f8f3a9eef9eb7f27532d3ca458\"},\"description\":\"\u201cIl problema \u00e8 che si affronta un cambiamento cos\u00ec profondo in maniera superficiale; si mescolano fantascienza e paure creando una nuvola di caos tale da lasciarci privi persino di una definizione di Intelligenza Artificiale\u201d: lo ha sottolineato Gianni Prandi, Fondatore e membro del CdA di Vidierre.\",\"breadcrumb\":{\"@id\":\"https:\\\/\\\/www.article-marketing.eu\\\/comunicatistampa\\\/gianni-prandi-esplora-i-limiti-dellintelligenza-artificiale-lia-secchione-non-genio\\\/#breadcrumb\"},\"inLanguage\":\"it-IT\",\"potentialAction\":[{\"@type\":\"ReadAction\",\"target\":[\"https:\\\/\\\/www.article-marketing.eu\\\/comunicatistampa\\\/gianni-prandi-esplora-i-limiti-dellintelligenza-artificiale-lia-secchione-non-genio\\\/\"]}]},{\"@type\":\"ImageObject\",\"inLanguage\":\"it-IT\",\"@id\":\"https:\\\/\\\/www.article-marketing.eu\\\/comunicatistampa\\\/gianni-prandi-esplora-i-limiti-dellintelligenza-artificiale-lia-secchione-non-genio\\\/#primaryimage\",\"url\":\"https:\\\/\\\/www.greengoenergy.eu\\\/wp-content\\\/uploads\\\/2023\\\/12\\\/gianni-prandi-vidierre.png\",\"contentUrl\":\"https:\\\/\\\/www.greengoenergy.eu\\\/wp-content\\\/uploads\\\/2023\\\/12\\\/gianni-prandi-vidierre.png\"},{\"@type\":\"BreadcrumbList\",\"@id\":\"https:\\\/\\\/www.article-marketing.eu\\\/comunicatistampa\\\/gianni-prandi-esplora-i-limiti-dellintelligenza-artificiale-lia-secchione-non-genio\\\/#breadcrumb\",\"itemListElement\":[{\"@type\":\"ListItem\",\"position\":1,\"name\":\"Home\",\"item\":\"https:\\\/\\\/www.article-marketing.eu\\\/comunicatistampa\\\/\"},{\"@type\":\"ListItem\",\"position\":2,\"name\":\"Gianni Prandi esplora i limiti dell\u2019Intelligenza Artificiale: \u201cL\u2019IA? Secchione, non genio\u201d\"}]},{\"@type\":\"WebSite\",\"@id\":\"https:\\\/\\\/www.article-marketing.eu\\\/comunicatistampa\\\/#website\",\"url\":\"https:\\\/\\\/www.article-marketing.eu\\\/comunicatistampa\\\/\",\"name\":\"Article Marketing\",\"description\":\"article marketing &amp; press release\",\"potentialAction\":[{\"@type\":\"SearchAction\",\"target\":{\"@type\":\"EntryPoint\",\"urlTemplate\":\"https:\\\/\\\/www.article-marketing.eu\\\/comunicatistampa\\\/?s={search_term_string}\"},\"query-input\":{\"@type\":\"PropertyValueSpecification\",\"valueRequired\":true,\"valueName\":\"search_term_string\"}}],\"inLanguage\":\"it-IT\"},{\"@type\":\"Person\",\"@id\":\"https:\\\/\\\/www.article-marketing.eu\\\/comunicatistampa\\\/#\\\/schema\\\/person\\\/2fcaf8f8f3a9eef9eb7f27532d3ca458\",\"name\":\"articolinews\",\"image\":{\"@type\":\"ImageObject\",\"inLanguage\":\"it-IT\",\"@id\":\"https:\\\/\\\/secure.gravatar.com\\\/avatar\\\/9e2a264bab04e17dea24d937c9956304649a848cb73c46747a692ff1bdeb1cb7?s=96&d=mm&r=g\",\"url\":\"https:\\\/\\\/secure.gravatar.com\\\/avatar\\\/9e2a264bab04e17dea24d937c9956304649a848cb73c46747a692ff1bdeb1cb7?s=96&d=mm&r=g\",\"contentUrl\":\"https:\\\/\\\/secure.gravatar.com\\\/avatar\\\/9e2a264bab04e17dea24d937c9956304649a848cb73c46747a692ff1bdeb1cb7?s=96&d=mm&r=g\",\"caption\":\"articolinews\"},\"url\":\"https:\\\/\\\/www.article-marketing.eu\\\/comunicatistampa\\\/author\\\/articolinews\\\/\"}]}<\/script>\n<!-- \/ Yoast SEO plugin. -->","yoast_head_json":{"title":"Gianni Prandi esplora i limiti dell\u2019Intelligenza Artificiale: \u201cL\u2019IA? Secchione, non genio\u201d","description":"\u201cIl problema \u00e8 che si affronta un cambiamento cos\u00ec profondo in maniera superficiale; si mescolano fantascienza e paure creando una nuvola di caos tale da lasciarci privi persino di una definizione di Intelligenza Artificiale\u201d: lo ha sottolineato Gianni Prandi, Fondatore e membro del CdA di Vidierre.","robots":{"index":"index","follow":"follow","max-snippet":"max-snippet:-1","max-image-preview":"max-image-preview:large","max-video-preview":"max-video-preview:-1"},"canonical":"https:\/\/www.article-marketing.eu\/comunicatistampa\/gianni-prandi-esplora-i-limiti-dellintelligenza-artificiale-lia-secchione-non-genio\/","og_locale":"it_IT","og_type":"article","og_title":"Gianni Prandi esplora i limiti dell\u2019Intelligenza Artificiale: \u201cL\u2019IA? Secchione, non genio\u201d","og_description":"\u201cIl problema \u00e8 che si affronta un cambiamento cos\u00ec profondo in maniera superficiale; si mescolano fantascienza e paure creando una nuvola di caos tale da lasciarci privi persino di una definizione di Intelligenza Artificiale\u201d: lo ha sottolineato Gianni Prandi, Fondatore e membro del CdA di Vidierre.","og_url":"https:\/\/www.article-marketing.eu\/comunicatistampa\/gianni-prandi-esplora-i-limiti-dellintelligenza-artificiale-lia-secchione-non-genio\/","og_site_name":"Article Marketing","article_published_time":"2024-05-30T13:27:04+00:00","og_image":[{"url":"https:\/\/www.greengoenergy.eu\/wp-content\/uploads\/2023\/12\/gianni-prandi-vidierre.png","type":"","width":"","height":""}],"author":"articolinews","twitter_card":"summary_large_image","twitter_misc":{"Scritto da":"articolinews","Tempo di lettura stimato":"3 minuti"},"schema":{"@context":"https:\/\/schema.org","@graph":[{"@type":"Article","@id":"https:\/\/www.article-marketing.eu\/comunicatistampa\/gianni-prandi-esplora-i-limiti-dellintelligenza-artificiale-lia-secchione-non-genio\/#article","isPartOf":{"@id":"https:\/\/www.article-marketing.eu\/comunicatistampa\/gianni-prandi-esplora-i-limiti-dellintelligenza-artificiale-lia-secchione-non-genio\/"},"author":{"name":"articolinews","@id":"https:\/\/www.article-marketing.eu\/comunicatistampa\/#\/schema\/person\/2fcaf8f8f3a9eef9eb7f27532d3ca458"},"headline":"Gianni Prandi esplora i limiti dell\u2019Intelligenza Artificiale: \u201cL\u2019IA? Secchione, non genio\u201d","datePublished":"2024-05-30T13:27:04+00:00","mainEntityOfPage":{"@id":"https:\/\/www.article-marketing.eu\/comunicatistampa\/gianni-prandi-esplora-i-limiti-dellintelligenza-artificiale-lia-secchione-non-genio\/"},"wordCount":368,"commentCount":0,"image":{"@id":"https:\/\/www.article-marketing.eu\/comunicatistampa\/gianni-prandi-esplora-i-limiti-dellintelligenza-artificiale-lia-secchione-non-genio\/#primaryimage"},"thumbnailUrl":"https:\/\/www.greengoenergy.eu\/wp-content\/uploads\/2023\/12\/gianni-prandi-vidierre.png","keywords":["Gianni Prandi"],"articleSection":["Comunicati stampa"],"inLanguage":"it-IT","potentialAction":[{"@type":"CommentAction","name":"Comment","target":["https:\/\/www.article-marketing.eu\/comunicatistampa\/gianni-prandi-esplora-i-limiti-dellintelligenza-artificiale-lia-secchione-non-genio\/#respond"]}]},{"@type":"WebPage","@id":"https:\/\/www.article-marketing.eu\/comunicatistampa\/gianni-prandi-esplora-i-limiti-dellintelligenza-artificiale-lia-secchione-non-genio\/","url":"https:\/\/www.article-marketing.eu\/comunicatistampa\/gianni-prandi-esplora-i-limiti-dellintelligenza-artificiale-lia-secchione-non-genio\/","name":"Gianni Prandi esplora i limiti dell\u2019Intelligenza Artificiale: \u201cL\u2019IA? Secchione, non genio\u201d","isPartOf":{"@id":"https:\/\/www.article-marketing.eu\/comunicatistampa\/#website"},"primaryImageOfPage":{"@id":"https:\/\/www.article-marketing.eu\/comunicatistampa\/gianni-prandi-esplora-i-limiti-dellintelligenza-artificiale-lia-secchione-non-genio\/#primaryimage"},"image":{"@id":"https:\/\/www.article-marketing.eu\/comunicatistampa\/gianni-prandi-esplora-i-limiti-dellintelligenza-artificiale-lia-secchione-non-genio\/#primaryimage"},"thumbnailUrl":"https:\/\/www.greengoenergy.eu\/wp-content\/uploads\/2023\/12\/gianni-prandi-vidierre.png","datePublished":"2024-05-30T13:27:04+00:00","author":{"@id":"https:\/\/www.article-marketing.eu\/comunicatistampa\/#\/schema\/person\/2fcaf8f8f3a9eef9eb7f27532d3ca458"},"description":"\u201cIl problema \u00e8 che si affronta un cambiamento cos\u00ec profondo in maniera superficiale; si mescolano fantascienza e paure creando una nuvola di caos tale da lasciarci privi persino di una definizione di Intelligenza Artificiale\u201d: lo ha sottolineato Gianni Prandi, Fondatore e membro del CdA di Vidierre.","breadcrumb":{"@id":"https:\/\/www.article-marketing.eu\/comunicatistampa\/gianni-prandi-esplora-i-limiti-dellintelligenza-artificiale-lia-secchione-non-genio\/#breadcrumb"},"inLanguage":"it-IT","potentialAction":[{"@type":"ReadAction","target":["https:\/\/www.article-marketing.eu\/comunicatistampa\/gianni-prandi-esplora-i-limiti-dellintelligenza-artificiale-lia-secchione-non-genio\/"]}]},{"@type":"ImageObject","inLanguage":"it-IT","@id":"https:\/\/www.article-marketing.eu\/comunicatistampa\/gianni-prandi-esplora-i-limiti-dellintelligenza-artificiale-lia-secchione-non-genio\/#primaryimage","url":"https:\/\/www.greengoenergy.eu\/wp-content\/uploads\/2023\/12\/gianni-prandi-vidierre.png","contentUrl":"https:\/\/www.greengoenergy.eu\/wp-content\/uploads\/2023\/12\/gianni-prandi-vidierre.png"},{"@type":"BreadcrumbList","@id":"https:\/\/www.article-marketing.eu\/comunicatistampa\/gianni-prandi-esplora-i-limiti-dellintelligenza-artificiale-lia-secchione-non-genio\/#breadcrumb","itemListElement":[{"@type":"ListItem","position":1,"name":"Home","item":"https:\/\/www.article-marketing.eu\/comunicatistampa\/"},{"@type":"ListItem","position":2,"name":"Gianni Prandi esplora i limiti dell\u2019Intelligenza Artificiale: \u201cL\u2019IA? Secchione, non genio\u201d"}]},{"@type":"WebSite","@id":"https:\/\/www.article-marketing.eu\/comunicatistampa\/#website","url":"https:\/\/www.article-marketing.eu\/comunicatistampa\/","name":"Article Marketing","description":"article marketing &amp; press release","potentialAction":[{"@type":"SearchAction","target":{"@type":"EntryPoint","urlTemplate":"https:\/\/www.article-marketing.eu\/comunicatistampa\/?s={search_term_string}"},"query-input":{"@type":"PropertyValueSpecification","valueRequired":true,"valueName":"search_term_string"}}],"inLanguage":"it-IT"},{"@type":"Person","@id":"https:\/\/www.article-marketing.eu\/comunicatistampa\/#\/schema\/person\/2fcaf8f8f3a9eef9eb7f27532d3ca458","name":"articolinews","image":{"@type":"ImageObject","inLanguage":"it-IT","@id":"https:\/\/secure.gravatar.com\/avatar\/9e2a264bab04e17dea24d937c9956304649a848cb73c46747a692ff1bdeb1cb7?s=96&d=mm&r=g","url":"https:\/\/secure.gravatar.com\/avatar\/9e2a264bab04e17dea24d937c9956304649a848cb73c46747a692ff1bdeb1cb7?s=96&d=mm&r=g","contentUrl":"https:\/\/secure.gravatar.com\/avatar\/9e2a264bab04e17dea24d937c9956304649a848cb73c46747a692ff1bdeb1cb7?s=96&d=mm&r=g","caption":"articolinews"},"url":"https:\/\/www.article-marketing.eu\/comunicatistampa\/author\/articolinews\/"}]}},"_links":{"self":[{"href":"https:\/\/www.article-marketing.eu\/comunicatistampa\/wp-json\/wp\/v2\/posts\/30953","targetHints":{"allow":["GET"]}}],"collection":[{"href":"https:\/\/www.article-marketing.eu\/comunicatistampa\/wp-json\/wp\/v2\/posts"}],"about":[{"href":"https:\/\/www.article-marketing.eu\/comunicatistampa\/wp-json\/wp\/v2\/types\/post"}],"author":[{"embeddable":true,"href":"https:\/\/www.article-marketing.eu\/comunicatistampa\/wp-json\/wp\/v2\/users\/6477"}],"replies":[{"embeddable":true,"href":"https:\/\/www.article-marketing.eu\/comunicatistampa\/wp-json\/wp\/v2\/comments?post=30953"}],"version-history":[{"count":2,"href":"https:\/\/www.article-marketing.eu\/comunicatistampa\/wp-json\/wp\/v2\/posts\/30953\/revisions"}],"predecessor-version":[{"id":30969,"href":"https:\/\/www.article-marketing.eu\/comunicatistampa\/wp-json\/wp\/v2\/posts\/30953\/revisions\/30969"}],"wp:attachment":[{"href":"https:\/\/www.article-marketing.eu\/comunicatistampa\/wp-json\/wp\/v2\/media?parent=30953"}],"wp:term":[{"taxonomy":"category","embeddable":true,"href":"https:\/\/www.article-marketing.eu\/comunicatistampa\/wp-json\/wp\/v2\/categories?post=30953"},{"taxonomy":"post_tag","embeddable":true,"href":"https:\/\/www.article-marketing.eu\/comunicatistampa\/wp-json\/wp\/v2\/tags?post=30953"}],"curies":[{"name":"wp","href":"https:\/\/api.w.org\/{rel}","templated":true}]}}