{"id":30955,"date":"2024-05-30T15:26:05","date_gmt":"2024-05-30T13:26:05","guid":{"rendered":"https:\/\/www.article-marketing.eu\/comunicatistampa\/?p=30955"},"modified":"2024-05-30T15:26:05","modified_gmt":"2024-05-30T13:26:05","slug":"stefano-venier-lintervento-dellad-di-snam-al-festival-delleconomia-di-trento-i-dettagli","status":"publish","type":"post","link":"https:\/\/www.article-marketing.eu\/comunicatistampa\/stefano-venier-lintervento-dellad-di-snam-al-festival-delleconomia-di-trento-i-dettagli\/","title":{"rendered":"Stefano Venier: l\u2019intervento dell\u2019AD di Snam al Festival dell\u2019Economia di Trento, i dettagli"},"content":{"rendered":"<p><em><strong>\u201cLa sicurezza energetica non riguarda solo il gas, ma tutto il mix energetico. Le nostre scelte di oggi, infatti, influenzeranno il panorama energetico dei prossimi decenni\u201d: l\u2019AD di Snam <a title=\"Chi \u00e8 Stefano Venier\" href=\"https:\/\/www.festivaleconomia.it\/it\/relatore\/stefano-venier\">Stefano Venier<\/a> al Festival dell\u2019Economia di Trento.<\/strong><\/em><\/p>\n<p><strong>\u00a0<a title=\"Stefano Venier tra i relatori del Festival dell'Economia\" href=\"https:\/\/www.festivaleconomia.it\/it\/relatore\/stefano-venier\"><img loading=\"lazy\" decoding=\"async\" src=\"https:\/\/www.festivaleconomia.it\/sites\/default\/files\/2024-05\/Venier.S.jpg\" alt=\"Stefano Venier\" width=\"200\" height=\"200\" \/><\/a><\/strong><\/p>\n<h2>Festival dell\u2019Economia di Trento: l\u2019intervista a Stefano Venier, AD di Snam<\/h2>\n<p>\u201c<em>La transizione energetica rappresenta un passaggio cruciale che dobbiamo compiere<\/em>\u201d: l\u2019AD di Snam <strong>Stefano Venier<\/strong> lo ha ribadito intervenendo lo scorso 24 maggio al Festival dell\u2019Economia di Trento. Tuttavia \u201c<em>va considerata in un contesto pi\u00f9 ampio, in cui affrontiamo anche la questione dei problemi planetari<\/em>\u201d, ha aggiunto l\u2019AD spiegando che \u201c<em>altrimenti, potremmo realizzare la migliore transizione energetica del mondo, senza per\u00f2 risolvere la questione della sostenibilit\u00e0 del Pianeta<\/em>\u201d. Emblematico in quest\u2019ottica il concetto dell\u2019Earth Overshoot Day: \u201c<em>Rappresenta il giorno in cui consumiamo tutte le risorse che il Pianeta produce in un anno intero, attualmente fissato al 26 o 27 luglio. Questo ci impone di adottare un approccio basato sull&#8217;economia circolare e sulla responsabilit\u00e0 nell&#8217;uso delle risorse, affrontando i modelli di consumo attuali. Senza tali cambiamenti, nonostante una transizione energetica efficace, i problemi rimarrebbero irrisolti<\/em>\u201d. Stefano Venier ha quindi ricordato come Snam si sia focalizzata proprio sull\u2019obiettivo prioritario della riduzione delle emissioni: \u201c<em>Abbiamo assunto un impegno per raggiungere la neutralit\u00e0 carbonica entro il 2040-2050, estendendo il coinvolgimento delle filiere, delle PMI e dei fornitori. Incentiviamo programmi di sostenibilit\u00e0 nelle valutazioni di acquisto dei servizi, attribuendo un peso significativo alle performance ambientali. Ampliando la prospettiva, poniamo al centro le emissioni ma consideriamo anche altri fattori\u201d<\/em>.<\/p>\n<h2>Il presente e il futuro dell\u2019energia: la vision di Snam nelle parole dell\u2019AD Stefano Venier<\/h2>\n<p>\u201c<em>Come<\/em> <em>azienda territoriale integriamo l&#8217;impatto ambientale nelle nostre attivit\u00e0 locali, contribuendo alla scala e allo sviluppo sostenibile del territorio<\/em>\u201d: l\u2019AD <a title=\"Gli eventi del Festival partecipati da Stefano Venier\" href=\"https:\/\/www.festivaleconomia.it\/it\/relatore\/stefano-venier\">Stefano Venier<\/a> nel suo intervento ha rimarcato come per Snam sia cruciale \u201c<em>il modo in cui restituiamo alle comunit\u00e0 il territorio attraversato, pertanto abbiamo introdotto obiettivi sulla biodiversit\u00e0 e sul capitale naturale, che sono fondamentali per noi<\/em>\u201d. In particolare quest\u2019anno \u201c<em>raggiungeremo l&#8217;impatto zero su tutte le opere e i 500 cantieri simultaneamente in corso nel Paese\u201d<\/em>. Non solo: \u201c<em>Se nel 2027 il nostro impatto sar\u00e0 positivo, significa che non solo avremo restituito il territorio nelle condizioni in cui l\u2019abbiamo trovato, ma lo avremo migliorato sotto il profilo della biodiversit\u00e0 e della sicurezza territoriale<\/em>\u201d. Stefano Venier si \u00e8 poi soffermato sulla strategia di Snam e su due principi che ritiene cruciali: \u201c<em>Primo, non c&#8217;\u00e8 transizione senza infrastrutture. Come ho gi\u00e0 detto, ribadisco: per ogni euro investito nelle fonti rinnovabili, che siano molecole verdi o elettroni, dobbiamo destinare 1\u20ac alle infrastrutture. Questo \u00e8 fondamentale per superare le sfide di spazio e tempo. Secondo, ci sono stime divergenti sull&#8217;importo necessario: l&#8217;IEA parla di 4 trilioni di dollari l&#8217;anno per il 2050, mentre il Financial Times indica 7 trilioni di dollari. Attualmente, la sfida riguarda i bilanci degli Stati. Poich\u00e9 queste transizioni richiedono un sostegno finanziario non solo da parte delle imprese, ma anche dal punto di vista del costo per il cittadino finale. La terza componente critica \u00e8 la sostenibilit\u00e0 economica per i cittadini, altrimenti la tanto discussa &#8220;just transition&#8221; sar\u00e0 solo un&#8217;idea. \u00c8 improbabile che i bilanci degli Stati coprano interamente queste cifre: forse il 20-30%, mentre il restante 70% dovr\u00e0 provenire dal capitale privato<\/em>\u201d. Per attrarre questi investimenti \u00e8 quindi indispensabile offrire certezza e stabilit\u00e0 normativa: \u201c<em>L\u2019Europa ha cercato di dare l&#8217;esempio al mondo, ma questo ha comportato anche delle sfide. La leadership europea nella transizione energetica ha a volte seguito un approccio troppo dogmatico. Oggi, dobbiamo essere pragmatici e guidati da un agnosticismo tecnologico, che ci porta a essere aperti a considerare tutte le tecnologie energetiche, anche quelle che verranno sviluppate \u2013 da qui al Net Zero del 2050 \u2013 adattandole alle specificit\u00e0 di ogni paese per agevolare l\u2019impiego di molecole verdi e quindi la decarbonizzazione<\/em>\u201d. \u00c8 la vision alla base del Piano Strategico 2023-2027 di Snam presentato a gennaio: \u201c<em>Mentre lo stiamo mettendo a terra siamo gi\u00e0 al lavoro per definire gli obiettivi 2029<\/em>\u201d.<\/p>\n","protected":false},"excerpt":{"rendered":"<p>L\u2019AD di Snam Stefano Venier al Festival dell\u2019Economia di Trento: \u201cCome azienda territoriale integriamo l&#8217;impatto ambientale nelle nostre attivit\u00e0 locali, contribuendo alla scala e allo sviluppo sostenibile del territorio\u201d.<\/p>\n","protected":false},"author":6477,"featured_media":0,"comment_status":"open","ping_status":"open","sticky":false,"template":"","format":"standard","meta":{"_monsterinsights_skip_tracking":false,"_monsterinsights_sitenote_active":false,"_monsterinsights_sitenote_note":"","_monsterinsights_sitenote_category":0,"footnotes":""},"categories":[386],"tags":[10792],"class_list":["post-30955","post","type-post","status-publish","format-standard","hentry","category-economia-e-lavoro","tag-stefano-venier"],"yoast_head":"<!-- This site is optimized with the Yoast SEO plugin v27.3 - https:\/\/yoast.com\/product\/yoast-seo-wordpress\/ -->\n<title>Stefano Venier: l\u2019intervento dell\u2019AD di Snam al Festival dell\u2019Economia di Trento, i dettagli<\/title>\n<meta name=\"description\" content=\"L\u2019AD di Snam Stefano Venier al Festival dell\u2019Economia di Trento: \u201cCome azienda territoriale integriamo l&#039;impatto ambientale nelle nostre attivit\u00e0 locali, contribuendo alla scala e allo sviluppo sostenibile del territorio\u201d.\" \/>\n<meta name=\"robots\" content=\"index, follow, max-snippet:-1, max-image-preview:large, max-video-preview:-1\" \/>\n<link rel=\"canonical\" href=\"https:\/\/www.article-marketing.eu\/comunicatistampa\/stefano-venier-lintervento-dellad-di-snam-al-festival-delleconomia-di-trento-i-dettagli\/\" \/>\n<meta property=\"og:locale\" content=\"it_IT\" \/>\n<meta property=\"og:type\" content=\"article\" \/>\n<meta property=\"og:title\" content=\"Stefano Venier: l\u2019intervento dell\u2019AD di Snam al Festival dell\u2019Economia di Trento, i dettagli\" \/>\n<meta property=\"og:description\" content=\"L\u2019AD di Snam Stefano Venier al Festival dell\u2019Economia di Trento: \u201cCome azienda territoriale integriamo l&#039;impatto ambientale nelle nostre attivit\u00e0 locali, contribuendo alla scala e allo sviluppo sostenibile del territorio\u201d.\" \/>\n<meta property=\"og:url\" content=\"https:\/\/www.article-marketing.eu\/comunicatistampa\/stefano-venier-lintervento-dellad-di-snam-al-festival-delleconomia-di-trento-i-dettagli\/\" \/>\n<meta property=\"og:site_name\" content=\"Article Marketing\" \/>\n<meta property=\"article:published_time\" content=\"2024-05-30T13:26:05+00:00\" \/>\n<meta property=\"og:image\" content=\"https:\/\/www.festivaleconomia.it\/sites\/default\/files\/2024-05\/Venier.S.jpg\" \/>\n<meta name=\"author\" content=\"articolinews\" \/>\n<meta name=\"twitter:card\" content=\"summary_large_image\" \/>\n<meta name=\"twitter:label1\" content=\"Scritto da\" \/>\n\t<meta name=\"twitter:data1\" content=\"articolinews\" \/>\n\t<meta name=\"twitter:label2\" content=\"Tempo di lettura stimato\" \/>\n\t<meta name=\"twitter:data2\" content=\"4 minuti\" \/>\n<script type=\"application\/ld+json\" class=\"yoast-schema-graph\">{\"@context\":\"https:\\\/\\\/schema.org\",\"@graph\":[{\"@type\":\"Article\",\"@id\":\"https:\\\/\\\/www.article-marketing.eu\\\/comunicatistampa\\\/stefano-venier-lintervento-dellad-di-snam-al-festival-delleconomia-di-trento-i-dettagli\\\/#article\",\"isPartOf\":{\"@id\":\"https:\\\/\\\/www.article-marketing.eu\\\/comunicatistampa\\\/stefano-venier-lintervento-dellad-di-snam-al-festival-delleconomia-di-trento-i-dettagli\\\/\"},\"author\":{\"name\":\"articolinews\",\"@id\":\"https:\\\/\\\/www.article-marketing.eu\\\/comunicatistampa\\\/#\\\/schema\\\/person\\\/2fcaf8f8f3a9eef9eb7f27532d3ca458\"},\"headline\":\"Stefano Venier: l\u2019intervento dell\u2019AD di Snam al Festival dell\u2019Economia di Trento, i dettagli\",\"datePublished\":\"2024-05-30T13:26:05+00:00\",\"mainEntityOfPage\":{\"@id\":\"https:\\\/\\\/www.article-marketing.eu\\\/comunicatistampa\\\/stefano-venier-lintervento-dellad-di-snam-al-festival-delleconomia-di-trento-i-dettagli\\\/\"},\"wordCount\":673,\"commentCount\":0,\"image\":{\"@id\":\"https:\\\/\\\/www.article-marketing.eu\\\/comunicatistampa\\\/stefano-venier-lintervento-dellad-di-snam-al-festival-delleconomia-di-trento-i-dettagli\\\/#primaryimage\"},\"thumbnailUrl\":\"https:\\\/\\\/www.festivaleconomia.it\\\/sites\\\/default\\\/files\\\/2024-05\\\/Venier.S.jpg\",\"keywords\":[\"Stefano Venier\"],\"articleSection\":[\"Economia e lavoro\"],\"inLanguage\":\"it-IT\",\"potentialAction\":[{\"@type\":\"CommentAction\",\"name\":\"Comment\",\"target\":[\"https:\\\/\\\/www.article-marketing.eu\\\/comunicatistampa\\\/stefano-venier-lintervento-dellad-di-snam-al-festival-delleconomia-di-trento-i-dettagli\\\/#respond\"]}]},{\"@type\":\"WebPage\",\"@id\":\"https:\\\/\\\/www.article-marketing.eu\\\/comunicatistampa\\\/stefano-venier-lintervento-dellad-di-snam-al-festival-delleconomia-di-trento-i-dettagli\\\/\",\"url\":\"https:\\\/\\\/www.article-marketing.eu\\\/comunicatistampa\\\/stefano-venier-lintervento-dellad-di-snam-al-festival-delleconomia-di-trento-i-dettagli\\\/\",\"name\":\"Stefano Venier: l\u2019intervento dell\u2019AD di Snam al Festival dell\u2019Economia di Trento, i dettagli\",\"isPartOf\":{\"@id\":\"https:\\\/\\\/www.article-marketing.eu\\\/comunicatistampa\\\/#website\"},\"primaryImageOfPage\":{\"@id\":\"https:\\\/\\\/www.article-marketing.eu\\\/comunicatistampa\\\/stefano-venier-lintervento-dellad-di-snam-al-festival-delleconomia-di-trento-i-dettagli\\\/#primaryimage\"},\"image\":{\"@id\":\"https:\\\/\\\/www.article-marketing.eu\\\/comunicatistampa\\\/stefano-venier-lintervento-dellad-di-snam-al-festival-delleconomia-di-trento-i-dettagli\\\/#primaryimage\"},\"thumbnailUrl\":\"https:\\\/\\\/www.festivaleconomia.it\\\/sites\\\/default\\\/files\\\/2024-05\\\/Venier.S.jpg\",\"datePublished\":\"2024-05-30T13:26:05+00:00\",\"author\":{\"@id\":\"https:\\\/\\\/www.article-marketing.eu\\\/comunicatistampa\\\/#\\\/schema\\\/person\\\/2fcaf8f8f3a9eef9eb7f27532d3ca458\"},\"description\":\"L\u2019AD di Snam Stefano Venier al Festival dell\u2019Economia di Trento: \u201cCome azienda territoriale integriamo l'impatto ambientale nelle nostre attivit\u00e0 locali, contribuendo alla scala e allo sviluppo sostenibile del territorio\u201d.\",\"breadcrumb\":{\"@id\":\"https:\\\/\\\/www.article-marketing.eu\\\/comunicatistampa\\\/stefano-venier-lintervento-dellad-di-snam-al-festival-delleconomia-di-trento-i-dettagli\\\/#breadcrumb\"},\"inLanguage\":\"it-IT\",\"potentialAction\":[{\"@type\":\"ReadAction\",\"target\":[\"https:\\\/\\\/www.article-marketing.eu\\\/comunicatistampa\\\/stefano-venier-lintervento-dellad-di-snam-al-festival-delleconomia-di-trento-i-dettagli\\\/\"]}]},{\"@type\":\"ImageObject\",\"inLanguage\":\"it-IT\",\"@id\":\"https:\\\/\\\/www.article-marketing.eu\\\/comunicatistampa\\\/stefano-venier-lintervento-dellad-di-snam-al-festival-delleconomia-di-trento-i-dettagli\\\/#primaryimage\",\"url\":\"https:\\\/\\\/www.festivaleconomia.it\\\/sites\\\/default\\\/files\\\/2024-05\\\/Venier.S.jpg\",\"contentUrl\":\"https:\\\/\\\/www.festivaleconomia.it\\\/sites\\\/default\\\/files\\\/2024-05\\\/Venier.S.jpg\"},{\"@type\":\"BreadcrumbList\",\"@id\":\"https:\\\/\\\/www.article-marketing.eu\\\/comunicatistampa\\\/stefano-venier-lintervento-dellad-di-snam-al-festival-delleconomia-di-trento-i-dettagli\\\/#breadcrumb\",\"itemListElement\":[{\"@type\":\"ListItem\",\"position\":1,\"name\":\"Home\",\"item\":\"https:\\\/\\\/www.article-marketing.eu\\\/comunicatistampa\\\/\"},{\"@type\":\"ListItem\",\"position\":2,\"name\":\"Stefano Venier: l\u2019intervento dell\u2019AD di Snam al Festival dell\u2019Economia di Trento, i dettagli\"}]},{\"@type\":\"WebSite\",\"@id\":\"https:\\\/\\\/www.article-marketing.eu\\\/comunicatistampa\\\/#website\",\"url\":\"https:\\\/\\\/www.article-marketing.eu\\\/comunicatistampa\\\/\",\"name\":\"Article Marketing\",\"description\":\"article marketing &amp; press release\",\"potentialAction\":[{\"@type\":\"SearchAction\",\"target\":{\"@type\":\"EntryPoint\",\"urlTemplate\":\"https:\\\/\\\/www.article-marketing.eu\\\/comunicatistampa\\\/?s={search_term_string}\"},\"query-input\":{\"@type\":\"PropertyValueSpecification\",\"valueRequired\":true,\"valueName\":\"search_term_string\"}}],\"inLanguage\":\"it-IT\"},{\"@type\":\"Person\",\"@id\":\"https:\\\/\\\/www.article-marketing.eu\\\/comunicatistampa\\\/#\\\/schema\\\/person\\\/2fcaf8f8f3a9eef9eb7f27532d3ca458\",\"name\":\"articolinews\",\"image\":{\"@type\":\"ImageObject\",\"inLanguage\":\"it-IT\",\"@id\":\"https:\\\/\\\/secure.gravatar.com\\\/avatar\\\/9e2a264bab04e17dea24d937c9956304649a848cb73c46747a692ff1bdeb1cb7?s=96&d=mm&r=g\",\"url\":\"https:\\\/\\\/secure.gravatar.com\\\/avatar\\\/9e2a264bab04e17dea24d937c9956304649a848cb73c46747a692ff1bdeb1cb7?s=96&d=mm&r=g\",\"contentUrl\":\"https:\\\/\\\/secure.gravatar.com\\\/avatar\\\/9e2a264bab04e17dea24d937c9956304649a848cb73c46747a692ff1bdeb1cb7?s=96&d=mm&r=g\",\"caption\":\"articolinews\"},\"url\":\"https:\\\/\\\/www.article-marketing.eu\\\/comunicatistampa\\\/author\\\/articolinews\\\/\"}]}<\/script>\n<!-- \/ Yoast SEO plugin. -->","yoast_head_json":{"title":"Stefano Venier: l\u2019intervento dell\u2019AD di Snam al Festival dell\u2019Economia di Trento, i dettagli","description":"L\u2019AD di Snam Stefano Venier al Festival dell\u2019Economia di Trento: \u201cCome azienda territoriale integriamo l'impatto ambientale nelle nostre attivit\u00e0 locali, contribuendo alla scala e allo sviluppo sostenibile del territorio\u201d.","robots":{"index":"index","follow":"follow","max-snippet":"max-snippet:-1","max-image-preview":"max-image-preview:large","max-video-preview":"max-video-preview:-1"},"canonical":"https:\/\/www.article-marketing.eu\/comunicatistampa\/stefano-venier-lintervento-dellad-di-snam-al-festival-delleconomia-di-trento-i-dettagli\/","og_locale":"it_IT","og_type":"article","og_title":"Stefano Venier: l\u2019intervento dell\u2019AD di Snam al Festival dell\u2019Economia di Trento, i dettagli","og_description":"L\u2019AD di Snam Stefano Venier al Festival dell\u2019Economia di Trento: \u201cCome azienda territoriale integriamo l'impatto ambientale nelle nostre attivit\u00e0 locali, contribuendo alla scala e allo sviluppo sostenibile del territorio\u201d.","og_url":"https:\/\/www.article-marketing.eu\/comunicatistampa\/stefano-venier-lintervento-dellad-di-snam-al-festival-delleconomia-di-trento-i-dettagli\/","og_site_name":"Article Marketing","article_published_time":"2024-05-30T13:26:05+00:00","og_image":[{"url":"https:\/\/www.festivaleconomia.it\/sites\/default\/files\/2024-05\/Venier.S.jpg","type":"","width":"","height":""}],"author":"articolinews","twitter_card":"summary_large_image","twitter_misc":{"Scritto da":"articolinews","Tempo di lettura stimato":"4 minuti"},"schema":{"@context":"https:\/\/schema.org","@graph":[{"@type":"Article","@id":"https:\/\/www.article-marketing.eu\/comunicatistampa\/stefano-venier-lintervento-dellad-di-snam-al-festival-delleconomia-di-trento-i-dettagli\/#article","isPartOf":{"@id":"https:\/\/www.article-marketing.eu\/comunicatistampa\/stefano-venier-lintervento-dellad-di-snam-al-festival-delleconomia-di-trento-i-dettagli\/"},"author":{"name":"articolinews","@id":"https:\/\/www.article-marketing.eu\/comunicatistampa\/#\/schema\/person\/2fcaf8f8f3a9eef9eb7f27532d3ca458"},"headline":"Stefano Venier: l\u2019intervento dell\u2019AD di Snam al Festival dell\u2019Economia di Trento, i dettagli","datePublished":"2024-05-30T13:26:05+00:00","mainEntityOfPage":{"@id":"https:\/\/www.article-marketing.eu\/comunicatistampa\/stefano-venier-lintervento-dellad-di-snam-al-festival-delleconomia-di-trento-i-dettagli\/"},"wordCount":673,"commentCount":0,"image":{"@id":"https:\/\/www.article-marketing.eu\/comunicatistampa\/stefano-venier-lintervento-dellad-di-snam-al-festival-delleconomia-di-trento-i-dettagli\/#primaryimage"},"thumbnailUrl":"https:\/\/www.festivaleconomia.it\/sites\/default\/files\/2024-05\/Venier.S.jpg","keywords":["Stefano Venier"],"articleSection":["Economia e lavoro"],"inLanguage":"it-IT","potentialAction":[{"@type":"CommentAction","name":"Comment","target":["https:\/\/www.article-marketing.eu\/comunicatistampa\/stefano-venier-lintervento-dellad-di-snam-al-festival-delleconomia-di-trento-i-dettagli\/#respond"]}]},{"@type":"WebPage","@id":"https:\/\/www.article-marketing.eu\/comunicatistampa\/stefano-venier-lintervento-dellad-di-snam-al-festival-delleconomia-di-trento-i-dettagli\/","url":"https:\/\/www.article-marketing.eu\/comunicatistampa\/stefano-venier-lintervento-dellad-di-snam-al-festival-delleconomia-di-trento-i-dettagli\/","name":"Stefano Venier: l\u2019intervento dell\u2019AD di Snam al Festival dell\u2019Economia di Trento, i dettagli","isPartOf":{"@id":"https:\/\/www.article-marketing.eu\/comunicatistampa\/#website"},"primaryImageOfPage":{"@id":"https:\/\/www.article-marketing.eu\/comunicatistampa\/stefano-venier-lintervento-dellad-di-snam-al-festival-delleconomia-di-trento-i-dettagli\/#primaryimage"},"image":{"@id":"https:\/\/www.article-marketing.eu\/comunicatistampa\/stefano-venier-lintervento-dellad-di-snam-al-festival-delleconomia-di-trento-i-dettagli\/#primaryimage"},"thumbnailUrl":"https:\/\/www.festivaleconomia.it\/sites\/default\/files\/2024-05\/Venier.S.jpg","datePublished":"2024-05-30T13:26:05+00:00","author":{"@id":"https:\/\/www.article-marketing.eu\/comunicatistampa\/#\/schema\/person\/2fcaf8f8f3a9eef9eb7f27532d3ca458"},"description":"L\u2019AD di Snam Stefano Venier al Festival dell\u2019Economia di Trento: \u201cCome azienda territoriale integriamo l'impatto ambientale nelle nostre attivit\u00e0 locali, contribuendo alla scala e allo sviluppo sostenibile del territorio\u201d.","breadcrumb":{"@id":"https:\/\/www.article-marketing.eu\/comunicatistampa\/stefano-venier-lintervento-dellad-di-snam-al-festival-delleconomia-di-trento-i-dettagli\/#breadcrumb"},"inLanguage":"it-IT","potentialAction":[{"@type":"ReadAction","target":["https:\/\/www.article-marketing.eu\/comunicatistampa\/stefano-venier-lintervento-dellad-di-snam-al-festival-delleconomia-di-trento-i-dettagli\/"]}]},{"@type":"ImageObject","inLanguage":"it-IT","@id":"https:\/\/www.article-marketing.eu\/comunicatistampa\/stefano-venier-lintervento-dellad-di-snam-al-festival-delleconomia-di-trento-i-dettagli\/#primaryimage","url":"https:\/\/www.festivaleconomia.it\/sites\/default\/files\/2024-05\/Venier.S.jpg","contentUrl":"https:\/\/www.festivaleconomia.it\/sites\/default\/files\/2024-05\/Venier.S.jpg"},{"@type":"BreadcrumbList","@id":"https:\/\/www.article-marketing.eu\/comunicatistampa\/stefano-venier-lintervento-dellad-di-snam-al-festival-delleconomia-di-trento-i-dettagli\/#breadcrumb","itemListElement":[{"@type":"ListItem","position":1,"name":"Home","item":"https:\/\/www.article-marketing.eu\/comunicatistampa\/"},{"@type":"ListItem","position":2,"name":"Stefano Venier: l\u2019intervento dell\u2019AD di Snam al Festival dell\u2019Economia di Trento, i dettagli"}]},{"@type":"WebSite","@id":"https:\/\/www.article-marketing.eu\/comunicatistampa\/#website","url":"https:\/\/www.article-marketing.eu\/comunicatistampa\/","name":"Article Marketing","description":"article marketing &amp; press release","potentialAction":[{"@type":"SearchAction","target":{"@type":"EntryPoint","urlTemplate":"https:\/\/www.article-marketing.eu\/comunicatistampa\/?s={search_term_string}"},"query-input":{"@type":"PropertyValueSpecification","valueRequired":true,"valueName":"search_term_string"}}],"inLanguage":"it-IT"},{"@type":"Person","@id":"https:\/\/www.article-marketing.eu\/comunicatistampa\/#\/schema\/person\/2fcaf8f8f3a9eef9eb7f27532d3ca458","name":"articolinews","image":{"@type":"ImageObject","inLanguage":"it-IT","@id":"https:\/\/secure.gravatar.com\/avatar\/9e2a264bab04e17dea24d937c9956304649a848cb73c46747a692ff1bdeb1cb7?s=96&d=mm&r=g","url":"https:\/\/secure.gravatar.com\/avatar\/9e2a264bab04e17dea24d937c9956304649a848cb73c46747a692ff1bdeb1cb7?s=96&d=mm&r=g","contentUrl":"https:\/\/secure.gravatar.com\/avatar\/9e2a264bab04e17dea24d937c9956304649a848cb73c46747a692ff1bdeb1cb7?s=96&d=mm&r=g","caption":"articolinews"},"url":"https:\/\/www.article-marketing.eu\/comunicatistampa\/author\/articolinews\/"}]}},"_links":{"self":[{"href":"https:\/\/www.article-marketing.eu\/comunicatistampa\/wp-json\/wp\/v2\/posts\/30955","targetHints":{"allow":["GET"]}}],"collection":[{"href":"https:\/\/www.article-marketing.eu\/comunicatistampa\/wp-json\/wp\/v2\/posts"}],"about":[{"href":"https:\/\/www.article-marketing.eu\/comunicatistampa\/wp-json\/wp\/v2\/types\/post"}],"author":[{"embeddable":true,"href":"https:\/\/www.article-marketing.eu\/comunicatistampa\/wp-json\/wp\/v2\/users\/6477"}],"replies":[{"embeddable":true,"href":"https:\/\/www.article-marketing.eu\/comunicatistampa\/wp-json\/wp\/v2\/comments?post=30955"}],"version-history":[{"count":3,"href":"https:\/\/www.article-marketing.eu\/comunicatistampa\/wp-json\/wp\/v2\/posts\/30955\/revisions"}],"predecessor-version":[{"id":30968,"href":"https:\/\/www.article-marketing.eu\/comunicatistampa\/wp-json\/wp\/v2\/posts\/30955\/revisions\/30968"}],"wp:attachment":[{"href":"https:\/\/www.article-marketing.eu\/comunicatistampa\/wp-json\/wp\/v2\/media?parent=30955"}],"wp:term":[{"taxonomy":"category","embeddable":true,"href":"https:\/\/www.article-marketing.eu\/comunicatistampa\/wp-json\/wp\/v2\/categories?post=30955"},{"taxonomy":"post_tag","embeddable":true,"href":"https:\/\/www.article-marketing.eu\/comunicatistampa\/wp-json\/wp\/v2\/tags?post=30955"}],"curies":[{"name":"wp","href":"https:\/\/api.w.org\/{rel}","templated":true}]}}