{"id":3097,"date":"2017-06-07T15:15:58","date_gmt":"2017-06-07T13:15:58","guid":{"rendered":"http:\/\/www.article-marketing.eu\/comunicatistampa\/?p=3097"},"modified":"2017-06-07T15:15:58","modified_gmt":"2017-06-07T13:15:58","slug":"sottoscritto-accordo-di-collaborazione-tra-cribis-e-volo-com","status":"publish","type":"post","link":"https:\/\/www.article-marketing.eu\/comunicatistampa\/sottoscritto-accordo-di-collaborazione-tra-cribis-e-volo-com\/","title":{"rendered":"Sottoscritto accordo di collaborazione tra CRIBIS e Volo.com"},"content":{"rendered":"<p><strong>Milano, 6 giugno 2017 \u2013<\/strong><em> Al via la partnership tra <strong>Cribis<\/strong> e <strong>Volo.com<\/strong>, l\u2019accordo ha per oggetto la collaborazione delle rispettive piattaforme web dedicate alle piccole imprese e ai professionisti, <strong>iCRIBIS<\/strong>, l\u2019ecommerce per informarsi sulle imprese e <strong>Rassegna al Volo<\/strong>, il servizio di rassegna stampa fai da te. <\/em><\/p>\n<p><em>L\u2019accordo permetter\u00e0 ai reciproci utenti di beneficiare dei vantaggi di questa collaborazione, infatti le aziende registrate sul sito Rassegna al Volo potranno richiedere i report iCRIBIS, per verificare l\u2019affidabilit\u00e0 dei loro clienti e fornitori con uno speciale sconto dedicato, mentre gli oltre 300.000 utenti iCRIBIS avranno la possibilit\u00e0 di provare il servizio di rassegna personale risparmiando il 15%. <\/em><\/p>\n<p><em>La collaborazione porter\u00e0 inoltre nel corso dell\u2019anno alla realizzazione di ulteriori iniziative, sempre volte ad offrire vantaggi e promozioni a tutte quelle aziende che per farsi aiutare nei propri affari, sceglieranno di valutare i loro partner commerciali controllando le informazioni su protesti, pregiudizievoli, bilanci e molto altro su iCRIBIS o monitorando con Rassegna al Volo i temi di proprio interesse sulle testate nazionali e locali, in totale autonomia e semplicit\u00e0.\u00a0 <\/em><\/p>\n<p>&nbsp;<\/p>\n<p><strong>iCRIBIS<\/strong>,\u00a0\u00e8 il canale e-commerce di Cribis, societ\u00e0 del gruppo\u00a0<strong>CRIF,<\/strong>\u00a0per accedere alla banca dati di Informazioni Commerciali sulle imprese<strong>.<\/strong>\u00a0iCRIBIS soddisfa le esigenze di piccole imprese e professionisti, che hanno la necessit\u00e0 di tutelare i propri crediti e di ridurre gli insoluti. Una gamma di report a contenuto crescente, acquistabili singolarmente, mette a disposizione informazioni riguardanti la struttura societaria, il controllo protesti, le pregiudizievoli e i dati economico-finanziari di tutte le aziende italiane. iCRIBIS \u00e8 la scelta quotidiana di migliaia di piccole aziende che in modo semplice e conveniente riescono a informarsi su clienti, fornitori e concorrenti, con la garanzia di dati di qualit\u00e0, accessibili in qualsiasi momento direttamente online.<\/p>\n<p>&nbsp;<\/p>\n<p><strong>Rassegna al Volo (RAV)<\/strong> \u00e8 un Servizio e un \u201cMarket Place\u201d per la produzione e la rivendita di rassegne stampa. Il servizio \u00e8 articolato in due aree principali: Rassegna Personale e Store.<\/p>\n<p>\uf0b7 La Rassegna Personale \u00e8 un servizio di self service di rassegna stampa che da al Cliente la possibilit\u00e0 di creare e gestire in totale autonomia le proprie rassegne a prezzi assolutamente competitivi. E\u2019 possibile acquistare sia la rassegna del giorno, sia una rassegna in abbonamento. La semplicit\u00e0 d\u2019uso consente l\u2019utilizzo sia da parte degli utenti professionali degli uffici di comunicazione, sia da qualsiasi cliente che voglia monitorare il proprio nome, il proprio brand o le proprie curiosit\u00e0\/interessi.<\/p>\n<p>\uf0b7 Lo Store \u00e8 una piattaforma dedicata all\u2019acquisto di rassegne tematiche gi\u00e0 confezionate per il Cliente da esperti di settore (Giornalisti, Editori, Associazioni, Uffici Studi). La vastit\u00e0 di argomenti e il lavoro di addetti alla rassegna stampa offrono la possibilit\u00e0 di avere una raccolta su temi caldi, eventi, news, etc.<\/p>\n<p>&nbsp;<\/p>\n<p>Per ulteriori informazioni sui servizi iCRIBIS visitate il sito <a href=\"http:\/\/www.icribis.com\">www.icribis.com<\/a><\/p>\n<p>Per informazioni sul partner <a href=\"http:\/\/www.rassegnalvolo.it\/\">http:\/\/www.rassegnalvolo.it\/<\/a><\/p>\n","protected":false},"excerpt":{"rendered":"<p>Milano, 6 giugno 2017 \u2013 Al via la partnership tra Cribis e Volo.com, l\u2019accordo ha per oggetto la collaborazione delle rispettive piattaforme web dedicate alle piccole imprese e ai professionisti, iCRIBIS, l\u2019ecommerce per informarsi sulle imprese e Rassegna al Volo, il servizio di rassegna stampa fai da te. L\u2019accordo permetter\u00e0 ai reciproci utenti di beneficiare dei vantaggi di questa collaborazione, infatti le aziende registrate sul sito Rassegna al Volo potranno<\/p>\n<p><a class=\"continue-reading\" href=\"https:\/\/www.article-marketing.eu\/comunicatistampa\/sottoscritto-accordo-di-collaborazione-tra-cribis-e-volo-com\/\">Continue reading&#8230;<\/a><\/p>\n","protected":false},"author":386,"featured_media":0,"comment_status":"open","ping_status":"open","sticky":false,"template":"","format":"standard","meta":{"_monsterinsights_skip_tracking":false,"_monsterinsights_sitenote_active":false,"_monsterinsights_sitenote_note":"","_monsterinsights_sitenote_category":0,"footnotes":""},"categories":[388,78,386,394],"tags":[1725,1723,1324,1724],"class_list":["post-3097","post","type-post","status-publish","format-standard","hentry","category-aziende","category-comunicati-stampa","category-economia-e-lavoro","category-servizi","tag-ecommerce","tag-icribis","tag-imprese","tag-volo-com"],"yoast_head":"<!-- This site is optimized with the Yoast SEO plugin v27.3 - https:\/\/yoast.com\/product\/yoast-seo-wordpress\/ -->\n<title>Sottoscritto accordo di collaborazione tra CRIBIS e Volo.com - Article Marketing<\/title>\n<meta name=\"robots\" content=\"index, follow, max-snippet:-1, max-image-preview:large, max-video-preview:-1\" \/>\n<link rel=\"canonical\" href=\"https:\/\/www.article-marketing.eu\/comunicatistampa\/sottoscritto-accordo-di-collaborazione-tra-cribis-e-volo-com\/\" \/>\n<meta property=\"og:locale\" content=\"it_IT\" \/>\n<meta property=\"og:type\" content=\"article\" \/>\n<meta property=\"og:title\" content=\"Sottoscritto accordo di collaborazione tra CRIBIS e Volo.com - Article Marketing\" \/>\n<meta property=\"og:description\" content=\"Milano, 6 giugno 2017 \u2013 Al via la partnership tra Cribis e Volo.com, l\u2019accordo ha per oggetto la collaborazione delle rispettive piattaforme web dedicate alle piccole imprese e ai professionisti, iCRIBIS, l\u2019ecommerce per informarsi sulle imprese e Rassegna al Volo, il servizio di rassegna stampa fai da te. L\u2019accordo permetter\u00e0 ai reciproci utenti di beneficiare dei vantaggi di questa collaborazione, infatti le aziende registrate sul sito Rassegna al Volo potrannoContinue reading...\" \/>\n<meta property=\"og:url\" content=\"https:\/\/www.article-marketing.eu\/comunicatistampa\/sottoscritto-accordo-di-collaborazione-tra-cribis-e-volo-com\/\" \/>\n<meta property=\"og:site_name\" content=\"Article Marketing\" \/>\n<meta property=\"article:published_time\" content=\"2017-06-07T13:15:58+00:00\" \/>\n<meta name=\"author\" content=\"dicom\" \/>\n<meta name=\"twitter:card\" content=\"summary_large_image\" \/>\n<meta name=\"twitter:label1\" content=\"Scritto da\" \/>\n\t<meta name=\"twitter:data1\" content=\"dicom\" \/>\n\t<meta name=\"twitter:label2\" content=\"Tempo di lettura stimato\" \/>\n\t<meta name=\"twitter:data2\" content=\"2 minuti\" \/>\n<script type=\"application\/ld+json\" class=\"yoast-schema-graph\">{\"@context\":\"https:\\\/\\\/schema.org\",\"@graph\":[{\"@type\":\"Article\",\"@id\":\"https:\\\/\\\/www.article-marketing.eu\\\/comunicatistampa\\\/sottoscritto-accordo-di-collaborazione-tra-cribis-e-volo-com\\\/#article\",\"isPartOf\":{\"@id\":\"https:\\\/\\\/www.article-marketing.eu\\\/comunicatistampa\\\/sottoscritto-accordo-di-collaborazione-tra-cribis-e-volo-com\\\/\"},\"author\":{\"name\":\"dicom\",\"@id\":\"https:\\\/\\\/www.article-marketing.eu\\\/comunicatistampa\\\/#\\\/schema\\\/person\\\/65cd87dabd3a9eff60170d75080e6c7f\"},\"headline\":\"Sottoscritto accordo di collaborazione tra CRIBIS e Volo.com\",\"datePublished\":\"2017-06-07T13:15:58+00:00\",\"mainEntityOfPage\":{\"@id\":\"https:\\\/\\\/www.article-marketing.eu\\\/comunicatistampa\\\/sottoscritto-accordo-di-collaborazione-tra-cribis-e-volo-com\\\/\"},\"wordCount\":477,\"commentCount\":0,\"keywords\":[\"ecommerce\",\"iCribis\",\"imprese\",\"Volo.com\"],\"articleSection\":[\"Aziende\",\"Comunicati stampa\",\"Economia e lavoro\",\"Servizi\"],\"inLanguage\":\"it-IT\",\"potentialAction\":[{\"@type\":\"CommentAction\",\"name\":\"Comment\",\"target\":[\"https:\\\/\\\/www.article-marketing.eu\\\/comunicatistampa\\\/sottoscritto-accordo-di-collaborazione-tra-cribis-e-volo-com\\\/#respond\"]}]},{\"@type\":\"WebPage\",\"@id\":\"https:\\\/\\\/www.article-marketing.eu\\\/comunicatistampa\\\/sottoscritto-accordo-di-collaborazione-tra-cribis-e-volo-com\\\/\",\"url\":\"https:\\\/\\\/www.article-marketing.eu\\\/comunicatistampa\\\/sottoscritto-accordo-di-collaborazione-tra-cribis-e-volo-com\\\/\",\"name\":\"Sottoscritto accordo di collaborazione tra CRIBIS e Volo.com - Article Marketing\",\"isPartOf\":{\"@id\":\"https:\\\/\\\/www.article-marketing.eu\\\/comunicatistampa\\\/#website\"},\"datePublished\":\"2017-06-07T13:15:58+00:00\",\"author\":{\"@id\":\"https:\\\/\\\/www.article-marketing.eu\\\/comunicatistampa\\\/#\\\/schema\\\/person\\\/65cd87dabd3a9eff60170d75080e6c7f\"},\"breadcrumb\":{\"@id\":\"https:\\\/\\\/www.article-marketing.eu\\\/comunicatistampa\\\/sottoscritto-accordo-di-collaborazione-tra-cribis-e-volo-com\\\/#breadcrumb\"},\"inLanguage\":\"it-IT\",\"potentialAction\":[{\"@type\":\"ReadAction\",\"target\":[\"https:\\\/\\\/www.article-marketing.eu\\\/comunicatistampa\\\/sottoscritto-accordo-di-collaborazione-tra-cribis-e-volo-com\\\/\"]}]},{\"@type\":\"BreadcrumbList\",\"@id\":\"https:\\\/\\\/www.article-marketing.eu\\\/comunicatistampa\\\/sottoscritto-accordo-di-collaborazione-tra-cribis-e-volo-com\\\/#breadcrumb\",\"itemListElement\":[{\"@type\":\"ListItem\",\"position\":1,\"name\":\"Home\",\"item\":\"https:\\\/\\\/www.article-marketing.eu\\\/comunicatistampa\\\/\"},{\"@type\":\"ListItem\",\"position\":2,\"name\":\"Sottoscritto accordo di collaborazione tra CRIBIS e Volo.com\"}]},{\"@type\":\"WebSite\",\"@id\":\"https:\\\/\\\/www.article-marketing.eu\\\/comunicatistampa\\\/#website\",\"url\":\"https:\\\/\\\/www.article-marketing.eu\\\/comunicatistampa\\\/\",\"name\":\"Article Marketing\",\"description\":\"article marketing &amp; press release\",\"potentialAction\":[{\"@type\":\"SearchAction\",\"target\":{\"@type\":\"EntryPoint\",\"urlTemplate\":\"https:\\\/\\\/www.article-marketing.eu\\\/comunicatistampa\\\/?s={search_term_string}\"},\"query-input\":{\"@type\":\"PropertyValueSpecification\",\"valueRequired\":true,\"valueName\":\"search_term_string\"}}],\"inLanguage\":\"it-IT\"},{\"@type\":\"Person\",\"@id\":\"https:\\\/\\\/www.article-marketing.eu\\\/comunicatistampa\\\/#\\\/schema\\\/person\\\/65cd87dabd3a9eff60170d75080e6c7f\",\"name\":\"dicom\",\"image\":{\"@type\":\"ImageObject\",\"inLanguage\":\"it-IT\",\"@id\":\"https:\\\/\\\/secure.gravatar.com\\\/avatar\\\/6161a4626a8c051e66f5ce19b16dac07c86d80415f8c90756216ca16d809a4b1?s=96&d=mm&r=g\",\"url\":\"https:\\\/\\\/secure.gravatar.com\\\/avatar\\\/6161a4626a8c051e66f5ce19b16dac07c86d80415f8c90756216ca16d809a4b1?s=96&d=mm&r=g\",\"contentUrl\":\"https:\\\/\\\/secure.gravatar.com\\\/avatar\\\/6161a4626a8c051e66f5ce19b16dac07c86d80415f8c90756216ca16d809a4b1?s=96&d=mm&r=g\",\"caption\":\"dicom\"},\"url\":\"https:\\\/\\\/www.article-marketing.eu\\\/comunicatistampa\\\/author\\\/dicom\\\/\"}]}<\/script>\n<!-- \/ Yoast SEO plugin. -->","yoast_head_json":{"title":"Sottoscritto accordo di collaborazione tra CRIBIS e Volo.com - Article Marketing","robots":{"index":"index","follow":"follow","max-snippet":"max-snippet:-1","max-image-preview":"max-image-preview:large","max-video-preview":"max-video-preview:-1"},"canonical":"https:\/\/www.article-marketing.eu\/comunicatistampa\/sottoscritto-accordo-di-collaborazione-tra-cribis-e-volo-com\/","og_locale":"it_IT","og_type":"article","og_title":"Sottoscritto accordo di collaborazione tra CRIBIS e Volo.com - Article Marketing","og_description":"Milano, 6 giugno 2017 \u2013 Al via la partnership tra Cribis e Volo.com, l\u2019accordo ha per oggetto la collaborazione delle rispettive piattaforme web dedicate alle piccole imprese e ai professionisti, iCRIBIS, l\u2019ecommerce per informarsi sulle imprese e Rassegna al Volo, il servizio di rassegna stampa fai da te. L\u2019accordo permetter\u00e0 ai reciproci utenti di beneficiare dei vantaggi di questa collaborazione, infatti le aziende registrate sul sito Rassegna al Volo potrannoContinue reading...","og_url":"https:\/\/www.article-marketing.eu\/comunicatistampa\/sottoscritto-accordo-di-collaborazione-tra-cribis-e-volo-com\/","og_site_name":"Article Marketing","article_published_time":"2017-06-07T13:15:58+00:00","author":"dicom","twitter_card":"summary_large_image","twitter_misc":{"Scritto da":"dicom","Tempo di lettura stimato":"2 minuti"},"schema":{"@context":"https:\/\/schema.org","@graph":[{"@type":"Article","@id":"https:\/\/www.article-marketing.eu\/comunicatistampa\/sottoscritto-accordo-di-collaborazione-tra-cribis-e-volo-com\/#article","isPartOf":{"@id":"https:\/\/www.article-marketing.eu\/comunicatistampa\/sottoscritto-accordo-di-collaborazione-tra-cribis-e-volo-com\/"},"author":{"name":"dicom","@id":"https:\/\/www.article-marketing.eu\/comunicatistampa\/#\/schema\/person\/65cd87dabd3a9eff60170d75080e6c7f"},"headline":"Sottoscritto accordo di collaborazione tra CRIBIS e Volo.com","datePublished":"2017-06-07T13:15:58+00:00","mainEntityOfPage":{"@id":"https:\/\/www.article-marketing.eu\/comunicatistampa\/sottoscritto-accordo-di-collaborazione-tra-cribis-e-volo-com\/"},"wordCount":477,"commentCount":0,"keywords":["ecommerce","iCribis","imprese","Volo.com"],"articleSection":["Aziende","Comunicati stampa","Economia e lavoro","Servizi"],"inLanguage":"it-IT","potentialAction":[{"@type":"CommentAction","name":"Comment","target":["https:\/\/www.article-marketing.eu\/comunicatistampa\/sottoscritto-accordo-di-collaborazione-tra-cribis-e-volo-com\/#respond"]}]},{"@type":"WebPage","@id":"https:\/\/www.article-marketing.eu\/comunicatistampa\/sottoscritto-accordo-di-collaborazione-tra-cribis-e-volo-com\/","url":"https:\/\/www.article-marketing.eu\/comunicatistampa\/sottoscritto-accordo-di-collaborazione-tra-cribis-e-volo-com\/","name":"Sottoscritto accordo di collaborazione tra CRIBIS e Volo.com - Article Marketing","isPartOf":{"@id":"https:\/\/www.article-marketing.eu\/comunicatistampa\/#website"},"datePublished":"2017-06-07T13:15:58+00:00","author":{"@id":"https:\/\/www.article-marketing.eu\/comunicatistampa\/#\/schema\/person\/65cd87dabd3a9eff60170d75080e6c7f"},"breadcrumb":{"@id":"https:\/\/www.article-marketing.eu\/comunicatistampa\/sottoscritto-accordo-di-collaborazione-tra-cribis-e-volo-com\/#breadcrumb"},"inLanguage":"it-IT","potentialAction":[{"@type":"ReadAction","target":["https:\/\/www.article-marketing.eu\/comunicatistampa\/sottoscritto-accordo-di-collaborazione-tra-cribis-e-volo-com\/"]}]},{"@type":"BreadcrumbList","@id":"https:\/\/www.article-marketing.eu\/comunicatistampa\/sottoscritto-accordo-di-collaborazione-tra-cribis-e-volo-com\/#breadcrumb","itemListElement":[{"@type":"ListItem","position":1,"name":"Home","item":"https:\/\/www.article-marketing.eu\/comunicatistampa\/"},{"@type":"ListItem","position":2,"name":"Sottoscritto accordo di collaborazione tra CRIBIS e Volo.com"}]},{"@type":"WebSite","@id":"https:\/\/www.article-marketing.eu\/comunicatistampa\/#website","url":"https:\/\/www.article-marketing.eu\/comunicatistampa\/","name":"Article Marketing","description":"article marketing &amp; press release","potentialAction":[{"@type":"SearchAction","target":{"@type":"EntryPoint","urlTemplate":"https:\/\/www.article-marketing.eu\/comunicatistampa\/?s={search_term_string}"},"query-input":{"@type":"PropertyValueSpecification","valueRequired":true,"valueName":"search_term_string"}}],"inLanguage":"it-IT"},{"@type":"Person","@id":"https:\/\/www.article-marketing.eu\/comunicatistampa\/#\/schema\/person\/65cd87dabd3a9eff60170d75080e6c7f","name":"dicom","image":{"@type":"ImageObject","inLanguage":"it-IT","@id":"https:\/\/secure.gravatar.com\/avatar\/6161a4626a8c051e66f5ce19b16dac07c86d80415f8c90756216ca16d809a4b1?s=96&d=mm&r=g","url":"https:\/\/secure.gravatar.com\/avatar\/6161a4626a8c051e66f5ce19b16dac07c86d80415f8c90756216ca16d809a4b1?s=96&d=mm&r=g","contentUrl":"https:\/\/secure.gravatar.com\/avatar\/6161a4626a8c051e66f5ce19b16dac07c86d80415f8c90756216ca16d809a4b1?s=96&d=mm&r=g","caption":"dicom"},"url":"https:\/\/www.article-marketing.eu\/comunicatistampa\/author\/dicom\/"}]}},"_links":{"self":[{"href":"https:\/\/www.article-marketing.eu\/comunicatistampa\/wp-json\/wp\/v2\/posts\/3097","targetHints":{"allow":["GET"]}}],"collection":[{"href":"https:\/\/www.article-marketing.eu\/comunicatistampa\/wp-json\/wp\/v2\/posts"}],"about":[{"href":"https:\/\/www.article-marketing.eu\/comunicatistampa\/wp-json\/wp\/v2\/types\/post"}],"author":[{"embeddable":true,"href":"https:\/\/www.article-marketing.eu\/comunicatistampa\/wp-json\/wp\/v2\/users\/386"}],"replies":[{"embeddable":true,"href":"https:\/\/www.article-marketing.eu\/comunicatistampa\/wp-json\/wp\/v2\/comments?post=3097"}],"version-history":[{"count":2,"href":"https:\/\/www.article-marketing.eu\/comunicatistampa\/wp-json\/wp\/v2\/posts\/3097\/revisions"}],"predecessor-version":[{"id":3132,"href":"https:\/\/www.article-marketing.eu\/comunicatistampa\/wp-json\/wp\/v2\/posts\/3097\/revisions\/3132"}],"wp:attachment":[{"href":"https:\/\/www.article-marketing.eu\/comunicatistampa\/wp-json\/wp\/v2\/media?parent=3097"}],"wp:term":[{"taxonomy":"category","embeddable":true,"href":"https:\/\/www.article-marketing.eu\/comunicatistampa\/wp-json\/wp\/v2\/categories?post=3097"},{"taxonomy":"post_tag","embeddable":true,"href":"https:\/\/www.article-marketing.eu\/comunicatistampa\/wp-json\/wp\/v2\/tags?post=3097"}],"curies":[{"name":"wp","href":"https:\/\/api.w.org\/{rel}","templated":true}]}}