{"id":30990,"date":"2024-06-12T18:32:52","date_gmt":"2024-06-12T16:32:52","guid":{"rendered":"https:\/\/www.article-marketing.eu\/comunicatistampa\/?p=30990"},"modified":"2024-06-12T18:32:52","modified_gmt":"2024-06-12T16:32:52","slug":"gruppo-riva-la-storia-dellazienda-guidata-da-claudio-riva","status":"publish","type":"post","link":"https:\/\/www.article-marketing.eu\/comunicatistampa\/gruppo-riva-la-storia-dellazienda-guidata-da-claudio-riva\/","title":{"rendered":"Gruppo Riva: la storia dell\u2019azienda guidata da Claudio Riva"},"content":{"rendered":"<p><em><strong>Gruppo Riva nasce all\u2019inizio degli anni \u201950 da un\u2019intuizione di Emilio Riva che capta le grandi prospettive di sviluppo del settore siderurgico nel Dopoguerra e mette in piedi un\u2019azienda che accompagna la ripresa italiana in quello che \u00e8 conosciuto come \u201cmiracolo economico\u201d, espandendosi poi anche all\u2019estero ed affermandosi infine come uno dei primi gruppi siderurgici d\u2019Europa, uno status di cui gode ancora oggi sotto la guida di <a title=\"Claudio Riva su Top Managers: la carriera del Presidente di Gruppo Riva\" href=\"https:\/\/www.topmanagers.it\/manager\/claudio_riva\">Claudio Riva<\/a>.<\/strong><\/em><\/p>\n<p><a title=\"Claudio Riva, Presidente di Gruppo Riva\" href=\"https:\/\/www.topmanagers.it\/manager\/claudio_riva\"><img loading=\"lazy\" decoding=\"async\" src=\"https:\/\/www.topmanagers.it\/SharingFolder\/TopManager\/it\/ManagerProfilePhoto\/Photo\/claudio-riva.jpg\" alt=\"Claudio Riva\" width=\"253\" height=\"200\" \/><\/a><\/p>\n<h2>Gruppo Riva: quando la realt\u00e0 oggi guidata da Claudio Riva realizz\u00f2 la prima colata continua curva a tre linee<\/h2>\n<p>Erano i primi anni \u201950 quando Emilio Riva e il fratello Adriano avviarono un\u2019attivit\u00e0 basata sul commercio di rottami ferrosi, divenuta in poco tempo un\u2019azienda di rilievo. Dieci anni dopo la sua fondazione, <strong>Gruppo Riva<\/strong> si trov\u00f2 ad affrontare una delle sue prime grandi sfide. Favorita dallo sviluppo delle miniacciaierie, a met\u00e0 anni \u201960 la concorrenza straniera si faceva sempre pi\u00f9 competitiva grazie all\u2019implementazione del forno elettrico. Emilio Riva intu\u00ec che per restare al passo con i grandi produttori esteri era necessario investire in nuove tecnologie. Fu cos\u00ec che decise di introdurre in Italia la colata continua curva a tre linee, una novit\u00e0 tecnologica rivoluzionaria capace di garantire maggiori vantaggi di costo e di resa. Per la sua realizzazione, il pioniere della siderurgia strinse una collaborazione con Luigi Danieli, titolare dell&#8217;omonima azienda impiantistica, e Renzo Colombo, un affermato progettista. Il 2 giugno del 1964 venne quindi inaugurata la prima colata continua curva a tre linee presso lo stabilimento di Caronno. Un\u2019operazione che si rivel\u00f2 un punto di svolta non solo per il Gruppo oggi guidato da <strong><a title=\"Su Top Managers la carriera di Claudio Riva, Presidente di Gruppo Riva\" href=\"https:\/\/www.topmanagers.it\/manager\/claudio_riva\">Claudio Riva<\/a><\/strong>\u00a0ma per l\u2019intera industria siderurgica italiana che abbandonava definitivamente i lingotti a favore delle billette.<\/p>\n<h2>Gruppo Riva: dall\u2019avvio dell\u2019espansione internazionale agli anni sotto la guida di Claudio Riva<\/h2>\n<p>Negli anni &#8217;70, in un periodo di crisi petrolifera e difficolt\u00e0 per la siderurgia europea, <strong>Gruppo Riva<\/strong> cominci\u00f2 ad investire oltre confine, acquisendo aziende in Spagna, Francia e Canada. Attraverso l&#8217;implementazione di nuove tecnologie e una maggiore automazione, il Gruppo aument\u00f2 la produzione di acciaio e laminati, diventando uno dei principali operatori europei. Negli anni successivi, continu\u00f2 a espandersi in Belgio, Germania e Francia, incrementando la produzione e consolidando la propria presenza a livello europeo. Successivamente, ampli\u00f2 le sue operazioni in Italia e Francia, incorporando nuove aziende e migliorando le strutture logistiche per il trasporto delle materie prime. Nel 2005, un accordo con enti locali e sindacati permise la riconversione dell\u2019impianto di Cornigliano a Genova, considerato un ottimo esempio di coniugazione tra esigenze industriali e ambientali. Pi\u00f9 recente \u00e8 invece l&#8217;acquisizione di siti di raccolta e frantumazione di rottami metallici avvenuta nel 2022, con cui Gruppo Riva si avvia verso l&#8217;autosufficienza nella catena del riciclo dell&#8217;acciaio, confermando il suo impegno per la sostenibilit\u00e0 e la crescita continua nel settore siderurgico. La figura di Emilio Riva, Presidente e fondatore del Gruppo, viene ricordata per il contributo alla crescita e alla modernizzazione dell&#8217;azienda, mentre il figlio <strong>Claudio Riva<\/strong>, subentratogli nel ruolo di Presidente, oggi continua a guidare con successo le attivit\u00e0 aziendali.<\/p>\n","protected":false},"excerpt":{"rendered":"<p>Gruppo Riva nasce all\u2019inizio degli anni \u201950 da un\u2019intuizione di Emilio Riva che capta le grandi prospettive di sviluppo del settore siderurgico nel Dopoguerra e mette in piedi un\u2019azienda che accompagna la ripresa italiana in quello che \u00e8 conosciuto come \u201cmiracolo economico\u201d, espandendosi poi anche all\u2019estero ed affermandosi infine come uno dei primi gruppi siderurgici d\u2019Europa, uno status di cui gode ancora oggi sotto la guida di Claudio Riva. Gruppo<\/p>\n<p><a class=\"continue-reading\" href=\"https:\/\/www.article-marketing.eu\/comunicatistampa\/gruppo-riva-la-storia-dellazienda-guidata-da-claudio-riva\/\">Continue reading&#8230;<\/a><\/p>\n","protected":false},"author":6477,"featured_media":0,"comment_status":"open","ping_status":"open","sticky":false,"template":"","format":"standard","meta":{"_monsterinsights_skip_tracking":false,"_monsterinsights_sitenote_active":false,"_monsterinsights_sitenote_note":"","_monsterinsights_sitenote_category":0,"footnotes":""},"categories":[388],"tags":[11138],"class_list":["post-30990","post","type-post","status-publish","format-standard","hentry","category-aziende","tag-claudio-riva"],"yoast_head":"<!-- This site is optimized with the Yoast SEO plugin v27.3 - https:\/\/yoast.com\/product\/yoast-seo-wordpress\/ -->\n<title>Gruppo Riva: la storia dell\u2019azienda guidata da Claudio Riva - Article Marketing<\/title>\n<meta name=\"description\" content=\"Gruppo Riva, fondato negli anni &#039;50 \u00e8 guidato da Claudio Riva e continua a distinguersi per l&#039;innovazione e l\u2019impegno verso la sostenibilit\u00e0\" \/>\n<meta name=\"robots\" content=\"index, follow, max-snippet:-1, max-image-preview:large, max-video-preview:-1\" \/>\n<link rel=\"canonical\" href=\"https:\/\/www.article-marketing.eu\/comunicatistampa\/gruppo-riva-la-storia-dellazienda-guidata-da-claudio-riva\/\" \/>\n<meta property=\"og:locale\" content=\"it_IT\" \/>\n<meta property=\"og:type\" content=\"article\" \/>\n<meta property=\"og:title\" content=\"Gruppo Riva: la storia dell\u2019azienda guidata da Claudio Riva - Article Marketing\" \/>\n<meta property=\"og:description\" content=\"Gruppo Riva, fondato negli anni &#039;50 \u00e8 guidato da Claudio Riva e continua a distinguersi per l&#039;innovazione e l\u2019impegno verso la sostenibilit\u00e0\" \/>\n<meta property=\"og:url\" content=\"https:\/\/www.article-marketing.eu\/comunicatistampa\/gruppo-riva-la-storia-dellazienda-guidata-da-claudio-riva\/\" \/>\n<meta property=\"og:site_name\" content=\"Article Marketing\" \/>\n<meta property=\"article:published_time\" content=\"2024-06-12T16:32:52+00:00\" \/>\n<meta property=\"og:image\" content=\"https:\/\/www.topmanagers.it\/SharingFolder\/TopManager\/it\/ManagerProfilePhoto\/Photo\/claudio-riva.jpg\" \/>\n<meta name=\"author\" content=\"articolinews\" \/>\n<meta name=\"twitter:card\" content=\"summary_large_image\" \/>\n<meta name=\"twitter:label1\" content=\"Scritto da\" \/>\n\t<meta name=\"twitter:data1\" content=\"articolinews\" \/>\n\t<meta name=\"twitter:label2\" content=\"Tempo di lettura stimato\" \/>\n\t<meta name=\"twitter:data2\" content=\"3 minuti\" \/>\n<script type=\"application\/ld+json\" class=\"yoast-schema-graph\">{\"@context\":\"https:\\\/\\\/schema.org\",\"@graph\":[{\"@type\":\"Article\",\"@id\":\"https:\\\/\\\/www.article-marketing.eu\\\/comunicatistampa\\\/gruppo-riva-la-storia-dellazienda-guidata-da-claudio-riva\\\/#article\",\"isPartOf\":{\"@id\":\"https:\\\/\\\/www.article-marketing.eu\\\/comunicatistampa\\\/gruppo-riva-la-storia-dellazienda-guidata-da-claudio-riva\\\/\"},\"author\":{\"name\":\"articolinews\",\"@id\":\"https:\\\/\\\/www.article-marketing.eu\\\/comunicatistampa\\\/#\\\/schema\\\/person\\\/2fcaf8f8f3a9eef9eb7f27532d3ca458\"},\"headline\":\"Gruppo Riva: la storia dell\u2019azienda guidata da Claudio Riva\",\"datePublished\":\"2024-06-12T16:32:52+00:00\",\"mainEntityOfPage\":{\"@id\":\"https:\\\/\\\/www.article-marketing.eu\\\/comunicatistampa\\\/gruppo-riva-la-storia-dellazienda-guidata-da-claudio-riva\\\/\"},\"wordCount\":518,\"commentCount\":0,\"image\":{\"@id\":\"https:\\\/\\\/www.article-marketing.eu\\\/comunicatistampa\\\/gruppo-riva-la-storia-dellazienda-guidata-da-claudio-riva\\\/#primaryimage\"},\"thumbnailUrl\":\"https:\\\/\\\/www.topmanagers.it\\\/SharingFolder\\\/TopManager\\\/it\\\/ManagerProfilePhoto\\\/Photo\\\/claudio-riva.jpg\",\"keywords\":[\"Claudio Riva\"],\"articleSection\":[\"Aziende\"],\"inLanguage\":\"it-IT\",\"potentialAction\":[{\"@type\":\"CommentAction\",\"name\":\"Comment\",\"target\":[\"https:\\\/\\\/www.article-marketing.eu\\\/comunicatistampa\\\/gruppo-riva-la-storia-dellazienda-guidata-da-claudio-riva\\\/#respond\"]}]},{\"@type\":\"WebPage\",\"@id\":\"https:\\\/\\\/www.article-marketing.eu\\\/comunicatistampa\\\/gruppo-riva-la-storia-dellazienda-guidata-da-claudio-riva\\\/\",\"url\":\"https:\\\/\\\/www.article-marketing.eu\\\/comunicatistampa\\\/gruppo-riva-la-storia-dellazienda-guidata-da-claudio-riva\\\/\",\"name\":\"Gruppo Riva: la storia dell\u2019azienda guidata da Claudio Riva - Article Marketing\",\"isPartOf\":{\"@id\":\"https:\\\/\\\/www.article-marketing.eu\\\/comunicatistampa\\\/#website\"},\"primaryImageOfPage\":{\"@id\":\"https:\\\/\\\/www.article-marketing.eu\\\/comunicatistampa\\\/gruppo-riva-la-storia-dellazienda-guidata-da-claudio-riva\\\/#primaryimage\"},\"image\":{\"@id\":\"https:\\\/\\\/www.article-marketing.eu\\\/comunicatistampa\\\/gruppo-riva-la-storia-dellazienda-guidata-da-claudio-riva\\\/#primaryimage\"},\"thumbnailUrl\":\"https:\\\/\\\/www.topmanagers.it\\\/SharingFolder\\\/TopManager\\\/it\\\/ManagerProfilePhoto\\\/Photo\\\/claudio-riva.jpg\",\"datePublished\":\"2024-06-12T16:32:52+00:00\",\"author\":{\"@id\":\"https:\\\/\\\/www.article-marketing.eu\\\/comunicatistampa\\\/#\\\/schema\\\/person\\\/2fcaf8f8f3a9eef9eb7f27532d3ca458\"},\"description\":\"Gruppo Riva, fondato negli anni '50 \u00e8 guidato da Claudio Riva e continua a distinguersi per l'innovazione e l\u2019impegno verso la sostenibilit\u00e0\",\"breadcrumb\":{\"@id\":\"https:\\\/\\\/www.article-marketing.eu\\\/comunicatistampa\\\/gruppo-riva-la-storia-dellazienda-guidata-da-claudio-riva\\\/#breadcrumb\"},\"inLanguage\":\"it-IT\",\"potentialAction\":[{\"@type\":\"ReadAction\",\"target\":[\"https:\\\/\\\/www.article-marketing.eu\\\/comunicatistampa\\\/gruppo-riva-la-storia-dellazienda-guidata-da-claudio-riva\\\/\"]}]},{\"@type\":\"ImageObject\",\"inLanguage\":\"it-IT\",\"@id\":\"https:\\\/\\\/www.article-marketing.eu\\\/comunicatistampa\\\/gruppo-riva-la-storia-dellazienda-guidata-da-claudio-riva\\\/#primaryimage\",\"url\":\"https:\\\/\\\/www.topmanagers.it\\\/SharingFolder\\\/TopManager\\\/it\\\/ManagerProfilePhoto\\\/Photo\\\/claudio-riva.jpg\",\"contentUrl\":\"https:\\\/\\\/www.topmanagers.it\\\/SharingFolder\\\/TopManager\\\/it\\\/ManagerProfilePhoto\\\/Photo\\\/claudio-riva.jpg\"},{\"@type\":\"BreadcrumbList\",\"@id\":\"https:\\\/\\\/www.article-marketing.eu\\\/comunicatistampa\\\/gruppo-riva-la-storia-dellazienda-guidata-da-claudio-riva\\\/#breadcrumb\",\"itemListElement\":[{\"@type\":\"ListItem\",\"position\":1,\"name\":\"Home\",\"item\":\"https:\\\/\\\/www.article-marketing.eu\\\/comunicatistampa\\\/\"},{\"@type\":\"ListItem\",\"position\":2,\"name\":\"Gruppo Riva: la storia dell\u2019azienda guidata da Claudio Riva\"}]},{\"@type\":\"WebSite\",\"@id\":\"https:\\\/\\\/www.article-marketing.eu\\\/comunicatistampa\\\/#website\",\"url\":\"https:\\\/\\\/www.article-marketing.eu\\\/comunicatistampa\\\/\",\"name\":\"Article Marketing\",\"description\":\"article marketing &amp; press release\",\"potentialAction\":[{\"@type\":\"SearchAction\",\"target\":{\"@type\":\"EntryPoint\",\"urlTemplate\":\"https:\\\/\\\/www.article-marketing.eu\\\/comunicatistampa\\\/?s={search_term_string}\"},\"query-input\":{\"@type\":\"PropertyValueSpecification\",\"valueRequired\":true,\"valueName\":\"search_term_string\"}}],\"inLanguage\":\"it-IT\"},{\"@type\":\"Person\",\"@id\":\"https:\\\/\\\/www.article-marketing.eu\\\/comunicatistampa\\\/#\\\/schema\\\/person\\\/2fcaf8f8f3a9eef9eb7f27532d3ca458\",\"name\":\"articolinews\",\"image\":{\"@type\":\"ImageObject\",\"inLanguage\":\"it-IT\",\"@id\":\"https:\\\/\\\/secure.gravatar.com\\\/avatar\\\/9e2a264bab04e17dea24d937c9956304649a848cb73c46747a692ff1bdeb1cb7?s=96&d=mm&r=g\",\"url\":\"https:\\\/\\\/secure.gravatar.com\\\/avatar\\\/9e2a264bab04e17dea24d937c9956304649a848cb73c46747a692ff1bdeb1cb7?s=96&d=mm&r=g\",\"contentUrl\":\"https:\\\/\\\/secure.gravatar.com\\\/avatar\\\/9e2a264bab04e17dea24d937c9956304649a848cb73c46747a692ff1bdeb1cb7?s=96&d=mm&r=g\",\"caption\":\"articolinews\"},\"url\":\"https:\\\/\\\/www.article-marketing.eu\\\/comunicatistampa\\\/author\\\/articolinews\\\/\"}]}<\/script>\n<!-- \/ Yoast SEO plugin. -->","yoast_head_json":{"title":"Gruppo Riva: la storia dell\u2019azienda guidata da Claudio Riva - Article Marketing","description":"Gruppo Riva, fondato negli anni '50 \u00e8 guidato da Claudio Riva e continua a distinguersi per l'innovazione e l\u2019impegno verso la sostenibilit\u00e0","robots":{"index":"index","follow":"follow","max-snippet":"max-snippet:-1","max-image-preview":"max-image-preview:large","max-video-preview":"max-video-preview:-1"},"canonical":"https:\/\/www.article-marketing.eu\/comunicatistampa\/gruppo-riva-la-storia-dellazienda-guidata-da-claudio-riva\/","og_locale":"it_IT","og_type":"article","og_title":"Gruppo Riva: la storia dell\u2019azienda guidata da Claudio Riva - Article Marketing","og_description":"Gruppo Riva, fondato negli anni '50 \u00e8 guidato da Claudio Riva e continua a distinguersi per l'innovazione e l\u2019impegno verso la sostenibilit\u00e0","og_url":"https:\/\/www.article-marketing.eu\/comunicatistampa\/gruppo-riva-la-storia-dellazienda-guidata-da-claudio-riva\/","og_site_name":"Article Marketing","article_published_time":"2024-06-12T16:32:52+00:00","og_image":[{"url":"https:\/\/www.topmanagers.it\/SharingFolder\/TopManager\/it\/ManagerProfilePhoto\/Photo\/claudio-riva.jpg","type":"","width":"","height":""}],"author":"articolinews","twitter_card":"summary_large_image","twitter_misc":{"Scritto da":"articolinews","Tempo di lettura stimato":"3 minuti"},"schema":{"@context":"https:\/\/schema.org","@graph":[{"@type":"Article","@id":"https:\/\/www.article-marketing.eu\/comunicatistampa\/gruppo-riva-la-storia-dellazienda-guidata-da-claudio-riva\/#article","isPartOf":{"@id":"https:\/\/www.article-marketing.eu\/comunicatistampa\/gruppo-riva-la-storia-dellazienda-guidata-da-claudio-riva\/"},"author":{"name":"articolinews","@id":"https:\/\/www.article-marketing.eu\/comunicatistampa\/#\/schema\/person\/2fcaf8f8f3a9eef9eb7f27532d3ca458"},"headline":"Gruppo Riva: la storia dell\u2019azienda guidata da Claudio Riva","datePublished":"2024-06-12T16:32:52+00:00","mainEntityOfPage":{"@id":"https:\/\/www.article-marketing.eu\/comunicatistampa\/gruppo-riva-la-storia-dellazienda-guidata-da-claudio-riva\/"},"wordCount":518,"commentCount":0,"image":{"@id":"https:\/\/www.article-marketing.eu\/comunicatistampa\/gruppo-riva-la-storia-dellazienda-guidata-da-claudio-riva\/#primaryimage"},"thumbnailUrl":"https:\/\/www.topmanagers.it\/SharingFolder\/TopManager\/it\/ManagerProfilePhoto\/Photo\/claudio-riva.jpg","keywords":["Claudio Riva"],"articleSection":["Aziende"],"inLanguage":"it-IT","potentialAction":[{"@type":"CommentAction","name":"Comment","target":["https:\/\/www.article-marketing.eu\/comunicatistampa\/gruppo-riva-la-storia-dellazienda-guidata-da-claudio-riva\/#respond"]}]},{"@type":"WebPage","@id":"https:\/\/www.article-marketing.eu\/comunicatistampa\/gruppo-riva-la-storia-dellazienda-guidata-da-claudio-riva\/","url":"https:\/\/www.article-marketing.eu\/comunicatistampa\/gruppo-riva-la-storia-dellazienda-guidata-da-claudio-riva\/","name":"Gruppo Riva: la storia dell\u2019azienda guidata da Claudio Riva - Article Marketing","isPartOf":{"@id":"https:\/\/www.article-marketing.eu\/comunicatistampa\/#website"},"primaryImageOfPage":{"@id":"https:\/\/www.article-marketing.eu\/comunicatistampa\/gruppo-riva-la-storia-dellazienda-guidata-da-claudio-riva\/#primaryimage"},"image":{"@id":"https:\/\/www.article-marketing.eu\/comunicatistampa\/gruppo-riva-la-storia-dellazienda-guidata-da-claudio-riva\/#primaryimage"},"thumbnailUrl":"https:\/\/www.topmanagers.it\/SharingFolder\/TopManager\/it\/ManagerProfilePhoto\/Photo\/claudio-riva.jpg","datePublished":"2024-06-12T16:32:52+00:00","author":{"@id":"https:\/\/www.article-marketing.eu\/comunicatistampa\/#\/schema\/person\/2fcaf8f8f3a9eef9eb7f27532d3ca458"},"description":"Gruppo Riva, fondato negli anni '50 \u00e8 guidato da Claudio Riva e continua a distinguersi per l'innovazione e l\u2019impegno verso la sostenibilit\u00e0","breadcrumb":{"@id":"https:\/\/www.article-marketing.eu\/comunicatistampa\/gruppo-riva-la-storia-dellazienda-guidata-da-claudio-riva\/#breadcrumb"},"inLanguage":"it-IT","potentialAction":[{"@type":"ReadAction","target":["https:\/\/www.article-marketing.eu\/comunicatistampa\/gruppo-riva-la-storia-dellazienda-guidata-da-claudio-riva\/"]}]},{"@type":"ImageObject","inLanguage":"it-IT","@id":"https:\/\/www.article-marketing.eu\/comunicatistampa\/gruppo-riva-la-storia-dellazienda-guidata-da-claudio-riva\/#primaryimage","url":"https:\/\/www.topmanagers.it\/SharingFolder\/TopManager\/it\/ManagerProfilePhoto\/Photo\/claudio-riva.jpg","contentUrl":"https:\/\/www.topmanagers.it\/SharingFolder\/TopManager\/it\/ManagerProfilePhoto\/Photo\/claudio-riva.jpg"},{"@type":"BreadcrumbList","@id":"https:\/\/www.article-marketing.eu\/comunicatistampa\/gruppo-riva-la-storia-dellazienda-guidata-da-claudio-riva\/#breadcrumb","itemListElement":[{"@type":"ListItem","position":1,"name":"Home","item":"https:\/\/www.article-marketing.eu\/comunicatistampa\/"},{"@type":"ListItem","position":2,"name":"Gruppo Riva: la storia dell\u2019azienda guidata da Claudio Riva"}]},{"@type":"WebSite","@id":"https:\/\/www.article-marketing.eu\/comunicatistampa\/#website","url":"https:\/\/www.article-marketing.eu\/comunicatistampa\/","name":"Article Marketing","description":"article marketing &amp; press release","potentialAction":[{"@type":"SearchAction","target":{"@type":"EntryPoint","urlTemplate":"https:\/\/www.article-marketing.eu\/comunicatistampa\/?s={search_term_string}"},"query-input":{"@type":"PropertyValueSpecification","valueRequired":true,"valueName":"search_term_string"}}],"inLanguage":"it-IT"},{"@type":"Person","@id":"https:\/\/www.article-marketing.eu\/comunicatistampa\/#\/schema\/person\/2fcaf8f8f3a9eef9eb7f27532d3ca458","name":"articolinews","image":{"@type":"ImageObject","inLanguage":"it-IT","@id":"https:\/\/secure.gravatar.com\/avatar\/9e2a264bab04e17dea24d937c9956304649a848cb73c46747a692ff1bdeb1cb7?s=96&d=mm&r=g","url":"https:\/\/secure.gravatar.com\/avatar\/9e2a264bab04e17dea24d937c9956304649a848cb73c46747a692ff1bdeb1cb7?s=96&d=mm&r=g","contentUrl":"https:\/\/secure.gravatar.com\/avatar\/9e2a264bab04e17dea24d937c9956304649a848cb73c46747a692ff1bdeb1cb7?s=96&d=mm&r=g","caption":"articolinews"},"url":"https:\/\/www.article-marketing.eu\/comunicatistampa\/author\/articolinews\/"}]}},"_links":{"self":[{"href":"https:\/\/www.article-marketing.eu\/comunicatistampa\/wp-json\/wp\/v2\/posts\/30990","targetHints":{"allow":["GET"]}}],"collection":[{"href":"https:\/\/www.article-marketing.eu\/comunicatistampa\/wp-json\/wp\/v2\/posts"}],"about":[{"href":"https:\/\/www.article-marketing.eu\/comunicatistampa\/wp-json\/wp\/v2\/types\/post"}],"author":[{"embeddable":true,"href":"https:\/\/www.article-marketing.eu\/comunicatistampa\/wp-json\/wp\/v2\/users\/6477"}],"replies":[{"embeddable":true,"href":"https:\/\/www.article-marketing.eu\/comunicatistampa\/wp-json\/wp\/v2\/comments?post=30990"}],"version-history":[{"count":2,"href":"https:\/\/www.article-marketing.eu\/comunicatistampa\/wp-json\/wp\/v2\/posts\/30990\/revisions"}],"predecessor-version":[{"id":31001,"href":"https:\/\/www.article-marketing.eu\/comunicatistampa\/wp-json\/wp\/v2\/posts\/30990\/revisions\/31001"}],"wp:attachment":[{"href":"https:\/\/www.article-marketing.eu\/comunicatistampa\/wp-json\/wp\/v2\/media?parent=30990"}],"wp:term":[{"taxonomy":"category","embeddable":true,"href":"https:\/\/www.article-marketing.eu\/comunicatistampa\/wp-json\/wp\/v2\/categories?post=30990"},{"taxonomy":"post_tag","embeddable":true,"href":"https:\/\/www.article-marketing.eu\/comunicatistampa\/wp-json\/wp\/v2\/tags?post=30990"}],"curies":[{"name":"wp","href":"https:\/\/api.w.org\/{rel}","templated":true}]}}