{"id":31048,"date":"2024-08-23T13:14:14","date_gmt":"2024-08-23T11:14:14","guid":{"rendered":"https:\/\/www.article-marketing.eu\/comunicatistampa\/?p=31048"},"modified":"2024-08-23T13:14:14","modified_gmt":"2024-08-23T11:14:14","slug":"il-parco-faunistico-le-cornelle-festeggia-la-nascita-di-quattro-nuovi-cuccioli-di-suricato","status":"publish","type":"post","link":"https:\/\/www.article-marketing.eu\/comunicatistampa\/il-parco-faunistico-le-cornelle-festeggia-la-nascita-di-quattro-nuovi-cuccioli-di-suricato\/","title":{"rendered":"Il Parco Faunistico Le Cornelle festeggia la nascita di quattro nuovi cuccioli di suricato"},"content":{"rendered":"<p>La stagione estiva \u00e8 spesso sinonimo di nuove nascite al <strong>Parco Faunistico Le Cornelle di Valbrembo (BG)<\/strong>. Negli ultimi giorni, infatti, la famiglia del Parco si \u00e8 allargata con l\u2019arrivo di <strong>quattro nuovi simpatici cuccioli di suricato<\/strong>, tra gli animali simbolo della struttura che il <strong>3 luglio<\/strong> festeggiano la loro <strong>Giornata mondiale<\/strong>, istituita per sensibilizzare le persone riguardo alla specie e alle sue caratteristiche.<\/p>\n<p>Grazie a queste nuove nascite, gli ospiti dell\u2019exhibit desertico sono saliti a <strong>21<\/strong>: <strong>sei maschi, sette femmine, quattro piccoli nati nel mese di marzo e gli ultimi arrivati, 3 cuccioli maschi e una cucciola femmina<\/strong>. Questo lieto evento dimostra come il gruppo di suricati sia ben adattato all\u2019area rinnovata nel 2019 per creare\u00a0un habitat pi\u00f9 idoneo alle loro esigenze etologiche.\u00a0Uno spazio tanto accogliente che i\u00a0suricati\u00a0hanno iniziato a personalizzarlo, scavando una serie di gallerie e una camera \u201cnido\u201d per dare alla luce i cuccioli.<\/p>\n<p>In natura, i suricati vivono nelle <strong>savane aride<\/strong> e nelle <strong>zone semidesertiche e rocciose<\/strong> fino a 1000 metri di altitudine. Sono parenti stretti delle manguste e hanno un peso che varia tra i 600 e i 1200 grammi, con una lunghezza di 25-35 cm. I suricati hanno una testa grande con un naso nero e appuntito, denti molto affilati e occhi circondati da pelo nero. Le loro zampe hanno quattro dita, e quelle anteriori sono dotate di artigli affilati perfetti per scavare. Il pelo, morbido e lungo, \u00e8 di colore grigio-giallo con striature scure sul dorso, mentre la coda \u00e8 lunga e termina con una punta nera.<\/p>\n<p>In estate proseguono anche gli appuntamenti con l\u2019<strong>\u201cEducazoo\u201d<\/strong>, il progetto nato per sensibilizzare sulle specie in via d\u2019estinzione e avvicinare visitatori e animali sotto la guida esperta di un naturalista. Il prossimo appuntamento sar\u00e0 <strong>sabato<\/strong> <strong>27 luglio<\/strong>, con un programma che prevede l&#8217;incontro tra naturalista e visitatori davanti a <strong>tigri<\/strong>, <strong>elefanti<\/strong>, <strong>siamanghi<\/strong>, <strong>e<\/strong> <strong>rinoceronti<\/strong>.<\/p>\n<p>Per maggiori informazioni <a href=\"https:\/\/www.lecornelle.it\/educazoo-2024\/\">https:\/\/www.lecornelle.it\/educazoo-2024\/<\/a>.<\/p>\n<p>_ _ _ _ _ _<\/p>\n<p><strong>IL CONTEST <\/strong><\/p>\n<p>Il contest social per assegnare un nome ai quattro cuccioli avr\u00e0 la durata di tre giorni e si terr\u00e0 sulla pagina Facebook del Parco.\u00a0Chiunque vorr\u00e0, potr\u00e0 partecipare alla scelta dei nomi commentando il post dedicato con le proprie proposte. Verranno considerati solamente i nomi inseriti come commento ai post. Per ogni post \u00e8 possibile indicare quattro nomi, tre maschili e uno femminile. Nel caso in cui pi\u00f9 fan proponessero il nome che sar\u00e0 poi scelto dallo staff del Parco per i cuccioli, vincer\u00e0 il contest colui che lo ha postato per primo, far\u00e0 fede la data e l\u2019ora riportate nel post presente sulla pagina del Parco.<\/p>\n<p><strong>IL PARCO\u00a0<\/strong><\/p>\n<p>Il <strong>Parco Faunistico Le Cornelle<\/strong> nasce nel <strong>1981<\/strong> a <strong>Valbrembo<\/strong> grazie a un\u2019idea di <strong>Angelo Ferruccio Benedetti<\/strong>, spinto dal desiderio di creare uno spazio dove gli animali potessero incontrare l\u2019uomo, sentendosi liberi e protetti allo stesso tempo. Il Parco si colloca sulla sponda orientale del fiume Brembo, dispone di una superficie verde di <strong>126.000 mq<\/strong>, \u00e8 visitabile unicamente <strong>a piedi<\/strong> e ospita circa <strong>120 specie di animali<\/strong> tra mammiferi, volatili e rettili provenienti da tutto il mondo. I valori del Parco sono: <strong>conservazione<\/strong>, <strong>ricerca<\/strong>, <strong>educazione<\/strong>. In particolare, la conservazione della biodiversit\u00e0 trova attuazione nella tutela di specie animali protette minacciate d\u2019estinzione.\u00a0Il Parco \u00e8 membro <strong>EAZA \u2013 European Association of Zoos and Aquaria<\/strong>. Questa associazione si occupa di rendere uniforme la gestione di tutti gli zoo e acquari che ne sono membri, incoraggiando un approccio proattivo sia come impegno all\u2019interno delle singole realt\u00e0, sia nel campo della ricerca scientifica e promuovendo le migliori pratiche sul benessere animale.\u00a0Dal punto di vista della formazione dei visitatori, <strong>EDUCAZOO <\/strong>\u00e8 l\u2019iniziativa attraverso cui il Parco si propone di educare le persone sulle caratteristiche di determinate specie animali, grazie al supporto di <strong>esperti<\/strong>. Gli eventi EDUCAZOO si svolgono in concomitanza con giornate speciali per la tutela del mondo animale, come il World Elephant Day o il Lion Day. Inoltre, gi\u00e0 <strong>da 20 anni<\/strong> il Parco educa alla salvaguardia della biodiversit\u00e0 anche offrendo un ampio programma rivolto alle <strong>scuole<\/strong>. Per scoprire di pi\u00f9 \u00e8 possibile visitare il sito Internet www.lecornelle.it, contattare il numero 035 527422 o scrivere un\u2019e-mail a info@lecornelle.it.<\/p>\n","protected":false},"excerpt":{"rendered":"<p>La stagione estiva \u00e8 spesso sinonimo di nuove nascite al Parco Faunistico Le Cornelle di Valbrembo (BG). Negli ultimi giorni, infatti, la famiglia del Parco si \u00e8 allargata con l\u2019arrivo di quattro nuovi simpatici cuccioli di suricato, tra gli animali simbolo della struttura che il 3 luglio festeggiano la loro Giornata mondiale, istituita per sensibilizzare le persone riguardo alla specie e alle sue caratteristiche. Grazie a queste nuove nascite, gli<\/p>\n<p><a class=\"continue-reading\" href=\"https:\/\/www.article-marketing.eu\/comunicatistampa\/il-parco-faunistico-le-cornelle-festeggia-la-nascita-di-quattro-nuovi-cuccioli-di-suricato\/\">Continue reading&#8230;<\/a><\/p>\n","protected":false},"author":1855,"featured_media":0,"comment_status":"open","ping_status":"open","sticky":false,"template":"","format":"standard","meta":{"_monsterinsights_skip_tracking":false,"_monsterinsights_sitenote_active":false,"_monsterinsights_sitenote_note":"","_monsterinsights_sitenote_category":0,"footnotes":""},"categories":[418],"tags":[],"class_list":["post-31048","post","type-post","status-publish","format-standard","hentry","category-natura"],"yoast_head":"<!-- This site is optimized with the Yoast SEO plugin v27.3 - https:\/\/yoast.com\/product\/yoast-seo-wordpress\/ -->\n<title>Il Parco Faunistico Le Cornelle festeggia la nascita di quattro nuovi cuccioli di suricato<\/title>\n<meta name=\"robots\" content=\"index, follow, max-snippet:-1, max-image-preview:large, max-video-preview:-1\" \/>\n<link rel=\"canonical\" href=\"https:\/\/www.article-marketing.eu\/comunicatistampa\/il-parco-faunistico-le-cornelle-festeggia-la-nascita-di-quattro-nuovi-cuccioli-di-suricato\/\" \/>\n<meta property=\"og:locale\" content=\"it_IT\" \/>\n<meta property=\"og:type\" content=\"article\" \/>\n<meta property=\"og:title\" content=\"Il Parco Faunistico Le Cornelle festeggia la nascita di quattro nuovi cuccioli di suricato\" \/>\n<meta property=\"og:description\" content=\"La stagione estiva \u00e8 spesso sinonimo di nuove nascite al Parco Faunistico Le Cornelle di Valbrembo (BG). Negli ultimi giorni, infatti, la famiglia del Parco si \u00e8 allargata con l\u2019arrivo di quattro nuovi simpatici cuccioli di suricato, tra gli animali simbolo della struttura che il 3 luglio festeggiano la loro Giornata mondiale, istituita per sensibilizzare le persone riguardo alla specie e alle sue caratteristiche. Grazie a queste nuove nascite, gliContinue reading...\" \/>\n<meta property=\"og:url\" content=\"https:\/\/www.article-marketing.eu\/comunicatistampa\/il-parco-faunistico-le-cornelle-festeggia-la-nascita-di-quattro-nuovi-cuccioli-di-suricato\/\" \/>\n<meta property=\"og:site_name\" content=\"Article Marketing\" \/>\n<meta property=\"article:published_time\" content=\"2024-08-23T11:14:14+00:00\" \/>\n<meta name=\"author\" content=\"Redaclem\" \/>\n<meta name=\"twitter:card\" content=\"summary_large_image\" \/>\n<meta name=\"twitter:label1\" content=\"Scritto da\" \/>\n\t<meta name=\"twitter:data1\" content=\"Redaclem\" \/>\n\t<meta name=\"twitter:label2\" content=\"Tempo di lettura stimato\" \/>\n\t<meta name=\"twitter:data2\" content=\"4 minuti\" \/>\n<script type=\"application\/ld+json\" class=\"yoast-schema-graph\">{\"@context\":\"https:\\\/\\\/schema.org\",\"@graph\":[{\"@type\":\"Article\",\"@id\":\"https:\\\/\\\/www.article-marketing.eu\\\/comunicatistampa\\\/il-parco-faunistico-le-cornelle-festeggia-la-nascita-di-quattro-nuovi-cuccioli-di-suricato\\\/#article\",\"isPartOf\":{\"@id\":\"https:\\\/\\\/www.article-marketing.eu\\\/comunicatistampa\\\/il-parco-faunistico-le-cornelle-festeggia-la-nascita-di-quattro-nuovi-cuccioli-di-suricato\\\/\"},\"author\":{\"name\":\"Redaclem\",\"@id\":\"https:\\\/\\\/www.article-marketing.eu\\\/comunicatistampa\\\/#\\\/schema\\\/person\\\/c0aa725eee5df8460e0adf901fde0c88\"},\"headline\":\"Il Parco Faunistico Le Cornelle festeggia la nascita di quattro nuovi cuccioli di suricato\",\"datePublished\":\"2024-08-23T11:14:14+00:00\",\"mainEntityOfPage\":{\"@id\":\"https:\\\/\\\/www.article-marketing.eu\\\/comunicatistampa\\\/il-parco-faunistico-le-cornelle-festeggia-la-nascita-di-quattro-nuovi-cuccioli-di-suricato\\\/\"},\"wordCount\":692,\"commentCount\":0,\"articleSection\":[\"Natura\"],\"inLanguage\":\"it-IT\",\"potentialAction\":[{\"@type\":\"CommentAction\",\"name\":\"Comment\",\"target\":[\"https:\\\/\\\/www.article-marketing.eu\\\/comunicatistampa\\\/il-parco-faunistico-le-cornelle-festeggia-la-nascita-di-quattro-nuovi-cuccioli-di-suricato\\\/#respond\"]}]},{\"@type\":\"WebPage\",\"@id\":\"https:\\\/\\\/www.article-marketing.eu\\\/comunicatistampa\\\/il-parco-faunistico-le-cornelle-festeggia-la-nascita-di-quattro-nuovi-cuccioli-di-suricato\\\/\",\"url\":\"https:\\\/\\\/www.article-marketing.eu\\\/comunicatistampa\\\/il-parco-faunistico-le-cornelle-festeggia-la-nascita-di-quattro-nuovi-cuccioli-di-suricato\\\/\",\"name\":\"Il Parco Faunistico Le Cornelle festeggia la nascita di quattro nuovi cuccioli di suricato\",\"isPartOf\":{\"@id\":\"https:\\\/\\\/www.article-marketing.eu\\\/comunicatistampa\\\/#website\"},\"datePublished\":\"2024-08-23T11:14:14+00:00\",\"author\":{\"@id\":\"https:\\\/\\\/www.article-marketing.eu\\\/comunicatistampa\\\/#\\\/schema\\\/person\\\/c0aa725eee5df8460e0adf901fde0c88\"},\"breadcrumb\":{\"@id\":\"https:\\\/\\\/www.article-marketing.eu\\\/comunicatistampa\\\/il-parco-faunistico-le-cornelle-festeggia-la-nascita-di-quattro-nuovi-cuccioli-di-suricato\\\/#breadcrumb\"},\"inLanguage\":\"it-IT\",\"potentialAction\":[{\"@type\":\"ReadAction\",\"target\":[\"https:\\\/\\\/www.article-marketing.eu\\\/comunicatistampa\\\/il-parco-faunistico-le-cornelle-festeggia-la-nascita-di-quattro-nuovi-cuccioli-di-suricato\\\/\"]}]},{\"@type\":\"BreadcrumbList\",\"@id\":\"https:\\\/\\\/www.article-marketing.eu\\\/comunicatistampa\\\/il-parco-faunistico-le-cornelle-festeggia-la-nascita-di-quattro-nuovi-cuccioli-di-suricato\\\/#breadcrumb\",\"itemListElement\":[{\"@type\":\"ListItem\",\"position\":1,\"name\":\"Home\",\"item\":\"https:\\\/\\\/www.article-marketing.eu\\\/comunicatistampa\\\/\"},{\"@type\":\"ListItem\",\"position\":2,\"name\":\"Il Parco Faunistico Le Cornelle festeggia la nascita di quattro nuovi cuccioli di suricato\"}]},{\"@type\":\"WebSite\",\"@id\":\"https:\\\/\\\/www.article-marketing.eu\\\/comunicatistampa\\\/#website\",\"url\":\"https:\\\/\\\/www.article-marketing.eu\\\/comunicatistampa\\\/\",\"name\":\"Article Marketing\",\"description\":\"article marketing &amp; press release\",\"potentialAction\":[{\"@type\":\"SearchAction\",\"target\":{\"@type\":\"EntryPoint\",\"urlTemplate\":\"https:\\\/\\\/www.article-marketing.eu\\\/comunicatistampa\\\/?s={search_term_string}\"},\"query-input\":{\"@type\":\"PropertyValueSpecification\",\"valueRequired\":true,\"valueName\":\"search_term_string\"}}],\"inLanguage\":\"it-IT\"},{\"@type\":\"Person\",\"@id\":\"https:\\\/\\\/www.article-marketing.eu\\\/comunicatistampa\\\/#\\\/schema\\\/person\\\/c0aa725eee5df8460e0adf901fde0c88\",\"name\":\"Redaclem\",\"image\":{\"@type\":\"ImageObject\",\"inLanguage\":\"it-IT\",\"@id\":\"https:\\\/\\\/secure.gravatar.com\\\/avatar\\\/4c7e41f332a0583344a91d7d39723533da9b2d0df7737c2d8c69553168c2191e?s=96&d=mm&r=g\",\"url\":\"https:\\\/\\\/secure.gravatar.com\\\/avatar\\\/4c7e41f332a0583344a91d7d39723533da9b2d0df7737c2d8c69553168c2191e?s=96&d=mm&r=g\",\"contentUrl\":\"https:\\\/\\\/secure.gravatar.com\\\/avatar\\\/4c7e41f332a0583344a91d7d39723533da9b2d0df7737c2d8c69553168c2191e?s=96&d=mm&r=g\",\"caption\":\"Redaclem\"},\"url\":\"https:\\\/\\\/www.article-marketing.eu\\\/comunicatistampa\\\/author\\\/redaclem\\\/\"}]}<\/script>\n<!-- \/ Yoast SEO plugin. -->","yoast_head_json":{"title":"Il Parco Faunistico Le Cornelle festeggia la nascita di quattro nuovi cuccioli di suricato","robots":{"index":"index","follow":"follow","max-snippet":"max-snippet:-1","max-image-preview":"max-image-preview:large","max-video-preview":"max-video-preview:-1"},"canonical":"https:\/\/www.article-marketing.eu\/comunicatistampa\/il-parco-faunistico-le-cornelle-festeggia-la-nascita-di-quattro-nuovi-cuccioli-di-suricato\/","og_locale":"it_IT","og_type":"article","og_title":"Il Parco Faunistico Le Cornelle festeggia la nascita di quattro nuovi cuccioli di suricato","og_description":"La stagione estiva \u00e8 spesso sinonimo di nuove nascite al Parco Faunistico Le Cornelle di Valbrembo (BG). Negli ultimi giorni, infatti, la famiglia del Parco si \u00e8 allargata con l\u2019arrivo di quattro nuovi simpatici cuccioli di suricato, tra gli animali simbolo della struttura che il 3 luglio festeggiano la loro Giornata mondiale, istituita per sensibilizzare le persone riguardo alla specie e alle sue caratteristiche. Grazie a queste nuove nascite, gliContinue reading...","og_url":"https:\/\/www.article-marketing.eu\/comunicatistampa\/il-parco-faunistico-le-cornelle-festeggia-la-nascita-di-quattro-nuovi-cuccioli-di-suricato\/","og_site_name":"Article Marketing","article_published_time":"2024-08-23T11:14:14+00:00","author":"Redaclem","twitter_card":"summary_large_image","twitter_misc":{"Scritto da":"Redaclem","Tempo di lettura stimato":"4 minuti"},"schema":{"@context":"https:\/\/schema.org","@graph":[{"@type":"Article","@id":"https:\/\/www.article-marketing.eu\/comunicatistampa\/il-parco-faunistico-le-cornelle-festeggia-la-nascita-di-quattro-nuovi-cuccioli-di-suricato\/#article","isPartOf":{"@id":"https:\/\/www.article-marketing.eu\/comunicatistampa\/il-parco-faunistico-le-cornelle-festeggia-la-nascita-di-quattro-nuovi-cuccioli-di-suricato\/"},"author":{"name":"Redaclem","@id":"https:\/\/www.article-marketing.eu\/comunicatistampa\/#\/schema\/person\/c0aa725eee5df8460e0adf901fde0c88"},"headline":"Il Parco Faunistico Le Cornelle festeggia la nascita di quattro nuovi cuccioli di suricato","datePublished":"2024-08-23T11:14:14+00:00","mainEntityOfPage":{"@id":"https:\/\/www.article-marketing.eu\/comunicatistampa\/il-parco-faunistico-le-cornelle-festeggia-la-nascita-di-quattro-nuovi-cuccioli-di-suricato\/"},"wordCount":692,"commentCount":0,"articleSection":["Natura"],"inLanguage":"it-IT","potentialAction":[{"@type":"CommentAction","name":"Comment","target":["https:\/\/www.article-marketing.eu\/comunicatistampa\/il-parco-faunistico-le-cornelle-festeggia-la-nascita-di-quattro-nuovi-cuccioli-di-suricato\/#respond"]}]},{"@type":"WebPage","@id":"https:\/\/www.article-marketing.eu\/comunicatistampa\/il-parco-faunistico-le-cornelle-festeggia-la-nascita-di-quattro-nuovi-cuccioli-di-suricato\/","url":"https:\/\/www.article-marketing.eu\/comunicatistampa\/il-parco-faunistico-le-cornelle-festeggia-la-nascita-di-quattro-nuovi-cuccioli-di-suricato\/","name":"Il Parco Faunistico Le Cornelle festeggia la nascita di quattro nuovi cuccioli di suricato","isPartOf":{"@id":"https:\/\/www.article-marketing.eu\/comunicatistampa\/#website"},"datePublished":"2024-08-23T11:14:14+00:00","author":{"@id":"https:\/\/www.article-marketing.eu\/comunicatistampa\/#\/schema\/person\/c0aa725eee5df8460e0adf901fde0c88"},"breadcrumb":{"@id":"https:\/\/www.article-marketing.eu\/comunicatistampa\/il-parco-faunistico-le-cornelle-festeggia-la-nascita-di-quattro-nuovi-cuccioli-di-suricato\/#breadcrumb"},"inLanguage":"it-IT","potentialAction":[{"@type":"ReadAction","target":["https:\/\/www.article-marketing.eu\/comunicatistampa\/il-parco-faunistico-le-cornelle-festeggia-la-nascita-di-quattro-nuovi-cuccioli-di-suricato\/"]}]},{"@type":"BreadcrumbList","@id":"https:\/\/www.article-marketing.eu\/comunicatistampa\/il-parco-faunistico-le-cornelle-festeggia-la-nascita-di-quattro-nuovi-cuccioli-di-suricato\/#breadcrumb","itemListElement":[{"@type":"ListItem","position":1,"name":"Home","item":"https:\/\/www.article-marketing.eu\/comunicatistampa\/"},{"@type":"ListItem","position":2,"name":"Il Parco Faunistico Le Cornelle festeggia la nascita di quattro nuovi cuccioli di suricato"}]},{"@type":"WebSite","@id":"https:\/\/www.article-marketing.eu\/comunicatistampa\/#website","url":"https:\/\/www.article-marketing.eu\/comunicatistampa\/","name":"Article Marketing","description":"article marketing &amp; press release","potentialAction":[{"@type":"SearchAction","target":{"@type":"EntryPoint","urlTemplate":"https:\/\/www.article-marketing.eu\/comunicatistampa\/?s={search_term_string}"},"query-input":{"@type":"PropertyValueSpecification","valueRequired":true,"valueName":"search_term_string"}}],"inLanguage":"it-IT"},{"@type":"Person","@id":"https:\/\/www.article-marketing.eu\/comunicatistampa\/#\/schema\/person\/c0aa725eee5df8460e0adf901fde0c88","name":"Redaclem","image":{"@type":"ImageObject","inLanguage":"it-IT","@id":"https:\/\/secure.gravatar.com\/avatar\/4c7e41f332a0583344a91d7d39723533da9b2d0df7737c2d8c69553168c2191e?s=96&d=mm&r=g","url":"https:\/\/secure.gravatar.com\/avatar\/4c7e41f332a0583344a91d7d39723533da9b2d0df7737c2d8c69553168c2191e?s=96&d=mm&r=g","contentUrl":"https:\/\/secure.gravatar.com\/avatar\/4c7e41f332a0583344a91d7d39723533da9b2d0df7737c2d8c69553168c2191e?s=96&d=mm&r=g","caption":"Redaclem"},"url":"https:\/\/www.article-marketing.eu\/comunicatistampa\/author\/redaclem\/"}]}},"_links":{"self":[{"href":"https:\/\/www.article-marketing.eu\/comunicatistampa\/wp-json\/wp\/v2\/posts\/31048","targetHints":{"allow":["GET"]}}],"collection":[{"href":"https:\/\/www.article-marketing.eu\/comunicatistampa\/wp-json\/wp\/v2\/posts"}],"about":[{"href":"https:\/\/www.article-marketing.eu\/comunicatistampa\/wp-json\/wp\/v2\/types\/post"}],"author":[{"embeddable":true,"href":"https:\/\/www.article-marketing.eu\/comunicatistampa\/wp-json\/wp\/v2\/users\/1855"}],"replies":[{"embeddable":true,"href":"https:\/\/www.article-marketing.eu\/comunicatistampa\/wp-json\/wp\/v2\/comments?post=31048"}],"version-history":[{"count":1,"href":"https:\/\/www.article-marketing.eu\/comunicatistampa\/wp-json\/wp\/v2\/posts\/31048\/revisions"}],"predecessor-version":[{"id":31114,"href":"https:\/\/www.article-marketing.eu\/comunicatistampa\/wp-json\/wp\/v2\/posts\/31048\/revisions\/31114"}],"wp:attachment":[{"href":"https:\/\/www.article-marketing.eu\/comunicatistampa\/wp-json\/wp\/v2\/media?parent=31048"}],"wp:term":[{"taxonomy":"category","embeddable":true,"href":"https:\/\/www.article-marketing.eu\/comunicatistampa\/wp-json\/wp\/v2\/categories?post=31048"},{"taxonomy":"post_tag","embeddable":true,"href":"https:\/\/www.article-marketing.eu\/comunicatistampa\/wp-json\/wp\/v2\/tags?post=31048"}],"curies":[{"name":"wp","href":"https:\/\/api.w.org\/{rel}","templated":true}]}}