{"id":31063,"date":"2024-08-23T13:13:55","date_gmt":"2024-08-23T11:13:55","guid":{"rendered":"https:\/\/www.article-marketing.eu\/comunicatistampa\/?p=31063"},"modified":"2024-08-23T13:13:55","modified_gmt":"2024-08-23T11:13:55","slug":"unestate-nelle-terre-dei-baschenis","status":"publish","type":"post","link":"https:\/\/www.article-marketing.eu\/comunicatistampa\/unestate-nelle-terre-dei-baschenis\/","title":{"rendered":"Un\u2019estate nelle Terre dei Baschenis"},"content":{"rendered":"<p><em>Olmo Al Brembo, 29 giugno 2024 \u2013\u00a0<\/em>Nelle\u00a0<em>Terre dei Baschenis\u00a0<\/em><strong>trentotto eventi<\/strong>\u00a0in\u00a0<strong>tre mesi<\/strong>,\u00a0dal\u00a0<strong>6 luglio al 6 ottobre<\/strong>, per scoprire le\u00a0<strong>antiche arti, la cultura e la storia<\/strong>\u00a0degli\u00a0<strong>11 comuni<\/strong>\u00a0dell\u2019Alta Val Brembana. L&#8217;associazione\u00a0<strong><em>Altobrembo<\/em><\/strong>, impegnata da tempo nella promozione dei tesori nascosti del territorio, offre nel periodo estivo una\u00a0<strong>serie di appuntamenti<\/strong>\u00a0adatti a\u00a0<strong>tutte le et\u00e0<\/strong>\u00a0e di svariata natura, tutti accomunati da un unico comune denominatore: l\u2019<strong>arte<\/strong>.<\/p>\n<p>Si comincia\u00a0<strong>sabato 6 luglio<\/strong>\u00a0con il\u00a0<strong><em>\u201cTour dei mastri del legno\u201d<\/em><\/strong>, itinerario in auto per conoscere i\u00a0<strong>tesori dell&#8217;intarsio e dell&#8217;intaglio<\/strong>\u00a0<strong>del legno<\/strong>\u00a0realizzati con perizia e ingegno in semplici botteghe di abili artisti brembani che per generazioni hanno impreziosito le chiese della valle. Si parte alle 9.30 da\u00a0<strong>Olmo al Brembo<\/strong>\u00a0(Antica Segheria Pianetti) per poi proseguire verso\u00a0<strong>Mezzoldo<\/strong>\u00a0(Chiesa parrocchiale di San Giovanni Battista),\u00a0<strong>Averara\u00a0<\/strong>(Chiesa parrocchiale di San Giacomo apostolo),\u00a0<strong>Piazza Brembana<\/strong>\u00a0(Chiesa parrocchiale di San Martino Oltre la Goggia) e arrivare infine a\u00a0<strong>Cassiglio<\/strong>\u00a0(Chiesa parrocchiale di San Bartolomeo), dove si terr\u00e0 anche una\u00a0<strong>dimostrazione della lavorazione del legno<\/strong>\u00a0da parte di un artista locale e la giornata si concluder\u00e0 alle ore 17. Per il tour \u00e8 richiesto un contributo di \u20ac12, gratis per ragazzi fino a 14 anni e, per chi lo volesse, sar\u00e0 previsto\u00a0<strong>un pranzo tipico<\/strong>\u00a0in un ristorante locale.<\/p>\n<p>Altre esperienze che permetteranno ai partecipanti di visitare\u00a0<strong>pi\u00f9 localit\u00e0<\/strong>\u00a0delle Terre dei Baschenis sono l\u2019escursione in e-bike\u00a0<strong><em>\u201cArte sui pedali\u201d<\/em><\/strong>, domenica 14 luglio, il\u00a0<strong><em>\u201cTour dei Baschenis\u201d<\/em><\/strong>, domenica 29 settembre e\u00a0<strong><em>\u201cArte in cammino\u201d<\/em><\/strong>, da venerd\u00ec 4 a domenica 6 ottobre. Si terr\u00e0 invece sabato 27 luglio a Piazza Brembana il\u00a0<strong><em>\u201cFestival delle Terre dei Baschenis\u201d<\/em><\/strong>, un\u2019intera giornata dedicata all\u2019arte, alla storia e alla cultura dei paesi delle Terre dei Baschenis. Visite al patrimonio artistico e architettonico del paese, concerto d\u2019archi e clarinetto, spettacoli, esposizione e vendita di pubblicazioni locali, stand di prodotti tipici e mercatini di artigianato.<\/p>\n<p>Non solo tour di pi\u00f9 localit\u00e0: fra gli eventi principali si citano le giornate\u00a0<strong><em>\u201cPorte aperte sull\u2019arte&#8221;<\/em><\/strong>: dal 3 luglio al 4 settembre,\u00a0<strong>ogni mercoled\u00ec e durante i fine settimana estivi<\/strong>\u00a0sar\u00e0 possibile visitare, a rotazione, gli\u00a0<strong>edifici sacri e storici\u00a0<\/strong>\u2013 normalmente chiusi al pubblico<strong>\u00a0<\/strong>\u2013<strong>\u00a0<\/strong>delle localit\u00e0 facenti parte delle Terre dei Baschenis; che riveleranno i\u00a0<strong>preziosi affreschi<\/strong>\u00a0custoditi al loro interno con l\u2019intento di avvicinare visitatori di tutte le et\u00e0 all&#8217;<strong>arte popolare locale<\/strong>. Tra i luoghi visitabili: Oratorio di Sant\u2019Antonio da Padova a Olmo al Brembo, Chiesa parrocchiale di Santa Maria Assunta a Piazzolo, Chiesa di Sant\u2019Antonio abate alla Torre e Chiesa dei Santi Bernardo e Antonio da Padova a Valtorta, Chiesa della Madonna della Neve ad Averara, Chiesa di San Rocco e antica chiesa plebana a Santa Brigida, Chiesa parrocchiale, sagrestia e Santuario della Madonna del Frassino a Ornica, Oratorio dell\u2019Immacolata a Cassiglio, Chiesa parrocchiale di San Giacomo Apostolo a Piazzatorre, Chiesa di San Rocco a Mezzoldo, Oratori di Sant\u2019Alberto e San Giovanni Battista a Cusio, Chiesa di San Bernardo a Piazza Brembana.<\/p>\n<p>Per coloro interessati a scoprire ogni segreto della vita e della storia dell\u2019Alta Valle, Altobrembo propone\u00a0<strong>cinque esperienze \u201cibride\u201d<\/strong>\u00a0che prevedono l\u2019unione di due elementi:\u00a0<strong><em>\u201cArte e natura\u201d<\/em><\/strong>\u00a0(28 luglio a Cassiglio),\u00a0<strong><em>\u201cArte e musica\u201d<\/em><\/strong>\u00a0(3 agosto a Olmo al Brembo),\u00a0<strong><em>\u201cArte e leggenda\u201d<\/em><\/strong>\u00a0(9 agosto a Santa Brigida),\u00a0<strong><em>\u201cArte e gusto\u201d<\/em><\/strong>\u00a0(18 agosto a Ornica) e\u00a0<strong><em>\u201cArte e storia\u201d<\/em><\/strong>\u00a0(20 agosto ad Averara).<\/p>\n<p>Ma ci sar\u00e0 anche occasione di dare libero sfogo alla creativit\u00e0: in programma\u00a0<strong>laboratori artistici<\/strong>\u00a0per adulti e piccini; pensati per i primi i laboratori di\u00a0<strong>pittura\u00a0<em>en plein air<\/em><\/strong><em>\u00a0<\/em>(1 e 22 agosto a Olmo al Brembo e Cusio)<strong><em>\u00a0<\/em><\/strong>e di\u00a0<strong>affresco<\/strong>\u00a0(20 luglio a Olmo al Brembo), mentre per i secondi quelli pi\u00f9 propedeutici e ludici come\u00a0<strong><em>\u201cCrea il tuo burattino\u201d\u00a0<\/em><\/strong>(13 luglio a Olmo al Brembo)<strong><em>\u00a0<\/em><\/strong>e\u00a0<strong><em>\u201cVeggy Colors\u201d<\/em><\/strong>\u00a0(11 agosto a Mezzoldo).<\/p>\n<p>I venerd\u00ec di agosto,\u00a0<strong>l\u2019eco-museo etnografico di Valtorta<\/strong>, che al suo interno racchiude le storie e i materiali pi\u00f9 rappresentativi del passato di questo territorio montano, aprir\u00e0 le sue porte per permettere al pubblico di riscoprirne i valori, gli antichi mestieri e le attivit\u00e0 contadine. Alla semplice visita del museo sar\u00e0 possibile abbinare la partecipazione a\u00a0<strong>esperienze e<\/strong>\u00a0<strong>laboratori creativi<\/strong>\u00a0come, ad esempio, quello di\u00a0<strong>lavorazione dell\u2019argilla<\/strong>\u00a0(<strong><em>\u201cMaschere buffe di Valtorta\u201d<\/em><\/strong>), la\u00a0<strong>degustazione dei prodotti tipici<\/strong>\u00a0della Latteria Sociale e l\u2019incontro per famiglie\u00a0<strong><em>\u201cRacconti e leggende dell\u2019Alta Valle Brembana\u201d<\/em><\/strong>; oltre alla visita guidata del museo.<\/p>\n<p>Per maggiori informazioni su\u00a0<strong>eventi, modalit\u00e0 e costi di partecipazione<\/strong>\u00a0(ove previsti) \u00e8 possibile visitare il sito\u00a0<a href=\"https:\/\/www.leterredeibaschenis.it\/eventi\/\">https:\/\/www.leterredeibaschenis.it\/eventi\/<\/a>\u00a0oppure contattare l\u2019associazione Altobrembo: Tel +39 348 1842781 &#8211;\u00a0<a href=\"mailto:info@altobrembo.it\">info@altobrembo.it<\/a>.<\/p>\n","protected":false},"excerpt":{"rendered":"<p>Olmo Al Brembo, 29 giugno 2024 \u2013\u00a0Nelle\u00a0Terre dei Baschenis\u00a0trentotto eventi\u00a0in\u00a0tre mesi,\u00a0dal\u00a06 luglio al 6 ottobre, per scoprire le\u00a0antiche arti, la cultura e la storia\u00a0degli\u00a011 comuni\u00a0dell\u2019Alta Val Brembana. L&#8217;associazione\u00a0Altobrembo, impegnata da tempo nella promozione dei tesori nascosti del territorio, offre nel periodo estivo una\u00a0serie di appuntamenti\u00a0adatti a\u00a0tutte le et\u00e0\u00a0e di svariata natura, tutti accomunati da un unico comune denominatore: l\u2019arte. Si comincia\u00a0sabato 6 luglio\u00a0con il\u00a0\u201cTour dei mastri del legno\u201d, itinerario in<\/p>\n<p><a class=\"continue-reading\" href=\"https:\/\/www.article-marketing.eu\/comunicatistampa\/unestate-nelle-terre-dei-baschenis\/\">Continue reading&#8230;<\/a><\/p>\n","protected":false},"author":1855,"featured_media":0,"comment_status":"open","ping_status":"open","sticky":false,"template":"","format":"standard","meta":{"_monsterinsights_skip_tracking":false,"_monsterinsights_sitenote_active":false,"_monsterinsights_sitenote_note":"","_monsterinsights_sitenote_category":0,"footnotes":""},"categories":[407,418],"tags":[],"class_list":["post-31063","post","type-post","status-publish","format-standard","hentry","category-arte-e-cultura","category-natura"],"yoast_head":"<!-- This site is optimized with the Yoast SEO plugin v27.3 - https:\/\/yoast.com\/product\/yoast-seo-wordpress\/ -->\n<title>Un\u2019estate nelle Terre dei Baschenis - Article Marketing<\/title>\n<meta name=\"robots\" content=\"index, follow, max-snippet:-1, max-image-preview:large, max-video-preview:-1\" \/>\n<link rel=\"canonical\" href=\"https:\/\/www.article-marketing.eu\/comunicatistampa\/unestate-nelle-terre-dei-baschenis\/\" \/>\n<meta property=\"og:locale\" content=\"it_IT\" \/>\n<meta property=\"og:type\" content=\"article\" \/>\n<meta property=\"og:title\" content=\"Un\u2019estate nelle Terre dei Baschenis - Article Marketing\" \/>\n<meta property=\"og:description\" content=\"Olmo Al Brembo, 29 giugno 2024 \u2013\u00a0Nelle\u00a0Terre dei Baschenis\u00a0trentotto eventi\u00a0in\u00a0tre mesi,\u00a0dal\u00a06 luglio al 6 ottobre, per scoprire le\u00a0antiche arti, la cultura e la storia\u00a0degli\u00a011 comuni\u00a0dell\u2019Alta Val Brembana. L&#8217;associazione\u00a0Altobrembo, impegnata da tempo nella promozione dei tesori nascosti del territorio, offre nel periodo estivo una\u00a0serie di appuntamenti\u00a0adatti a\u00a0tutte le et\u00e0\u00a0e di svariata natura, tutti accomunati da un unico comune denominatore: l\u2019arte. Si comincia\u00a0sabato 6 luglio\u00a0con il\u00a0\u201cTour dei mastri del legno\u201d, itinerario inContinue reading...\" \/>\n<meta property=\"og:url\" content=\"https:\/\/www.article-marketing.eu\/comunicatistampa\/unestate-nelle-terre-dei-baschenis\/\" \/>\n<meta property=\"og:site_name\" content=\"Article Marketing\" \/>\n<meta property=\"article:published_time\" content=\"2024-08-23T11:13:55+00:00\" \/>\n<meta name=\"author\" content=\"Redaclem\" \/>\n<meta name=\"twitter:card\" content=\"summary_large_image\" \/>\n<meta name=\"twitter:label1\" content=\"Scritto da\" \/>\n\t<meta name=\"twitter:data1\" content=\"Redaclem\" \/>\n\t<meta name=\"twitter:label2\" content=\"Tempo di lettura stimato\" \/>\n\t<meta name=\"twitter:data2\" content=\"5 minuti\" \/>\n<script type=\"application\/ld+json\" class=\"yoast-schema-graph\">{\"@context\":\"https:\\\/\\\/schema.org\",\"@graph\":[{\"@type\":\"Article\",\"@id\":\"https:\\\/\\\/www.article-marketing.eu\\\/comunicatistampa\\\/unestate-nelle-terre-dei-baschenis\\\/#article\",\"isPartOf\":{\"@id\":\"https:\\\/\\\/www.article-marketing.eu\\\/comunicatistampa\\\/unestate-nelle-terre-dei-baschenis\\\/\"},\"author\":{\"name\":\"Redaclem\",\"@id\":\"https:\\\/\\\/www.article-marketing.eu\\\/comunicatistampa\\\/#\\\/schema\\\/person\\\/c0aa725eee5df8460e0adf901fde0c88\"},\"headline\":\"Un\u2019estate nelle Terre dei Baschenis\",\"datePublished\":\"2024-08-23T11:13:55+00:00\",\"mainEntityOfPage\":{\"@id\":\"https:\\\/\\\/www.article-marketing.eu\\\/comunicatistampa\\\/unestate-nelle-terre-dei-baschenis\\\/\"},\"wordCount\":758,\"commentCount\":0,\"articleSection\":[\"Arte e cultura\",\"Natura\"],\"inLanguage\":\"it-IT\",\"potentialAction\":[{\"@type\":\"CommentAction\",\"name\":\"Comment\",\"target\":[\"https:\\\/\\\/www.article-marketing.eu\\\/comunicatistampa\\\/unestate-nelle-terre-dei-baschenis\\\/#respond\"]}]},{\"@type\":\"WebPage\",\"@id\":\"https:\\\/\\\/www.article-marketing.eu\\\/comunicatistampa\\\/unestate-nelle-terre-dei-baschenis\\\/\",\"url\":\"https:\\\/\\\/www.article-marketing.eu\\\/comunicatistampa\\\/unestate-nelle-terre-dei-baschenis\\\/\",\"name\":\"Un\u2019estate nelle Terre dei Baschenis - Article Marketing\",\"isPartOf\":{\"@id\":\"https:\\\/\\\/www.article-marketing.eu\\\/comunicatistampa\\\/#website\"},\"datePublished\":\"2024-08-23T11:13:55+00:00\",\"author\":{\"@id\":\"https:\\\/\\\/www.article-marketing.eu\\\/comunicatistampa\\\/#\\\/schema\\\/person\\\/c0aa725eee5df8460e0adf901fde0c88\"},\"breadcrumb\":{\"@id\":\"https:\\\/\\\/www.article-marketing.eu\\\/comunicatistampa\\\/unestate-nelle-terre-dei-baschenis\\\/#breadcrumb\"},\"inLanguage\":\"it-IT\",\"potentialAction\":[{\"@type\":\"ReadAction\",\"target\":[\"https:\\\/\\\/www.article-marketing.eu\\\/comunicatistampa\\\/unestate-nelle-terre-dei-baschenis\\\/\"]}]},{\"@type\":\"BreadcrumbList\",\"@id\":\"https:\\\/\\\/www.article-marketing.eu\\\/comunicatistampa\\\/unestate-nelle-terre-dei-baschenis\\\/#breadcrumb\",\"itemListElement\":[{\"@type\":\"ListItem\",\"position\":1,\"name\":\"Home\",\"item\":\"https:\\\/\\\/www.article-marketing.eu\\\/comunicatistampa\\\/\"},{\"@type\":\"ListItem\",\"position\":2,\"name\":\"Un\u2019estate nelle Terre dei Baschenis\"}]},{\"@type\":\"WebSite\",\"@id\":\"https:\\\/\\\/www.article-marketing.eu\\\/comunicatistampa\\\/#website\",\"url\":\"https:\\\/\\\/www.article-marketing.eu\\\/comunicatistampa\\\/\",\"name\":\"Article Marketing\",\"description\":\"article marketing &amp; press release\",\"potentialAction\":[{\"@type\":\"SearchAction\",\"target\":{\"@type\":\"EntryPoint\",\"urlTemplate\":\"https:\\\/\\\/www.article-marketing.eu\\\/comunicatistampa\\\/?s={search_term_string}\"},\"query-input\":{\"@type\":\"PropertyValueSpecification\",\"valueRequired\":true,\"valueName\":\"search_term_string\"}}],\"inLanguage\":\"it-IT\"},{\"@type\":\"Person\",\"@id\":\"https:\\\/\\\/www.article-marketing.eu\\\/comunicatistampa\\\/#\\\/schema\\\/person\\\/c0aa725eee5df8460e0adf901fde0c88\",\"name\":\"Redaclem\",\"image\":{\"@type\":\"ImageObject\",\"inLanguage\":\"it-IT\",\"@id\":\"https:\\\/\\\/secure.gravatar.com\\\/avatar\\\/4c7e41f332a0583344a91d7d39723533da9b2d0df7737c2d8c69553168c2191e?s=96&d=mm&r=g\",\"url\":\"https:\\\/\\\/secure.gravatar.com\\\/avatar\\\/4c7e41f332a0583344a91d7d39723533da9b2d0df7737c2d8c69553168c2191e?s=96&d=mm&r=g\",\"contentUrl\":\"https:\\\/\\\/secure.gravatar.com\\\/avatar\\\/4c7e41f332a0583344a91d7d39723533da9b2d0df7737c2d8c69553168c2191e?s=96&d=mm&r=g\",\"caption\":\"Redaclem\"},\"url\":\"https:\\\/\\\/www.article-marketing.eu\\\/comunicatistampa\\\/author\\\/redaclem\\\/\"}]}<\/script>\n<!-- \/ Yoast SEO plugin. -->","yoast_head_json":{"title":"Un\u2019estate nelle Terre dei Baschenis - Article Marketing","robots":{"index":"index","follow":"follow","max-snippet":"max-snippet:-1","max-image-preview":"max-image-preview:large","max-video-preview":"max-video-preview:-1"},"canonical":"https:\/\/www.article-marketing.eu\/comunicatistampa\/unestate-nelle-terre-dei-baschenis\/","og_locale":"it_IT","og_type":"article","og_title":"Un\u2019estate nelle Terre dei Baschenis - Article Marketing","og_description":"Olmo Al Brembo, 29 giugno 2024 \u2013\u00a0Nelle\u00a0Terre dei Baschenis\u00a0trentotto eventi\u00a0in\u00a0tre mesi,\u00a0dal\u00a06 luglio al 6 ottobre, per scoprire le\u00a0antiche arti, la cultura e la storia\u00a0degli\u00a011 comuni\u00a0dell\u2019Alta Val Brembana. L&#8217;associazione\u00a0Altobrembo, impegnata da tempo nella promozione dei tesori nascosti del territorio, offre nel periodo estivo una\u00a0serie di appuntamenti\u00a0adatti a\u00a0tutte le et\u00e0\u00a0e di svariata natura, tutti accomunati da un unico comune denominatore: l\u2019arte. Si comincia\u00a0sabato 6 luglio\u00a0con il\u00a0\u201cTour dei mastri del legno\u201d, itinerario inContinue reading...","og_url":"https:\/\/www.article-marketing.eu\/comunicatistampa\/unestate-nelle-terre-dei-baschenis\/","og_site_name":"Article Marketing","article_published_time":"2024-08-23T11:13:55+00:00","author":"Redaclem","twitter_card":"summary_large_image","twitter_misc":{"Scritto da":"Redaclem","Tempo di lettura stimato":"5 minuti"},"schema":{"@context":"https:\/\/schema.org","@graph":[{"@type":"Article","@id":"https:\/\/www.article-marketing.eu\/comunicatistampa\/unestate-nelle-terre-dei-baschenis\/#article","isPartOf":{"@id":"https:\/\/www.article-marketing.eu\/comunicatistampa\/unestate-nelle-terre-dei-baschenis\/"},"author":{"name":"Redaclem","@id":"https:\/\/www.article-marketing.eu\/comunicatistampa\/#\/schema\/person\/c0aa725eee5df8460e0adf901fde0c88"},"headline":"Un\u2019estate nelle Terre dei Baschenis","datePublished":"2024-08-23T11:13:55+00:00","mainEntityOfPage":{"@id":"https:\/\/www.article-marketing.eu\/comunicatistampa\/unestate-nelle-terre-dei-baschenis\/"},"wordCount":758,"commentCount":0,"articleSection":["Arte e cultura","Natura"],"inLanguage":"it-IT","potentialAction":[{"@type":"CommentAction","name":"Comment","target":["https:\/\/www.article-marketing.eu\/comunicatistampa\/unestate-nelle-terre-dei-baschenis\/#respond"]}]},{"@type":"WebPage","@id":"https:\/\/www.article-marketing.eu\/comunicatistampa\/unestate-nelle-terre-dei-baschenis\/","url":"https:\/\/www.article-marketing.eu\/comunicatistampa\/unestate-nelle-terre-dei-baschenis\/","name":"Un\u2019estate nelle Terre dei Baschenis - Article Marketing","isPartOf":{"@id":"https:\/\/www.article-marketing.eu\/comunicatistampa\/#website"},"datePublished":"2024-08-23T11:13:55+00:00","author":{"@id":"https:\/\/www.article-marketing.eu\/comunicatistampa\/#\/schema\/person\/c0aa725eee5df8460e0adf901fde0c88"},"breadcrumb":{"@id":"https:\/\/www.article-marketing.eu\/comunicatistampa\/unestate-nelle-terre-dei-baschenis\/#breadcrumb"},"inLanguage":"it-IT","potentialAction":[{"@type":"ReadAction","target":["https:\/\/www.article-marketing.eu\/comunicatistampa\/unestate-nelle-terre-dei-baschenis\/"]}]},{"@type":"BreadcrumbList","@id":"https:\/\/www.article-marketing.eu\/comunicatistampa\/unestate-nelle-terre-dei-baschenis\/#breadcrumb","itemListElement":[{"@type":"ListItem","position":1,"name":"Home","item":"https:\/\/www.article-marketing.eu\/comunicatistampa\/"},{"@type":"ListItem","position":2,"name":"Un\u2019estate nelle Terre dei Baschenis"}]},{"@type":"WebSite","@id":"https:\/\/www.article-marketing.eu\/comunicatistampa\/#website","url":"https:\/\/www.article-marketing.eu\/comunicatistampa\/","name":"Article Marketing","description":"article marketing &amp; press release","potentialAction":[{"@type":"SearchAction","target":{"@type":"EntryPoint","urlTemplate":"https:\/\/www.article-marketing.eu\/comunicatistampa\/?s={search_term_string}"},"query-input":{"@type":"PropertyValueSpecification","valueRequired":true,"valueName":"search_term_string"}}],"inLanguage":"it-IT"},{"@type":"Person","@id":"https:\/\/www.article-marketing.eu\/comunicatistampa\/#\/schema\/person\/c0aa725eee5df8460e0adf901fde0c88","name":"Redaclem","image":{"@type":"ImageObject","inLanguage":"it-IT","@id":"https:\/\/secure.gravatar.com\/avatar\/4c7e41f332a0583344a91d7d39723533da9b2d0df7737c2d8c69553168c2191e?s=96&d=mm&r=g","url":"https:\/\/secure.gravatar.com\/avatar\/4c7e41f332a0583344a91d7d39723533da9b2d0df7737c2d8c69553168c2191e?s=96&d=mm&r=g","contentUrl":"https:\/\/secure.gravatar.com\/avatar\/4c7e41f332a0583344a91d7d39723533da9b2d0df7737c2d8c69553168c2191e?s=96&d=mm&r=g","caption":"Redaclem"},"url":"https:\/\/www.article-marketing.eu\/comunicatistampa\/author\/redaclem\/"}]}},"_links":{"self":[{"href":"https:\/\/www.article-marketing.eu\/comunicatistampa\/wp-json\/wp\/v2\/posts\/31063","targetHints":{"allow":["GET"]}}],"collection":[{"href":"https:\/\/www.article-marketing.eu\/comunicatistampa\/wp-json\/wp\/v2\/posts"}],"about":[{"href":"https:\/\/www.article-marketing.eu\/comunicatistampa\/wp-json\/wp\/v2\/types\/post"}],"author":[{"embeddable":true,"href":"https:\/\/www.article-marketing.eu\/comunicatistampa\/wp-json\/wp\/v2\/users\/1855"}],"replies":[{"embeddable":true,"href":"https:\/\/www.article-marketing.eu\/comunicatistampa\/wp-json\/wp\/v2\/comments?post=31063"}],"version-history":[{"count":2,"href":"https:\/\/www.article-marketing.eu\/comunicatistampa\/wp-json\/wp\/v2\/posts\/31063\/revisions"}],"predecessor-version":[{"id":31115,"href":"https:\/\/www.article-marketing.eu\/comunicatistampa\/wp-json\/wp\/v2\/posts\/31063\/revisions\/31115"}],"wp:attachment":[{"href":"https:\/\/www.article-marketing.eu\/comunicatistampa\/wp-json\/wp\/v2\/media?parent=31063"}],"wp:term":[{"taxonomy":"category","embeddable":true,"href":"https:\/\/www.article-marketing.eu\/comunicatistampa\/wp-json\/wp\/v2\/categories?post=31063"},{"taxonomy":"post_tag","embeddable":true,"href":"https:\/\/www.article-marketing.eu\/comunicatistampa\/wp-json\/wp\/v2\/tags?post=31063"}],"curies":[{"name":"wp","href":"https:\/\/api.w.org\/{rel}","templated":true}]}}