{"id":31080,"date":"2024-08-23T13:08:13","date_gmt":"2024-08-23T11:08:13","guid":{"rendered":"https:\/\/www.article-marketing.eu\/comunicatistampa\/?p=31080"},"modified":"2024-08-23T13:08:13","modified_gmt":"2024-08-23T11:08:13","slug":"paure-pre-vacanze-furti-in-casa-e-maltempo-le-piu-diffuse","status":"publish","type":"post","link":"https:\/\/www.article-marketing.eu\/comunicatistampa\/paure-pre-vacanze-furti-in-casa-e-maltempo-le-piu-diffuse\/","title":{"rendered":"Paure pre vacanze: furti in casa e maltempo le pi\u00f9 diffuse"},"content":{"rendered":"<p>Ogni anno in Italia ci sono pi\u00f9 di <strong>133mila furti in appartamento<\/strong> e il periodo estivo \u00e8 uno dei pi\u00f9 critici tanto \u00e8 vero che, secondo l\u2019indagine commissionata da <strong><a href=\"https:\/\/www.facile.it\/\">Facile.it<\/a><\/strong> a <em>mUp Research<\/em> e <em>Bilendi<\/em>, <strong>pi\u00f9 di 6 vacanzieri su 10<\/strong>, ovvero quasi 28 milioni di individui, <strong>temono di subire un furto <\/strong>durante l\u2019assenza da casa per le ferie.<\/p>\n<p>La paura dei furti, primo timore degli italiani intervistati, \u00e8 pi\u00f9 diffusa tra i giovani (74% tra i rispondenti con et\u00e0 compresa tra i 25 e i 34 anni) mentre, a livello territoriale, \u00e8 maggiormente sentita tra i residenti del Nord Est (69%). Curiosamente, \u00e8 un timore radicato sia nei <strong>grandi centri abitati<\/strong> (72%), sia nei piccoli comuni con meno di 10.000 abitanti (67%).<\/p>\n<p>Eppure, nonostante questa paura, ancora pochi si tutelano con una <strong>polizza casa contro i furti<\/strong>; appena il <strong>20%<\/strong> di chi partir\u00e0 per le vacanze ha dichiarato di avere questo tipo di copertura.<\/p>\n<p><em>\u00abLe polizze casa sono prodotti assicurativi detti multirischio e tutelano gli assicurati da una serie di sinistri connessi all\u2019abitazione<\/em><em>\u00bb, <\/em><strong>spiega Andrea Ghizzoni, Managing Director assicurazioni di Facile.it.<\/strong> <em>\u00abLe coperture base includono la tutela contro i danni al fabbricato e la Responsabilit\u00e0 Civile e partono da un prezzo di 180 euro l\u2019anno, ma \u00e8 possibile aggiungere anche la protezione dai furti in casa con un costo che cresce di circa 50 euro.<\/em><em>\u00bb.<\/em><\/p>\n<p>Continuando a scorrere la lista delle preoccupazioni di chi lascia l\u2019abitazione per andare in ferie, al secondo posto c\u2019\u00e8 il <strong>maltempo<\/strong>; il 33% dei rispondenti ha dichiarato di avere paura che, durante l\u2019assenza, l\u2019appartamento possa subire <strong>danni causati da eventi atmosferici estremi<\/strong>, fenomeni sempre pi\u00f9 frequenti nel nostro Paese. Un timore che, come emerso dall\u2019indagine, \u00e8 diffuso in misura maggiore tra i residenti nel <strong>Nord Est<\/strong> (47%).<\/p>\n<p><em>\u00ab\u00c8 possibile proteggere la casa anche dai danni causati da maltempo o calamit\u00e0 naturali<\/em><em>\u00bb<\/em>, continua Ghizzoni<em>. <\/em><em>\u00abPer alcune compagnie assicurative questa copertura \u00e8 inclusa nella tutela contro i danni al fabbricato, per altre, invece, \u00e8 considerata come garanzia accessorie e va pertanto appositamente attivata; il costo varia a seconda della tipologia di calamit\u00e0, delle caratteristiche dell\u2019immobile e della citt\u00e0, ma pu\u00f2 arrivare a superare i 300 euro.<\/em><em>\u00bb.<\/em><\/p>\n<p><strong>Perdite idriche<\/strong> e <strong>fughe di gas<\/strong>, invece, impensieriscono, rispettivamente, il 23% e il 17% dei vacanzieri. Mentre l\u2019ultima preoccupazione in classifica \u00e8 quella di partire dimenticandosi luci o altri elettrodomestici accesi; un timore che accomuna \u201cappena\u201d <strong>6 milioni di italiani.<\/strong><\/p>\n<p><strong>Vicini, sistemi di videosorveglianza\u2026 e luci accese<\/strong><\/p>\n<p>Se, come detto, appena 2 vacanzieri su 10 hanno una copertura assicurativa, ben <strong>8 su 10<\/strong> hanno dichiarato di aver intenzione di <strong>adottare alcune strategie per ridurre al mimino i rischi<\/strong>.<\/p>\n<p>La pi\u00f9 comune \u00e8 quella di <strong>affidare la sicurezza della propria abitazione a vicini di casa<\/strong> o familiari, che vengono arruolati per <strong>controllare periodicamente l\u2019immobile<\/strong> (45%). Una prassi che, secondo l\u2019indagine, \u00e8 diffusa maggiormente nei piccoli comuni (54%) e tra i rispondenti over 65 (48%).<\/p>\n<p>Vicini di casa che, nel <strong>17%<\/strong> dei casi, vengono \u201cingaggiati\u201d anche per <strong>svuotare regolarmente la cassetta della posta<\/strong> cos\u00ec da ridurre al minimo i segnali di assenza prolungata da casa.<\/p>\n<p>Circa 16,5 milioni di viaggiatori hanno invece deciso di affidarsi a <strong>sistemi di antintrusione<\/strong>; c\u2019\u00e8 chi, ad esempio, ha protetto l\u2019abitazione con <strong>grate antieffrazione<\/strong> (14%) e chi, invece, ha dotato l\u2019appartamento di un <strong>sistema di videosorveglianza<\/strong> (27%). Soluzioni particolarmente diffuse nelle <strong>grandi citt\u00e0<\/strong>, dove la percentuale di chi ha adottato questi sistemi sale, rispettivamente, al 18% e al 36%. Il <strong>5%<\/strong> dei rispondenti, invece, ha dichiarato di affidarsi alla <strong>sorveglianza privata<\/strong>.<\/p>\n<p>Se, come detto, milioni di italiani hanno paura di partire per le vacanze dimenticando la <strong>luce accesa<\/strong>, c\u2019\u00e8 chi, invece, lo fa appositamente per <strong>scoraggiare<\/strong> eventuali topi da appartamento; il <strong>6,2%<\/strong> del campione intervistato. Poco meno, il <strong>3,3%<\/strong>, chi invece <strong>lascia accese TV o Radio<\/strong> per mascherare l\u2019assenza da casa.<\/p>\n<p><strong>Sei consigli per difendersi<\/strong><\/p>\n<p>Facile.it ha redatto un breve vademecum in sei punti per difendersi dai principali rischi per chi lascia casa durante le vacanze.<\/p>\n<p><strong>Furti:<\/strong> oltre a proteggere l\u2019immobile con un sistema di allarme o antintrusione, il consiglio \u00e8 di ridurre al minimo i segnali di assenza prolungata da casa. Ad esempio, fate ritirare la posta da conoscenti e chiedete loro di abbassare il tappetino d\u2019ingresso se chi pulisce le scale del palazzo lo alza o, se lo avete, di tosare il prato. E quando caricate la macchina per partire, meglio farlo in un posto lontano da sguardi indiscreti.<\/p>\n<p><strong>Perdite acqua e gas<\/strong>: per ridurre i rischi di perdite il suggerimento \u00e8 di chiudere i rubinetti centrali di acqua e gas. Qualora non fosse possibile, prima di partire assicuratevi di aver fatto una corretta manutenzione agli impianti e che le prese di aerazione dell\u2019immobile siano libere. \u00c8 possibile installare un sistema domotico che avvisa automaticamente il proprietario in caso di perdite di acqua o gas; lasciare una copia del mazzo di chiavi a vicini fidati o familiari pu\u00f2 essere utile nel caso servisse accedere all\u2019abitazione con urgenza.<\/p>\n<p><strong>Luci ed elettrodomestici:<\/strong> se si vuole simulare la presenza in casa senza spendere un capitale in elettricit\u00e0, esistono degli apparecchi che consentono di programmare l\u2019accessione delle luci anche durante l\u2019assenza; sar\u00e0 pi\u00f9 credibile agli occhi di potenziali ladri e meno oneroso in bolletta. Ancora, prima di partire ricordati di staccare dalla presa di corrente gli elettrodomestici che non serve alimentare durante l\u2019assenza. Questo potrebbe portare non solo un sollievo sulle tue bollette \u2013 alcuni apparecchi consumano energia anche da spenti \u2013 ma soprattutto ridurre il rischio di eventuali sovraccarichi o cortocircuiti legati, ad esempio, al maltempo.<\/p>\n<p><strong>Assicurazione:<\/strong> una polizza casa completa protegge il proprietario da eventuali danni all\u2019immobile o a terzi, da furti, da danni da maltempo o calamit\u00e0 naturali. Il consiglio \u00e8 di confrontare i prodotti offerti da diverse compagnie, verificare con attenzione le caratteristiche di ciascuno e scegliere quello pi\u00f9 adatto alle proprie esigenze.<\/p>\n<p><strong>Social network:<\/strong> evitate di annunciare sui social network i vostri piani per l\u2019estate, con tanto di date di assenza da casa. E, se riuscite, meglio evitare di documentare la vacanza giorno per giorno in tempo reale; aspettate il ritorno o, se proprio non resistete, almeno non fornite informazioni complete sul vostro viaggio. Non si sa mai chi possa nascondersi dall\u2019altro lato dello schermo.<\/p>\n<p><em>* I<\/em><em>ndagine commissionata da Facile.it a mUp Research &#8211; svolta tra il 31 maggio ed il 7 giugno 2024 attraverso la somministrazione di n.1.154 interviste CAWI ad un campione di individui in et\u00e0 compresa fra 18 e 74 anni, rappresentativo della popolazione italiana residente sull\u2019intero territorio nazionale nell\u2019intervallo di et\u00e0 considerate.<\/em><\/p>\n","protected":false},"excerpt":{"rendered":"<p>Ogni anno in Italia ci sono pi\u00f9 di 133mila furti in appartamento e il periodo estivo \u00e8 uno dei pi\u00f9 critici tanto \u00e8 vero che, secondo l\u2019indagine commissionata da Facile.it a mUp Research e Bilendi, pi\u00f9 di 6 vacanzieri su 10, ovvero quasi 28 milioni di individui, temono di subire un furto durante l\u2019assenza da casa per le ferie. La paura dei furti, primo timore degli italiani intervistati, \u00e8 pi\u00f9<\/p>\n<p><a class=\"continue-reading\" href=\"https:\/\/www.article-marketing.eu\/comunicatistampa\/paure-pre-vacanze-furti-in-casa-e-maltempo-le-piu-diffuse\/\">Continue reading&#8230;<\/a><\/p>\n","protected":false},"author":62,"featured_media":0,"comment_status":"open","ping_status":"open","sticky":false,"template":"","format":"standard","meta":{"_monsterinsights_skip_tracking":false,"_monsterinsights_sitenote_active":false,"_monsterinsights_sitenote_note":"","_monsterinsights_sitenote_category":0,"footnotes":""},"categories":[403],"tags":[555,10749,4613,10983,7917,870],"class_list":["post-31080","post","type-post","status-publish","format-standard","hentry","category-casa","tag-facile-it","tag-furti","tag-ladri","tag-maltempo","tag-paure","tag-vacanze"],"yoast_head":"<!-- This site is optimized with the Yoast SEO plugin v27.3 - https:\/\/yoast.com\/product\/yoast-seo-wordpress\/ -->\n<title>Paure pre vacanze: furti in casa e maltempo le pi\u00f9 diffuse - Article Marketing<\/title>\n<meta name=\"robots\" content=\"index, follow, max-snippet:-1, max-image-preview:large, max-video-preview:-1\" \/>\n<link rel=\"canonical\" href=\"https:\/\/www.article-marketing.eu\/comunicatistampa\/paure-pre-vacanze-furti-in-casa-e-maltempo-le-piu-diffuse\/\" \/>\n<meta property=\"og:locale\" content=\"it_IT\" \/>\n<meta property=\"og:type\" content=\"article\" \/>\n<meta property=\"og:title\" content=\"Paure pre vacanze: furti in casa e maltempo le pi\u00f9 diffuse - Article Marketing\" \/>\n<meta property=\"og:description\" content=\"Ogni anno in Italia ci sono pi\u00f9 di 133mila furti in appartamento e il periodo estivo \u00e8 uno dei pi\u00f9 critici tanto \u00e8 vero che, secondo l\u2019indagine commissionata da Facile.it a mUp Research e Bilendi, pi\u00f9 di 6 vacanzieri su 10, ovvero quasi 28 milioni di individui, temono di subire un furto durante l\u2019assenza da casa per le ferie. La paura dei furti, primo timore degli italiani intervistati, \u00e8 pi\u00f9Continue reading...\" \/>\n<meta property=\"og:url\" content=\"https:\/\/www.article-marketing.eu\/comunicatistampa\/paure-pre-vacanze-furti-in-casa-e-maltempo-le-piu-diffuse\/\" \/>\n<meta property=\"og:site_name\" content=\"Article Marketing\" \/>\n<meta property=\"article:published_time\" content=\"2024-08-23T11:08:13+00:00\" \/>\n<meta name=\"author\" content=\"Facile.it\" \/>\n<meta name=\"twitter:card\" content=\"summary_large_image\" \/>\n<meta name=\"twitter:label1\" content=\"Scritto da\" \/>\n\t<meta name=\"twitter:data1\" content=\"Facile.it\" \/>\n\t<meta name=\"twitter:label2\" content=\"Tempo di lettura stimato\" \/>\n\t<meta name=\"twitter:data2\" content=\"6 minuti\" \/>\n<script type=\"application\/ld+json\" class=\"yoast-schema-graph\">{\"@context\":\"https:\\\/\\\/schema.org\",\"@graph\":[{\"@type\":\"Article\",\"@id\":\"https:\\\/\\\/www.article-marketing.eu\\\/comunicatistampa\\\/paure-pre-vacanze-furti-in-casa-e-maltempo-le-piu-diffuse\\\/#article\",\"isPartOf\":{\"@id\":\"https:\\\/\\\/www.article-marketing.eu\\\/comunicatistampa\\\/paure-pre-vacanze-furti-in-casa-e-maltempo-le-piu-diffuse\\\/\"},\"author\":{\"name\":\"Facile.it\",\"@id\":\"https:\\\/\\\/www.article-marketing.eu\\\/comunicatistampa\\\/#\\\/schema\\\/person\\\/1deca6d9e0cf173abfe76a90ef261a2a\"},\"headline\":\"Paure pre vacanze: furti in casa e maltempo le pi\u00f9 diffuse\",\"datePublished\":\"2024-08-23T11:08:13+00:00\",\"mainEntityOfPage\":{\"@id\":\"https:\\\/\\\/www.article-marketing.eu\\\/comunicatistampa\\\/paure-pre-vacanze-furti-in-casa-e-maltempo-le-piu-diffuse\\\/\"},\"wordCount\":1064,\"commentCount\":0,\"keywords\":[\"facile.it\",\"furti\",\"ladri\",\"maltempo\",\"paure\",\"vacanze\"],\"articleSection\":[\"Casa\"],\"inLanguage\":\"it-IT\",\"potentialAction\":[{\"@type\":\"CommentAction\",\"name\":\"Comment\",\"target\":[\"https:\\\/\\\/www.article-marketing.eu\\\/comunicatistampa\\\/paure-pre-vacanze-furti-in-casa-e-maltempo-le-piu-diffuse\\\/#respond\"]}]},{\"@type\":\"WebPage\",\"@id\":\"https:\\\/\\\/www.article-marketing.eu\\\/comunicatistampa\\\/paure-pre-vacanze-furti-in-casa-e-maltempo-le-piu-diffuse\\\/\",\"url\":\"https:\\\/\\\/www.article-marketing.eu\\\/comunicatistampa\\\/paure-pre-vacanze-furti-in-casa-e-maltempo-le-piu-diffuse\\\/\",\"name\":\"Paure pre vacanze: furti in casa e maltempo le pi\u00f9 diffuse - Article Marketing\",\"isPartOf\":{\"@id\":\"https:\\\/\\\/www.article-marketing.eu\\\/comunicatistampa\\\/#website\"},\"datePublished\":\"2024-08-23T11:08:13+00:00\",\"author\":{\"@id\":\"https:\\\/\\\/www.article-marketing.eu\\\/comunicatistampa\\\/#\\\/schema\\\/person\\\/1deca6d9e0cf173abfe76a90ef261a2a\"},\"breadcrumb\":{\"@id\":\"https:\\\/\\\/www.article-marketing.eu\\\/comunicatistampa\\\/paure-pre-vacanze-furti-in-casa-e-maltempo-le-piu-diffuse\\\/#breadcrumb\"},\"inLanguage\":\"it-IT\",\"potentialAction\":[{\"@type\":\"ReadAction\",\"target\":[\"https:\\\/\\\/www.article-marketing.eu\\\/comunicatistampa\\\/paure-pre-vacanze-furti-in-casa-e-maltempo-le-piu-diffuse\\\/\"]}]},{\"@type\":\"BreadcrumbList\",\"@id\":\"https:\\\/\\\/www.article-marketing.eu\\\/comunicatistampa\\\/paure-pre-vacanze-furti-in-casa-e-maltempo-le-piu-diffuse\\\/#breadcrumb\",\"itemListElement\":[{\"@type\":\"ListItem\",\"position\":1,\"name\":\"Home\",\"item\":\"https:\\\/\\\/www.article-marketing.eu\\\/comunicatistampa\\\/\"},{\"@type\":\"ListItem\",\"position\":2,\"name\":\"Paure pre vacanze: furti in casa e maltempo le pi\u00f9 diffuse\"}]},{\"@type\":\"WebSite\",\"@id\":\"https:\\\/\\\/www.article-marketing.eu\\\/comunicatistampa\\\/#website\",\"url\":\"https:\\\/\\\/www.article-marketing.eu\\\/comunicatistampa\\\/\",\"name\":\"Article Marketing\",\"description\":\"article marketing &amp; press release\",\"potentialAction\":[{\"@type\":\"SearchAction\",\"target\":{\"@type\":\"EntryPoint\",\"urlTemplate\":\"https:\\\/\\\/www.article-marketing.eu\\\/comunicatistampa\\\/?s={search_term_string}\"},\"query-input\":{\"@type\":\"PropertyValueSpecification\",\"valueRequired\":true,\"valueName\":\"search_term_string\"}}],\"inLanguage\":\"it-IT\"},{\"@type\":\"Person\",\"@id\":\"https:\\\/\\\/www.article-marketing.eu\\\/comunicatistampa\\\/#\\\/schema\\\/person\\\/1deca6d9e0cf173abfe76a90ef261a2a\",\"name\":\"Facile.it\",\"image\":{\"@type\":\"ImageObject\",\"inLanguage\":\"it-IT\",\"@id\":\"https:\\\/\\\/secure.gravatar.com\\\/avatar\\\/2623775dfcd174bde1a788a4bc028e9035747fa40886953f4954f56c45cf4b34?s=96&d=mm&r=g\",\"url\":\"https:\\\/\\\/secure.gravatar.com\\\/avatar\\\/2623775dfcd174bde1a788a4bc028e9035747fa40886953f4954f56c45cf4b34?s=96&d=mm&r=g\",\"contentUrl\":\"https:\\\/\\\/secure.gravatar.com\\\/avatar\\\/2623775dfcd174bde1a788a4bc028e9035747fa40886953f4954f56c45cf4b34?s=96&d=mm&r=g\",\"caption\":\"Facile.it\"},\"url\":\"https:\\\/\\\/www.article-marketing.eu\\\/comunicatistampa\\\/author\\\/facile-it\\\/\"}]}<\/script>\n<!-- \/ Yoast SEO plugin. -->","yoast_head_json":{"title":"Paure pre vacanze: furti in casa e maltempo le pi\u00f9 diffuse - Article Marketing","robots":{"index":"index","follow":"follow","max-snippet":"max-snippet:-1","max-image-preview":"max-image-preview:large","max-video-preview":"max-video-preview:-1"},"canonical":"https:\/\/www.article-marketing.eu\/comunicatistampa\/paure-pre-vacanze-furti-in-casa-e-maltempo-le-piu-diffuse\/","og_locale":"it_IT","og_type":"article","og_title":"Paure pre vacanze: furti in casa e maltempo le pi\u00f9 diffuse - Article Marketing","og_description":"Ogni anno in Italia ci sono pi\u00f9 di 133mila furti in appartamento e il periodo estivo \u00e8 uno dei pi\u00f9 critici tanto \u00e8 vero che, secondo l\u2019indagine commissionata da Facile.it a mUp Research e Bilendi, pi\u00f9 di 6 vacanzieri su 10, ovvero quasi 28 milioni di individui, temono di subire un furto durante l\u2019assenza da casa per le ferie. La paura dei furti, primo timore degli italiani intervistati, \u00e8 pi\u00f9Continue reading...","og_url":"https:\/\/www.article-marketing.eu\/comunicatistampa\/paure-pre-vacanze-furti-in-casa-e-maltempo-le-piu-diffuse\/","og_site_name":"Article Marketing","article_published_time":"2024-08-23T11:08:13+00:00","author":"Facile.it","twitter_card":"summary_large_image","twitter_misc":{"Scritto da":"Facile.it","Tempo di lettura stimato":"6 minuti"},"schema":{"@context":"https:\/\/schema.org","@graph":[{"@type":"Article","@id":"https:\/\/www.article-marketing.eu\/comunicatistampa\/paure-pre-vacanze-furti-in-casa-e-maltempo-le-piu-diffuse\/#article","isPartOf":{"@id":"https:\/\/www.article-marketing.eu\/comunicatistampa\/paure-pre-vacanze-furti-in-casa-e-maltempo-le-piu-diffuse\/"},"author":{"name":"Facile.it","@id":"https:\/\/www.article-marketing.eu\/comunicatistampa\/#\/schema\/person\/1deca6d9e0cf173abfe76a90ef261a2a"},"headline":"Paure pre vacanze: furti in casa e maltempo le pi\u00f9 diffuse","datePublished":"2024-08-23T11:08:13+00:00","mainEntityOfPage":{"@id":"https:\/\/www.article-marketing.eu\/comunicatistampa\/paure-pre-vacanze-furti-in-casa-e-maltempo-le-piu-diffuse\/"},"wordCount":1064,"commentCount":0,"keywords":["facile.it","furti","ladri","maltempo","paure","vacanze"],"articleSection":["Casa"],"inLanguage":"it-IT","potentialAction":[{"@type":"CommentAction","name":"Comment","target":["https:\/\/www.article-marketing.eu\/comunicatistampa\/paure-pre-vacanze-furti-in-casa-e-maltempo-le-piu-diffuse\/#respond"]}]},{"@type":"WebPage","@id":"https:\/\/www.article-marketing.eu\/comunicatistampa\/paure-pre-vacanze-furti-in-casa-e-maltempo-le-piu-diffuse\/","url":"https:\/\/www.article-marketing.eu\/comunicatistampa\/paure-pre-vacanze-furti-in-casa-e-maltempo-le-piu-diffuse\/","name":"Paure pre vacanze: furti in casa e maltempo le pi\u00f9 diffuse - Article Marketing","isPartOf":{"@id":"https:\/\/www.article-marketing.eu\/comunicatistampa\/#website"},"datePublished":"2024-08-23T11:08:13+00:00","author":{"@id":"https:\/\/www.article-marketing.eu\/comunicatistampa\/#\/schema\/person\/1deca6d9e0cf173abfe76a90ef261a2a"},"breadcrumb":{"@id":"https:\/\/www.article-marketing.eu\/comunicatistampa\/paure-pre-vacanze-furti-in-casa-e-maltempo-le-piu-diffuse\/#breadcrumb"},"inLanguage":"it-IT","potentialAction":[{"@type":"ReadAction","target":["https:\/\/www.article-marketing.eu\/comunicatistampa\/paure-pre-vacanze-furti-in-casa-e-maltempo-le-piu-diffuse\/"]}]},{"@type":"BreadcrumbList","@id":"https:\/\/www.article-marketing.eu\/comunicatistampa\/paure-pre-vacanze-furti-in-casa-e-maltempo-le-piu-diffuse\/#breadcrumb","itemListElement":[{"@type":"ListItem","position":1,"name":"Home","item":"https:\/\/www.article-marketing.eu\/comunicatistampa\/"},{"@type":"ListItem","position":2,"name":"Paure pre vacanze: furti in casa e maltempo le pi\u00f9 diffuse"}]},{"@type":"WebSite","@id":"https:\/\/www.article-marketing.eu\/comunicatistampa\/#website","url":"https:\/\/www.article-marketing.eu\/comunicatistampa\/","name":"Article Marketing","description":"article marketing &amp; press release","potentialAction":[{"@type":"SearchAction","target":{"@type":"EntryPoint","urlTemplate":"https:\/\/www.article-marketing.eu\/comunicatistampa\/?s={search_term_string}"},"query-input":{"@type":"PropertyValueSpecification","valueRequired":true,"valueName":"search_term_string"}}],"inLanguage":"it-IT"},{"@type":"Person","@id":"https:\/\/www.article-marketing.eu\/comunicatistampa\/#\/schema\/person\/1deca6d9e0cf173abfe76a90ef261a2a","name":"Facile.it","image":{"@type":"ImageObject","inLanguage":"it-IT","@id":"https:\/\/secure.gravatar.com\/avatar\/2623775dfcd174bde1a788a4bc028e9035747fa40886953f4954f56c45cf4b34?s=96&d=mm&r=g","url":"https:\/\/secure.gravatar.com\/avatar\/2623775dfcd174bde1a788a4bc028e9035747fa40886953f4954f56c45cf4b34?s=96&d=mm&r=g","contentUrl":"https:\/\/secure.gravatar.com\/avatar\/2623775dfcd174bde1a788a4bc028e9035747fa40886953f4954f56c45cf4b34?s=96&d=mm&r=g","caption":"Facile.it"},"url":"https:\/\/www.article-marketing.eu\/comunicatistampa\/author\/facile-it\/"}]}},"_links":{"self":[{"href":"https:\/\/www.article-marketing.eu\/comunicatistampa\/wp-json\/wp\/v2\/posts\/31080","targetHints":{"allow":["GET"]}}],"collection":[{"href":"https:\/\/www.article-marketing.eu\/comunicatistampa\/wp-json\/wp\/v2\/posts"}],"about":[{"href":"https:\/\/www.article-marketing.eu\/comunicatistampa\/wp-json\/wp\/v2\/types\/post"}],"author":[{"embeddable":true,"href":"https:\/\/www.article-marketing.eu\/comunicatistampa\/wp-json\/wp\/v2\/users\/62"}],"replies":[{"embeddable":true,"href":"https:\/\/www.article-marketing.eu\/comunicatistampa\/wp-json\/wp\/v2\/comments?post=31080"}],"version-history":[{"count":2,"href":"https:\/\/www.article-marketing.eu\/comunicatistampa\/wp-json\/wp\/v2\/posts\/31080\/revisions"}],"predecessor-version":[{"id":31101,"href":"https:\/\/www.article-marketing.eu\/comunicatistampa\/wp-json\/wp\/v2\/posts\/31080\/revisions\/31101"}],"wp:attachment":[{"href":"https:\/\/www.article-marketing.eu\/comunicatistampa\/wp-json\/wp\/v2\/media?parent=31080"}],"wp:term":[{"taxonomy":"category","embeddable":true,"href":"https:\/\/www.article-marketing.eu\/comunicatistampa\/wp-json\/wp\/v2\/categories?post=31080"},{"taxonomy":"post_tag","embeddable":true,"href":"https:\/\/www.article-marketing.eu\/comunicatistampa\/wp-json\/wp\/v2\/tags?post=31080"}],"curies":[{"name":"wp","href":"https:\/\/api.w.org\/{rel}","templated":true}]}}