{"id":31118,"date":"2024-08-25T02:08:51","date_gmt":"2024-08-25T00:08:51","guid":{"rendered":"https:\/\/www.article-marketing.eu\/comunicatistampa\/?p=31118"},"modified":"2024-08-25T02:08:51","modified_gmt":"2024-08-25T00:08:51","slug":"rc-auto-nelle-marche-19-in-sei-mesi","status":"publish","type":"post","link":"https:\/\/www.article-marketing.eu\/comunicatistampa\/rc-auto-nelle-marche-19-in-sei-mesi\/","title":{"rendered":"RC auto: nelle Marche +1,9% in sei mesi"},"content":{"rendered":"<p>A luglio 2024, secondo l\u2019Osservatorio RC auto <strong><a href=\"https:\/\/www.facile.it\/\">Facile.it<\/a><\/strong> &#8211; <strong>Assicurazione.it<\/strong> i premi medi per assicurare un\u2019auto nelle Marche sono <strong>aumentati dell\u2019 1,9% <\/strong>su base semestrale arrivando a <strong>588,14<\/strong> <strong>euro<\/strong>, vale a dire circa <strong>11 euro<\/strong> <strong>in pi\u00f9<\/strong> rispetto a gennaio 2024*.<\/p>\n<p>La buona notizia, per\u00f2, \u00e8 che da qualche mese il trend di aumenti \u00e8 <strong>rallentato<\/strong> e in alcune province marchigiane i valori <strong>hanno addirittura iniziato a scendere<\/strong> con <strong>riduzioni che arrivano a superare il 6%<\/strong>.<\/p>\n<p><em>\u00abSebbene il mutato contesto economico si faccia ancora sentire sui premi RC auto, dal mercato iniziano ad arrivare i primi segnali positivi legati al rallentamento dell\u2019inflazione e ad una stabilizzazione dei tassi di sinistrosit\u00e0<\/em><em>\u00bb, <\/em>spiega <strong>Andrea Ghizzoni, Managing Director assicurazioni di Facile.it <\/strong><strong>\u00ab<\/strong><em>Nonostante il contesto sia quindi caratterizzato dall\u2019incertezza, \u00e8 lecito attendersi una progressiva stabilizzazione dei premi.\u00bb.<\/em><\/p>\n<p><strong>I trend provinciali<\/strong><\/p>\n<p>Analizzando i dati su base territoriale e le variazioni nei prezzi degli ultimi sei mesi emerge un andamento piuttosto vario.<\/p>\n<p>Due province, \u00a0<strong>Macerata <\/strong>ed <strong>Ancona<\/strong>, hanno registrato aumenti (rispettivamente del <strong>7,7%<\/strong> e del <strong>5,6%<\/strong>) che hanno portato i premi medi di queste aree a <strong>598,66 euro <\/strong>e <strong>644,17 euro;\u00a0 <\/strong>tutte le altre chiudono il semestre con un lieto segno meno davanti alla percentuale di variazione: <strong>-3,3%<\/strong> per <strong>Fermo<\/strong>, <strong>-4,4%<\/strong> per <strong>Ascoli Piceno<\/strong> e addirittura <strong>-6,1%<\/strong> per la provincia di <strong>Pesaro e Urbino<\/strong>.<\/p>\n<p><strong>I valori assoluti<\/strong><\/p>\n<p>Analizzando i dati dell\u2019Osservatorio di Facile.it emerge che, a luglio 2024, la provincia marchigiana in cui l\u2019RC auto \u00e8 risultata essere pi\u00f9 costosa \u00e8 quella di <strong>Ancona<\/strong>, dove il premio medio \u00e8 arrivato a <strong>644,17 <\/strong>euro. Seguono le province di <strong>Macerata<\/strong> (598,66 euro), <strong>Fermo<\/strong> (552,27 euro) e <strong>Pesaro e Urbino <\/strong>(540,74 euro). Ascoli Piceno, con 491,26 euro \u00e8 invece la pi\u00f9 economica.<\/p>\n<p><em>*L\u2019Osservatorio auto di Facile.it calcola il premio di assicurazione RC auto medio e le sue variazioni negli ultimi 12 mesi. Per calcolare tali dati, Facile.it si \u00e8 avvalso di un campione di oltre 767.000 preventivi effettuati nelle Marche dai suoi utenti tra il 1 luglio 2023 e il 31 luglio 2024 e i relativi risultati di quotazione prodotti. Facile.it confronta le compagnie assicurative elencate a questa pagina: <a href=\"https:\/\/www.facile.it\/come-funziona.html#compagnie_confrontate\">https:\/\/www.facile.it\/come-funziona.html#compagnie_confrontate<\/a><\/em><\/p>\n<p><em>\u00a0<\/em><\/p>\n<p><em>\u00a0<\/em><\/p>\n","protected":false},"excerpt":{"rendered":"<p>A luglio 2024, secondo l\u2019Osservatorio RC auto Facile.it &#8211; Assicurazione.it i premi medi per assicurare un\u2019auto nelle Marche sono aumentati dell\u2019 1,9% su base semestrale arrivando a 588,14 euro, vale a dire circa 11 euro in pi\u00f9 rispetto a gennaio 2024*. La buona notizia, per\u00f2, \u00e8 che da qualche mese il trend di aumenti \u00e8 rallentato e in alcune province marchigiane i valori hanno addirittura iniziato a scendere con riduzioni<\/p>\n<p><a class=\"continue-reading\" href=\"https:\/\/www.article-marketing.eu\/comunicatistampa\/rc-auto-nelle-marche-19-in-sei-mesi\/\">Continue reading&#8230;<\/a><\/p>\n","protected":false},"author":62,"featured_media":0,"comment_status":"open","ping_status":"open","sticky":false,"template":"","format":"standard","meta":{"_monsterinsights_skip_tracking":false,"_monsterinsights_sitenote_active":false,"_monsterinsights_sitenote_note":"","_monsterinsights_sitenote_category":0,"footnotes":""},"categories":[386],"tags":[11152,11151,11154,3176,2148,555,11153,4758,3543,662],"class_list":["post-31118","post","type-post","status-publish","format-standard","hentry","category-economia-e-lavoro","tag-ancona","tag-ascoli","tag-ascoli-piceno","tag-assicurazione-auto","tag-assicurazione-it","tag-facile-it","tag-fermo","tag-macerata","tag-marche","tag-rc-auto"],"yoast_head":"<!-- This site is optimized with the Yoast SEO plugin v27.3 - https:\/\/yoast.com\/product\/yoast-seo-wordpress\/ -->\n<title>RC auto: nelle Marche +1,9% in sei mesi - Article Marketing<\/title>\n<meta name=\"robots\" content=\"index, follow, max-snippet:-1, max-image-preview:large, max-video-preview:-1\" \/>\n<link rel=\"canonical\" href=\"https:\/\/www.article-marketing.eu\/comunicatistampa\/rc-auto-nelle-marche-19-in-sei-mesi\/\" \/>\n<meta property=\"og:locale\" content=\"it_IT\" \/>\n<meta property=\"og:type\" content=\"article\" \/>\n<meta property=\"og:title\" content=\"RC auto: nelle Marche +1,9% in sei mesi - Article Marketing\" \/>\n<meta property=\"og:description\" content=\"A luglio 2024, secondo l\u2019Osservatorio RC auto Facile.it &#8211; Assicurazione.it i premi medi per assicurare un\u2019auto nelle Marche sono aumentati dell\u2019 1,9% su base semestrale arrivando a 588,14 euro, vale a dire circa 11 euro in pi\u00f9 rispetto a gennaio 2024*. La buona notizia, per\u00f2, \u00e8 che da qualche mese il trend di aumenti \u00e8 rallentato e in alcune province marchigiane i valori hanno addirittura iniziato a scendere con riduzioniContinue reading...\" \/>\n<meta property=\"og:url\" content=\"https:\/\/www.article-marketing.eu\/comunicatistampa\/rc-auto-nelle-marche-19-in-sei-mesi\/\" \/>\n<meta property=\"og:site_name\" content=\"Article Marketing\" \/>\n<meta property=\"article:published_time\" content=\"2024-08-25T00:08:51+00:00\" \/>\n<meta name=\"author\" content=\"Facile.it\" \/>\n<meta name=\"twitter:card\" content=\"summary_large_image\" \/>\n<meta name=\"twitter:label1\" content=\"Scritto da\" \/>\n\t<meta name=\"twitter:data1\" content=\"Facile.it\" \/>\n\t<meta name=\"twitter:label2\" content=\"Tempo di lettura stimato\" \/>\n\t<meta name=\"twitter:data2\" content=\"2 minuti\" \/>\n<script type=\"application\/ld+json\" class=\"yoast-schema-graph\">{\"@context\":\"https:\\\/\\\/schema.org\",\"@graph\":[{\"@type\":\"Article\",\"@id\":\"https:\\\/\\\/www.article-marketing.eu\\\/comunicatistampa\\\/rc-auto-nelle-marche-19-in-sei-mesi\\\/#article\",\"isPartOf\":{\"@id\":\"https:\\\/\\\/www.article-marketing.eu\\\/comunicatistampa\\\/rc-auto-nelle-marche-19-in-sei-mesi\\\/\"},\"author\":{\"name\":\"Facile.it\",\"@id\":\"https:\\\/\\\/www.article-marketing.eu\\\/comunicatistampa\\\/#\\\/schema\\\/person\\\/1deca6d9e0cf173abfe76a90ef261a2a\"},\"headline\":\"RC auto: nelle Marche +1,9% in sei mesi\",\"datePublished\":\"2024-08-25T00:08:51+00:00\",\"mainEntityOfPage\":{\"@id\":\"https:\\\/\\\/www.article-marketing.eu\\\/comunicatistampa\\\/rc-auto-nelle-marche-19-in-sei-mesi\\\/\"},\"wordCount\":349,\"commentCount\":0,\"keywords\":[\"ancona\",\"ascoli\",\"ascoli piceno\",\"assicurazione auto\",\"Assicurazione.it\",\"facile.it\",\"fermo\",\"Macerata\",\"Marche\",\"rc auto\"],\"articleSection\":[\"Economia e lavoro\"],\"inLanguage\":\"it-IT\",\"potentialAction\":[{\"@type\":\"CommentAction\",\"name\":\"Comment\",\"target\":[\"https:\\\/\\\/www.article-marketing.eu\\\/comunicatistampa\\\/rc-auto-nelle-marche-19-in-sei-mesi\\\/#respond\"]}]},{\"@type\":\"WebPage\",\"@id\":\"https:\\\/\\\/www.article-marketing.eu\\\/comunicatistampa\\\/rc-auto-nelle-marche-19-in-sei-mesi\\\/\",\"url\":\"https:\\\/\\\/www.article-marketing.eu\\\/comunicatistampa\\\/rc-auto-nelle-marche-19-in-sei-mesi\\\/\",\"name\":\"RC auto: nelle Marche +1,9% in sei mesi - Article Marketing\",\"isPartOf\":{\"@id\":\"https:\\\/\\\/www.article-marketing.eu\\\/comunicatistampa\\\/#website\"},\"datePublished\":\"2024-08-25T00:08:51+00:00\",\"author\":{\"@id\":\"https:\\\/\\\/www.article-marketing.eu\\\/comunicatistampa\\\/#\\\/schema\\\/person\\\/1deca6d9e0cf173abfe76a90ef261a2a\"},\"breadcrumb\":{\"@id\":\"https:\\\/\\\/www.article-marketing.eu\\\/comunicatistampa\\\/rc-auto-nelle-marche-19-in-sei-mesi\\\/#breadcrumb\"},\"inLanguage\":\"it-IT\",\"potentialAction\":[{\"@type\":\"ReadAction\",\"target\":[\"https:\\\/\\\/www.article-marketing.eu\\\/comunicatistampa\\\/rc-auto-nelle-marche-19-in-sei-mesi\\\/\"]}]},{\"@type\":\"BreadcrumbList\",\"@id\":\"https:\\\/\\\/www.article-marketing.eu\\\/comunicatistampa\\\/rc-auto-nelle-marche-19-in-sei-mesi\\\/#breadcrumb\",\"itemListElement\":[{\"@type\":\"ListItem\",\"position\":1,\"name\":\"Home\",\"item\":\"https:\\\/\\\/www.article-marketing.eu\\\/comunicatistampa\\\/\"},{\"@type\":\"ListItem\",\"position\":2,\"name\":\"RC auto: nelle Marche +1,9% in sei mesi\"}]},{\"@type\":\"WebSite\",\"@id\":\"https:\\\/\\\/www.article-marketing.eu\\\/comunicatistampa\\\/#website\",\"url\":\"https:\\\/\\\/www.article-marketing.eu\\\/comunicatistampa\\\/\",\"name\":\"Article Marketing\",\"description\":\"article marketing &amp; press release\",\"potentialAction\":[{\"@type\":\"SearchAction\",\"target\":{\"@type\":\"EntryPoint\",\"urlTemplate\":\"https:\\\/\\\/www.article-marketing.eu\\\/comunicatistampa\\\/?s={search_term_string}\"},\"query-input\":{\"@type\":\"PropertyValueSpecification\",\"valueRequired\":true,\"valueName\":\"search_term_string\"}}],\"inLanguage\":\"it-IT\"},{\"@type\":\"Person\",\"@id\":\"https:\\\/\\\/www.article-marketing.eu\\\/comunicatistampa\\\/#\\\/schema\\\/person\\\/1deca6d9e0cf173abfe76a90ef261a2a\",\"name\":\"Facile.it\",\"image\":{\"@type\":\"ImageObject\",\"inLanguage\":\"it-IT\",\"@id\":\"https:\\\/\\\/secure.gravatar.com\\\/avatar\\\/2623775dfcd174bde1a788a4bc028e9035747fa40886953f4954f56c45cf4b34?s=96&d=mm&r=g\",\"url\":\"https:\\\/\\\/secure.gravatar.com\\\/avatar\\\/2623775dfcd174bde1a788a4bc028e9035747fa40886953f4954f56c45cf4b34?s=96&d=mm&r=g\",\"contentUrl\":\"https:\\\/\\\/secure.gravatar.com\\\/avatar\\\/2623775dfcd174bde1a788a4bc028e9035747fa40886953f4954f56c45cf4b34?s=96&d=mm&r=g\",\"caption\":\"Facile.it\"},\"url\":\"https:\\\/\\\/www.article-marketing.eu\\\/comunicatistampa\\\/author\\\/facile-it\\\/\"}]}<\/script>\n<!-- \/ Yoast SEO plugin. -->","yoast_head_json":{"title":"RC auto: nelle Marche +1,9% in sei mesi - Article Marketing","robots":{"index":"index","follow":"follow","max-snippet":"max-snippet:-1","max-image-preview":"max-image-preview:large","max-video-preview":"max-video-preview:-1"},"canonical":"https:\/\/www.article-marketing.eu\/comunicatistampa\/rc-auto-nelle-marche-19-in-sei-mesi\/","og_locale":"it_IT","og_type":"article","og_title":"RC auto: nelle Marche +1,9% in sei mesi - Article Marketing","og_description":"A luglio 2024, secondo l\u2019Osservatorio RC auto Facile.it &#8211; Assicurazione.it i premi medi per assicurare un\u2019auto nelle Marche sono aumentati dell\u2019 1,9% su base semestrale arrivando a 588,14 euro, vale a dire circa 11 euro in pi\u00f9 rispetto a gennaio 2024*. La buona notizia, per\u00f2, \u00e8 che da qualche mese il trend di aumenti \u00e8 rallentato e in alcune province marchigiane i valori hanno addirittura iniziato a scendere con riduzioniContinue reading...","og_url":"https:\/\/www.article-marketing.eu\/comunicatistampa\/rc-auto-nelle-marche-19-in-sei-mesi\/","og_site_name":"Article Marketing","article_published_time":"2024-08-25T00:08:51+00:00","author":"Facile.it","twitter_card":"summary_large_image","twitter_misc":{"Scritto da":"Facile.it","Tempo di lettura stimato":"2 minuti"},"schema":{"@context":"https:\/\/schema.org","@graph":[{"@type":"Article","@id":"https:\/\/www.article-marketing.eu\/comunicatistampa\/rc-auto-nelle-marche-19-in-sei-mesi\/#article","isPartOf":{"@id":"https:\/\/www.article-marketing.eu\/comunicatistampa\/rc-auto-nelle-marche-19-in-sei-mesi\/"},"author":{"name":"Facile.it","@id":"https:\/\/www.article-marketing.eu\/comunicatistampa\/#\/schema\/person\/1deca6d9e0cf173abfe76a90ef261a2a"},"headline":"RC auto: nelle Marche +1,9% in sei mesi","datePublished":"2024-08-25T00:08:51+00:00","mainEntityOfPage":{"@id":"https:\/\/www.article-marketing.eu\/comunicatistampa\/rc-auto-nelle-marche-19-in-sei-mesi\/"},"wordCount":349,"commentCount":0,"keywords":["ancona","ascoli","ascoli piceno","assicurazione auto","Assicurazione.it","facile.it","fermo","Macerata","Marche","rc auto"],"articleSection":["Economia e lavoro"],"inLanguage":"it-IT","potentialAction":[{"@type":"CommentAction","name":"Comment","target":["https:\/\/www.article-marketing.eu\/comunicatistampa\/rc-auto-nelle-marche-19-in-sei-mesi\/#respond"]}]},{"@type":"WebPage","@id":"https:\/\/www.article-marketing.eu\/comunicatistampa\/rc-auto-nelle-marche-19-in-sei-mesi\/","url":"https:\/\/www.article-marketing.eu\/comunicatistampa\/rc-auto-nelle-marche-19-in-sei-mesi\/","name":"RC auto: nelle Marche +1,9% in sei mesi - Article Marketing","isPartOf":{"@id":"https:\/\/www.article-marketing.eu\/comunicatistampa\/#website"},"datePublished":"2024-08-25T00:08:51+00:00","author":{"@id":"https:\/\/www.article-marketing.eu\/comunicatistampa\/#\/schema\/person\/1deca6d9e0cf173abfe76a90ef261a2a"},"breadcrumb":{"@id":"https:\/\/www.article-marketing.eu\/comunicatistampa\/rc-auto-nelle-marche-19-in-sei-mesi\/#breadcrumb"},"inLanguage":"it-IT","potentialAction":[{"@type":"ReadAction","target":["https:\/\/www.article-marketing.eu\/comunicatistampa\/rc-auto-nelle-marche-19-in-sei-mesi\/"]}]},{"@type":"BreadcrumbList","@id":"https:\/\/www.article-marketing.eu\/comunicatistampa\/rc-auto-nelle-marche-19-in-sei-mesi\/#breadcrumb","itemListElement":[{"@type":"ListItem","position":1,"name":"Home","item":"https:\/\/www.article-marketing.eu\/comunicatistampa\/"},{"@type":"ListItem","position":2,"name":"RC auto: nelle Marche +1,9% in sei mesi"}]},{"@type":"WebSite","@id":"https:\/\/www.article-marketing.eu\/comunicatistampa\/#website","url":"https:\/\/www.article-marketing.eu\/comunicatistampa\/","name":"Article Marketing","description":"article marketing &amp; press release","potentialAction":[{"@type":"SearchAction","target":{"@type":"EntryPoint","urlTemplate":"https:\/\/www.article-marketing.eu\/comunicatistampa\/?s={search_term_string}"},"query-input":{"@type":"PropertyValueSpecification","valueRequired":true,"valueName":"search_term_string"}}],"inLanguage":"it-IT"},{"@type":"Person","@id":"https:\/\/www.article-marketing.eu\/comunicatistampa\/#\/schema\/person\/1deca6d9e0cf173abfe76a90ef261a2a","name":"Facile.it","image":{"@type":"ImageObject","inLanguage":"it-IT","@id":"https:\/\/secure.gravatar.com\/avatar\/2623775dfcd174bde1a788a4bc028e9035747fa40886953f4954f56c45cf4b34?s=96&d=mm&r=g","url":"https:\/\/secure.gravatar.com\/avatar\/2623775dfcd174bde1a788a4bc028e9035747fa40886953f4954f56c45cf4b34?s=96&d=mm&r=g","contentUrl":"https:\/\/secure.gravatar.com\/avatar\/2623775dfcd174bde1a788a4bc028e9035747fa40886953f4954f56c45cf4b34?s=96&d=mm&r=g","caption":"Facile.it"},"url":"https:\/\/www.article-marketing.eu\/comunicatistampa\/author\/facile-it\/"}]}},"_links":{"self":[{"href":"https:\/\/www.article-marketing.eu\/comunicatistampa\/wp-json\/wp\/v2\/posts\/31118","targetHints":{"allow":["GET"]}}],"collection":[{"href":"https:\/\/www.article-marketing.eu\/comunicatistampa\/wp-json\/wp\/v2\/posts"}],"about":[{"href":"https:\/\/www.article-marketing.eu\/comunicatistampa\/wp-json\/wp\/v2\/types\/post"}],"author":[{"embeddable":true,"href":"https:\/\/www.article-marketing.eu\/comunicatistampa\/wp-json\/wp\/v2\/users\/62"}],"replies":[{"embeddable":true,"href":"https:\/\/www.article-marketing.eu\/comunicatistampa\/wp-json\/wp\/v2\/comments?post=31118"}],"version-history":[{"count":2,"href":"https:\/\/www.article-marketing.eu\/comunicatistampa\/wp-json\/wp\/v2\/posts\/31118\/revisions"}],"predecessor-version":[{"id":31120,"href":"https:\/\/www.article-marketing.eu\/comunicatistampa\/wp-json\/wp\/v2\/posts\/31118\/revisions\/31120"}],"wp:attachment":[{"href":"https:\/\/www.article-marketing.eu\/comunicatistampa\/wp-json\/wp\/v2\/media?parent=31118"}],"wp:term":[{"taxonomy":"category","embeddable":true,"href":"https:\/\/www.article-marketing.eu\/comunicatistampa\/wp-json\/wp\/v2\/categories?post=31118"},{"taxonomy":"post_tag","embeddable":true,"href":"https:\/\/www.article-marketing.eu\/comunicatistampa\/wp-json\/wp\/v2\/tags?post=31118"}],"curies":[{"name":"wp","href":"https:\/\/api.w.org\/{rel}","templated":true}]}}