{"id":31122,"date":"2024-09-03T11:00:33","date_gmt":"2024-09-03T09:00:33","guid":{"rendered":"https:\/\/www.article-marketing.eu\/comunicatistampa\/?p=31122"},"modified":"2024-09-03T11:00:33","modified_gmt":"2024-09-03T09:00:33","slug":"rc-auto-arrivano-i-primi-cali-in-calabria-62-nel-semestre","status":"publish","type":"post","link":"https:\/\/www.article-marketing.eu\/comunicatistampa\/rc-auto-arrivano-i-primi-cali-in-calabria-62-nel-semestre\/","title":{"rendered":"RC auto, arrivano i primi cali: in Calabria -6,2% nel semestre"},"content":{"rendered":"<p>A luglio 2024, secondo l\u2019Osservatorio RC auto <a href=\"https:\/\/www.facile.it\/\"><strong>Facile.it<\/strong><\/a> &#8211; <strong>Assicurazione.it<\/strong> i premi medi per assicurare un\u2019auto in Calabria sono <strong>diminuiti del 6,22% <\/strong>su base semestrale arrivando a <strong>650,29 euro<\/strong>, vale a dire circa <strong>43 euro<\/strong> <strong>in meno<\/strong> rispetto a gennaio 2024*. Nel resto d\u2019Italia, nel medesimo periodo, i premi sono cresciuti del 2,8%.<\/p>\n<p><strong>\u00a0<\/strong>La buona notizia \u00e8 che il trend di ribassi \u00e8 <strong>confermato ovunque<\/strong> a livello regionale, ed in alcune province le riduzioni sono vicine alla doppia cifra percentuale.<\/p>\n<p><em>\u00abSebbene il mutato contesto economico si faccia ancora sentire sui premi RC auto, dal mercato iniziano ad arrivare i primi segnali positivi legati al rallentamento dell\u2019inflazione e ad una stabilizzazione dei tassi di sinistrosit\u00e0<\/em><em>\u00bb, <\/em>spiega <strong>Andrea Ghizzoni, Managing Director assicurazioni di Facile.it <\/strong><strong>\u00ab<\/strong><em>Nonostante il contesto sia quindi caratterizzato dall\u2019incertezza, \u00e8 lecito attendersi una progressiva stabilizzazione dei premi.\u00bb.<\/em><\/p>\n<p><strong>I dati provinciali<\/strong><\/p>\n<p>Analizzando i numeri su base territoriale emerge che a luglio 2024 i premi sono sostanzialmente scesi in tutta la regione, seppur con importanti differenze tra una provincia e l\u2019altra.<\/p>\n<p>La riduzione semestrale pi\u00f9 consistente \u00e8 stata rilevata in provincia di <strong>Catanzaro<\/strong>, dove il premio medio nei sei mesi \u00e8 sceso del <strong>9,3%.<\/strong> Al secondo posto si posiziona la provincia di <strong>Reggio Calabria<\/strong> (-<strong>7,7<\/strong>%), seguita da quella di <strong>Cosenza<\/strong> (-<strong>6,9%<\/strong>). Ai piedi del podio per pochi decimali <strong>Crotone<\/strong> <strong>(-<\/strong><strong>6,4%<\/strong>) mentre<strong> Vibo Valentia<\/strong> registra una flessione minima, ma comunque ottima come segnale complessivo (<strong>-0,6%<\/strong>).<\/p>\n<p><strong>I valori assoluti<\/strong><\/p>\n<p>Analizzando i dati dell\u2019Osservatorio di Facile.it emerge che, a luglio 2024, la provincia calabrese in cui l\u2019RC auto \u00e8 risultata essere pi\u00f9 costosa \u00e8 quella di <strong>Crotone<\/strong>, dove il premio medio \u00e8 arrivato a 872,86 euro. Seguono le province di <strong>Vibo Valentia<\/strong> (743,44 euro) e <strong>Reggio Calabria<\/strong> (657,00 euro). Le aree dove, invece, i premi medi sono risultati pi\u00f9 contenuti sono quelle di <strong>Catanzaro<\/strong> (565,24 euro), e <strong>Cosenza<\/strong> (589,32 euro).<\/p>\n<p><em>*L\u2019Osservatorio auto di Facile.it calcola il premio di assicurazione RC auto medio e le sue variazioni negli ultimi 12 mesi. Per calcolare tali dati, Facile.it si \u00e8 avvalso di un campione oltre un milione di preventivi effettuati in Calabria dai suoi utenti tra il 1 luglio 2023 e il 31 luglio 2024 e i relativi risultati di quotazione prodotti. Facile.it confronta le compagnie assicurative elencate a questa pagina: <a href=\"https:\/\/www.facile.it\/come-funziona.html#compagnie_confrontate\">https:\/\/www.facile.it\/come-funziona.html#compagnie_confrontate<\/a><\/em><\/p>\n<p>&nbsp;<\/p>\n","protected":false},"excerpt":{"rendered":"<p>A luglio 2024, secondo l\u2019Osservatorio RC auto Facile.it &#8211; Assicurazione.it i premi medi per assicurare un\u2019auto in Calabria sono diminuiti del 6,22% su base semestrale arrivando a 650,29 euro, vale a dire circa 43 euro in meno rispetto a gennaio 2024*. Nel resto d\u2019Italia, nel medesimo periodo, i premi sono cresciuti del 2,8%. \u00a0La buona notizia \u00e8 che il trend di ribassi \u00e8 confermato ovunque a livello regionale, ed in<\/p>\n<p><a class=\"continue-reading\" href=\"https:\/\/www.article-marketing.eu\/comunicatistampa\/rc-auto-arrivano-i-primi-cali-in-calabria-62-nel-semestre\/\">Continue reading&#8230;<\/a><\/p>\n","protected":false},"author":62,"featured_media":0,"comment_status":"open","ping_status":"open","sticky":false,"template":"","format":"standard","meta":{"_monsterinsights_skip_tracking":false,"_monsterinsights_sitenote_active":false,"_monsterinsights_sitenote_note":"","_monsterinsights_sitenote_category":0,"footnotes":""},"categories":[78],"tags":[],"class_list":["post-31122","post","type-post","status-publish","format-standard","hentry","category-comunicati-stampa"],"yoast_head":"<!-- This site is optimized with the Yoast SEO plugin v27.3 - https:\/\/yoast.com\/product\/yoast-seo-wordpress\/ -->\n<title>RC auto, arrivano i primi cali: in Calabria -6,2% nel semestre - Article Marketing<\/title>\n<meta name=\"robots\" content=\"index, follow, max-snippet:-1, max-image-preview:large, max-video-preview:-1\" \/>\n<link rel=\"canonical\" href=\"https:\/\/www.article-marketing.eu\/comunicatistampa\/rc-auto-arrivano-i-primi-cali-in-calabria-62-nel-semestre\/\" \/>\n<meta property=\"og:locale\" content=\"it_IT\" \/>\n<meta property=\"og:type\" content=\"article\" \/>\n<meta property=\"og:title\" content=\"RC auto, arrivano i primi cali: in Calabria -6,2% nel semestre - Article Marketing\" \/>\n<meta property=\"og:description\" content=\"A luglio 2024, secondo l\u2019Osservatorio RC auto Facile.it &#8211; Assicurazione.it i premi medi per assicurare un\u2019auto in Calabria sono diminuiti del 6,22% su base semestrale arrivando a 650,29 euro, vale a dire circa 43 euro in meno rispetto a gennaio 2024*. Nel resto d\u2019Italia, nel medesimo periodo, i premi sono cresciuti del 2,8%. \u00a0La buona notizia \u00e8 che il trend di ribassi \u00e8 confermato ovunque a livello regionale, ed inContinue reading...\" \/>\n<meta property=\"og:url\" content=\"https:\/\/www.article-marketing.eu\/comunicatistampa\/rc-auto-arrivano-i-primi-cali-in-calabria-62-nel-semestre\/\" \/>\n<meta property=\"og:site_name\" content=\"Article Marketing\" \/>\n<meta property=\"article:published_time\" content=\"2024-09-03T09:00:33+00:00\" \/>\n<meta name=\"author\" content=\"Facile.it\" \/>\n<meta name=\"twitter:card\" content=\"summary_large_image\" \/>\n<meta name=\"twitter:label1\" content=\"Scritto da\" \/>\n\t<meta name=\"twitter:data1\" content=\"Facile.it\" \/>\n\t<meta name=\"twitter:label2\" content=\"Tempo di lettura stimato\" \/>\n\t<meta name=\"twitter:data2\" content=\"2 minuti\" \/>\n<script type=\"application\/ld+json\" class=\"yoast-schema-graph\">{\"@context\":\"https:\\\/\\\/schema.org\",\"@graph\":[{\"@type\":\"Article\",\"@id\":\"https:\\\/\\\/www.article-marketing.eu\\\/comunicatistampa\\\/rc-auto-arrivano-i-primi-cali-in-calabria-62-nel-semestre\\\/#article\",\"isPartOf\":{\"@id\":\"https:\\\/\\\/www.article-marketing.eu\\\/comunicatistampa\\\/rc-auto-arrivano-i-primi-cali-in-calabria-62-nel-semestre\\\/\"},\"author\":{\"name\":\"Facile.it\",\"@id\":\"https:\\\/\\\/www.article-marketing.eu\\\/comunicatistampa\\\/#\\\/schema\\\/person\\\/1deca6d9e0cf173abfe76a90ef261a2a\"},\"headline\":\"RC auto, arrivano i primi cali: in Calabria -6,2% nel semestre\",\"datePublished\":\"2024-09-03T09:00:33+00:00\",\"mainEntityOfPage\":{\"@id\":\"https:\\\/\\\/www.article-marketing.eu\\\/comunicatistampa\\\/rc-auto-arrivano-i-primi-cali-in-calabria-62-nel-semestre\\\/\"},\"wordCount\":381,\"commentCount\":0,\"articleSection\":[\"Comunicati stampa\"],\"inLanguage\":\"it-IT\",\"potentialAction\":[{\"@type\":\"CommentAction\",\"name\":\"Comment\",\"target\":[\"https:\\\/\\\/www.article-marketing.eu\\\/comunicatistampa\\\/rc-auto-arrivano-i-primi-cali-in-calabria-62-nel-semestre\\\/#respond\"]}]},{\"@type\":\"WebPage\",\"@id\":\"https:\\\/\\\/www.article-marketing.eu\\\/comunicatistampa\\\/rc-auto-arrivano-i-primi-cali-in-calabria-62-nel-semestre\\\/\",\"url\":\"https:\\\/\\\/www.article-marketing.eu\\\/comunicatistampa\\\/rc-auto-arrivano-i-primi-cali-in-calabria-62-nel-semestre\\\/\",\"name\":\"RC auto, arrivano i primi cali: in Calabria -6,2% nel semestre - Article Marketing\",\"isPartOf\":{\"@id\":\"https:\\\/\\\/www.article-marketing.eu\\\/comunicatistampa\\\/#website\"},\"datePublished\":\"2024-09-03T09:00:33+00:00\",\"author\":{\"@id\":\"https:\\\/\\\/www.article-marketing.eu\\\/comunicatistampa\\\/#\\\/schema\\\/person\\\/1deca6d9e0cf173abfe76a90ef261a2a\"},\"breadcrumb\":{\"@id\":\"https:\\\/\\\/www.article-marketing.eu\\\/comunicatistampa\\\/rc-auto-arrivano-i-primi-cali-in-calabria-62-nel-semestre\\\/#breadcrumb\"},\"inLanguage\":\"it-IT\",\"potentialAction\":[{\"@type\":\"ReadAction\",\"target\":[\"https:\\\/\\\/www.article-marketing.eu\\\/comunicatistampa\\\/rc-auto-arrivano-i-primi-cali-in-calabria-62-nel-semestre\\\/\"]}]},{\"@type\":\"BreadcrumbList\",\"@id\":\"https:\\\/\\\/www.article-marketing.eu\\\/comunicatistampa\\\/rc-auto-arrivano-i-primi-cali-in-calabria-62-nel-semestre\\\/#breadcrumb\",\"itemListElement\":[{\"@type\":\"ListItem\",\"position\":1,\"name\":\"Home\",\"item\":\"https:\\\/\\\/www.article-marketing.eu\\\/comunicatistampa\\\/\"},{\"@type\":\"ListItem\",\"position\":2,\"name\":\"RC auto, arrivano i primi cali: in Calabria -6,2% nel semestre\"}]},{\"@type\":\"WebSite\",\"@id\":\"https:\\\/\\\/www.article-marketing.eu\\\/comunicatistampa\\\/#website\",\"url\":\"https:\\\/\\\/www.article-marketing.eu\\\/comunicatistampa\\\/\",\"name\":\"Article Marketing\",\"description\":\"article marketing &amp; press release\",\"potentialAction\":[{\"@type\":\"SearchAction\",\"target\":{\"@type\":\"EntryPoint\",\"urlTemplate\":\"https:\\\/\\\/www.article-marketing.eu\\\/comunicatistampa\\\/?s={search_term_string}\"},\"query-input\":{\"@type\":\"PropertyValueSpecification\",\"valueRequired\":true,\"valueName\":\"search_term_string\"}}],\"inLanguage\":\"it-IT\"},{\"@type\":\"Person\",\"@id\":\"https:\\\/\\\/www.article-marketing.eu\\\/comunicatistampa\\\/#\\\/schema\\\/person\\\/1deca6d9e0cf173abfe76a90ef261a2a\",\"name\":\"Facile.it\",\"image\":{\"@type\":\"ImageObject\",\"inLanguage\":\"it-IT\",\"@id\":\"https:\\\/\\\/secure.gravatar.com\\\/avatar\\\/2623775dfcd174bde1a788a4bc028e9035747fa40886953f4954f56c45cf4b34?s=96&d=mm&r=g\",\"url\":\"https:\\\/\\\/secure.gravatar.com\\\/avatar\\\/2623775dfcd174bde1a788a4bc028e9035747fa40886953f4954f56c45cf4b34?s=96&d=mm&r=g\",\"contentUrl\":\"https:\\\/\\\/secure.gravatar.com\\\/avatar\\\/2623775dfcd174bde1a788a4bc028e9035747fa40886953f4954f56c45cf4b34?s=96&d=mm&r=g\",\"caption\":\"Facile.it\"},\"url\":\"https:\\\/\\\/www.article-marketing.eu\\\/comunicatistampa\\\/author\\\/facile-it\\\/\"}]}<\/script>\n<!-- \/ Yoast SEO plugin. -->","yoast_head_json":{"title":"RC auto, arrivano i primi cali: in Calabria -6,2% nel semestre - Article Marketing","robots":{"index":"index","follow":"follow","max-snippet":"max-snippet:-1","max-image-preview":"max-image-preview:large","max-video-preview":"max-video-preview:-1"},"canonical":"https:\/\/www.article-marketing.eu\/comunicatistampa\/rc-auto-arrivano-i-primi-cali-in-calabria-62-nel-semestre\/","og_locale":"it_IT","og_type":"article","og_title":"RC auto, arrivano i primi cali: in Calabria -6,2% nel semestre - Article Marketing","og_description":"A luglio 2024, secondo l\u2019Osservatorio RC auto Facile.it &#8211; Assicurazione.it i premi medi per assicurare un\u2019auto in Calabria sono diminuiti del 6,22% su base semestrale arrivando a 650,29 euro, vale a dire circa 43 euro in meno rispetto a gennaio 2024*. Nel resto d\u2019Italia, nel medesimo periodo, i premi sono cresciuti del 2,8%. \u00a0La buona notizia \u00e8 che il trend di ribassi \u00e8 confermato ovunque a livello regionale, ed inContinue reading...","og_url":"https:\/\/www.article-marketing.eu\/comunicatistampa\/rc-auto-arrivano-i-primi-cali-in-calabria-62-nel-semestre\/","og_site_name":"Article Marketing","article_published_time":"2024-09-03T09:00:33+00:00","author":"Facile.it","twitter_card":"summary_large_image","twitter_misc":{"Scritto da":"Facile.it","Tempo di lettura stimato":"2 minuti"},"schema":{"@context":"https:\/\/schema.org","@graph":[{"@type":"Article","@id":"https:\/\/www.article-marketing.eu\/comunicatistampa\/rc-auto-arrivano-i-primi-cali-in-calabria-62-nel-semestre\/#article","isPartOf":{"@id":"https:\/\/www.article-marketing.eu\/comunicatistampa\/rc-auto-arrivano-i-primi-cali-in-calabria-62-nel-semestre\/"},"author":{"name":"Facile.it","@id":"https:\/\/www.article-marketing.eu\/comunicatistampa\/#\/schema\/person\/1deca6d9e0cf173abfe76a90ef261a2a"},"headline":"RC auto, arrivano i primi cali: in Calabria -6,2% nel semestre","datePublished":"2024-09-03T09:00:33+00:00","mainEntityOfPage":{"@id":"https:\/\/www.article-marketing.eu\/comunicatistampa\/rc-auto-arrivano-i-primi-cali-in-calabria-62-nel-semestre\/"},"wordCount":381,"commentCount":0,"articleSection":["Comunicati stampa"],"inLanguage":"it-IT","potentialAction":[{"@type":"CommentAction","name":"Comment","target":["https:\/\/www.article-marketing.eu\/comunicatistampa\/rc-auto-arrivano-i-primi-cali-in-calabria-62-nel-semestre\/#respond"]}]},{"@type":"WebPage","@id":"https:\/\/www.article-marketing.eu\/comunicatistampa\/rc-auto-arrivano-i-primi-cali-in-calabria-62-nel-semestre\/","url":"https:\/\/www.article-marketing.eu\/comunicatistampa\/rc-auto-arrivano-i-primi-cali-in-calabria-62-nel-semestre\/","name":"RC auto, arrivano i primi cali: in Calabria -6,2% nel semestre - Article Marketing","isPartOf":{"@id":"https:\/\/www.article-marketing.eu\/comunicatistampa\/#website"},"datePublished":"2024-09-03T09:00:33+00:00","author":{"@id":"https:\/\/www.article-marketing.eu\/comunicatistampa\/#\/schema\/person\/1deca6d9e0cf173abfe76a90ef261a2a"},"breadcrumb":{"@id":"https:\/\/www.article-marketing.eu\/comunicatistampa\/rc-auto-arrivano-i-primi-cali-in-calabria-62-nel-semestre\/#breadcrumb"},"inLanguage":"it-IT","potentialAction":[{"@type":"ReadAction","target":["https:\/\/www.article-marketing.eu\/comunicatistampa\/rc-auto-arrivano-i-primi-cali-in-calabria-62-nel-semestre\/"]}]},{"@type":"BreadcrumbList","@id":"https:\/\/www.article-marketing.eu\/comunicatistampa\/rc-auto-arrivano-i-primi-cali-in-calabria-62-nel-semestre\/#breadcrumb","itemListElement":[{"@type":"ListItem","position":1,"name":"Home","item":"https:\/\/www.article-marketing.eu\/comunicatistampa\/"},{"@type":"ListItem","position":2,"name":"RC auto, arrivano i primi cali: in Calabria -6,2% nel semestre"}]},{"@type":"WebSite","@id":"https:\/\/www.article-marketing.eu\/comunicatistampa\/#website","url":"https:\/\/www.article-marketing.eu\/comunicatistampa\/","name":"Article Marketing","description":"article marketing &amp; press release","potentialAction":[{"@type":"SearchAction","target":{"@type":"EntryPoint","urlTemplate":"https:\/\/www.article-marketing.eu\/comunicatistampa\/?s={search_term_string}"},"query-input":{"@type":"PropertyValueSpecification","valueRequired":true,"valueName":"search_term_string"}}],"inLanguage":"it-IT"},{"@type":"Person","@id":"https:\/\/www.article-marketing.eu\/comunicatistampa\/#\/schema\/person\/1deca6d9e0cf173abfe76a90ef261a2a","name":"Facile.it","image":{"@type":"ImageObject","inLanguage":"it-IT","@id":"https:\/\/secure.gravatar.com\/avatar\/2623775dfcd174bde1a788a4bc028e9035747fa40886953f4954f56c45cf4b34?s=96&d=mm&r=g","url":"https:\/\/secure.gravatar.com\/avatar\/2623775dfcd174bde1a788a4bc028e9035747fa40886953f4954f56c45cf4b34?s=96&d=mm&r=g","contentUrl":"https:\/\/secure.gravatar.com\/avatar\/2623775dfcd174bde1a788a4bc028e9035747fa40886953f4954f56c45cf4b34?s=96&d=mm&r=g","caption":"Facile.it"},"url":"https:\/\/www.article-marketing.eu\/comunicatistampa\/author\/facile-it\/"}]}},"_links":{"self":[{"href":"https:\/\/www.article-marketing.eu\/comunicatistampa\/wp-json\/wp\/v2\/posts\/31122","targetHints":{"allow":["GET"]}}],"collection":[{"href":"https:\/\/www.article-marketing.eu\/comunicatistampa\/wp-json\/wp\/v2\/posts"}],"about":[{"href":"https:\/\/www.article-marketing.eu\/comunicatistampa\/wp-json\/wp\/v2\/types\/post"}],"author":[{"embeddable":true,"href":"https:\/\/www.article-marketing.eu\/comunicatistampa\/wp-json\/wp\/v2\/users\/62"}],"replies":[{"embeddable":true,"href":"https:\/\/www.article-marketing.eu\/comunicatistampa\/wp-json\/wp\/v2\/comments?post=31122"}],"version-history":[{"count":2,"href":"https:\/\/www.article-marketing.eu\/comunicatistampa\/wp-json\/wp\/v2\/posts\/31122\/revisions"}],"predecessor-version":[{"id":31193,"href":"https:\/\/www.article-marketing.eu\/comunicatistampa\/wp-json\/wp\/v2\/posts\/31122\/revisions\/31193"}],"wp:attachment":[{"href":"https:\/\/www.article-marketing.eu\/comunicatistampa\/wp-json\/wp\/v2\/media?parent=31122"}],"wp:term":[{"taxonomy":"category","embeddable":true,"href":"https:\/\/www.article-marketing.eu\/comunicatistampa\/wp-json\/wp\/v2\/categories?post=31122"},{"taxonomy":"post_tag","embeddable":true,"href":"https:\/\/www.article-marketing.eu\/comunicatistampa\/wp-json\/wp\/v2\/tags?post=31122"}],"curies":[{"name":"wp","href":"https:\/\/api.w.org\/{rel}","templated":true}]}}