{"id":31152,"date":"2024-09-03T11:01:20","date_gmt":"2024-09-03T09:01:20","guid":{"rendered":"https:\/\/www.article-marketing.eu\/comunicatistampa\/?p=31152"},"modified":"2024-09-03T11:01:20","modified_gmt":"2024-09-03T09:01:20","slug":"banca-generali-lad-gian-maria-mossa-commenta-i-numeri-della-raccolta-di-luglio","status":"publish","type":"post","link":"https:\/\/www.article-marketing.eu\/comunicatistampa\/banca-generali-lad-gian-maria-mossa-commenta-i-numeri-della-raccolta-di-luglio\/","title":{"rendered":"Banca Generali: l\u2019AD Gian Maria Mossa commenta i numeri della raccolta di luglio"},"content":{"rendered":"<p><em><strong><a title=\"Gian Maria Mossa: la biografia professionale dell'AD di Banca Generali\" href=\"https:\/\/h2biz.net\/Manager\/gian-maria-mossa-12582\">Gian Maria Mossa<\/a>: la raccolta di luglio\u00a0di Banca Generali ha evidenziato un\u2019ulteriore conferma del miglioramento in atto da qualche mese della composizione di prodotto, con un deciso incremento delle\u00a0soluzioni gestite quadruplicate\u00a0rispetto al luglio 2023 a\u00a0254 milioni\u00a0(1,1 miliardi da inizio anno,\u00a0+52% a\/a).<\/strong><\/em><\/p>\n<p><a title=\"Il profilo professionale di Gian Maria Mossa\" href=\"https:\/\/h2biz.net\/Manager\/gian-maria-mossa-12582\"><img loading=\"lazy\" decoding=\"async\" src=\"https:\/\/h2biz.net\/images\/Plats\/crop_min_20230314064355.jpg\" alt=\"Gian Maria Mossa\" width=\"200\" height=\"200\" \/><\/a><\/p>\n<h2>Gian Maria Mossa: Banca Generali, raccolta netta e soluzioni gestite in crescita anche a luglio<\/h2>\n<p>L\u2019AD <strong>Gian Maria Mossa<\/strong>, in merito ai numeri della raccolta di luglio presentati da Banca Generali, ha sottolineato come sia stato \u201c<em>un altro mese solido nella consistenza dei flussi e con crescente qualit\u00e0 nel mix, a conferma dell\u2019esaustivit\u00e0 della gamma di soluzioni di investimento e attenzione dei nostri banker ad un\u2019accurata diversificazione\u201d. <\/em>L\u2019Istituto guidato da <strong>Gian Maria Mossa<\/strong> ha realizzato a luglio una raccolta netta di\u00a0408 milioni\u00a0di euro, portando il valore da inizio anno a 4 miliardi (+9% a\/a): il dato tiene conto delle\u00a0uscite per scadenze fiscali pari a 226\u00a0milioni nel mese (+27% a\/a), in netto aumento rispetto al luglio dello scorso anno. Numeri che evidenziano il miglioramento in atto da diversi mesi della composizione di prodotto, con un considerevole incremento delle\u00a0soluzioni gestite quadruplicate\u00a0rispetto al luglio 2023 a\u00a0254 milioni\u00a0di euro (1,1 miliardi da inizio anno,\u00a0+52% a\/a). Il mese ha visto inoltre il ritorno in positivo della raccolta assicurativa con 34 milioni di euro supportati in particolare dalla domanda di contenitori assicurativi: rispetto al miliardo di deflussi del 2023, Banca Generali nel 2024 annovera un attivo di 81 milioni.<\/p>\n<h2>Banca Generali: il valore della performance di luglio nelle parole dell\u2019AD Gian Maria Mossa<\/h2>\n<p>L\u2019innovazione nella rosa delle nostre gestioni presentata pochi mesi fa, ha commentato l\u2019AD <a title=\"Gian Maria Mossa: il profilo professionale del manager\" href=\"https:\/\/h2biz.net\/Manager\/gian-maria-mossa-12582\"><strong>Gian Maria Mossa<\/strong><\/a>, \u201c<em>sta trovando sempre pi\u00f9 riscontro come si evince dall\u2019accelerazione nei fondi di casa<\/em>\u201d. Per quanto i contenitori finanziari\u00a0 si confermino ancora una volta la soluzione pi\u00f9 richiesta con 197 milioni nel mese\u00a0(914 milioni da inizio anno, +154% a\/a), il risultato dei\u00a0fondi di casa\u00a0si mantiene positivo anche a luglio con 69 milioni\u00a0di nuova raccolta\u00a0nel mese (499 milioni da inizio anno, +30% a\/a) in controtendenza rispetto ai fondi di terzi. Da inizio anno complessivamente i\u00a0prodotti di casa\u00a0hanno raccolto<strong>\u00a0<\/strong>1,4 miliardi di euro\u00a0(+90% a\/a), a conferma di quanto rimarcato dall\u2019AD di Banca Generali. L\u2019incertezza sul quadro economico e monetario delle ultime settimane, ha spiegato <strong>Gian Maria Mossa<\/strong>, si riflette<em> \u201cin una rinnovata volatilit\u00e0 sui mercati cui stiamo rispondendo al meglio assicurando ancora pi\u00f9 vicinanza alle famiglie e alle imprese che seguiamo nelle scelte strategiche pi\u00f9 rilevanti<\/em>\u201d. La forza della domanda e l\u2019attenzione \u201c<em>che ci arriva da molti consulenti d\u2019esperienza<\/em>\u201d portano Banca Generali a <em>\u201cguardare con fiducia ai prossimi\u00a0mesi dove contiamo di raggiungere gli ambiziosi traguardi prefissati<\/em>\u201d.<\/p>\n","protected":false},"excerpt":{"rendered":"<p>Gian Maria Mossa: la raccolta di luglio\u00a0di Banca Generali ha evidenziato un\u2019ulteriore conferma del miglioramento in atto da qualche mese della composizione di prodotto, con un deciso incremento delle\u00a0soluzioni gestite quadruplicate\u00a0rispetto al luglio 2023 a\u00a0254 milioni\u00a0(1,1 miliardi da inizio anno,\u00a0+52% a\/a). Gian Maria Mossa: Banca Generali, raccolta netta e soluzioni gestite in crescita anche a luglio L\u2019AD Gian Maria Mossa, in merito ai numeri della raccolta di luglio presentati da<\/p>\n<p><a class=\"continue-reading\" href=\"https:\/\/www.article-marketing.eu\/comunicatistampa\/banca-generali-lad-gian-maria-mossa-commenta-i-numeri-della-raccolta-di-luglio\/\">Continue reading&#8230;<\/a><\/p>\n","protected":false},"author":7095,"featured_media":0,"comment_status":"open","ping_status":"open","sticky":false,"template":"","format":"standard","meta":{"_monsterinsights_skip_tracking":false,"_monsterinsights_sitenote_active":false,"_monsterinsights_sitenote_note":"","_monsterinsights_sitenote_category":0,"footnotes":""},"categories":[386],"tags":[10551],"class_list":["post-31152","post","type-post","status-publish","format-standard","hentry","category-economia-e-lavoro","tag-gian-maria-mossa"],"yoast_head":"<!-- This site is optimized with the Yoast SEO plugin v27.3 - https:\/\/yoast.com\/product\/yoast-seo-wordpress\/ -->\n<title>Banca Generali: l\u2019AD Gian Maria Mossa commenta i numeri della raccolta di luglio<\/title>\n<meta name=\"description\" content=\"Gian Maria Mossa: il luglio di Banca Generali \u201cun altro mese solido nella consistenza dei flussi e con crescente qualit\u00e0 nel mix&quot;\" \/>\n<meta name=\"robots\" content=\"index, follow, max-snippet:-1, max-image-preview:large, max-video-preview:-1\" \/>\n<link rel=\"canonical\" href=\"https:\/\/www.article-marketing.eu\/comunicatistampa\/banca-generali-lad-gian-maria-mossa-commenta-i-numeri-della-raccolta-di-luglio\/\" \/>\n<meta property=\"og:locale\" content=\"it_IT\" \/>\n<meta property=\"og:type\" content=\"article\" \/>\n<meta property=\"og:title\" content=\"Banca Generali: l\u2019AD Gian Maria Mossa commenta i numeri della raccolta di luglio\" \/>\n<meta property=\"og:description\" content=\"Gian Maria Mossa: il luglio di Banca Generali \u201cun altro mese solido nella consistenza dei flussi e con crescente qualit\u00e0 nel mix&quot;\" \/>\n<meta property=\"og:url\" content=\"https:\/\/www.article-marketing.eu\/comunicatistampa\/banca-generali-lad-gian-maria-mossa-commenta-i-numeri-della-raccolta-di-luglio\/\" \/>\n<meta property=\"og:site_name\" content=\"Article Marketing\" \/>\n<meta property=\"article:published_time\" content=\"2024-09-03T09:01:20+00:00\" \/>\n<meta property=\"og:image\" content=\"https:\/\/h2biz.net\/images\/Plats\/crop_min_20230314064355.jpg\" \/>\n<meta name=\"author\" content=\"bgmediapress\" \/>\n<meta name=\"twitter:card\" content=\"summary_large_image\" \/>\n<meta name=\"twitter:label1\" content=\"Scritto da\" \/>\n\t<meta name=\"twitter:data1\" content=\"bgmediapress\" \/>\n\t<meta name=\"twitter:label2\" content=\"Tempo di lettura stimato\" \/>\n\t<meta name=\"twitter:data2\" content=\"3 minuti\" \/>\n<script type=\"application\/ld+json\" class=\"yoast-schema-graph\">{\"@context\":\"https:\\\/\\\/schema.org\",\"@graph\":[{\"@type\":\"Article\",\"@id\":\"https:\\\/\\\/www.article-marketing.eu\\\/comunicatistampa\\\/banca-generali-lad-gian-maria-mossa-commenta-i-numeri-della-raccolta-di-luglio\\\/#article\",\"isPartOf\":{\"@id\":\"https:\\\/\\\/www.article-marketing.eu\\\/comunicatistampa\\\/banca-generali-lad-gian-maria-mossa-commenta-i-numeri-della-raccolta-di-luglio\\\/\"},\"author\":{\"name\":\"bgmediapress\",\"@id\":\"https:\\\/\\\/www.article-marketing.eu\\\/comunicatistampa\\\/#\\\/schema\\\/person\\\/404eb964bc74cb8500542618d935464e\"},\"headline\":\"Banca Generali: l\u2019AD Gian Maria Mossa commenta i numeri della raccolta di luglio\",\"datePublished\":\"2024-09-03T09:01:20+00:00\",\"mainEntityOfPage\":{\"@id\":\"https:\\\/\\\/www.article-marketing.eu\\\/comunicatistampa\\\/banca-generali-lad-gian-maria-mossa-commenta-i-numeri-della-raccolta-di-luglio\\\/\"},\"wordCount\":460,\"commentCount\":0,\"image\":{\"@id\":\"https:\\\/\\\/www.article-marketing.eu\\\/comunicatistampa\\\/banca-generali-lad-gian-maria-mossa-commenta-i-numeri-della-raccolta-di-luglio\\\/#primaryimage\"},\"thumbnailUrl\":\"https:\\\/\\\/h2biz.net\\\/images\\\/Plats\\\/crop_min_20230314064355.jpg\",\"keywords\":[\"Gian Maria Mossa\"],\"articleSection\":[\"Economia e lavoro\"],\"inLanguage\":\"it-IT\",\"potentialAction\":[{\"@type\":\"CommentAction\",\"name\":\"Comment\",\"target\":[\"https:\\\/\\\/www.article-marketing.eu\\\/comunicatistampa\\\/banca-generali-lad-gian-maria-mossa-commenta-i-numeri-della-raccolta-di-luglio\\\/#respond\"]}]},{\"@type\":\"WebPage\",\"@id\":\"https:\\\/\\\/www.article-marketing.eu\\\/comunicatistampa\\\/banca-generali-lad-gian-maria-mossa-commenta-i-numeri-della-raccolta-di-luglio\\\/\",\"url\":\"https:\\\/\\\/www.article-marketing.eu\\\/comunicatistampa\\\/banca-generali-lad-gian-maria-mossa-commenta-i-numeri-della-raccolta-di-luglio\\\/\",\"name\":\"Banca Generali: l\u2019AD Gian Maria Mossa commenta i numeri della raccolta di luglio\",\"isPartOf\":{\"@id\":\"https:\\\/\\\/www.article-marketing.eu\\\/comunicatistampa\\\/#website\"},\"primaryImageOfPage\":{\"@id\":\"https:\\\/\\\/www.article-marketing.eu\\\/comunicatistampa\\\/banca-generali-lad-gian-maria-mossa-commenta-i-numeri-della-raccolta-di-luglio\\\/#primaryimage\"},\"image\":{\"@id\":\"https:\\\/\\\/www.article-marketing.eu\\\/comunicatistampa\\\/banca-generali-lad-gian-maria-mossa-commenta-i-numeri-della-raccolta-di-luglio\\\/#primaryimage\"},\"thumbnailUrl\":\"https:\\\/\\\/h2biz.net\\\/images\\\/Plats\\\/crop_min_20230314064355.jpg\",\"datePublished\":\"2024-09-03T09:01:20+00:00\",\"author\":{\"@id\":\"https:\\\/\\\/www.article-marketing.eu\\\/comunicatistampa\\\/#\\\/schema\\\/person\\\/404eb964bc74cb8500542618d935464e\"},\"description\":\"Gian Maria Mossa: il luglio di Banca Generali \u201cun altro mese solido nella consistenza dei flussi e con crescente qualit\u00e0 nel mix\\\"\",\"breadcrumb\":{\"@id\":\"https:\\\/\\\/www.article-marketing.eu\\\/comunicatistampa\\\/banca-generali-lad-gian-maria-mossa-commenta-i-numeri-della-raccolta-di-luglio\\\/#breadcrumb\"},\"inLanguage\":\"it-IT\",\"potentialAction\":[{\"@type\":\"ReadAction\",\"target\":[\"https:\\\/\\\/www.article-marketing.eu\\\/comunicatistampa\\\/banca-generali-lad-gian-maria-mossa-commenta-i-numeri-della-raccolta-di-luglio\\\/\"]}]},{\"@type\":\"ImageObject\",\"inLanguage\":\"it-IT\",\"@id\":\"https:\\\/\\\/www.article-marketing.eu\\\/comunicatistampa\\\/banca-generali-lad-gian-maria-mossa-commenta-i-numeri-della-raccolta-di-luglio\\\/#primaryimage\",\"url\":\"https:\\\/\\\/h2biz.net\\\/images\\\/Plats\\\/crop_min_20230314064355.jpg\",\"contentUrl\":\"https:\\\/\\\/h2biz.net\\\/images\\\/Plats\\\/crop_min_20230314064355.jpg\"},{\"@type\":\"BreadcrumbList\",\"@id\":\"https:\\\/\\\/www.article-marketing.eu\\\/comunicatistampa\\\/banca-generali-lad-gian-maria-mossa-commenta-i-numeri-della-raccolta-di-luglio\\\/#breadcrumb\",\"itemListElement\":[{\"@type\":\"ListItem\",\"position\":1,\"name\":\"Home\",\"item\":\"https:\\\/\\\/www.article-marketing.eu\\\/comunicatistampa\\\/\"},{\"@type\":\"ListItem\",\"position\":2,\"name\":\"Banca Generali: l\u2019AD Gian Maria Mossa commenta i numeri della raccolta di luglio\"}]},{\"@type\":\"WebSite\",\"@id\":\"https:\\\/\\\/www.article-marketing.eu\\\/comunicatistampa\\\/#website\",\"url\":\"https:\\\/\\\/www.article-marketing.eu\\\/comunicatistampa\\\/\",\"name\":\"Article Marketing\",\"description\":\"article marketing &amp; press release\",\"potentialAction\":[{\"@type\":\"SearchAction\",\"target\":{\"@type\":\"EntryPoint\",\"urlTemplate\":\"https:\\\/\\\/www.article-marketing.eu\\\/comunicatistampa\\\/?s={search_term_string}\"},\"query-input\":{\"@type\":\"PropertyValueSpecification\",\"valueRequired\":true,\"valueName\":\"search_term_string\"}}],\"inLanguage\":\"it-IT\"},{\"@type\":\"Person\",\"@id\":\"https:\\\/\\\/www.article-marketing.eu\\\/comunicatistampa\\\/#\\\/schema\\\/person\\\/404eb964bc74cb8500542618d935464e\",\"name\":\"bgmediapress\",\"image\":{\"@type\":\"ImageObject\",\"inLanguage\":\"it-IT\",\"@id\":\"https:\\\/\\\/secure.gravatar.com\\\/avatar\\\/42f75c9f82baff699c42fc56a1917154a05957e73178939d3fe6f017d6f3d0ee?s=96&d=mm&r=g\",\"url\":\"https:\\\/\\\/secure.gravatar.com\\\/avatar\\\/42f75c9f82baff699c42fc56a1917154a05957e73178939d3fe6f017d6f3d0ee?s=96&d=mm&r=g\",\"contentUrl\":\"https:\\\/\\\/secure.gravatar.com\\\/avatar\\\/42f75c9f82baff699c42fc56a1917154a05957e73178939d3fe6f017d6f3d0ee?s=96&d=mm&r=g\",\"caption\":\"bgmediapress\"},\"url\":\"https:\\\/\\\/www.article-marketing.eu\\\/comunicatistampa\\\/author\\\/bgmediapress\\\/\"}]}<\/script>\n<!-- \/ Yoast SEO plugin. -->","yoast_head_json":{"title":"Banca Generali: l\u2019AD Gian Maria Mossa commenta i numeri della raccolta di luglio","description":"Gian Maria Mossa: il luglio di Banca Generali \u201cun altro mese solido nella consistenza dei flussi e con crescente qualit\u00e0 nel mix\"","robots":{"index":"index","follow":"follow","max-snippet":"max-snippet:-1","max-image-preview":"max-image-preview:large","max-video-preview":"max-video-preview:-1"},"canonical":"https:\/\/www.article-marketing.eu\/comunicatistampa\/banca-generali-lad-gian-maria-mossa-commenta-i-numeri-della-raccolta-di-luglio\/","og_locale":"it_IT","og_type":"article","og_title":"Banca Generali: l\u2019AD Gian Maria Mossa commenta i numeri della raccolta di luglio","og_description":"Gian Maria Mossa: il luglio di Banca Generali \u201cun altro mese solido nella consistenza dei flussi e con crescente qualit\u00e0 nel mix\"","og_url":"https:\/\/www.article-marketing.eu\/comunicatistampa\/banca-generali-lad-gian-maria-mossa-commenta-i-numeri-della-raccolta-di-luglio\/","og_site_name":"Article Marketing","article_published_time":"2024-09-03T09:01:20+00:00","og_image":[{"url":"https:\/\/h2biz.net\/images\/Plats\/crop_min_20230314064355.jpg","type":"","width":"","height":""}],"author":"bgmediapress","twitter_card":"summary_large_image","twitter_misc":{"Scritto da":"bgmediapress","Tempo di lettura stimato":"3 minuti"},"schema":{"@context":"https:\/\/schema.org","@graph":[{"@type":"Article","@id":"https:\/\/www.article-marketing.eu\/comunicatistampa\/banca-generali-lad-gian-maria-mossa-commenta-i-numeri-della-raccolta-di-luglio\/#article","isPartOf":{"@id":"https:\/\/www.article-marketing.eu\/comunicatistampa\/banca-generali-lad-gian-maria-mossa-commenta-i-numeri-della-raccolta-di-luglio\/"},"author":{"name":"bgmediapress","@id":"https:\/\/www.article-marketing.eu\/comunicatistampa\/#\/schema\/person\/404eb964bc74cb8500542618d935464e"},"headline":"Banca Generali: l\u2019AD Gian Maria Mossa commenta i numeri della raccolta di luglio","datePublished":"2024-09-03T09:01:20+00:00","mainEntityOfPage":{"@id":"https:\/\/www.article-marketing.eu\/comunicatistampa\/banca-generali-lad-gian-maria-mossa-commenta-i-numeri-della-raccolta-di-luglio\/"},"wordCount":460,"commentCount":0,"image":{"@id":"https:\/\/www.article-marketing.eu\/comunicatistampa\/banca-generali-lad-gian-maria-mossa-commenta-i-numeri-della-raccolta-di-luglio\/#primaryimage"},"thumbnailUrl":"https:\/\/h2biz.net\/images\/Plats\/crop_min_20230314064355.jpg","keywords":["Gian Maria Mossa"],"articleSection":["Economia e lavoro"],"inLanguage":"it-IT","potentialAction":[{"@type":"CommentAction","name":"Comment","target":["https:\/\/www.article-marketing.eu\/comunicatistampa\/banca-generali-lad-gian-maria-mossa-commenta-i-numeri-della-raccolta-di-luglio\/#respond"]}]},{"@type":"WebPage","@id":"https:\/\/www.article-marketing.eu\/comunicatistampa\/banca-generali-lad-gian-maria-mossa-commenta-i-numeri-della-raccolta-di-luglio\/","url":"https:\/\/www.article-marketing.eu\/comunicatistampa\/banca-generali-lad-gian-maria-mossa-commenta-i-numeri-della-raccolta-di-luglio\/","name":"Banca Generali: l\u2019AD Gian Maria Mossa commenta i numeri della raccolta di luglio","isPartOf":{"@id":"https:\/\/www.article-marketing.eu\/comunicatistampa\/#website"},"primaryImageOfPage":{"@id":"https:\/\/www.article-marketing.eu\/comunicatistampa\/banca-generali-lad-gian-maria-mossa-commenta-i-numeri-della-raccolta-di-luglio\/#primaryimage"},"image":{"@id":"https:\/\/www.article-marketing.eu\/comunicatistampa\/banca-generali-lad-gian-maria-mossa-commenta-i-numeri-della-raccolta-di-luglio\/#primaryimage"},"thumbnailUrl":"https:\/\/h2biz.net\/images\/Plats\/crop_min_20230314064355.jpg","datePublished":"2024-09-03T09:01:20+00:00","author":{"@id":"https:\/\/www.article-marketing.eu\/comunicatistampa\/#\/schema\/person\/404eb964bc74cb8500542618d935464e"},"description":"Gian Maria Mossa: il luglio di Banca Generali \u201cun altro mese solido nella consistenza dei flussi e con crescente qualit\u00e0 nel mix\"","breadcrumb":{"@id":"https:\/\/www.article-marketing.eu\/comunicatistampa\/banca-generali-lad-gian-maria-mossa-commenta-i-numeri-della-raccolta-di-luglio\/#breadcrumb"},"inLanguage":"it-IT","potentialAction":[{"@type":"ReadAction","target":["https:\/\/www.article-marketing.eu\/comunicatistampa\/banca-generali-lad-gian-maria-mossa-commenta-i-numeri-della-raccolta-di-luglio\/"]}]},{"@type":"ImageObject","inLanguage":"it-IT","@id":"https:\/\/www.article-marketing.eu\/comunicatistampa\/banca-generali-lad-gian-maria-mossa-commenta-i-numeri-della-raccolta-di-luglio\/#primaryimage","url":"https:\/\/h2biz.net\/images\/Plats\/crop_min_20230314064355.jpg","contentUrl":"https:\/\/h2biz.net\/images\/Plats\/crop_min_20230314064355.jpg"},{"@type":"BreadcrumbList","@id":"https:\/\/www.article-marketing.eu\/comunicatistampa\/banca-generali-lad-gian-maria-mossa-commenta-i-numeri-della-raccolta-di-luglio\/#breadcrumb","itemListElement":[{"@type":"ListItem","position":1,"name":"Home","item":"https:\/\/www.article-marketing.eu\/comunicatistampa\/"},{"@type":"ListItem","position":2,"name":"Banca Generali: l\u2019AD Gian Maria Mossa commenta i numeri della raccolta di luglio"}]},{"@type":"WebSite","@id":"https:\/\/www.article-marketing.eu\/comunicatistampa\/#website","url":"https:\/\/www.article-marketing.eu\/comunicatistampa\/","name":"Article Marketing","description":"article marketing &amp; press release","potentialAction":[{"@type":"SearchAction","target":{"@type":"EntryPoint","urlTemplate":"https:\/\/www.article-marketing.eu\/comunicatistampa\/?s={search_term_string}"},"query-input":{"@type":"PropertyValueSpecification","valueRequired":true,"valueName":"search_term_string"}}],"inLanguage":"it-IT"},{"@type":"Person","@id":"https:\/\/www.article-marketing.eu\/comunicatistampa\/#\/schema\/person\/404eb964bc74cb8500542618d935464e","name":"bgmediapress","image":{"@type":"ImageObject","inLanguage":"it-IT","@id":"https:\/\/secure.gravatar.com\/avatar\/42f75c9f82baff699c42fc56a1917154a05957e73178939d3fe6f017d6f3d0ee?s=96&d=mm&r=g","url":"https:\/\/secure.gravatar.com\/avatar\/42f75c9f82baff699c42fc56a1917154a05957e73178939d3fe6f017d6f3d0ee?s=96&d=mm&r=g","contentUrl":"https:\/\/secure.gravatar.com\/avatar\/42f75c9f82baff699c42fc56a1917154a05957e73178939d3fe6f017d6f3d0ee?s=96&d=mm&r=g","caption":"bgmediapress"},"url":"https:\/\/www.article-marketing.eu\/comunicatistampa\/author\/bgmediapress\/"}]}},"_links":{"self":[{"href":"https:\/\/www.article-marketing.eu\/comunicatistampa\/wp-json\/wp\/v2\/posts\/31152","targetHints":{"allow":["GET"]}}],"collection":[{"href":"https:\/\/www.article-marketing.eu\/comunicatistampa\/wp-json\/wp\/v2\/posts"}],"about":[{"href":"https:\/\/www.article-marketing.eu\/comunicatistampa\/wp-json\/wp\/v2\/types\/post"}],"author":[{"embeddable":true,"href":"https:\/\/www.article-marketing.eu\/comunicatistampa\/wp-json\/wp\/v2\/users\/7095"}],"replies":[{"embeddable":true,"href":"https:\/\/www.article-marketing.eu\/comunicatistampa\/wp-json\/wp\/v2\/comments?post=31152"}],"version-history":[{"count":2,"href":"https:\/\/www.article-marketing.eu\/comunicatistampa\/wp-json\/wp\/v2\/posts\/31152\/revisions"}],"predecessor-version":[{"id":31197,"href":"https:\/\/www.article-marketing.eu\/comunicatistampa\/wp-json\/wp\/v2\/posts\/31152\/revisions\/31197"}],"wp:attachment":[{"href":"https:\/\/www.article-marketing.eu\/comunicatistampa\/wp-json\/wp\/v2\/media?parent=31152"}],"wp:term":[{"taxonomy":"category","embeddable":true,"href":"https:\/\/www.article-marketing.eu\/comunicatistampa\/wp-json\/wp\/v2\/categories?post=31152"},{"taxonomy":"post_tag","embeddable":true,"href":"https:\/\/www.article-marketing.eu\/comunicatistampa\/wp-json\/wp\/v2\/tags?post=31152"}],"curies":[{"name":"wp","href":"https:\/\/api.w.org\/{rel}","templated":true}]}}