{"id":31158,"date":"2024-09-03T11:01:49","date_gmt":"2024-09-03T09:01:49","guid":{"rendered":"https:\/\/www.article-marketing.eu\/comunicatistampa\/?p=31158"},"modified":"2024-09-03T11:01:49","modified_gmt":"2024-09-03T09:01:49","slug":"mobilita-sostenibile-a-roma-il-ruolo-di-umberto-lebruto","status":"publish","type":"post","link":"https:\/\/www.article-marketing.eu\/comunicatistampa\/mobilita-sostenibile-a-roma-il-ruolo-di-umberto-lebruto\/","title":{"rendered":"Mobilit\u00e0 sostenibile a Roma: il ruolo di Umberto Lebruto"},"content":{"rendered":"<p><em><strong><a title=\"Giubileo 2025, Umberto Lebruto: i progetti di FS Sistemi Urbani\" href=\"https:\/\/www.pressonlinews.com\/2024\/08\/09\/umberto-lebruto-nuovi-progetti-per-il-giubileo-2025-a-roma\/\">Umberto Lebruto<\/a> \u00e8 al centro di una serie di progetti chiave per la trasformazione della mobilit\u00e0 urbana di Roma, in vista del Giubileo 2025. Questi interventi mirano a creare una citt\u00e0 pi\u00f9 accessibile e sostenibile, migliorando la qualit\u00e0 della vita per residenti e visitatori.<\/strong><\/em><\/p>\n<p><a title=\"Umberto Lebruto: nuovi progetti per il Giubileo 2025 a Roma\" href=\"https:\/\/www.pressonlinews.com\/2024\/08\/09\/umberto-lebruto-nuovi-progetti-per-il-giubileo-2025-a-roma\/\"><img loading=\"lazy\" decoding=\"async\" src=\"https:\/\/www.h2biz.net\/images\/Plats\/20231106125744.png\" alt=\"Umberto Lebruto\" width=\"200\" height=\"200\" \/><\/a><\/p>\n<h2>Umberto Lebruto supervisiona i lavori di restyling a Roma Termini<\/h2>\n<p>L\u2019Amministratore Delegato di FS Sistemi Urbani, <strong>Umberto Lebruto<\/strong>, sta giocando un ruolo cruciale nella supervisione dei lavori di restyling di Piazza dei Cinquecento, presso la stazione di Roma Termini, in vista del Giubileo 2025, mirando a migliorare la qualit\u00e0 della vita urbana, ottimizzando l\u2019accessibilit\u00e0 e integrando l&#8217;area con il sistema di trasporti urbani. Durante un sopralluogo recente, il Ministro delle Infrastrutture e dei Trasporti, Matteo Salvini, accompagnato da importanti figure istituzionali tra cui Lebruto, ha valutato l&#8217;avanzamento dei lavori che dovrebbero completarsi entro il 2026.<\/p>\n<p>Il progetto prevede una riorganizzazione degli spazi urbani per promuovere la mobilit\u00e0 sostenibile e migliorare la sicurezza della zona. A tal proposito la riqualificazione di Piazza dei Cinquecento rappresenta una straordinaria occasione per trasformare uno dei principali snodi della rete di trasporto pubblico romana. Infatti, questo intervento si inserisce in un piano pi\u00f9 ampio che coinvolge anche la modernizzazione del nodo di Tiburtina e il completamento dell\u2019anello ferroviario cittadino, migliorando i collegamenti con l\u2019aeroporto di Fiumicino e altre aree strategiche della capitale.<\/p>\n<h2>Umberto Lebruto e il futuro della mobilit\u00e0 urbana di Roma<\/h2>\n<p>Oltre alla riqualificazione di Piazza dei Cinquecento, <a title=\"Umberto Lebruto: i progetti di FS Sistemi Urbani in vista del Giubileo 2025 di Roma\" href=\"https:\/\/www.pressonlinews.com\/2024\/08\/09\/umberto-lebruto-nuovi-progetti-per-il-giubileo-2025-a-roma\/\"><strong>Umberto Lebruto<\/strong><\/a> \u00e8 direttamente coinvolto nella gestione di diversi cantieri nel centro di Roma, tutti orientati a preparare la citt\u00e0 per l\u2019afflusso di milioni di pellegrini attesi per il Giubileo del 2025. Tra gli altri interventi significativi, sono previsti lavori di ammodernamento delle stazioni di Fiumicino Aeroporto, Roma Termini, Roma San Pietro e altre, per migliorare ulteriormente la rete di trasporto pubblico della capitale.<\/p>\n<p>La visione di Lebruto non si limita alla semplice ristrutturazione, ma punta a creare un sistema di trasporto integrato che favorisca la mobilit\u00e0 sostenibile, sia pedonale che ciclabile. Di fatto, per FS Sistemi Urbani e il Gruppo FS l&#8217;obiettivo \u00e8 trasformare Roma in una citt\u00e0 moderna ed efficiente, pronta ad accogliere milioni di pellegrini con uno stile che rispecchi la grandezza della capitale.<\/p>\n","protected":false},"excerpt":{"rendered":"<p>Umberto Lebruto \u00e8 al centro di una serie di progetti chiave per la trasformazione della mobilit\u00e0 urbana di Roma, in vista del Giubileo 2025. Questi interventi mirano a creare una citt\u00e0 pi\u00f9 accessibile e sostenibile, migliorando la qualit\u00e0 della vita per residenti e visitatori. Umberto Lebruto supervisiona i lavori di restyling a Roma Termini L\u2019Amministratore Delegato di FS Sistemi Urbani, Umberto Lebruto, sta giocando un ruolo cruciale nella supervisione dei<\/p>\n<p><a class=\"continue-reading\" href=\"https:\/\/www.article-marketing.eu\/comunicatistampa\/mobilita-sostenibile-a-roma-il-ruolo-di-umberto-lebruto\/\">Continue reading&#8230;<\/a><\/p>\n","protected":false},"author":6477,"featured_media":0,"comment_status":"open","ping_status":"open","sticky":false,"template":"","format":"standard","meta":{"_monsterinsights_skip_tracking":false,"_monsterinsights_sitenote_active":false,"_monsterinsights_sitenote_note":"","_monsterinsights_sitenote_category":0,"footnotes":""},"categories":[390],"tags":[10941],"class_list":["post-31158","post","type-post","status-publish","format-standard","hentry","category-professionisti","tag-umberto-lebruto"],"yoast_head":"<!-- This site is optimized with the Yoast SEO plugin v27.3 - https:\/\/yoast.com\/product\/yoast-seo-wordpress\/ -->\n<title>Mobilit\u00e0 sostenibile a Roma: il ruolo di Umberto Lebruto - Article Marketing<\/title>\n<meta name=\"description\" content=\"Umberto Lebruto alla regia strategica del restyling di Roma Termini, un progetto chiave per la modernizzazione dei trasporti.\" \/>\n<meta name=\"robots\" content=\"index, follow, max-snippet:-1, max-image-preview:large, max-video-preview:-1\" \/>\n<link rel=\"canonical\" href=\"https:\/\/www.article-marketing.eu\/comunicatistampa\/mobilita-sostenibile-a-roma-il-ruolo-di-umberto-lebruto\/\" \/>\n<meta property=\"og:locale\" content=\"it_IT\" \/>\n<meta property=\"og:type\" content=\"article\" \/>\n<meta property=\"og:title\" content=\"Mobilit\u00e0 sostenibile a Roma: il ruolo di Umberto Lebruto - Article Marketing\" \/>\n<meta property=\"og:description\" content=\"Umberto Lebruto alla regia strategica del restyling di Roma Termini, un progetto chiave per la modernizzazione dei trasporti.\" \/>\n<meta property=\"og:url\" content=\"https:\/\/www.article-marketing.eu\/comunicatistampa\/mobilita-sostenibile-a-roma-il-ruolo-di-umberto-lebruto\/\" \/>\n<meta property=\"og:site_name\" content=\"Article Marketing\" \/>\n<meta property=\"article:published_time\" content=\"2024-09-03T09:01:49+00:00\" \/>\n<meta property=\"og:image\" content=\"https:\/\/www.h2biz.net\/images\/Plats\/20231106125744.png\" \/>\n<meta name=\"author\" content=\"articolinews\" \/>\n<meta name=\"twitter:card\" content=\"summary_large_image\" \/>\n<meta name=\"twitter:label1\" content=\"Scritto da\" \/>\n\t<meta name=\"twitter:data1\" content=\"articolinews\" \/>\n\t<meta name=\"twitter:label2\" content=\"Tempo di lettura stimato\" \/>\n\t<meta name=\"twitter:data2\" content=\"3 minuti\" \/>\n<script type=\"application\/ld+json\" class=\"yoast-schema-graph\">{\"@context\":\"https:\\\/\\\/schema.org\",\"@graph\":[{\"@type\":\"Article\",\"@id\":\"https:\\\/\\\/www.article-marketing.eu\\\/comunicatistampa\\\/mobilita-sostenibile-a-roma-il-ruolo-di-umberto-lebruto\\\/#article\",\"isPartOf\":{\"@id\":\"https:\\\/\\\/www.article-marketing.eu\\\/comunicatistampa\\\/mobilita-sostenibile-a-roma-il-ruolo-di-umberto-lebruto\\\/\"},\"author\":{\"name\":\"articolinews\",\"@id\":\"https:\\\/\\\/www.article-marketing.eu\\\/comunicatistampa\\\/#\\\/schema\\\/person\\\/2fcaf8f8f3a9eef9eb7f27532d3ca458\"},\"headline\":\"Mobilit\u00e0 sostenibile a Roma: il ruolo di Umberto Lebruto\",\"datePublished\":\"2024-09-03T09:01:49+00:00\",\"mainEntityOfPage\":{\"@id\":\"https:\\\/\\\/www.article-marketing.eu\\\/comunicatistampa\\\/mobilita-sostenibile-a-roma-il-ruolo-di-umberto-lebruto\\\/\"},\"wordCount\":372,\"commentCount\":0,\"image\":{\"@id\":\"https:\\\/\\\/www.article-marketing.eu\\\/comunicatistampa\\\/mobilita-sostenibile-a-roma-il-ruolo-di-umberto-lebruto\\\/#primaryimage\"},\"thumbnailUrl\":\"https:\\\/\\\/www.h2biz.net\\\/images\\\/Plats\\\/20231106125744.png\",\"keywords\":[\"Umberto Lebruto\"],\"articleSection\":[\"Professionisti\"],\"inLanguage\":\"it-IT\",\"potentialAction\":[{\"@type\":\"CommentAction\",\"name\":\"Comment\",\"target\":[\"https:\\\/\\\/www.article-marketing.eu\\\/comunicatistampa\\\/mobilita-sostenibile-a-roma-il-ruolo-di-umberto-lebruto\\\/#respond\"]}]},{\"@type\":\"WebPage\",\"@id\":\"https:\\\/\\\/www.article-marketing.eu\\\/comunicatistampa\\\/mobilita-sostenibile-a-roma-il-ruolo-di-umberto-lebruto\\\/\",\"url\":\"https:\\\/\\\/www.article-marketing.eu\\\/comunicatistampa\\\/mobilita-sostenibile-a-roma-il-ruolo-di-umberto-lebruto\\\/\",\"name\":\"Mobilit\u00e0 sostenibile a Roma: il ruolo di Umberto Lebruto - Article Marketing\",\"isPartOf\":{\"@id\":\"https:\\\/\\\/www.article-marketing.eu\\\/comunicatistampa\\\/#website\"},\"primaryImageOfPage\":{\"@id\":\"https:\\\/\\\/www.article-marketing.eu\\\/comunicatistampa\\\/mobilita-sostenibile-a-roma-il-ruolo-di-umberto-lebruto\\\/#primaryimage\"},\"image\":{\"@id\":\"https:\\\/\\\/www.article-marketing.eu\\\/comunicatistampa\\\/mobilita-sostenibile-a-roma-il-ruolo-di-umberto-lebruto\\\/#primaryimage\"},\"thumbnailUrl\":\"https:\\\/\\\/www.h2biz.net\\\/images\\\/Plats\\\/20231106125744.png\",\"datePublished\":\"2024-09-03T09:01:49+00:00\",\"author\":{\"@id\":\"https:\\\/\\\/www.article-marketing.eu\\\/comunicatistampa\\\/#\\\/schema\\\/person\\\/2fcaf8f8f3a9eef9eb7f27532d3ca458\"},\"description\":\"Umberto Lebruto alla regia strategica del restyling di Roma Termini, un progetto chiave per la modernizzazione dei trasporti.\",\"breadcrumb\":{\"@id\":\"https:\\\/\\\/www.article-marketing.eu\\\/comunicatistampa\\\/mobilita-sostenibile-a-roma-il-ruolo-di-umberto-lebruto\\\/#breadcrumb\"},\"inLanguage\":\"it-IT\",\"potentialAction\":[{\"@type\":\"ReadAction\",\"target\":[\"https:\\\/\\\/www.article-marketing.eu\\\/comunicatistampa\\\/mobilita-sostenibile-a-roma-il-ruolo-di-umberto-lebruto\\\/\"]}]},{\"@type\":\"ImageObject\",\"inLanguage\":\"it-IT\",\"@id\":\"https:\\\/\\\/www.article-marketing.eu\\\/comunicatistampa\\\/mobilita-sostenibile-a-roma-il-ruolo-di-umberto-lebruto\\\/#primaryimage\",\"url\":\"https:\\\/\\\/www.h2biz.net\\\/images\\\/Plats\\\/20231106125744.png\",\"contentUrl\":\"https:\\\/\\\/www.h2biz.net\\\/images\\\/Plats\\\/20231106125744.png\"},{\"@type\":\"BreadcrumbList\",\"@id\":\"https:\\\/\\\/www.article-marketing.eu\\\/comunicatistampa\\\/mobilita-sostenibile-a-roma-il-ruolo-di-umberto-lebruto\\\/#breadcrumb\",\"itemListElement\":[{\"@type\":\"ListItem\",\"position\":1,\"name\":\"Home\",\"item\":\"https:\\\/\\\/www.article-marketing.eu\\\/comunicatistampa\\\/\"},{\"@type\":\"ListItem\",\"position\":2,\"name\":\"Mobilit\u00e0 sostenibile a Roma: il ruolo di Umberto Lebruto\"}]},{\"@type\":\"WebSite\",\"@id\":\"https:\\\/\\\/www.article-marketing.eu\\\/comunicatistampa\\\/#website\",\"url\":\"https:\\\/\\\/www.article-marketing.eu\\\/comunicatistampa\\\/\",\"name\":\"Article Marketing\",\"description\":\"article marketing &amp; press release\",\"potentialAction\":[{\"@type\":\"SearchAction\",\"target\":{\"@type\":\"EntryPoint\",\"urlTemplate\":\"https:\\\/\\\/www.article-marketing.eu\\\/comunicatistampa\\\/?s={search_term_string}\"},\"query-input\":{\"@type\":\"PropertyValueSpecification\",\"valueRequired\":true,\"valueName\":\"search_term_string\"}}],\"inLanguage\":\"it-IT\"},{\"@type\":\"Person\",\"@id\":\"https:\\\/\\\/www.article-marketing.eu\\\/comunicatistampa\\\/#\\\/schema\\\/person\\\/2fcaf8f8f3a9eef9eb7f27532d3ca458\",\"name\":\"articolinews\",\"image\":{\"@type\":\"ImageObject\",\"inLanguage\":\"it-IT\",\"@id\":\"https:\\\/\\\/secure.gravatar.com\\\/avatar\\\/9e2a264bab04e17dea24d937c9956304649a848cb73c46747a692ff1bdeb1cb7?s=96&d=mm&r=g\",\"url\":\"https:\\\/\\\/secure.gravatar.com\\\/avatar\\\/9e2a264bab04e17dea24d937c9956304649a848cb73c46747a692ff1bdeb1cb7?s=96&d=mm&r=g\",\"contentUrl\":\"https:\\\/\\\/secure.gravatar.com\\\/avatar\\\/9e2a264bab04e17dea24d937c9956304649a848cb73c46747a692ff1bdeb1cb7?s=96&d=mm&r=g\",\"caption\":\"articolinews\"},\"url\":\"https:\\\/\\\/www.article-marketing.eu\\\/comunicatistampa\\\/author\\\/articolinews\\\/\"}]}<\/script>\n<!-- \/ Yoast SEO plugin. -->","yoast_head_json":{"title":"Mobilit\u00e0 sostenibile a Roma: il ruolo di Umberto Lebruto - Article Marketing","description":"Umberto Lebruto alla regia strategica del restyling di Roma Termini, un progetto chiave per la modernizzazione dei trasporti.","robots":{"index":"index","follow":"follow","max-snippet":"max-snippet:-1","max-image-preview":"max-image-preview:large","max-video-preview":"max-video-preview:-1"},"canonical":"https:\/\/www.article-marketing.eu\/comunicatistampa\/mobilita-sostenibile-a-roma-il-ruolo-di-umberto-lebruto\/","og_locale":"it_IT","og_type":"article","og_title":"Mobilit\u00e0 sostenibile a Roma: il ruolo di Umberto Lebruto - Article Marketing","og_description":"Umberto Lebruto alla regia strategica del restyling di Roma Termini, un progetto chiave per la modernizzazione dei trasporti.","og_url":"https:\/\/www.article-marketing.eu\/comunicatistampa\/mobilita-sostenibile-a-roma-il-ruolo-di-umberto-lebruto\/","og_site_name":"Article Marketing","article_published_time":"2024-09-03T09:01:49+00:00","og_image":[{"url":"https:\/\/www.h2biz.net\/images\/Plats\/20231106125744.png","type":"","width":"","height":""}],"author":"articolinews","twitter_card":"summary_large_image","twitter_misc":{"Scritto da":"articolinews","Tempo di lettura stimato":"3 minuti"},"schema":{"@context":"https:\/\/schema.org","@graph":[{"@type":"Article","@id":"https:\/\/www.article-marketing.eu\/comunicatistampa\/mobilita-sostenibile-a-roma-il-ruolo-di-umberto-lebruto\/#article","isPartOf":{"@id":"https:\/\/www.article-marketing.eu\/comunicatistampa\/mobilita-sostenibile-a-roma-il-ruolo-di-umberto-lebruto\/"},"author":{"name":"articolinews","@id":"https:\/\/www.article-marketing.eu\/comunicatistampa\/#\/schema\/person\/2fcaf8f8f3a9eef9eb7f27532d3ca458"},"headline":"Mobilit\u00e0 sostenibile a Roma: il ruolo di Umberto Lebruto","datePublished":"2024-09-03T09:01:49+00:00","mainEntityOfPage":{"@id":"https:\/\/www.article-marketing.eu\/comunicatistampa\/mobilita-sostenibile-a-roma-il-ruolo-di-umberto-lebruto\/"},"wordCount":372,"commentCount":0,"image":{"@id":"https:\/\/www.article-marketing.eu\/comunicatistampa\/mobilita-sostenibile-a-roma-il-ruolo-di-umberto-lebruto\/#primaryimage"},"thumbnailUrl":"https:\/\/www.h2biz.net\/images\/Plats\/20231106125744.png","keywords":["Umberto Lebruto"],"articleSection":["Professionisti"],"inLanguage":"it-IT","potentialAction":[{"@type":"CommentAction","name":"Comment","target":["https:\/\/www.article-marketing.eu\/comunicatistampa\/mobilita-sostenibile-a-roma-il-ruolo-di-umberto-lebruto\/#respond"]}]},{"@type":"WebPage","@id":"https:\/\/www.article-marketing.eu\/comunicatistampa\/mobilita-sostenibile-a-roma-il-ruolo-di-umberto-lebruto\/","url":"https:\/\/www.article-marketing.eu\/comunicatistampa\/mobilita-sostenibile-a-roma-il-ruolo-di-umberto-lebruto\/","name":"Mobilit\u00e0 sostenibile a Roma: il ruolo di Umberto Lebruto - Article Marketing","isPartOf":{"@id":"https:\/\/www.article-marketing.eu\/comunicatistampa\/#website"},"primaryImageOfPage":{"@id":"https:\/\/www.article-marketing.eu\/comunicatistampa\/mobilita-sostenibile-a-roma-il-ruolo-di-umberto-lebruto\/#primaryimage"},"image":{"@id":"https:\/\/www.article-marketing.eu\/comunicatistampa\/mobilita-sostenibile-a-roma-il-ruolo-di-umberto-lebruto\/#primaryimage"},"thumbnailUrl":"https:\/\/www.h2biz.net\/images\/Plats\/20231106125744.png","datePublished":"2024-09-03T09:01:49+00:00","author":{"@id":"https:\/\/www.article-marketing.eu\/comunicatistampa\/#\/schema\/person\/2fcaf8f8f3a9eef9eb7f27532d3ca458"},"description":"Umberto Lebruto alla regia strategica del restyling di Roma Termini, un progetto chiave per la modernizzazione dei trasporti.","breadcrumb":{"@id":"https:\/\/www.article-marketing.eu\/comunicatistampa\/mobilita-sostenibile-a-roma-il-ruolo-di-umberto-lebruto\/#breadcrumb"},"inLanguage":"it-IT","potentialAction":[{"@type":"ReadAction","target":["https:\/\/www.article-marketing.eu\/comunicatistampa\/mobilita-sostenibile-a-roma-il-ruolo-di-umberto-lebruto\/"]}]},{"@type":"ImageObject","inLanguage":"it-IT","@id":"https:\/\/www.article-marketing.eu\/comunicatistampa\/mobilita-sostenibile-a-roma-il-ruolo-di-umberto-lebruto\/#primaryimage","url":"https:\/\/www.h2biz.net\/images\/Plats\/20231106125744.png","contentUrl":"https:\/\/www.h2biz.net\/images\/Plats\/20231106125744.png"},{"@type":"BreadcrumbList","@id":"https:\/\/www.article-marketing.eu\/comunicatistampa\/mobilita-sostenibile-a-roma-il-ruolo-di-umberto-lebruto\/#breadcrumb","itemListElement":[{"@type":"ListItem","position":1,"name":"Home","item":"https:\/\/www.article-marketing.eu\/comunicatistampa\/"},{"@type":"ListItem","position":2,"name":"Mobilit\u00e0 sostenibile a Roma: il ruolo di Umberto Lebruto"}]},{"@type":"WebSite","@id":"https:\/\/www.article-marketing.eu\/comunicatistampa\/#website","url":"https:\/\/www.article-marketing.eu\/comunicatistampa\/","name":"Article Marketing","description":"article marketing &amp; press release","potentialAction":[{"@type":"SearchAction","target":{"@type":"EntryPoint","urlTemplate":"https:\/\/www.article-marketing.eu\/comunicatistampa\/?s={search_term_string}"},"query-input":{"@type":"PropertyValueSpecification","valueRequired":true,"valueName":"search_term_string"}}],"inLanguage":"it-IT"},{"@type":"Person","@id":"https:\/\/www.article-marketing.eu\/comunicatistampa\/#\/schema\/person\/2fcaf8f8f3a9eef9eb7f27532d3ca458","name":"articolinews","image":{"@type":"ImageObject","inLanguage":"it-IT","@id":"https:\/\/secure.gravatar.com\/avatar\/9e2a264bab04e17dea24d937c9956304649a848cb73c46747a692ff1bdeb1cb7?s=96&d=mm&r=g","url":"https:\/\/secure.gravatar.com\/avatar\/9e2a264bab04e17dea24d937c9956304649a848cb73c46747a692ff1bdeb1cb7?s=96&d=mm&r=g","contentUrl":"https:\/\/secure.gravatar.com\/avatar\/9e2a264bab04e17dea24d937c9956304649a848cb73c46747a692ff1bdeb1cb7?s=96&d=mm&r=g","caption":"articolinews"},"url":"https:\/\/www.article-marketing.eu\/comunicatistampa\/author\/articolinews\/"}]}},"_links":{"self":[{"href":"https:\/\/www.article-marketing.eu\/comunicatistampa\/wp-json\/wp\/v2\/posts\/31158","targetHints":{"allow":["GET"]}}],"collection":[{"href":"https:\/\/www.article-marketing.eu\/comunicatistampa\/wp-json\/wp\/v2\/posts"}],"about":[{"href":"https:\/\/www.article-marketing.eu\/comunicatistampa\/wp-json\/wp\/v2\/types\/post"}],"author":[{"embeddable":true,"href":"https:\/\/www.article-marketing.eu\/comunicatistampa\/wp-json\/wp\/v2\/users\/6477"}],"replies":[{"embeddable":true,"href":"https:\/\/www.article-marketing.eu\/comunicatistampa\/wp-json\/wp\/v2\/comments?post=31158"}],"version-history":[{"count":2,"href":"https:\/\/www.article-marketing.eu\/comunicatistampa\/wp-json\/wp\/v2\/posts\/31158\/revisions"}],"predecessor-version":[{"id":31198,"href":"https:\/\/www.article-marketing.eu\/comunicatistampa\/wp-json\/wp\/v2\/posts\/31158\/revisions\/31198"}],"wp:attachment":[{"href":"https:\/\/www.article-marketing.eu\/comunicatistampa\/wp-json\/wp\/v2\/media?parent=31158"}],"wp:term":[{"taxonomy":"category","embeddable":true,"href":"https:\/\/www.article-marketing.eu\/comunicatistampa\/wp-json\/wp\/v2\/categories?post=31158"},{"taxonomy":"post_tag","embeddable":true,"href":"https:\/\/www.article-marketing.eu\/comunicatistampa\/wp-json\/wp\/v2\/tags?post=31158"}],"curies":[{"name":"wp","href":"https:\/\/api.w.org\/{rel}","templated":true}]}}