{"id":31218,"date":"2024-09-06T16:54:21","date_gmt":"2024-09-06T14:54:21","guid":{"rendered":"https:\/\/www.article-marketing.eu\/comunicatistampa\/?p=31218"},"modified":"2024-09-06T16:54:21","modified_gmt":"2024-09-06T14:54:21","slug":"cielo-e-terra-al-festival-del-cinema-di-venezia-con-le-bollicine-maia","status":"publish","type":"post","link":"https:\/\/www.article-marketing.eu\/comunicatistampa\/cielo-e-terra-al-festival-del-cinema-di-venezia-con-le-bollicine-maia\/","title":{"rendered":"Cielo e Terra al Festival del Cinema di Venezia con le bollicine Maia"},"content":{"rendered":"<p><em>Una kermesse tutta da gustare con i vini della nota cantina vicentina, dal Party di Novella 2000 al gal\u00e0 &#8220;Better World Fondation&#8221; con l\u2019asta benefica a sostegno dell&#8217;emancipazione femminile attraverso l&#8217;arte, fino alla presenza nel Salotto delle Celebrit\u00e0 dal 28 agosto al 7 settembre. <\/em><\/p>\n<p><em><br \/>\n<\/em>L&#8217;81esima edizione del <strong>Festival del Cinema di Venezia<\/strong> promette di essere un evento straordinario, non solo per gli amanti del cinema, ma anche per gli appassionati di enogastronomia. Quest&#8217;anno, <strong>dal 28 agosto al 7 settembre 2024<\/strong>, la Laguna si trasformer\u00e0 in un palcoscenico di glamour e raffinatezza, dove <strong>la rinomata cantina vicentina Cielo e Terra<\/strong> sar\u00e0 pronta a stupire con le sue selezioni.<\/p>\n<p>Dopo aver deliziato il pubblico di Cannes, infatti, Cielo e Terra approda a Venezia, portando con s\u00e9 la sua eccellenza enologica per allietare le serate della Mostra Internazionale d\u2019Arte Cinematografica. La prestigiosa cantina <strong>sar\u00e0 presente al Salotto delle Celebrit\u00e0<\/strong>, uno spazio esclusivo situato a pochi passi dal Red Carpet, all&#8217;interno di una villa dallo stile hollywoodiano. Questo angolo di paradiso, dal 28 agosto al 7 settembre, diventer\u00e0 il punto d&#8217;incontro per VIP, addetti ai lavori, stampa e imprenditori, offrendo momenti di relax e condivisione.<\/p>\n<p>Nel Salotto delle Celebrit\u00e0, gli ospiti potranno degustare alcune delle etichette pi\u00f9 pregiate di Cielo e Terra, tra cui il <strong>Maia Blanc de Blancs, l\u2019Appassionante Bianco e l\u2019Appassionante Rosso di Famiglia Cielo 1908<\/strong>. Questi vini, frutto della tradizione e della passione dell\u2019azienda, accompagneranno gli incontri e i party esclusivi che si terranno nella villa, aggiungendo un tocco di eleganza e raffinatezza ad ogni serata.<\/p>\n<p>Uno degli appuntamenti pi\u00f9 attesi sar\u00e0 il <strong>party organizzato da Novella 2000<\/strong> il 4 settembre, dove gli invitati avranno l\u2019opportunit\u00e0 di vivere una serata indimenticabile, allietata dalle proposte di Cielo e Terra. In questa cornice di charme, tra flash e sorrisi, il vino diventer\u00e0 il fil rouge di una notte all&#8217;insegna della mondanit\u00e0 e del buon gusto.<\/p>\n<p>Il contributo di Cielo e Terra non si ferma qui. Maia Wine sar\u00e0 lo sponsor ufficiale di uno degli eventi pi\u00f9 glamour della kermesse veneziana, firmato <strong>Better World Fondation<\/strong>. Questo evento esclusivo che si terr\u00e0 il 5 settembre presso il lussuoso Cipriani Hotel, vedr\u00e0 la partecipazione di celebrit\u00e0, registi, leader, aziende e filantropi provenienti da tutto il mondo, riuniti per sostenere cause umanitarie. La serata inizier\u00e0 con un Red Carpet Cocktail, proseguir\u00e0 con una cena di gala e gli Awards, per poi concludersi con un&#8217;asta benefica a sostegno dell\u2019emancipazione femminile attraverso l\u2019arte. Tra gli ospiti d&#8217;onore attesi al Better World Event, spiccano due stelle di Hollywood: <strong>Kevin Costner<\/strong> e <strong>Susan Sarandon<\/strong> che con la loro presenza illumineranno ulteriormente una serata gi\u00e0 ricca di emozioni e solidariet\u00e0.<\/p>\n<p>&nbsp;<\/p>\n<p><strong><a href=\"http:\/\/www.cieloeterravini.com\">www.cieloeterravini.com<\/a><\/strong><\/p>\n<p><strong>Cielo e Terra<\/strong> nasce nel 1908, nelle campagne di Vicenza, vicino ai Castelli di Romeo e Giulietta, dove il bisnonno aveva acquistato un piccolo podere con vigneto. Il nonno Pietro ha proseguito la guida dell\u2019azienda con grande passione impegno sociale. Oggi alla guida dell&#8217;azienda ci sono Luca e Pierpaolo Cielo, assieme al socio Collis Veneto Wine Group unitosi all\u2019azienda della famiglia Cielo nel 1999. Oggi l\u2019azienda con una quota di esportazione superiore al 80% \u00e8 conosciuta in tutto il mondo con i marchi Cielo, Casa Defr\u00e0 e Bericanto. Il gruppo che nel 2023 ha superato i 65 milioni di euro si caratterizza per un approccio socialmente responsabile, orientato alla solidariet\u00e0, trasparenza e alla sostenibilit\u00e0. Il marchio Famiglia Cielo \u00e8 infatti legato da anni alla Ong americana Winetowater, con la quale vengono donati sistemi di filtrazione d\u2019acqua nelle aree pi\u00f9 bisognose. L&#8217;azienda dal 2020 aderisce al movimento BCorp, nel 2021 \u00e8 la volta di VIVA\u00a0\u201cla sostenibilit\u00e0 nel vino\u201d con l\u2019obiettivo di ottimizzare l\u2019impatto ambientale della filiera vite &#8211; vino. Dal 2022 \u00e8 anche Societ\u00e0 Benefit e nel 2023 ha ottenuto la certificazione Equalitas. Prima realt\u00e0 vinicola italiana a introdurre in azienda il modello della Lean Organization, Cielo e Terra integra numerosi progetti con un piano di economia circolare, affermandosi come realt\u00e0 in grado di fronteggiare le sfide dei mercati mondiali ed attestare la sua presenza in oltre 60 Paesi.<\/p>\n","protected":false},"excerpt":{"rendered":"<p>Una kermesse tutta da gustare con i vini della nota cantina vicentina, dal Party di Novella 2000 al gal\u00e0 &#8220;Better World Fondation&#8221; con l\u2019asta benefica a sostegno dell&#8217;emancipazione femminile attraverso l&#8217;arte, fino alla presenza nel Salotto delle Celebrit\u00e0 dal 28 agosto al 7 settembre. L&#8217;81esima edizione del Festival del Cinema di Venezia promette di essere un evento straordinario, non solo per gli amanti del cinema, ma anche per gli appassionati<\/p>\n<p><a class=\"continue-reading\" href=\"https:\/\/www.article-marketing.eu\/comunicatistampa\/cielo-e-terra-al-festival-del-cinema-di-venezia-con-le-bollicine-maia\/\">Continue reading&#8230;<\/a><\/p>\n","protected":false},"author":397,"featured_media":0,"comment_status":"open","ping_status":"open","sticky":false,"template":"","format":"standard","meta":{"_monsterinsights_skip_tracking":false,"_monsterinsights_sitenote_active":false,"_monsterinsights_sitenote_note":"","_monsterinsights_sitenote_category":0,"footnotes":""},"categories":[78],"tags":[],"class_list":["post-31218","post","type-post","status-publish","format-standard","hentry","category-comunicati-stampa"],"yoast_head":"<!-- This site is optimized with the Yoast SEO plugin v27.3 - https:\/\/yoast.com\/product\/yoast-seo-wordpress\/ -->\n<title>Cielo e Terra al Festival del Cinema di Venezia con le bollicine Maia - Article Marketing<\/title>\n<meta name=\"robots\" content=\"index, follow, max-snippet:-1, max-image-preview:large, max-video-preview:-1\" \/>\n<link rel=\"canonical\" href=\"https:\/\/www.article-marketing.eu\/comunicatistampa\/cielo-e-terra-al-festival-del-cinema-di-venezia-con-le-bollicine-maia\/\" \/>\n<meta property=\"og:locale\" content=\"it_IT\" \/>\n<meta property=\"og:type\" content=\"article\" \/>\n<meta property=\"og:title\" content=\"Cielo e Terra al Festival del Cinema di Venezia con le bollicine Maia - Article Marketing\" \/>\n<meta property=\"og:description\" content=\"Una kermesse tutta da gustare con i vini della nota cantina vicentina, dal Party di Novella 2000 al gal\u00e0 &#8220;Better World Fondation&#8221; con l\u2019asta benefica a sostegno dell&#8217;emancipazione femminile attraverso l&#8217;arte, fino alla presenza nel Salotto delle Celebrit\u00e0 dal 28 agosto al 7 settembre. L&#8217;81esima edizione del Festival del Cinema di Venezia promette di essere un evento straordinario, non solo per gli amanti del cinema, ma anche per gli appassionatiContinue reading...\" \/>\n<meta property=\"og:url\" content=\"https:\/\/www.article-marketing.eu\/comunicatistampa\/cielo-e-terra-al-festival-del-cinema-di-venezia-con-le-bollicine-maia\/\" \/>\n<meta property=\"og:site_name\" content=\"Article Marketing\" \/>\n<meta property=\"article:published_time\" content=\"2024-09-06T14:54:21+00:00\" \/>\n<meta name=\"author\" content=\"Borderline Agency\" \/>\n<meta name=\"twitter:card\" content=\"summary_large_image\" \/>\n<meta name=\"twitter:label1\" content=\"Scritto da\" \/>\n\t<meta name=\"twitter:data1\" content=\"Borderline Agency\" \/>\n\t<meta name=\"twitter:label2\" content=\"Tempo di lettura stimato\" \/>\n\t<meta name=\"twitter:data2\" content=\"4 minuti\" \/>\n<script type=\"application\/ld+json\" class=\"yoast-schema-graph\">{\"@context\":\"https:\\\/\\\/schema.org\",\"@graph\":[{\"@type\":\"Article\",\"@id\":\"https:\\\/\\\/www.article-marketing.eu\\\/comunicatistampa\\\/cielo-e-terra-al-festival-del-cinema-di-venezia-con-le-bollicine-maia\\\/#article\",\"isPartOf\":{\"@id\":\"https:\\\/\\\/www.article-marketing.eu\\\/comunicatistampa\\\/cielo-e-terra-al-festival-del-cinema-di-venezia-con-le-bollicine-maia\\\/\"},\"author\":{\"name\":\"Borderline Agency\",\"@id\":\"https:\\\/\\\/www.article-marketing.eu\\\/comunicatistampa\\\/#\\\/schema\\\/person\\\/1c4ab1c7aad84347e26e78235da6ff1b\"},\"headline\":\"Cielo e Terra al Festival del Cinema di Venezia con le bollicine Maia\",\"datePublished\":\"2024-09-06T14:54:21+00:00\",\"mainEntityOfPage\":{\"@id\":\"https:\\\/\\\/www.article-marketing.eu\\\/comunicatistampa\\\/cielo-e-terra-al-festival-del-cinema-di-venezia-con-le-bollicine-maia\\\/\"},\"wordCount\":673,\"commentCount\":0,\"articleSection\":[\"Comunicati stampa\"],\"inLanguage\":\"it-IT\",\"potentialAction\":[{\"@type\":\"CommentAction\",\"name\":\"Comment\",\"target\":[\"https:\\\/\\\/www.article-marketing.eu\\\/comunicatistampa\\\/cielo-e-terra-al-festival-del-cinema-di-venezia-con-le-bollicine-maia\\\/#respond\"]}]},{\"@type\":\"WebPage\",\"@id\":\"https:\\\/\\\/www.article-marketing.eu\\\/comunicatistampa\\\/cielo-e-terra-al-festival-del-cinema-di-venezia-con-le-bollicine-maia\\\/\",\"url\":\"https:\\\/\\\/www.article-marketing.eu\\\/comunicatistampa\\\/cielo-e-terra-al-festival-del-cinema-di-venezia-con-le-bollicine-maia\\\/\",\"name\":\"Cielo e Terra al Festival del Cinema di Venezia con le bollicine Maia - Article Marketing\",\"isPartOf\":{\"@id\":\"https:\\\/\\\/www.article-marketing.eu\\\/comunicatistampa\\\/#website\"},\"datePublished\":\"2024-09-06T14:54:21+00:00\",\"author\":{\"@id\":\"https:\\\/\\\/www.article-marketing.eu\\\/comunicatistampa\\\/#\\\/schema\\\/person\\\/1c4ab1c7aad84347e26e78235da6ff1b\"},\"breadcrumb\":{\"@id\":\"https:\\\/\\\/www.article-marketing.eu\\\/comunicatistampa\\\/cielo-e-terra-al-festival-del-cinema-di-venezia-con-le-bollicine-maia\\\/#breadcrumb\"},\"inLanguage\":\"it-IT\",\"potentialAction\":[{\"@type\":\"ReadAction\",\"target\":[\"https:\\\/\\\/www.article-marketing.eu\\\/comunicatistampa\\\/cielo-e-terra-al-festival-del-cinema-di-venezia-con-le-bollicine-maia\\\/\"]}]},{\"@type\":\"BreadcrumbList\",\"@id\":\"https:\\\/\\\/www.article-marketing.eu\\\/comunicatistampa\\\/cielo-e-terra-al-festival-del-cinema-di-venezia-con-le-bollicine-maia\\\/#breadcrumb\",\"itemListElement\":[{\"@type\":\"ListItem\",\"position\":1,\"name\":\"Home\",\"item\":\"https:\\\/\\\/www.article-marketing.eu\\\/comunicatistampa\\\/\"},{\"@type\":\"ListItem\",\"position\":2,\"name\":\"Cielo e Terra al Festival del Cinema di Venezia con le bollicine Maia\"}]},{\"@type\":\"WebSite\",\"@id\":\"https:\\\/\\\/www.article-marketing.eu\\\/comunicatistampa\\\/#website\",\"url\":\"https:\\\/\\\/www.article-marketing.eu\\\/comunicatistampa\\\/\",\"name\":\"Article Marketing\",\"description\":\"article marketing &amp; press release\",\"potentialAction\":[{\"@type\":\"SearchAction\",\"target\":{\"@type\":\"EntryPoint\",\"urlTemplate\":\"https:\\\/\\\/www.article-marketing.eu\\\/comunicatistampa\\\/?s={search_term_string}\"},\"query-input\":{\"@type\":\"PropertyValueSpecification\",\"valueRequired\":true,\"valueName\":\"search_term_string\"}}],\"inLanguage\":\"it-IT\"},{\"@type\":\"Person\",\"@id\":\"https:\\\/\\\/www.article-marketing.eu\\\/comunicatistampa\\\/#\\\/schema\\\/person\\\/1c4ab1c7aad84347e26e78235da6ff1b\",\"name\":\"Borderline Agency\",\"image\":{\"@type\":\"ImageObject\",\"inLanguage\":\"it-IT\",\"@id\":\"https:\\\/\\\/secure.gravatar.com\\\/avatar\\\/741fa053101610cb0be7dc835c116926549ae4ae2142ff35eac04d78fda61461?s=96&d=mm&r=g\",\"url\":\"https:\\\/\\\/secure.gravatar.com\\\/avatar\\\/741fa053101610cb0be7dc835c116926549ae4ae2142ff35eac04d78fda61461?s=96&d=mm&r=g\",\"contentUrl\":\"https:\\\/\\\/secure.gravatar.com\\\/avatar\\\/741fa053101610cb0be7dc835c116926549ae4ae2142ff35eac04d78fda61461?s=96&d=mm&r=g\",\"caption\":\"Borderline Agency\"},\"url\":\"https:\\\/\\\/www.article-marketing.eu\\\/comunicatistampa\\\/author\\\/borderline-agency\\\/\"}]}<\/script>\n<!-- \/ Yoast SEO plugin. -->","yoast_head_json":{"title":"Cielo e Terra al Festival del Cinema di Venezia con le bollicine Maia - Article Marketing","robots":{"index":"index","follow":"follow","max-snippet":"max-snippet:-1","max-image-preview":"max-image-preview:large","max-video-preview":"max-video-preview:-1"},"canonical":"https:\/\/www.article-marketing.eu\/comunicatistampa\/cielo-e-terra-al-festival-del-cinema-di-venezia-con-le-bollicine-maia\/","og_locale":"it_IT","og_type":"article","og_title":"Cielo e Terra al Festival del Cinema di Venezia con le bollicine Maia - Article Marketing","og_description":"Una kermesse tutta da gustare con i vini della nota cantina vicentina, dal Party di Novella 2000 al gal\u00e0 &#8220;Better World Fondation&#8221; con l\u2019asta benefica a sostegno dell&#8217;emancipazione femminile attraverso l&#8217;arte, fino alla presenza nel Salotto delle Celebrit\u00e0 dal 28 agosto al 7 settembre. L&#8217;81esima edizione del Festival del Cinema di Venezia promette di essere un evento straordinario, non solo per gli amanti del cinema, ma anche per gli appassionatiContinue reading...","og_url":"https:\/\/www.article-marketing.eu\/comunicatistampa\/cielo-e-terra-al-festival-del-cinema-di-venezia-con-le-bollicine-maia\/","og_site_name":"Article Marketing","article_published_time":"2024-09-06T14:54:21+00:00","author":"Borderline Agency","twitter_card":"summary_large_image","twitter_misc":{"Scritto da":"Borderline Agency","Tempo di lettura stimato":"4 minuti"},"schema":{"@context":"https:\/\/schema.org","@graph":[{"@type":"Article","@id":"https:\/\/www.article-marketing.eu\/comunicatistampa\/cielo-e-terra-al-festival-del-cinema-di-venezia-con-le-bollicine-maia\/#article","isPartOf":{"@id":"https:\/\/www.article-marketing.eu\/comunicatistampa\/cielo-e-terra-al-festival-del-cinema-di-venezia-con-le-bollicine-maia\/"},"author":{"name":"Borderline Agency","@id":"https:\/\/www.article-marketing.eu\/comunicatistampa\/#\/schema\/person\/1c4ab1c7aad84347e26e78235da6ff1b"},"headline":"Cielo e Terra al Festival del Cinema di Venezia con le bollicine Maia","datePublished":"2024-09-06T14:54:21+00:00","mainEntityOfPage":{"@id":"https:\/\/www.article-marketing.eu\/comunicatistampa\/cielo-e-terra-al-festival-del-cinema-di-venezia-con-le-bollicine-maia\/"},"wordCount":673,"commentCount":0,"articleSection":["Comunicati stampa"],"inLanguage":"it-IT","potentialAction":[{"@type":"CommentAction","name":"Comment","target":["https:\/\/www.article-marketing.eu\/comunicatistampa\/cielo-e-terra-al-festival-del-cinema-di-venezia-con-le-bollicine-maia\/#respond"]}]},{"@type":"WebPage","@id":"https:\/\/www.article-marketing.eu\/comunicatistampa\/cielo-e-terra-al-festival-del-cinema-di-venezia-con-le-bollicine-maia\/","url":"https:\/\/www.article-marketing.eu\/comunicatistampa\/cielo-e-terra-al-festival-del-cinema-di-venezia-con-le-bollicine-maia\/","name":"Cielo e Terra al Festival del Cinema di Venezia con le bollicine Maia - Article Marketing","isPartOf":{"@id":"https:\/\/www.article-marketing.eu\/comunicatistampa\/#website"},"datePublished":"2024-09-06T14:54:21+00:00","author":{"@id":"https:\/\/www.article-marketing.eu\/comunicatistampa\/#\/schema\/person\/1c4ab1c7aad84347e26e78235da6ff1b"},"breadcrumb":{"@id":"https:\/\/www.article-marketing.eu\/comunicatistampa\/cielo-e-terra-al-festival-del-cinema-di-venezia-con-le-bollicine-maia\/#breadcrumb"},"inLanguage":"it-IT","potentialAction":[{"@type":"ReadAction","target":["https:\/\/www.article-marketing.eu\/comunicatistampa\/cielo-e-terra-al-festival-del-cinema-di-venezia-con-le-bollicine-maia\/"]}]},{"@type":"BreadcrumbList","@id":"https:\/\/www.article-marketing.eu\/comunicatistampa\/cielo-e-terra-al-festival-del-cinema-di-venezia-con-le-bollicine-maia\/#breadcrumb","itemListElement":[{"@type":"ListItem","position":1,"name":"Home","item":"https:\/\/www.article-marketing.eu\/comunicatistampa\/"},{"@type":"ListItem","position":2,"name":"Cielo e Terra al Festival del Cinema di Venezia con le bollicine Maia"}]},{"@type":"WebSite","@id":"https:\/\/www.article-marketing.eu\/comunicatistampa\/#website","url":"https:\/\/www.article-marketing.eu\/comunicatistampa\/","name":"Article Marketing","description":"article marketing &amp; press release","potentialAction":[{"@type":"SearchAction","target":{"@type":"EntryPoint","urlTemplate":"https:\/\/www.article-marketing.eu\/comunicatistampa\/?s={search_term_string}"},"query-input":{"@type":"PropertyValueSpecification","valueRequired":true,"valueName":"search_term_string"}}],"inLanguage":"it-IT"},{"@type":"Person","@id":"https:\/\/www.article-marketing.eu\/comunicatistampa\/#\/schema\/person\/1c4ab1c7aad84347e26e78235da6ff1b","name":"Borderline Agency","image":{"@type":"ImageObject","inLanguage":"it-IT","@id":"https:\/\/secure.gravatar.com\/avatar\/741fa053101610cb0be7dc835c116926549ae4ae2142ff35eac04d78fda61461?s=96&d=mm&r=g","url":"https:\/\/secure.gravatar.com\/avatar\/741fa053101610cb0be7dc835c116926549ae4ae2142ff35eac04d78fda61461?s=96&d=mm&r=g","contentUrl":"https:\/\/secure.gravatar.com\/avatar\/741fa053101610cb0be7dc835c116926549ae4ae2142ff35eac04d78fda61461?s=96&d=mm&r=g","caption":"Borderline Agency"},"url":"https:\/\/www.article-marketing.eu\/comunicatistampa\/author\/borderline-agency\/"}]}},"_links":{"self":[{"href":"https:\/\/www.article-marketing.eu\/comunicatistampa\/wp-json\/wp\/v2\/posts\/31218","targetHints":{"allow":["GET"]}}],"collection":[{"href":"https:\/\/www.article-marketing.eu\/comunicatistampa\/wp-json\/wp\/v2\/posts"}],"about":[{"href":"https:\/\/www.article-marketing.eu\/comunicatistampa\/wp-json\/wp\/v2\/types\/post"}],"author":[{"embeddable":true,"href":"https:\/\/www.article-marketing.eu\/comunicatistampa\/wp-json\/wp\/v2\/users\/397"}],"replies":[{"embeddable":true,"href":"https:\/\/www.article-marketing.eu\/comunicatistampa\/wp-json\/wp\/v2\/comments?post=31218"}],"version-history":[{"count":2,"href":"https:\/\/www.article-marketing.eu\/comunicatistampa\/wp-json\/wp\/v2\/posts\/31218\/revisions"}],"predecessor-version":[{"id":31243,"href":"https:\/\/www.article-marketing.eu\/comunicatistampa\/wp-json\/wp\/v2\/posts\/31218\/revisions\/31243"}],"wp:attachment":[{"href":"https:\/\/www.article-marketing.eu\/comunicatistampa\/wp-json\/wp\/v2\/media?parent=31218"}],"wp:term":[{"taxonomy":"category","embeddable":true,"href":"https:\/\/www.article-marketing.eu\/comunicatistampa\/wp-json\/wp\/v2\/categories?post=31218"},{"taxonomy":"post_tag","embeddable":true,"href":"https:\/\/www.article-marketing.eu\/comunicatistampa\/wp-json\/wp\/v2\/tags?post=31218"}],"curies":[{"name":"wp","href":"https:\/\/api.w.org\/{rel}","templated":true}]}}