{"id":31230,"date":"2024-09-06T16:55:46","date_gmt":"2024-09-06T14:55:46","guid":{"rendered":"https:\/\/www.article-marketing.eu\/comunicatistampa\/?p=31230"},"modified":"2024-09-06T16:55:46","modified_gmt":"2024-09-06T14:55:46","slug":"pertosse-susanna-esposito-il-vaccino-e-larma-piu-importante-contro-la-malattia","status":"publish","type":"post","link":"https:\/\/www.article-marketing.eu\/comunicatistampa\/pertosse-susanna-esposito-il-vaccino-e-larma-piu-importante-contro-la-malattia\/","title":{"rendered":"Pertosse, Susanna Esposito: il vaccino \u00e8 l\u2019arma pi\u00f9 importante contro la malattia"},"content":{"rendered":"<p><em><strong>Causata dal batterio Bordetella pertussis, la pertosse \u00e8 una malattia infettiva altamente contagiosa. L\u2019incremento dei contagi in Europa ha spinto <a title=\"Pertosse, l'appello di Susanna Esposito\" href=\"https:\/\/www.riflettorisu.it\/societa\/boom-di-pertosse-susanna-esposito-cause-conseguenze-e-prevenzione\">Susanna Esposito<\/a> a richiamare l\u2019attenzione sull\u2019importanza dei vaccini.<\/strong><\/em><\/p>\n<p><a title=\"Rischio pertosse, le indicazioni della pediatra Susanna Esposito\" href=\"https:\/\/www.riflettorisu.it\/societa\/boom-di-pertosse-susanna-esposito-cause-conseguenze-e-prevenzione\"><img loading=\"lazy\" decoding=\"async\" src=\"https:\/\/www.riflettorisu.it\/wp-content\/uploads\/2024\/06\/susanna-esposito-professoressa-pediatra-547x494.jpg\" alt=\"Susanna Esposito\" width=\"221\" height=\"200\" \/><\/a><\/p>\n<h2>Susanna Esposito: vaccinarsi per scongiurare il pericolo pertosse<\/h2>\n<p>Il 2023 ha segnato un anno critico per la salute pubblica in Europa, con un aumento esponenziale dei casi di pertosse, che ha raggiunto un incremento di dieci volte rispetto agli anni precedenti. Secondo i dati forniti dall\u2019European Centre for Disease Prevention and Control (ECDC), sono stati registrati quasi 60.000 casi tra il 2023 e l\u2019aprile 2024, evidenziando una recrudescenza allarmante di questa malattia infettiva altamente contagiosa. La situazione \u00e8 ulteriormente aggravata da tre decessi e un aumento dell\u2019800% dei ricoveri, che hanno spinto esperti come <strong>Susanna Esposito<\/strong>, Direttrice della Clinica Pediatrica dell\u2019Azienda Ospedaliero-Universitaria di Parma, a richiamare l\u2019attenzione sulla necessit\u00e0 di migliorare la copertura vaccinale, in particolare tra adolescenti e adulti. Un caso emblematico dell\u2019emergenza \u00e8 la morte del giovane calciatore Andrea Vincenzi, avvenuta a febbraio a causa di un\u2019insufficienza respiratoria provocata dal batterio <em>Bordetella pertussis<\/em>. Il tragico evento ha messo in luce la pericolosit\u00e0 della pertosse e l\u2019urgenza di diffondere una maggiore consapevolezza riguardo alla vaccinazione.<\/p>\n<h2>Susanna Esposito: fare richiami per mantenere l\u2019immunit\u00e0 dalla pertosse<\/h2>\n<p>La vaccinazione contro la pertosse, come ha ricordato <a title=\"Leggi le dichiarazioni integrali di Susanna Esposito su Riflettorisu.it\" href=\"https:\/\/www.riflettorisu.it\/societa\/boom-di-pertosse-susanna-esposito-cause-conseguenze-e-prevenzione\">Susanna Esposito<\/a>, \u201c<em>non d\u00e0 un\u2019immunit\u00e0 permanente perch\u00e9 la protezione dura dai 3 ai 5 anni a seconda dell\u2019individuo<\/em>\u201d. La Direttrice della Clinica Pediatrica dell\u2019Universit\u00e0 di Parma, nonch\u00e9 responsabile del tavolo tecnico malattie infettive e vaccinazioni della Societ\u00e0 italiana di pediatria, gi\u00e0 nel 1999 aveva condotto uno studio che dimostrava la necessit\u00e0 di richiami periodici del vaccino al fine di mantenere l\u2019immunit\u00e0. Oggi si raccomanda di somministrare il vaccino trivalente contro difterite, tetano e pertosse (DTPa) con il vaccino esavalente nel primo anno di et\u00e0, effettuare un richiamo di dTpa associato all\u2019antipolio verso i 5-6 anni e tra gli 11 e i 18 anni e poi il dTpa ogni 10 anni per tutta la vita, oltre che in gravidanza a partire dalla 27esima settimana di gestazione ad ogni gravidanza. Con un tasso di copertura vaccinale inferiore al necessario, in Italia il batterio continua a circolare pericolosamente. Susanna Esposito ha evidenziato come sia stata constatata \u201c<em>una immunit\u00e0 scoperta della popolazione e abbiamo molti soggetti vergini all\u2019agente infettivo della pertosse che, comunque, non fornendo un\u2019immunit\u00e0 permanente, richiede di effettuare i richiami vaccinali dopo 5 anni dall\u2019acquisizione della malattia<\/em>\u201d.<\/p>\n","protected":false},"excerpt":{"rendered":"<p>Causata dal batterio Bordetella pertussis, la pertosse \u00e8 una malattia infettiva altamente contagiosa. L\u2019incremento dei contagi in Europa ha spinto Susanna Esposito a richiamare l\u2019attenzione sull\u2019importanza dei vaccini. Susanna Esposito: vaccinarsi per scongiurare il pericolo pertosse Il 2023 ha segnato un anno critico per la salute pubblica in Europa, con un aumento esponenziale dei casi di pertosse, che ha raggiunto un incremento di dieci volte rispetto agli anni precedenti. Secondo<\/p>\n<p><a class=\"continue-reading\" href=\"https:\/\/www.article-marketing.eu\/comunicatistampa\/pertosse-susanna-esposito-il-vaccino-e-larma-piu-importante-contro-la-malattia\/\">Continue reading&#8230;<\/a><\/p>\n","protected":false},"author":6477,"featured_media":0,"comment_status":"open","ping_status":"open","sticky":false,"template":"","format":"standard","meta":{"_monsterinsights_skip_tracking":false,"_monsterinsights_sitenote_active":false,"_monsterinsights_sitenote_note":"","_monsterinsights_sitenote_category":0,"footnotes":""},"categories":[371],"tags":[10779],"class_list":["post-31230","post","type-post","status-publish","format-standard","hentry","category-medicina","tag-susanna-esposito"],"yoast_head":"<!-- This site is optimized with the Yoast SEO plugin v27.3 - https:\/\/yoast.com\/product\/yoast-seo-wordpress\/ -->\n<title>Pertosse, Susanna Esposito: il vaccino \u00e8 l\u2019arma pi\u00f9 importante contro la malattia<\/title>\n<meta name=\"robots\" content=\"index, follow, max-snippet:-1, max-image-preview:large, max-video-preview:-1\" \/>\n<link rel=\"canonical\" href=\"https:\/\/www.article-marketing.eu\/comunicatistampa\/pertosse-susanna-esposito-il-vaccino-e-larma-piu-importante-contro-la-malattia\/\" \/>\n<meta property=\"og:locale\" content=\"it_IT\" \/>\n<meta property=\"og:type\" content=\"article\" \/>\n<meta property=\"og:title\" content=\"Pertosse, Susanna Esposito: il vaccino \u00e8 l\u2019arma pi\u00f9 importante contro la malattia\" \/>\n<meta property=\"og:description\" content=\"Causata dal batterio Bordetella pertussis, la pertosse \u00e8 una malattia infettiva altamente contagiosa. L\u2019incremento dei contagi in Europa ha spinto Susanna Esposito a richiamare l\u2019attenzione sull\u2019importanza dei vaccini. Susanna Esposito: vaccinarsi per scongiurare il pericolo pertosse Il 2023 ha segnato un anno critico per la salute pubblica in Europa, con un aumento esponenziale dei casi di pertosse, che ha raggiunto un incremento di dieci volte rispetto agli anni precedenti. SecondoContinue reading...\" \/>\n<meta property=\"og:url\" content=\"https:\/\/www.article-marketing.eu\/comunicatistampa\/pertosse-susanna-esposito-il-vaccino-e-larma-piu-importante-contro-la-malattia\/\" \/>\n<meta property=\"og:site_name\" content=\"Article Marketing\" \/>\n<meta property=\"article:published_time\" content=\"2024-09-06T14:55:46+00:00\" \/>\n<meta property=\"og:image\" content=\"https:\/\/www.riflettorisu.it\/wp-content\/uploads\/2024\/06\/susanna-esposito-professoressa-pediatra-547x494.jpg\" \/>\n<meta name=\"author\" content=\"articolinews\" \/>\n<meta name=\"twitter:card\" content=\"summary_large_image\" \/>\n<meta name=\"twitter:label1\" content=\"Scritto da\" \/>\n\t<meta name=\"twitter:data1\" content=\"articolinews\" \/>\n\t<meta name=\"twitter:label2\" content=\"Tempo di lettura stimato\" \/>\n\t<meta name=\"twitter:data2\" content=\"3 minuti\" \/>\n<script type=\"application\/ld+json\" class=\"yoast-schema-graph\">{\"@context\":\"https:\\\/\\\/schema.org\",\"@graph\":[{\"@type\":\"Article\",\"@id\":\"https:\\\/\\\/www.article-marketing.eu\\\/comunicatistampa\\\/pertosse-susanna-esposito-il-vaccino-e-larma-piu-importante-contro-la-malattia\\\/#article\",\"isPartOf\":{\"@id\":\"https:\\\/\\\/www.article-marketing.eu\\\/comunicatistampa\\\/pertosse-susanna-esposito-il-vaccino-e-larma-piu-importante-contro-la-malattia\\\/\"},\"author\":{\"name\":\"articolinews\",\"@id\":\"https:\\\/\\\/www.article-marketing.eu\\\/comunicatistampa\\\/#\\\/schema\\\/person\\\/2fcaf8f8f3a9eef9eb7f27532d3ca458\"},\"headline\":\"Pertosse, Susanna Esposito: il vaccino \u00e8 l\u2019arma pi\u00f9 importante contro la malattia\",\"datePublished\":\"2024-09-06T14:55:46+00:00\",\"mainEntityOfPage\":{\"@id\":\"https:\\\/\\\/www.article-marketing.eu\\\/comunicatistampa\\\/pertosse-susanna-esposito-il-vaccino-e-larma-piu-importante-contro-la-malattia\\\/\"},\"wordCount\":413,\"commentCount\":0,\"image\":{\"@id\":\"https:\\\/\\\/www.article-marketing.eu\\\/comunicatistampa\\\/pertosse-susanna-esposito-il-vaccino-e-larma-piu-importante-contro-la-malattia\\\/#primaryimage\"},\"thumbnailUrl\":\"https:\\\/\\\/www.riflettorisu.it\\\/wp-content\\\/uploads\\\/2024\\\/06\\\/susanna-esposito-professoressa-pediatra-547x494.jpg\",\"keywords\":[\"Susanna Esposito\"],\"articleSection\":[\"Medicina\"],\"inLanguage\":\"it-IT\",\"potentialAction\":[{\"@type\":\"CommentAction\",\"name\":\"Comment\",\"target\":[\"https:\\\/\\\/www.article-marketing.eu\\\/comunicatistampa\\\/pertosse-susanna-esposito-il-vaccino-e-larma-piu-importante-contro-la-malattia\\\/#respond\"]}]},{\"@type\":\"WebPage\",\"@id\":\"https:\\\/\\\/www.article-marketing.eu\\\/comunicatistampa\\\/pertosse-susanna-esposito-il-vaccino-e-larma-piu-importante-contro-la-malattia\\\/\",\"url\":\"https:\\\/\\\/www.article-marketing.eu\\\/comunicatistampa\\\/pertosse-susanna-esposito-il-vaccino-e-larma-piu-importante-contro-la-malattia\\\/\",\"name\":\"Pertosse, Susanna Esposito: il vaccino \u00e8 l\u2019arma pi\u00f9 importante contro la malattia\",\"isPartOf\":{\"@id\":\"https:\\\/\\\/www.article-marketing.eu\\\/comunicatistampa\\\/#website\"},\"primaryImageOfPage\":{\"@id\":\"https:\\\/\\\/www.article-marketing.eu\\\/comunicatistampa\\\/pertosse-susanna-esposito-il-vaccino-e-larma-piu-importante-contro-la-malattia\\\/#primaryimage\"},\"image\":{\"@id\":\"https:\\\/\\\/www.article-marketing.eu\\\/comunicatistampa\\\/pertosse-susanna-esposito-il-vaccino-e-larma-piu-importante-contro-la-malattia\\\/#primaryimage\"},\"thumbnailUrl\":\"https:\\\/\\\/www.riflettorisu.it\\\/wp-content\\\/uploads\\\/2024\\\/06\\\/susanna-esposito-professoressa-pediatra-547x494.jpg\",\"datePublished\":\"2024-09-06T14:55:46+00:00\",\"author\":{\"@id\":\"https:\\\/\\\/www.article-marketing.eu\\\/comunicatistampa\\\/#\\\/schema\\\/person\\\/2fcaf8f8f3a9eef9eb7f27532d3ca458\"},\"breadcrumb\":{\"@id\":\"https:\\\/\\\/www.article-marketing.eu\\\/comunicatistampa\\\/pertosse-susanna-esposito-il-vaccino-e-larma-piu-importante-contro-la-malattia\\\/#breadcrumb\"},\"inLanguage\":\"it-IT\",\"potentialAction\":[{\"@type\":\"ReadAction\",\"target\":[\"https:\\\/\\\/www.article-marketing.eu\\\/comunicatistampa\\\/pertosse-susanna-esposito-il-vaccino-e-larma-piu-importante-contro-la-malattia\\\/\"]}]},{\"@type\":\"ImageObject\",\"inLanguage\":\"it-IT\",\"@id\":\"https:\\\/\\\/www.article-marketing.eu\\\/comunicatistampa\\\/pertosse-susanna-esposito-il-vaccino-e-larma-piu-importante-contro-la-malattia\\\/#primaryimage\",\"url\":\"https:\\\/\\\/www.riflettorisu.it\\\/wp-content\\\/uploads\\\/2024\\\/06\\\/susanna-esposito-professoressa-pediatra-547x494.jpg\",\"contentUrl\":\"https:\\\/\\\/www.riflettorisu.it\\\/wp-content\\\/uploads\\\/2024\\\/06\\\/susanna-esposito-professoressa-pediatra-547x494.jpg\"},{\"@type\":\"BreadcrumbList\",\"@id\":\"https:\\\/\\\/www.article-marketing.eu\\\/comunicatistampa\\\/pertosse-susanna-esposito-il-vaccino-e-larma-piu-importante-contro-la-malattia\\\/#breadcrumb\",\"itemListElement\":[{\"@type\":\"ListItem\",\"position\":1,\"name\":\"Home\",\"item\":\"https:\\\/\\\/www.article-marketing.eu\\\/comunicatistampa\\\/\"},{\"@type\":\"ListItem\",\"position\":2,\"name\":\"Pertosse, Susanna Esposito: il vaccino \u00e8 l\u2019arma pi\u00f9 importante contro la malattia\"}]},{\"@type\":\"WebSite\",\"@id\":\"https:\\\/\\\/www.article-marketing.eu\\\/comunicatistampa\\\/#website\",\"url\":\"https:\\\/\\\/www.article-marketing.eu\\\/comunicatistampa\\\/\",\"name\":\"Article Marketing\",\"description\":\"article marketing &amp; press release\",\"potentialAction\":[{\"@type\":\"SearchAction\",\"target\":{\"@type\":\"EntryPoint\",\"urlTemplate\":\"https:\\\/\\\/www.article-marketing.eu\\\/comunicatistampa\\\/?s={search_term_string}\"},\"query-input\":{\"@type\":\"PropertyValueSpecification\",\"valueRequired\":true,\"valueName\":\"search_term_string\"}}],\"inLanguage\":\"it-IT\"},{\"@type\":\"Person\",\"@id\":\"https:\\\/\\\/www.article-marketing.eu\\\/comunicatistampa\\\/#\\\/schema\\\/person\\\/2fcaf8f8f3a9eef9eb7f27532d3ca458\",\"name\":\"articolinews\",\"image\":{\"@type\":\"ImageObject\",\"inLanguage\":\"it-IT\",\"@id\":\"https:\\\/\\\/secure.gravatar.com\\\/avatar\\\/9e2a264bab04e17dea24d937c9956304649a848cb73c46747a692ff1bdeb1cb7?s=96&d=mm&r=g\",\"url\":\"https:\\\/\\\/secure.gravatar.com\\\/avatar\\\/9e2a264bab04e17dea24d937c9956304649a848cb73c46747a692ff1bdeb1cb7?s=96&d=mm&r=g\",\"contentUrl\":\"https:\\\/\\\/secure.gravatar.com\\\/avatar\\\/9e2a264bab04e17dea24d937c9956304649a848cb73c46747a692ff1bdeb1cb7?s=96&d=mm&r=g\",\"caption\":\"articolinews\"},\"url\":\"https:\\\/\\\/www.article-marketing.eu\\\/comunicatistampa\\\/author\\\/articolinews\\\/\"}]}<\/script>\n<!-- \/ Yoast SEO plugin. -->","yoast_head_json":{"title":"Pertosse, Susanna Esposito: il vaccino \u00e8 l\u2019arma pi\u00f9 importante contro la malattia","robots":{"index":"index","follow":"follow","max-snippet":"max-snippet:-1","max-image-preview":"max-image-preview:large","max-video-preview":"max-video-preview:-1"},"canonical":"https:\/\/www.article-marketing.eu\/comunicatistampa\/pertosse-susanna-esposito-il-vaccino-e-larma-piu-importante-contro-la-malattia\/","og_locale":"it_IT","og_type":"article","og_title":"Pertosse, Susanna Esposito: il vaccino \u00e8 l\u2019arma pi\u00f9 importante contro la malattia","og_description":"Causata dal batterio Bordetella pertussis, la pertosse \u00e8 una malattia infettiva altamente contagiosa. L\u2019incremento dei contagi in Europa ha spinto Susanna Esposito a richiamare l\u2019attenzione sull\u2019importanza dei vaccini. Susanna Esposito: vaccinarsi per scongiurare il pericolo pertosse Il 2023 ha segnato un anno critico per la salute pubblica in Europa, con un aumento esponenziale dei casi di pertosse, che ha raggiunto un incremento di dieci volte rispetto agli anni precedenti. SecondoContinue reading...","og_url":"https:\/\/www.article-marketing.eu\/comunicatistampa\/pertosse-susanna-esposito-il-vaccino-e-larma-piu-importante-contro-la-malattia\/","og_site_name":"Article Marketing","article_published_time":"2024-09-06T14:55:46+00:00","og_image":[{"url":"https:\/\/www.riflettorisu.it\/wp-content\/uploads\/2024\/06\/susanna-esposito-professoressa-pediatra-547x494.jpg","type":"","width":"","height":""}],"author":"articolinews","twitter_card":"summary_large_image","twitter_misc":{"Scritto da":"articolinews","Tempo di lettura stimato":"3 minuti"},"schema":{"@context":"https:\/\/schema.org","@graph":[{"@type":"Article","@id":"https:\/\/www.article-marketing.eu\/comunicatistampa\/pertosse-susanna-esposito-il-vaccino-e-larma-piu-importante-contro-la-malattia\/#article","isPartOf":{"@id":"https:\/\/www.article-marketing.eu\/comunicatistampa\/pertosse-susanna-esposito-il-vaccino-e-larma-piu-importante-contro-la-malattia\/"},"author":{"name":"articolinews","@id":"https:\/\/www.article-marketing.eu\/comunicatistampa\/#\/schema\/person\/2fcaf8f8f3a9eef9eb7f27532d3ca458"},"headline":"Pertosse, Susanna Esposito: il vaccino \u00e8 l\u2019arma pi\u00f9 importante contro la malattia","datePublished":"2024-09-06T14:55:46+00:00","mainEntityOfPage":{"@id":"https:\/\/www.article-marketing.eu\/comunicatistampa\/pertosse-susanna-esposito-il-vaccino-e-larma-piu-importante-contro-la-malattia\/"},"wordCount":413,"commentCount":0,"image":{"@id":"https:\/\/www.article-marketing.eu\/comunicatistampa\/pertosse-susanna-esposito-il-vaccino-e-larma-piu-importante-contro-la-malattia\/#primaryimage"},"thumbnailUrl":"https:\/\/www.riflettorisu.it\/wp-content\/uploads\/2024\/06\/susanna-esposito-professoressa-pediatra-547x494.jpg","keywords":["Susanna Esposito"],"articleSection":["Medicina"],"inLanguage":"it-IT","potentialAction":[{"@type":"CommentAction","name":"Comment","target":["https:\/\/www.article-marketing.eu\/comunicatistampa\/pertosse-susanna-esposito-il-vaccino-e-larma-piu-importante-contro-la-malattia\/#respond"]}]},{"@type":"WebPage","@id":"https:\/\/www.article-marketing.eu\/comunicatistampa\/pertosse-susanna-esposito-il-vaccino-e-larma-piu-importante-contro-la-malattia\/","url":"https:\/\/www.article-marketing.eu\/comunicatistampa\/pertosse-susanna-esposito-il-vaccino-e-larma-piu-importante-contro-la-malattia\/","name":"Pertosse, Susanna Esposito: il vaccino \u00e8 l\u2019arma pi\u00f9 importante contro la malattia","isPartOf":{"@id":"https:\/\/www.article-marketing.eu\/comunicatistampa\/#website"},"primaryImageOfPage":{"@id":"https:\/\/www.article-marketing.eu\/comunicatistampa\/pertosse-susanna-esposito-il-vaccino-e-larma-piu-importante-contro-la-malattia\/#primaryimage"},"image":{"@id":"https:\/\/www.article-marketing.eu\/comunicatistampa\/pertosse-susanna-esposito-il-vaccino-e-larma-piu-importante-contro-la-malattia\/#primaryimage"},"thumbnailUrl":"https:\/\/www.riflettorisu.it\/wp-content\/uploads\/2024\/06\/susanna-esposito-professoressa-pediatra-547x494.jpg","datePublished":"2024-09-06T14:55:46+00:00","author":{"@id":"https:\/\/www.article-marketing.eu\/comunicatistampa\/#\/schema\/person\/2fcaf8f8f3a9eef9eb7f27532d3ca458"},"breadcrumb":{"@id":"https:\/\/www.article-marketing.eu\/comunicatistampa\/pertosse-susanna-esposito-il-vaccino-e-larma-piu-importante-contro-la-malattia\/#breadcrumb"},"inLanguage":"it-IT","potentialAction":[{"@type":"ReadAction","target":["https:\/\/www.article-marketing.eu\/comunicatistampa\/pertosse-susanna-esposito-il-vaccino-e-larma-piu-importante-contro-la-malattia\/"]}]},{"@type":"ImageObject","inLanguage":"it-IT","@id":"https:\/\/www.article-marketing.eu\/comunicatistampa\/pertosse-susanna-esposito-il-vaccino-e-larma-piu-importante-contro-la-malattia\/#primaryimage","url":"https:\/\/www.riflettorisu.it\/wp-content\/uploads\/2024\/06\/susanna-esposito-professoressa-pediatra-547x494.jpg","contentUrl":"https:\/\/www.riflettorisu.it\/wp-content\/uploads\/2024\/06\/susanna-esposito-professoressa-pediatra-547x494.jpg"},{"@type":"BreadcrumbList","@id":"https:\/\/www.article-marketing.eu\/comunicatistampa\/pertosse-susanna-esposito-il-vaccino-e-larma-piu-importante-contro-la-malattia\/#breadcrumb","itemListElement":[{"@type":"ListItem","position":1,"name":"Home","item":"https:\/\/www.article-marketing.eu\/comunicatistampa\/"},{"@type":"ListItem","position":2,"name":"Pertosse, Susanna Esposito: il vaccino \u00e8 l\u2019arma pi\u00f9 importante contro la malattia"}]},{"@type":"WebSite","@id":"https:\/\/www.article-marketing.eu\/comunicatistampa\/#website","url":"https:\/\/www.article-marketing.eu\/comunicatistampa\/","name":"Article Marketing","description":"article marketing &amp; press release","potentialAction":[{"@type":"SearchAction","target":{"@type":"EntryPoint","urlTemplate":"https:\/\/www.article-marketing.eu\/comunicatistampa\/?s={search_term_string}"},"query-input":{"@type":"PropertyValueSpecification","valueRequired":true,"valueName":"search_term_string"}}],"inLanguage":"it-IT"},{"@type":"Person","@id":"https:\/\/www.article-marketing.eu\/comunicatistampa\/#\/schema\/person\/2fcaf8f8f3a9eef9eb7f27532d3ca458","name":"articolinews","image":{"@type":"ImageObject","inLanguage":"it-IT","@id":"https:\/\/secure.gravatar.com\/avatar\/9e2a264bab04e17dea24d937c9956304649a848cb73c46747a692ff1bdeb1cb7?s=96&d=mm&r=g","url":"https:\/\/secure.gravatar.com\/avatar\/9e2a264bab04e17dea24d937c9956304649a848cb73c46747a692ff1bdeb1cb7?s=96&d=mm&r=g","contentUrl":"https:\/\/secure.gravatar.com\/avatar\/9e2a264bab04e17dea24d937c9956304649a848cb73c46747a692ff1bdeb1cb7?s=96&d=mm&r=g","caption":"articolinews"},"url":"https:\/\/www.article-marketing.eu\/comunicatistampa\/author\/articolinews\/"}]}},"_links":{"self":[{"href":"https:\/\/www.article-marketing.eu\/comunicatistampa\/wp-json\/wp\/v2\/posts\/31230","targetHints":{"allow":["GET"]}}],"collection":[{"href":"https:\/\/www.article-marketing.eu\/comunicatistampa\/wp-json\/wp\/v2\/posts"}],"about":[{"href":"https:\/\/www.article-marketing.eu\/comunicatistampa\/wp-json\/wp\/v2\/types\/post"}],"author":[{"embeddable":true,"href":"https:\/\/www.article-marketing.eu\/comunicatistampa\/wp-json\/wp\/v2\/users\/6477"}],"replies":[{"embeddable":true,"href":"https:\/\/www.article-marketing.eu\/comunicatistampa\/wp-json\/wp\/v2\/comments?post=31230"}],"version-history":[{"count":2,"href":"https:\/\/www.article-marketing.eu\/comunicatistampa\/wp-json\/wp\/v2\/posts\/31230\/revisions"}],"predecessor-version":[{"id":31247,"href":"https:\/\/www.article-marketing.eu\/comunicatistampa\/wp-json\/wp\/v2\/posts\/31230\/revisions\/31247"}],"wp:attachment":[{"href":"https:\/\/www.article-marketing.eu\/comunicatistampa\/wp-json\/wp\/v2\/media?parent=31230"}],"wp:term":[{"taxonomy":"category","embeddable":true,"href":"https:\/\/www.article-marketing.eu\/comunicatistampa\/wp-json\/wp\/v2\/categories?post=31230"},{"taxonomy":"post_tag","embeddable":true,"href":"https:\/\/www.article-marketing.eu\/comunicatistampa\/wp-json\/wp\/v2\/tags?post=31230"}],"curies":[{"name":"wp","href":"https:\/\/api.w.org\/{rel}","templated":true}]}}