{"id":31277,"date":"2024-09-17T18:43:28","date_gmt":"2024-09-17T16:43:28","guid":{"rendered":"https:\/\/www.article-marketing.eu\/comunicatistampa\/?p=31277"},"modified":"2024-09-17T18:43:28","modified_gmt":"2024-09-17T16:43:28","slug":"amsa-gruppo-a2a-cultura-aziendale-sostenibile-con-la-guida-di-carlotta-ventura","status":"publish","type":"post","link":"https:\/\/www.article-marketing.eu\/comunicatistampa\/amsa-gruppo-a2a-cultura-aziendale-sostenibile-con-la-guida-di-carlotta-ventura\/","title":{"rendered":"Amsa (Gruppo A2A): cultura aziendale sostenibile con la guida di Carlotta Ventura"},"content":{"rendered":"<p><em><strong><a title=\"Carlotta Ventura: focus sulle attivit\u00e0 in Amsa\" href=\"https:\/\/milano.repubblica.it\/cronaca\/2024\/07\/24\/news\/presidente_amsa_carlotta_ventura-423410760\/\">Carlotta Ventura<\/a>, Direttore Comunicazione, Sostenibilit\u00e0 e Affari Regionali di A2A, ha assunto la presidenza della controllata Amsa per il triennio 2024-2026. Con una consolidata esperienza sulle tematiche ESG, nel suo ruolo \u00e8 impegnata nel promuovere valori come la sostenibilit\u00e0 e la responsabilit\u00e0 ambientale.<\/strong><\/em><\/p>\n<p><a title=\"Amsa, l'intervento della Presidente Carlotta Ventura\" href=\"https:\/\/milano.repubblica.it\/cronaca\/2024\/07\/24\/news\/presidente_amsa_carlotta_ventura-423410760\/\"><img loading=\"lazy\" decoding=\"async\" src=\"https:\/\/www.repstatic.it\/content\/localirep\/img\/rep-milano\/2024\/07\/23\/210146273-973cef9d-fff0-439f-a362-1b0919e85b66.jpg?webp\" alt=\"Carlotta Ventura\" width=\"356\" height=\"200\" \/><\/a><\/p>\n<h2>Carlotta Ventura: diffondere cultura della sostenibilit\u00e0<\/h2>\n<p>Manager di grande esperienza alla guida dell\u2019Area Comunicazione, Sostenibilit\u00e0 e Affari Regionali di <strong>A2A<\/strong>, da marzo 2024 <strong>Carlotta Ventura<\/strong> ha assunto l\u2019incarico di Presidente di Amsa, societ\u00e0 controllata dalla Life Company che gestisce i servizi di raccolta rifiuti e igiene urbana a Milano e in alcuni Comuni dell\u2019hinterland. Insieme al nuovo Consiglio di Amministrazione, in carica per il triennio 2024-2026 e composto anche dai dirigenti di A2A Marcello Milani, confermato Amministratore Delegato, Giulia Isola, Daniela Martinazzi e Fulvio Roncari, <strong>Carlotta Ventura<\/strong> \u00e8 impegnata nel favorire progetti ESG (environmental, social, governance) con l\u2019obiettivo di diffondere una cultura della sostenibilit\u00e0 anche attraverso iniziative di educazione sostenibile. Tra queste, ad esempio, il progetto \u201cScuola Forestami\u201d a Milano, supportato da A2A e Parco Nord Milano, per la nascita di nuovi spazi verdi nelle scuole dell\u2019infanzia.<\/p>\n<h2>\u201cScuola Forestami\u201d, Carlotta Ventura: coinvolti 100.000 tra studenti e insegnanti<\/h2>\n<p>Come reso noto alla presentazione del progetto, \u201cScuola Forestami\u201d supporta la creazione di spazi verdi nelle scuole dell\u2019infanzia: in particolare, sono stati quattro gli istituti periferici selezionati per la riqualificazione dei rispettivi giardini, trasformati in \u201cAngoli di biodiversit\u00e0\u201d. In tale occasione <strong><a title=\"Carlotta Ventura, Presidente di Amsa: il punto sulle attivit\u00e0\" href=\"https:\/\/milano.repubblica.it\/cronaca\/2024\/07\/24\/news\/presidente_amsa_carlotta_ventura-423410760\/\">Carlotta Ventura<\/a><\/strong> aveva evidenziato l\u2019importanza del coinvolgimento dei bambini in temi cruciali come il rispetto dell\u2019ambiente e la biodiversit\u00e0: a tal riguardo, nel 2023 sono stati <em>\u201c100.000 gli studenti e gli insegnanti raggiunti, dimostrando il nostro impegno per l\u2019educazione sostenibile\u201d<\/em>. Il progetto ha visto i bambini diventare veri protagonisti e realizzatori dei giardini di biodiversit\u00e0 all\u2019interno delle quattro scuole, fornendo in ognuna una propria interpretazione di cosa significasse la natura. <em>\u201c<strong>A2A <\/strong>\u00e8 fiera di promuovere iniziative come \u2018Angoli di biodiversit\u00e0\u2019, che insegnano il rispetto per l\u2019ambiente alle nuove generazioni\u201d<\/em>, cos\u00ec <strong>Carlotta Ventura<\/strong> in conclusione.<\/p>\n","protected":false},"excerpt":{"rendered":"<p>Carlotta Ventura, Direttore Comunicazione, Sostenibilit\u00e0 e Affari Regionali di A2A, ha assunto la presidenza della controllata Amsa per il triennio 2024-2026. Con una consolidata esperienza sulle tematiche ESG, nel suo ruolo \u00e8 impegnata nel promuovere valori come la sostenibilit\u00e0 e la responsabilit\u00e0 ambientale. Carlotta Ventura: diffondere cultura della sostenibilit\u00e0 Manager di grande esperienza alla guida dell\u2019Area Comunicazione, Sostenibilit\u00e0 e Affari Regionali di A2A, da marzo 2024 Carlotta Ventura ha assunto<\/p>\n<p><a class=\"continue-reading\" href=\"https:\/\/www.article-marketing.eu\/comunicatistampa\/amsa-gruppo-a2a-cultura-aziendale-sostenibile-con-la-guida-di-carlotta-ventura\/\">Continue reading&#8230;<\/a><\/p>\n","protected":false},"author":7202,"featured_media":0,"comment_status":"open","ping_status":"open","sticky":false,"template":"","format":"standard","meta":{"_monsterinsights_skip_tracking":false,"_monsterinsights_sitenote_active":false,"_monsterinsights_sitenote_note":"","_monsterinsights_sitenote_category":0,"footnotes":""},"categories":[416],"tags":[9538],"class_list":["post-31277","post","type-post","status-publish","format-standard","hentry","category-ambiente","tag-carlotta-ventura"],"yoast_head":"<!-- This site is optimized with the Yoast SEO plugin v27.3 - https:\/\/yoast.com\/product\/yoast-seo-wordpress\/ -->\n<title>Amsa (Gruppo A2A): cultura aziendale sostenibile con la guida di Carlotta Ventura<\/title>\n<meta name=\"description\" content=\"Presidente di Amsa da marzo 2024, Carlotta Ventura conferma il proprio impegno nel promuovere la cultura della sostenibilit\u00e0\" \/>\n<meta name=\"robots\" content=\"index, follow, max-snippet:-1, max-image-preview:large, max-video-preview:-1\" \/>\n<link rel=\"canonical\" href=\"https:\/\/www.article-marketing.eu\/comunicatistampa\/amsa-gruppo-a2a-cultura-aziendale-sostenibile-con-la-guida-di-carlotta-ventura\/\" \/>\n<meta property=\"og:locale\" content=\"it_IT\" \/>\n<meta property=\"og:type\" content=\"article\" \/>\n<meta property=\"og:title\" content=\"Amsa (Gruppo A2A): cultura aziendale sostenibile con la guida di Carlotta Ventura\" \/>\n<meta property=\"og:description\" content=\"Presidente di Amsa da marzo 2024, Carlotta Ventura conferma il proprio impegno nel promuovere la cultura della sostenibilit\u00e0\" \/>\n<meta property=\"og:url\" content=\"https:\/\/www.article-marketing.eu\/comunicatistampa\/amsa-gruppo-a2a-cultura-aziendale-sostenibile-con-la-guida-di-carlotta-ventura\/\" \/>\n<meta property=\"og:site_name\" content=\"Article Marketing\" \/>\n<meta property=\"article:published_time\" content=\"2024-09-17T16:43:28+00:00\" \/>\n<meta property=\"og:image\" content=\"https:\/\/www.repstatic.it\/content\/localirep\/img\/rep-milano\/2024\/07\/23\/210146273-973cef9d-fff0-439f-a362-1b0919e85b66.jpg?webp\" \/>\n<meta name=\"author\" content=\"cvagencypress\" \/>\n<meta name=\"twitter:card\" content=\"summary_large_image\" \/>\n<meta name=\"twitter:label1\" content=\"Scritto da\" \/>\n\t<meta name=\"twitter:data1\" content=\"cvagencypress\" \/>\n\t<meta name=\"twitter:label2\" content=\"Tempo di lettura stimato\" \/>\n\t<meta name=\"twitter:data2\" content=\"2 minuti\" \/>\n<script type=\"application\/ld+json\" class=\"yoast-schema-graph\">{\"@context\":\"https:\\\/\\\/schema.org\",\"@graph\":[{\"@type\":\"Article\",\"@id\":\"https:\\\/\\\/www.article-marketing.eu\\\/comunicatistampa\\\/amsa-gruppo-a2a-cultura-aziendale-sostenibile-con-la-guida-di-carlotta-ventura\\\/#article\",\"isPartOf\":{\"@id\":\"https:\\\/\\\/www.article-marketing.eu\\\/comunicatistampa\\\/amsa-gruppo-a2a-cultura-aziendale-sostenibile-con-la-guida-di-carlotta-ventura\\\/\"},\"author\":{\"name\":\"cvagencypress\",\"@id\":\"https:\\\/\\\/www.article-marketing.eu\\\/comunicatistampa\\\/#\\\/schema\\\/person\\\/4f5694c5eccf09a26cf2e8b754efa657\"},\"headline\":\"Amsa (Gruppo A2A): cultura aziendale sostenibile con la guida di Carlotta Ventura\",\"datePublished\":\"2024-09-17T16:43:28+00:00\",\"mainEntityOfPage\":{\"@id\":\"https:\\\/\\\/www.article-marketing.eu\\\/comunicatistampa\\\/amsa-gruppo-a2a-cultura-aziendale-sostenibile-con-la-guida-di-carlotta-ventura\\\/\"},\"wordCount\":347,\"commentCount\":0,\"image\":{\"@id\":\"https:\\\/\\\/www.article-marketing.eu\\\/comunicatistampa\\\/amsa-gruppo-a2a-cultura-aziendale-sostenibile-con-la-guida-di-carlotta-ventura\\\/#primaryimage\"},\"thumbnailUrl\":\"https:\\\/\\\/www.repstatic.it\\\/content\\\/localirep\\\/img\\\/rep-milano\\\/2024\\\/07\\\/23\\\/210146273-973cef9d-fff0-439f-a362-1b0919e85b66.jpg?webp\",\"keywords\":[\"Carlotta Ventura\"],\"articleSection\":[\"Ambiente\"],\"inLanguage\":\"it-IT\",\"potentialAction\":[{\"@type\":\"CommentAction\",\"name\":\"Comment\",\"target\":[\"https:\\\/\\\/www.article-marketing.eu\\\/comunicatistampa\\\/amsa-gruppo-a2a-cultura-aziendale-sostenibile-con-la-guida-di-carlotta-ventura\\\/#respond\"]}]},{\"@type\":\"WebPage\",\"@id\":\"https:\\\/\\\/www.article-marketing.eu\\\/comunicatistampa\\\/amsa-gruppo-a2a-cultura-aziendale-sostenibile-con-la-guida-di-carlotta-ventura\\\/\",\"url\":\"https:\\\/\\\/www.article-marketing.eu\\\/comunicatistampa\\\/amsa-gruppo-a2a-cultura-aziendale-sostenibile-con-la-guida-di-carlotta-ventura\\\/\",\"name\":\"Amsa (Gruppo A2A): cultura aziendale sostenibile con la guida di Carlotta Ventura\",\"isPartOf\":{\"@id\":\"https:\\\/\\\/www.article-marketing.eu\\\/comunicatistampa\\\/#website\"},\"primaryImageOfPage\":{\"@id\":\"https:\\\/\\\/www.article-marketing.eu\\\/comunicatistampa\\\/amsa-gruppo-a2a-cultura-aziendale-sostenibile-con-la-guida-di-carlotta-ventura\\\/#primaryimage\"},\"image\":{\"@id\":\"https:\\\/\\\/www.article-marketing.eu\\\/comunicatistampa\\\/amsa-gruppo-a2a-cultura-aziendale-sostenibile-con-la-guida-di-carlotta-ventura\\\/#primaryimage\"},\"thumbnailUrl\":\"https:\\\/\\\/www.repstatic.it\\\/content\\\/localirep\\\/img\\\/rep-milano\\\/2024\\\/07\\\/23\\\/210146273-973cef9d-fff0-439f-a362-1b0919e85b66.jpg?webp\",\"datePublished\":\"2024-09-17T16:43:28+00:00\",\"author\":{\"@id\":\"https:\\\/\\\/www.article-marketing.eu\\\/comunicatistampa\\\/#\\\/schema\\\/person\\\/4f5694c5eccf09a26cf2e8b754efa657\"},\"description\":\"Presidente di Amsa da marzo 2024, Carlotta Ventura conferma il proprio impegno nel promuovere la cultura della sostenibilit\u00e0\",\"breadcrumb\":{\"@id\":\"https:\\\/\\\/www.article-marketing.eu\\\/comunicatistampa\\\/amsa-gruppo-a2a-cultura-aziendale-sostenibile-con-la-guida-di-carlotta-ventura\\\/#breadcrumb\"},\"inLanguage\":\"it-IT\",\"potentialAction\":[{\"@type\":\"ReadAction\",\"target\":[\"https:\\\/\\\/www.article-marketing.eu\\\/comunicatistampa\\\/amsa-gruppo-a2a-cultura-aziendale-sostenibile-con-la-guida-di-carlotta-ventura\\\/\"]}]},{\"@type\":\"ImageObject\",\"inLanguage\":\"it-IT\",\"@id\":\"https:\\\/\\\/www.article-marketing.eu\\\/comunicatistampa\\\/amsa-gruppo-a2a-cultura-aziendale-sostenibile-con-la-guida-di-carlotta-ventura\\\/#primaryimage\",\"url\":\"https:\\\/\\\/www.repstatic.it\\\/content\\\/localirep\\\/img\\\/rep-milano\\\/2024\\\/07\\\/23\\\/210146273-973cef9d-fff0-439f-a362-1b0919e85b66.jpg?webp\",\"contentUrl\":\"https:\\\/\\\/www.repstatic.it\\\/content\\\/localirep\\\/img\\\/rep-milano\\\/2024\\\/07\\\/23\\\/210146273-973cef9d-fff0-439f-a362-1b0919e85b66.jpg?webp\"},{\"@type\":\"BreadcrumbList\",\"@id\":\"https:\\\/\\\/www.article-marketing.eu\\\/comunicatistampa\\\/amsa-gruppo-a2a-cultura-aziendale-sostenibile-con-la-guida-di-carlotta-ventura\\\/#breadcrumb\",\"itemListElement\":[{\"@type\":\"ListItem\",\"position\":1,\"name\":\"Home\",\"item\":\"https:\\\/\\\/www.article-marketing.eu\\\/comunicatistampa\\\/\"},{\"@type\":\"ListItem\",\"position\":2,\"name\":\"Amsa (Gruppo A2A): cultura aziendale sostenibile con la guida di Carlotta Ventura\"}]},{\"@type\":\"WebSite\",\"@id\":\"https:\\\/\\\/www.article-marketing.eu\\\/comunicatistampa\\\/#website\",\"url\":\"https:\\\/\\\/www.article-marketing.eu\\\/comunicatistampa\\\/\",\"name\":\"Article Marketing\",\"description\":\"article marketing &amp; press release\",\"potentialAction\":[{\"@type\":\"SearchAction\",\"target\":{\"@type\":\"EntryPoint\",\"urlTemplate\":\"https:\\\/\\\/www.article-marketing.eu\\\/comunicatistampa\\\/?s={search_term_string}\"},\"query-input\":{\"@type\":\"PropertyValueSpecification\",\"valueRequired\":true,\"valueName\":\"search_term_string\"}}],\"inLanguage\":\"it-IT\"},{\"@type\":\"Person\",\"@id\":\"https:\\\/\\\/www.article-marketing.eu\\\/comunicatistampa\\\/#\\\/schema\\\/person\\\/4f5694c5eccf09a26cf2e8b754efa657\",\"name\":\"cvagencypress\",\"image\":{\"@type\":\"ImageObject\",\"inLanguage\":\"it-IT\",\"@id\":\"https:\\\/\\\/secure.gravatar.com\\\/avatar\\\/6fec6184ca7e18aca9f65204fa14355cdfeb04232036457c32a5f44123830d39?s=96&d=mm&r=g\",\"url\":\"https:\\\/\\\/secure.gravatar.com\\\/avatar\\\/6fec6184ca7e18aca9f65204fa14355cdfeb04232036457c32a5f44123830d39?s=96&d=mm&r=g\",\"contentUrl\":\"https:\\\/\\\/secure.gravatar.com\\\/avatar\\\/6fec6184ca7e18aca9f65204fa14355cdfeb04232036457c32a5f44123830d39?s=96&d=mm&r=g\",\"caption\":\"cvagencypress\"},\"url\":\"https:\\\/\\\/www.article-marketing.eu\\\/comunicatistampa\\\/author\\\/cvagencypress\\\/\"}]}<\/script>\n<!-- \/ Yoast SEO plugin. -->","yoast_head_json":{"title":"Amsa (Gruppo A2A): cultura aziendale sostenibile con la guida di Carlotta Ventura","description":"Presidente di Amsa da marzo 2024, Carlotta Ventura conferma il proprio impegno nel promuovere la cultura della sostenibilit\u00e0","robots":{"index":"index","follow":"follow","max-snippet":"max-snippet:-1","max-image-preview":"max-image-preview:large","max-video-preview":"max-video-preview:-1"},"canonical":"https:\/\/www.article-marketing.eu\/comunicatistampa\/amsa-gruppo-a2a-cultura-aziendale-sostenibile-con-la-guida-di-carlotta-ventura\/","og_locale":"it_IT","og_type":"article","og_title":"Amsa (Gruppo A2A): cultura aziendale sostenibile con la guida di Carlotta Ventura","og_description":"Presidente di Amsa da marzo 2024, Carlotta Ventura conferma il proprio impegno nel promuovere la cultura della sostenibilit\u00e0","og_url":"https:\/\/www.article-marketing.eu\/comunicatistampa\/amsa-gruppo-a2a-cultura-aziendale-sostenibile-con-la-guida-di-carlotta-ventura\/","og_site_name":"Article Marketing","article_published_time":"2024-09-17T16:43:28+00:00","og_image":[{"url":"https:\/\/www.repstatic.it\/content\/localirep\/img\/rep-milano\/2024\/07\/23\/210146273-973cef9d-fff0-439f-a362-1b0919e85b66.jpg?webp","type":"","width":"","height":""}],"author":"cvagencypress","twitter_card":"summary_large_image","twitter_misc":{"Scritto da":"cvagencypress","Tempo di lettura stimato":"2 minuti"},"schema":{"@context":"https:\/\/schema.org","@graph":[{"@type":"Article","@id":"https:\/\/www.article-marketing.eu\/comunicatistampa\/amsa-gruppo-a2a-cultura-aziendale-sostenibile-con-la-guida-di-carlotta-ventura\/#article","isPartOf":{"@id":"https:\/\/www.article-marketing.eu\/comunicatistampa\/amsa-gruppo-a2a-cultura-aziendale-sostenibile-con-la-guida-di-carlotta-ventura\/"},"author":{"name":"cvagencypress","@id":"https:\/\/www.article-marketing.eu\/comunicatistampa\/#\/schema\/person\/4f5694c5eccf09a26cf2e8b754efa657"},"headline":"Amsa (Gruppo A2A): cultura aziendale sostenibile con la guida di Carlotta Ventura","datePublished":"2024-09-17T16:43:28+00:00","mainEntityOfPage":{"@id":"https:\/\/www.article-marketing.eu\/comunicatistampa\/amsa-gruppo-a2a-cultura-aziendale-sostenibile-con-la-guida-di-carlotta-ventura\/"},"wordCount":347,"commentCount":0,"image":{"@id":"https:\/\/www.article-marketing.eu\/comunicatistampa\/amsa-gruppo-a2a-cultura-aziendale-sostenibile-con-la-guida-di-carlotta-ventura\/#primaryimage"},"thumbnailUrl":"https:\/\/www.repstatic.it\/content\/localirep\/img\/rep-milano\/2024\/07\/23\/210146273-973cef9d-fff0-439f-a362-1b0919e85b66.jpg?webp","keywords":["Carlotta Ventura"],"articleSection":["Ambiente"],"inLanguage":"it-IT","potentialAction":[{"@type":"CommentAction","name":"Comment","target":["https:\/\/www.article-marketing.eu\/comunicatistampa\/amsa-gruppo-a2a-cultura-aziendale-sostenibile-con-la-guida-di-carlotta-ventura\/#respond"]}]},{"@type":"WebPage","@id":"https:\/\/www.article-marketing.eu\/comunicatistampa\/amsa-gruppo-a2a-cultura-aziendale-sostenibile-con-la-guida-di-carlotta-ventura\/","url":"https:\/\/www.article-marketing.eu\/comunicatistampa\/amsa-gruppo-a2a-cultura-aziendale-sostenibile-con-la-guida-di-carlotta-ventura\/","name":"Amsa (Gruppo A2A): cultura aziendale sostenibile con la guida di Carlotta Ventura","isPartOf":{"@id":"https:\/\/www.article-marketing.eu\/comunicatistampa\/#website"},"primaryImageOfPage":{"@id":"https:\/\/www.article-marketing.eu\/comunicatistampa\/amsa-gruppo-a2a-cultura-aziendale-sostenibile-con-la-guida-di-carlotta-ventura\/#primaryimage"},"image":{"@id":"https:\/\/www.article-marketing.eu\/comunicatistampa\/amsa-gruppo-a2a-cultura-aziendale-sostenibile-con-la-guida-di-carlotta-ventura\/#primaryimage"},"thumbnailUrl":"https:\/\/www.repstatic.it\/content\/localirep\/img\/rep-milano\/2024\/07\/23\/210146273-973cef9d-fff0-439f-a362-1b0919e85b66.jpg?webp","datePublished":"2024-09-17T16:43:28+00:00","author":{"@id":"https:\/\/www.article-marketing.eu\/comunicatistampa\/#\/schema\/person\/4f5694c5eccf09a26cf2e8b754efa657"},"description":"Presidente di Amsa da marzo 2024, Carlotta Ventura conferma il proprio impegno nel promuovere la cultura della sostenibilit\u00e0","breadcrumb":{"@id":"https:\/\/www.article-marketing.eu\/comunicatistampa\/amsa-gruppo-a2a-cultura-aziendale-sostenibile-con-la-guida-di-carlotta-ventura\/#breadcrumb"},"inLanguage":"it-IT","potentialAction":[{"@type":"ReadAction","target":["https:\/\/www.article-marketing.eu\/comunicatistampa\/amsa-gruppo-a2a-cultura-aziendale-sostenibile-con-la-guida-di-carlotta-ventura\/"]}]},{"@type":"ImageObject","inLanguage":"it-IT","@id":"https:\/\/www.article-marketing.eu\/comunicatistampa\/amsa-gruppo-a2a-cultura-aziendale-sostenibile-con-la-guida-di-carlotta-ventura\/#primaryimage","url":"https:\/\/www.repstatic.it\/content\/localirep\/img\/rep-milano\/2024\/07\/23\/210146273-973cef9d-fff0-439f-a362-1b0919e85b66.jpg?webp","contentUrl":"https:\/\/www.repstatic.it\/content\/localirep\/img\/rep-milano\/2024\/07\/23\/210146273-973cef9d-fff0-439f-a362-1b0919e85b66.jpg?webp"},{"@type":"BreadcrumbList","@id":"https:\/\/www.article-marketing.eu\/comunicatistampa\/amsa-gruppo-a2a-cultura-aziendale-sostenibile-con-la-guida-di-carlotta-ventura\/#breadcrumb","itemListElement":[{"@type":"ListItem","position":1,"name":"Home","item":"https:\/\/www.article-marketing.eu\/comunicatistampa\/"},{"@type":"ListItem","position":2,"name":"Amsa (Gruppo A2A): cultura aziendale sostenibile con la guida di Carlotta Ventura"}]},{"@type":"WebSite","@id":"https:\/\/www.article-marketing.eu\/comunicatistampa\/#website","url":"https:\/\/www.article-marketing.eu\/comunicatistampa\/","name":"Article Marketing","description":"article marketing &amp; press release","potentialAction":[{"@type":"SearchAction","target":{"@type":"EntryPoint","urlTemplate":"https:\/\/www.article-marketing.eu\/comunicatistampa\/?s={search_term_string}"},"query-input":{"@type":"PropertyValueSpecification","valueRequired":true,"valueName":"search_term_string"}}],"inLanguage":"it-IT"},{"@type":"Person","@id":"https:\/\/www.article-marketing.eu\/comunicatistampa\/#\/schema\/person\/4f5694c5eccf09a26cf2e8b754efa657","name":"cvagencypress","image":{"@type":"ImageObject","inLanguage":"it-IT","@id":"https:\/\/secure.gravatar.com\/avatar\/6fec6184ca7e18aca9f65204fa14355cdfeb04232036457c32a5f44123830d39?s=96&d=mm&r=g","url":"https:\/\/secure.gravatar.com\/avatar\/6fec6184ca7e18aca9f65204fa14355cdfeb04232036457c32a5f44123830d39?s=96&d=mm&r=g","contentUrl":"https:\/\/secure.gravatar.com\/avatar\/6fec6184ca7e18aca9f65204fa14355cdfeb04232036457c32a5f44123830d39?s=96&d=mm&r=g","caption":"cvagencypress"},"url":"https:\/\/www.article-marketing.eu\/comunicatistampa\/author\/cvagencypress\/"}]}},"_links":{"self":[{"href":"https:\/\/www.article-marketing.eu\/comunicatistampa\/wp-json\/wp\/v2\/posts\/31277","targetHints":{"allow":["GET"]}}],"collection":[{"href":"https:\/\/www.article-marketing.eu\/comunicatistampa\/wp-json\/wp\/v2\/posts"}],"about":[{"href":"https:\/\/www.article-marketing.eu\/comunicatistampa\/wp-json\/wp\/v2\/types\/post"}],"author":[{"embeddable":true,"href":"https:\/\/www.article-marketing.eu\/comunicatistampa\/wp-json\/wp\/v2\/users\/7202"}],"replies":[{"embeddable":true,"href":"https:\/\/www.article-marketing.eu\/comunicatistampa\/wp-json\/wp\/v2\/comments?post=31277"}],"version-history":[{"count":2,"href":"https:\/\/www.article-marketing.eu\/comunicatistampa\/wp-json\/wp\/v2\/posts\/31277\/revisions"}],"predecessor-version":[{"id":31330,"href":"https:\/\/www.article-marketing.eu\/comunicatistampa\/wp-json\/wp\/v2\/posts\/31277\/revisions\/31330"}],"wp:attachment":[{"href":"https:\/\/www.article-marketing.eu\/comunicatistampa\/wp-json\/wp\/v2\/media?parent=31277"}],"wp:term":[{"taxonomy":"category","embeddable":true,"href":"https:\/\/www.article-marketing.eu\/comunicatistampa\/wp-json\/wp\/v2\/categories?post=31277"},{"taxonomy":"post_tag","embeddable":true,"href":"https:\/\/www.article-marketing.eu\/comunicatistampa\/wp-json\/wp\/v2\/tags?post=31277"}],"curies":[{"name":"wp","href":"https:\/\/api.w.org\/{rel}","templated":true}]}}