{"id":31287,"date":"2024-09-18T09:52:00","date_gmt":"2024-09-18T07:52:00","guid":{"rendered":"https:\/\/www.article-marketing.eu\/comunicatistampa\/?p=31287"},"modified":"2024-09-17T19:54:16","modified_gmt":"2024-09-17T17:54:16","slug":"snam-stefano-venier-ravenna-ccs-e-parte-integrante-del-nostro-piano-strategico","status":"publish","type":"post","link":"https:\/\/www.article-marketing.eu\/comunicatistampa\/snam-stefano-venier-ravenna-ccs-e-parte-integrante-del-nostro-piano-strategico\/","title":{"rendered":"Snam, Stefano Venier: Ravenna CCS \u00e8 parte integrante del nostro piano strategico"},"content":{"rendered":"<p><strong><em><a title=\"L'articolo di &quot;Ansa&quot; sulle dichiarazioni dell'AD di Snam Stefano Venier\" href=\"https:\/\/www.ansa.it\/sito\/notizie\/economia\/2024\/09\/03\/venier-ravenna-ccs-decarbonizza-le-imprese-energivore_51c8b897-7bfe-403d-8295-7bba7e30a66a.html\">Stefano Venier<\/a>: \u201cL\u2019impegno nel progetto Ravenna CCS \u00e8 parte integrante del nostro piano strategico, ed \u00e8 coerente con la nostra intenzione di porci quale operatore multimolecola, per abilitare una transizione energetica giusta ed equilibrata, nell&#8217;ambito della quale offrire anche ai soggetti pi\u00f9 energivori la possibilit\u00e0 di intraprendere percorsi di decarbonizzazione che ne preservino la competitivit\u00e0\u201d.<\/em><\/strong><\/p>\n<p><strong>\u00a0<a title=\"Ansa: Stefano Venier, &quot;Ravenna Ccs decarbonizza le imprese energivore&quot;\" href=\"https:\/\/www.ansa.it\/sito\/notizie\/economia\/2024\/09\/03\/venier-ravenna-ccs-decarbonizza-le-imprese-energivore_51c8b897-7bfe-403d-8295-7bba7e30a66a.html\"><img loading=\"lazy\" decoding=\"async\" src=\"https:\/\/www.h2biz.net\/images\/Plats\/crop_min_20230803091934.jpg\" alt=\"Stefano Venier\" width=\"200\" height=\"200\" \/><\/a><\/strong><\/p>\n<h2>Stefano Venier: al via il progetto Ravenna CCS, l\u2019annuncio di Snam ed Eni<\/h2>\n<p>\u201c<em>L\u2019impegno nel progetto Ravenna Ccs \u00e8 parte integrante del nostro piano strategico<\/em>\u201d, ha ricordato l\u2019AD di Snam <strong>Stefano Venier<\/strong> annunciando l\u2019avvio a Ravenna delle attivit\u00e0 di iniezione nel primo impianto italiano permanente per la cattura e lo stoccaggio dell\u2019anidride carbonica (Ccs). La Fase 1 del progetto, partita lo scorso 3 settembre, ha l\u2019obiettivo di catturare, trasportare e stoccare la CO2 emessa dalla centrale Eni di trattamento del gas naturale di Casalborsetti, nel Comune di Ravenna, stimata in circa 25mila tonnellate per anno: una volta catturata, l\u2019anidride carbonica viene trasportata, attraverso condotte precedentemente utilizzate per il trasporto del gas naturale e opportunamente riconvertite, fino alla piattaforma offshore di Porto Corsini Mare Ovest, per poi essere iniettata nell\u2019omonimo giacimento a gas esaurito dove viene stoccata permanentemente a circa 3.000 metri di profondit\u00e0. Il progetto che il Gruppo guidato da <strong>Stefano Venier<\/strong> sta portando avanti insieme a Eni si distingue sia per le caratteristiche distintive che per il potenziale di stoccaggio: garantisce infatti un livello di abbattimento superiore al 90%, e con punte fino al 96%, della CO2 in uscita dal camino della centrale, con una concentrazione di carbonio inferiore al 3% ed a pressione atmosferica. Inoltre l\u2019impianto di cattura della centrale di Casalborsetti \u00e8 alimentato con energia elettrica da fonti rinnovabili, con il risultato di evitare ulteriori emissioni di CO2.<\/p>\n<h2>Stefano Venier: nasce il polo per la decarbonizzazione dell\u2019industria energivora<\/h2>\n<p>L\u2019AD di Snam <a title=\"Su &quot;Ansa&quot; le dichiarazioni dell'AD di Snam Stefano Venier\" href=\"https:\/\/www.ansa.it\/sito\/notizie\/economia\/2024\/09\/03\/venier-ravenna-ccs-decarbonizza-le-imprese-energivore_51c8b897-7bfe-403d-8295-7bba7e30a66a.html\"><strong>Stefano Venier<\/strong><\/a> ha inoltre ricordato come il progetto Ravenna Ccs sia in linea \u201c<em>con la nostra intenzione di porci quale operatore multimolecola, per abilitare una transizione energetica giusta ed equilibrata, nell&#8217;ambito della quale offrire anche ai soggetti pi\u00f9 energivori la possibilit\u00e0 di intraprendere percorsi di decarbonizzazione che ne preservino la competitivit\u00e0<\/em>\u201d. La Fase 2 infatti prevede nei prossimi anni lo sviluppo su scala industriale di Ravenna Ccs: Eni e Snam prevedono di stoccare fino a 4 milioni di tonnellate l\u2019anno entro il 2030, in linea con gli obiettivi definiti dal Piano Nazionale Integrato per l\u2019Energia e il Clima (Pniec). \u201c<em>Facciamo leva sulle nostre storiche competenze nel trasporto e nello stoccaggio di molecole con particolare riferimento all\u2019area padana, nella quale siamo gi\u00e0 radicati con asset strategici, che da decenni sostengono lo sviluppo economico e sociale del Paese<\/em>\u201d, ha proseguito <strong>Stefano Venier<\/strong> evidenziando le ricadute positive per il territorio: il progetto di Ravenna si candida a diventare il polo italiano per la decarbonizzazione delle industrie energy intensive e hard to abate. \u201c<em>La joint venture con Eni si colloca, peraltro, nella medesima traiettoria di analoghi progetti di interesse europeo a cui partecipiamo attraverso le nostre partecipate in Francia, Grecia e Regno Unito, e dai quali ci attendiamo di poter attingere sinergie funzionali al successo di Ravenna CCS<\/em>\u201d, ha ribadito infine l\u2019AD: Snam ed Eni stanno inoltre portando avanti iniziative di ricerca e sviluppo per un possibile riutilizzo futuro della CO2 catturata.<\/p>\n","protected":false},"excerpt":{"rendered":"<p>Stefano Venier: \u201cL\u2019impegno nel progetto Ravenna CCS \u00e8 parte integrante del nostro piano strategico, ed \u00e8 coerente con la nostra intenzione di porci quale operatore multimolecola, per abilitare una transizione energetica giusta ed equilibrata, nell&#8217;ambito della quale offrire anche ai soggetti pi\u00f9 energivori la possibilit\u00e0 di intraprendere percorsi di decarbonizzazione che ne preservino la competitivit\u00e0\u201d. \u00a0 Stefano Venier: al via il progetto Ravenna CCS, l\u2019annuncio di Snam ed Eni \u201cL\u2019impegno<\/p>\n<p><a class=\"continue-reading\" href=\"https:\/\/www.article-marketing.eu\/comunicatistampa\/snam-stefano-venier-ravenna-ccs-e-parte-integrante-del-nostro-piano-strategico\/\">Continue reading&#8230;<\/a><\/p>\n","protected":false},"author":6477,"featured_media":0,"comment_status":"open","ping_status":"open","sticky":false,"template":"","format":"standard","meta":{"_monsterinsights_skip_tracking":false,"_monsterinsights_sitenote_active":false,"_monsterinsights_sitenote_note":"","_monsterinsights_sitenote_category":0,"footnotes":""},"categories":[386],"tags":[10792],"class_list":["post-31287","post","type-post","status-publish","format-standard","hentry","category-economia-e-lavoro","tag-stefano-venier"],"yoast_head":"<!-- This site is optimized with the Yoast SEO plugin v27.3 - https:\/\/yoast.com\/product\/yoast-seo-wordpress\/ -->\n<title>Snam, Stefano Venier: Ravenna CCS \u00e8 parte integrante del nostro piano strategico<\/title>\n<meta name=\"description\" content=\"Stefano Venier: Snam annuncia con Eni l&#039;avvio delle attivit\u00e0 di iniezione della CO2 in un giacimento esaurito di metano a Ravenna\" \/>\n<meta name=\"robots\" content=\"index, follow, max-snippet:-1, max-image-preview:large, max-video-preview:-1\" \/>\n<link rel=\"canonical\" href=\"https:\/\/www.article-marketing.eu\/comunicatistampa\/snam-stefano-venier-ravenna-ccs-e-parte-integrante-del-nostro-piano-strategico\/\" \/>\n<meta property=\"og:locale\" content=\"it_IT\" \/>\n<meta property=\"og:type\" content=\"article\" \/>\n<meta property=\"og:title\" content=\"Snam, Stefano Venier: Ravenna CCS \u00e8 parte integrante del nostro piano strategico\" \/>\n<meta property=\"og:description\" content=\"Stefano Venier: Snam annuncia con Eni l&#039;avvio delle attivit\u00e0 di iniezione della CO2 in un giacimento esaurito di metano a Ravenna\" \/>\n<meta property=\"og:url\" content=\"https:\/\/www.article-marketing.eu\/comunicatistampa\/snam-stefano-venier-ravenna-ccs-e-parte-integrante-del-nostro-piano-strategico\/\" \/>\n<meta property=\"og:site_name\" content=\"Article Marketing\" \/>\n<meta property=\"article:published_time\" content=\"2024-09-18T07:52:00+00:00\" \/>\n<meta property=\"og:image\" content=\"https:\/\/www.h2biz.net\/images\/Plats\/crop_min_20230803091934.jpg\" \/>\n<meta name=\"author\" content=\"articolinews\" \/>\n<meta name=\"twitter:card\" content=\"summary_large_image\" \/>\n<meta name=\"twitter:label1\" content=\"Scritto da\" \/>\n\t<meta name=\"twitter:data1\" content=\"articolinews\" \/>\n\t<meta name=\"twitter:label2\" content=\"Tempo di lettura stimato\" \/>\n\t<meta name=\"twitter:data2\" content=\"4 minuti\" \/>\n<script type=\"application\/ld+json\" class=\"yoast-schema-graph\">{\"@context\":\"https:\\\/\\\/schema.org\",\"@graph\":[{\"@type\":\"Article\",\"@id\":\"https:\\\/\\\/www.article-marketing.eu\\\/comunicatistampa\\\/snam-stefano-venier-ravenna-ccs-e-parte-integrante-del-nostro-piano-strategico\\\/#article\",\"isPartOf\":{\"@id\":\"https:\\\/\\\/www.article-marketing.eu\\\/comunicatistampa\\\/snam-stefano-venier-ravenna-ccs-e-parte-integrante-del-nostro-piano-strategico\\\/\"},\"author\":{\"name\":\"articolinews\",\"@id\":\"https:\\\/\\\/www.article-marketing.eu\\\/comunicatistampa\\\/#\\\/schema\\\/person\\\/2fcaf8f8f3a9eef9eb7f27532d3ca458\"},\"headline\":\"Snam, Stefano Venier: Ravenna CCS \u00e8 parte integrante del nostro piano strategico\",\"datePublished\":\"2024-09-18T07:52:00+00:00\",\"mainEntityOfPage\":{\"@id\":\"https:\\\/\\\/www.article-marketing.eu\\\/comunicatistampa\\\/snam-stefano-venier-ravenna-ccs-e-parte-integrante-del-nostro-piano-strategico\\\/\"},\"wordCount\":551,\"commentCount\":0,\"image\":{\"@id\":\"https:\\\/\\\/www.article-marketing.eu\\\/comunicatistampa\\\/snam-stefano-venier-ravenna-ccs-e-parte-integrante-del-nostro-piano-strategico\\\/#primaryimage\"},\"thumbnailUrl\":\"https:\\\/\\\/www.h2biz.net\\\/images\\\/Plats\\\/crop_min_20230803091934.jpg\",\"keywords\":[\"Stefano Venier\"],\"articleSection\":[\"Economia e lavoro\"],\"inLanguage\":\"it-IT\",\"potentialAction\":[{\"@type\":\"CommentAction\",\"name\":\"Comment\",\"target\":[\"https:\\\/\\\/www.article-marketing.eu\\\/comunicatistampa\\\/snam-stefano-venier-ravenna-ccs-e-parte-integrante-del-nostro-piano-strategico\\\/#respond\"]}]},{\"@type\":\"WebPage\",\"@id\":\"https:\\\/\\\/www.article-marketing.eu\\\/comunicatistampa\\\/snam-stefano-venier-ravenna-ccs-e-parte-integrante-del-nostro-piano-strategico\\\/\",\"url\":\"https:\\\/\\\/www.article-marketing.eu\\\/comunicatistampa\\\/snam-stefano-venier-ravenna-ccs-e-parte-integrante-del-nostro-piano-strategico\\\/\",\"name\":\"Snam, Stefano Venier: Ravenna CCS \u00e8 parte integrante del nostro piano strategico\",\"isPartOf\":{\"@id\":\"https:\\\/\\\/www.article-marketing.eu\\\/comunicatistampa\\\/#website\"},\"primaryImageOfPage\":{\"@id\":\"https:\\\/\\\/www.article-marketing.eu\\\/comunicatistampa\\\/snam-stefano-venier-ravenna-ccs-e-parte-integrante-del-nostro-piano-strategico\\\/#primaryimage\"},\"image\":{\"@id\":\"https:\\\/\\\/www.article-marketing.eu\\\/comunicatistampa\\\/snam-stefano-venier-ravenna-ccs-e-parte-integrante-del-nostro-piano-strategico\\\/#primaryimage\"},\"thumbnailUrl\":\"https:\\\/\\\/www.h2biz.net\\\/images\\\/Plats\\\/crop_min_20230803091934.jpg\",\"datePublished\":\"2024-09-18T07:52:00+00:00\",\"author\":{\"@id\":\"https:\\\/\\\/www.article-marketing.eu\\\/comunicatistampa\\\/#\\\/schema\\\/person\\\/2fcaf8f8f3a9eef9eb7f27532d3ca458\"},\"description\":\"Stefano Venier: Snam annuncia con Eni l'avvio delle attivit\u00e0 di iniezione della CO2 in un giacimento esaurito di metano a Ravenna\",\"breadcrumb\":{\"@id\":\"https:\\\/\\\/www.article-marketing.eu\\\/comunicatistampa\\\/snam-stefano-venier-ravenna-ccs-e-parte-integrante-del-nostro-piano-strategico\\\/#breadcrumb\"},\"inLanguage\":\"it-IT\",\"potentialAction\":[{\"@type\":\"ReadAction\",\"target\":[\"https:\\\/\\\/www.article-marketing.eu\\\/comunicatistampa\\\/snam-stefano-venier-ravenna-ccs-e-parte-integrante-del-nostro-piano-strategico\\\/\"]}]},{\"@type\":\"ImageObject\",\"inLanguage\":\"it-IT\",\"@id\":\"https:\\\/\\\/www.article-marketing.eu\\\/comunicatistampa\\\/snam-stefano-venier-ravenna-ccs-e-parte-integrante-del-nostro-piano-strategico\\\/#primaryimage\",\"url\":\"https:\\\/\\\/www.h2biz.net\\\/images\\\/Plats\\\/crop_min_20230803091934.jpg\",\"contentUrl\":\"https:\\\/\\\/www.h2biz.net\\\/images\\\/Plats\\\/crop_min_20230803091934.jpg\"},{\"@type\":\"BreadcrumbList\",\"@id\":\"https:\\\/\\\/www.article-marketing.eu\\\/comunicatistampa\\\/snam-stefano-venier-ravenna-ccs-e-parte-integrante-del-nostro-piano-strategico\\\/#breadcrumb\",\"itemListElement\":[{\"@type\":\"ListItem\",\"position\":1,\"name\":\"Home\",\"item\":\"https:\\\/\\\/www.article-marketing.eu\\\/comunicatistampa\\\/\"},{\"@type\":\"ListItem\",\"position\":2,\"name\":\"Snam, Stefano Venier: Ravenna CCS \u00e8 parte integrante del nostro piano strategico\"}]},{\"@type\":\"WebSite\",\"@id\":\"https:\\\/\\\/www.article-marketing.eu\\\/comunicatistampa\\\/#website\",\"url\":\"https:\\\/\\\/www.article-marketing.eu\\\/comunicatistampa\\\/\",\"name\":\"Article Marketing\",\"description\":\"article marketing &amp; press release\",\"potentialAction\":[{\"@type\":\"SearchAction\",\"target\":{\"@type\":\"EntryPoint\",\"urlTemplate\":\"https:\\\/\\\/www.article-marketing.eu\\\/comunicatistampa\\\/?s={search_term_string}\"},\"query-input\":{\"@type\":\"PropertyValueSpecification\",\"valueRequired\":true,\"valueName\":\"search_term_string\"}}],\"inLanguage\":\"it-IT\"},{\"@type\":\"Person\",\"@id\":\"https:\\\/\\\/www.article-marketing.eu\\\/comunicatistampa\\\/#\\\/schema\\\/person\\\/2fcaf8f8f3a9eef9eb7f27532d3ca458\",\"name\":\"articolinews\",\"image\":{\"@type\":\"ImageObject\",\"inLanguage\":\"it-IT\",\"@id\":\"https:\\\/\\\/secure.gravatar.com\\\/avatar\\\/9e2a264bab04e17dea24d937c9956304649a848cb73c46747a692ff1bdeb1cb7?s=96&d=mm&r=g\",\"url\":\"https:\\\/\\\/secure.gravatar.com\\\/avatar\\\/9e2a264bab04e17dea24d937c9956304649a848cb73c46747a692ff1bdeb1cb7?s=96&d=mm&r=g\",\"contentUrl\":\"https:\\\/\\\/secure.gravatar.com\\\/avatar\\\/9e2a264bab04e17dea24d937c9956304649a848cb73c46747a692ff1bdeb1cb7?s=96&d=mm&r=g\",\"caption\":\"articolinews\"},\"url\":\"https:\\\/\\\/www.article-marketing.eu\\\/comunicatistampa\\\/author\\\/articolinews\\\/\"}]}<\/script>\n<!-- \/ Yoast SEO plugin. -->","yoast_head_json":{"title":"Snam, Stefano Venier: Ravenna CCS \u00e8 parte integrante del nostro piano strategico","description":"Stefano Venier: Snam annuncia con Eni l'avvio delle attivit\u00e0 di iniezione della CO2 in un giacimento esaurito di metano a Ravenna","robots":{"index":"index","follow":"follow","max-snippet":"max-snippet:-1","max-image-preview":"max-image-preview:large","max-video-preview":"max-video-preview:-1"},"canonical":"https:\/\/www.article-marketing.eu\/comunicatistampa\/snam-stefano-venier-ravenna-ccs-e-parte-integrante-del-nostro-piano-strategico\/","og_locale":"it_IT","og_type":"article","og_title":"Snam, Stefano Venier: Ravenna CCS \u00e8 parte integrante del nostro piano strategico","og_description":"Stefano Venier: Snam annuncia con Eni l'avvio delle attivit\u00e0 di iniezione della CO2 in un giacimento esaurito di metano a Ravenna","og_url":"https:\/\/www.article-marketing.eu\/comunicatistampa\/snam-stefano-venier-ravenna-ccs-e-parte-integrante-del-nostro-piano-strategico\/","og_site_name":"Article Marketing","article_published_time":"2024-09-18T07:52:00+00:00","og_image":[{"url":"https:\/\/www.h2biz.net\/images\/Plats\/crop_min_20230803091934.jpg","type":"","width":"","height":""}],"author":"articolinews","twitter_card":"summary_large_image","twitter_misc":{"Scritto da":"articolinews","Tempo di lettura stimato":"4 minuti"},"schema":{"@context":"https:\/\/schema.org","@graph":[{"@type":"Article","@id":"https:\/\/www.article-marketing.eu\/comunicatistampa\/snam-stefano-venier-ravenna-ccs-e-parte-integrante-del-nostro-piano-strategico\/#article","isPartOf":{"@id":"https:\/\/www.article-marketing.eu\/comunicatistampa\/snam-stefano-venier-ravenna-ccs-e-parte-integrante-del-nostro-piano-strategico\/"},"author":{"name":"articolinews","@id":"https:\/\/www.article-marketing.eu\/comunicatistampa\/#\/schema\/person\/2fcaf8f8f3a9eef9eb7f27532d3ca458"},"headline":"Snam, Stefano Venier: Ravenna CCS \u00e8 parte integrante del nostro piano strategico","datePublished":"2024-09-18T07:52:00+00:00","mainEntityOfPage":{"@id":"https:\/\/www.article-marketing.eu\/comunicatistampa\/snam-stefano-venier-ravenna-ccs-e-parte-integrante-del-nostro-piano-strategico\/"},"wordCount":551,"commentCount":0,"image":{"@id":"https:\/\/www.article-marketing.eu\/comunicatistampa\/snam-stefano-venier-ravenna-ccs-e-parte-integrante-del-nostro-piano-strategico\/#primaryimage"},"thumbnailUrl":"https:\/\/www.h2biz.net\/images\/Plats\/crop_min_20230803091934.jpg","keywords":["Stefano Venier"],"articleSection":["Economia e lavoro"],"inLanguage":"it-IT","potentialAction":[{"@type":"CommentAction","name":"Comment","target":["https:\/\/www.article-marketing.eu\/comunicatistampa\/snam-stefano-venier-ravenna-ccs-e-parte-integrante-del-nostro-piano-strategico\/#respond"]}]},{"@type":"WebPage","@id":"https:\/\/www.article-marketing.eu\/comunicatistampa\/snam-stefano-venier-ravenna-ccs-e-parte-integrante-del-nostro-piano-strategico\/","url":"https:\/\/www.article-marketing.eu\/comunicatistampa\/snam-stefano-venier-ravenna-ccs-e-parte-integrante-del-nostro-piano-strategico\/","name":"Snam, Stefano Venier: Ravenna CCS \u00e8 parte integrante del nostro piano strategico","isPartOf":{"@id":"https:\/\/www.article-marketing.eu\/comunicatistampa\/#website"},"primaryImageOfPage":{"@id":"https:\/\/www.article-marketing.eu\/comunicatistampa\/snam-stefano-venier-ravenna-ccs-e-parte-integrante-del-nostro-piano-strategico\/#primaryimage"},"image":{"@id":"https:\/\/www.article-marketing.eu\/comunicatistampa\/snam-stefano-venier-ravenna-ccs-e-parte-integrante-del-nostro-piano-strategico\/#primaryimage"},"thumbnailUrl":"https:\/\/www.h2biz.net\/images\/Plats\/crop_min_20230803091934.jpg","datePublished":"2024-09-18T07:52:00+00:00","author":{"@id":"https:\/\/www.article-marketing.eu\/comunicatistampa\/#\/schema\/person\/2fcaf8f8f3a9eef9eb7f27532d3ca458"},"description":"Stefano Venier: Snam annuncia con Eni l'avvio delle attivit\u00e0 di iniezione della CO2 in un giacimento esaurito di metano a Ravenna","breadcrumb":{"@id":"https:\/\/www.article-marketing.eu\/comunicatistampa\/snam-stefano-venier-ravenna-ccs-e-parte-integrante-del-nostro-piano-strategico\/#breadcrumb"},"inLanguage":"it-IT","potentialAction":[{"@type":"ReadAction","target":["https:\/\/www.article-marketing.eu\/comunicatistampa\/snam-stefano-venier-ravenna-ccs-e-parte-integrante-del-nostro-piano-strategico\/"]}]},{"@type":"ImageObject","inLanguage":"it-IT","@id":"https:\/\/www.article-marketing.eu\/comunicatistampa\/snam-stefano-venier-ravenna-ccs-e-parte-integrante-del-nostro-piano-strategico\/#primaryimage","url":"https:\/\/www.h2biz.net\/images\/Plats\/crop_min_20230803091934.jpg","contentUrl":"https:\/\/www.h2biz.net\/images\/Plats\/crop_min_20230803091934.jpg"},{"@type":"BreadcrumbList","@id":"https:\/\/www.article-marketing.eu\/comunicatistampa\/snam-stefano-venier-ravenna-ccs-e-parte-integrante-del-nostro-piano-strategico\/#breadcrumb","itemListElement":[{"@type":"ListItem","position":1,"name":"Home","item":"https:\/\/www.article-marketing.eu\/comunicatistampa\/"},{"@type":"ListItem","position":2,"name":"Snam, Stefano Venier: Ravenna CCS \u00e8 parte integrante del nostro piano strategico"}]},{"@type":"WebSite","@id":"https:\/\/www.article-marketing.eu\/comunicatistampa\/#website","url":"https:\/\/www.article-marketing.eu\/comunicatistampa\/","name":"Article Marketing","description":"article marketing &amp; press release","potentialAction":[{"@type":"SearchAction","target":{"@type":"EntryPoint","urlTemplate":"https:\/\/www.article-marketing.eu\/comunicatistampa\/?s={search_term_string}"},"query-input":{"@type":"PropertyValueSpecification","valueRequired":true,"valueName":"search_term_string"}}],"inLanguage":"it-IT"},{"@type":"Person","@id":"https:\/\/www.article-marketing.eu\/comunicatistampa\/#\/schema\/person\/2fcaf8f8f3a9eef9eb7f27532d3ca458","name":"articolinews","image":{"@type":"ImageObject","inLanguage":"it-IT","@id":"https:\/\/secure.gravatar.com\/avatar\/9e2a264bab04e17dea24d937c9956304649a848cb73c46747a692ff1bdeb1cb7?s=96&d=mm&r=g","url":"https:\/\/secure.gravatar.com\/avatar\/9e2a264bab04e17dea24d937c9956304649a848cb73c46747a692ff1bdeb1cb7?s=96&d=mm&r=g","contentUrl":"https:\/\/secure.gravatar.com\/avatar\/9e2a264bab04e17dea24d937c9956304649a848cb73c46747a692ff1bdeb1cb7?s=96&d=mm&r=g","caption":"articolinews"},"url":"https:\/\/www.article-marketing.eu\/comunicatistampa\/author\/articolinews\/"}]}},"_links":{"self":[{"href":"https:\/\/www.article-marketing.eu\/comunicatistampa\/wp-json\/wp\/v2\/posts\/31287","targetHints":{"allow":["GET"]}}],"collection":[{"href":"https:\/\/www.article-marketing.eu\/comunicatistampa\/wp-json\/wp\/v2\/posts"}],"about":[{"href":"https:\/\/www.article-marketing.eu\/comunicatistampa\/wp-json\/wp\/v2\/types\/post"}],"author":[{"embeddable":true,"href":"https:\/\/www.article-marketing.eu\/comunicatistampa\/wp-json\/wp\/v2\/users\/6477"}],"replies":[{"embeddable":true,"href":"https:\/\/www.article-marketing.eu\/comunicatistampa\/wp-json\/wp\/v2\/comments?post=31287"}],"version-history":[{"count":2,"href":"https:\/\/www.article-marketing.eu\/comunicatistampa\/wp-json\/wp\/v2\/posts\/31287\/revisions"}],"predecessor-version":[{"id":31340,"href":"https:\/\/www.article-marketing.eu\/comunicatistampa\/wp-json\/wp\/v2\/posts\/31287\/revisions\/31340"}],"wp:attachment":[{"href":"https:\/\/www.article-marketing.eu\/comunicatistampa\/wp-json\/wp\/v2\/media?parent=31287"}],"wp:term":[{"taxonomy":"category","embeddable":true,"href":"https:\/\/www.article-marketing.eu\/comunicatistampa\/wp-json\/wp\/v2\/categories?post=31287"},{"taxonomy":"post_tag","embeddable":true,"href":"https:\/\/www.article-marketing.eu\/comunicatistampa\/wp-json\/wp\/v2\/tags?post=31287"}],"curies":[{"name":"wp","href":"https:\/\/api.w.org\/{rel}","templated":true}]}}