{"id":31305,"date":"2024-09-20T07:56:04","date_gmt":"2024-09-20T05:56:04","guid":{"rendered":"https:\/\/www.article-marketing.eu\/comunicatistampa\/?p=31305"},"modified":"2024-09-17T19:56:40","modified_gmt":"2024-09-17T17:56:40","slug":"italgas-il-gruppo-guidato-da-paolo-gallo-accelera-sullacquisizione-di-2i-rete-gas","status":"publish","type":"post","link":"https:\/\/www.article-marketing.eu\/comunicatistampa\/italgas-il-gruppo-guidato-da-paolo-gallo-accelera-sullacquisizione-di-2i-rete-gas\/","title":{"rendered":"Italgas: il Gruppo guidato da Paolo Gallo accelera sull\u2019acquisizione di 2i Rete Gas"},"content":{"rendered":"<p><em><strong>Italgas, con il CEO <a title=\"Il percorso professionale dell'AD di Italgas Paolo Gallo\" href=\"https:\/\/www.topmanagers.it\/manager\/paolo_gallo\">Paolo Gallo<\/a> alla guida, si appresta a concludere l&#8217;acquisizione di 2i Rete Gas, un&#8217;operazione che promette di rafforzare la sua posizione nel mercato. Con un prestito ponte e un aumento di capitale previsto, il Gruppo si prepara a superare le sfide legate all&#8217;Antitrust.<\/strong><\/em><\/p>\n<p><a title=\"Il profilo professionale di Paolo Gallo\" href=\"https:\/\/www.topmanagers.it\/manager\/paolo_gallo\"><img loading=\"lazy\" decoding=\"async\" src=\"https:\/\/www.h2biz.net\/images\/Plats\/crop_min_20210902155441.jpg\" alt=\"Paolo Gallo\" width=\"200\" height=\"200\" \/><\/a><\/p>\n<h2>Italgas, guidata da Paolo Gallo, accelera sull\u2019acquisizione di 2i Rete Gas<\/h2>\n<p>Sotto la guida del CEO <a title=\"Paolo Gallo: la biografia professionale del manager a capo di Italgas\" href=\"https:\/\/www.topmanagers.it\/manager\/paolo_gallo\"><strong>Paolo Gallo<\/strong><\/a>, Italgas sta accelerando sull&#8217;acquisizione di 2i Rete Gas, un&#8217;operazione che promette di trasformare il panorama energetico italiano. La due diligence sull\u2019operatore milanese si \u00e8 conclusa senza sorprese, confermando per quest\u2019ultimo un valore superiore ai 5 miliardi di euro. Tale consolidamento non solo contribuir\u00e0 a rafforzare la posizione di Italgas, che attualmente serve quasi 2.000 Comuni e vanta una capitalizzazione di 4,1 miliardi, ma consentir\u00e0 anche di mettere in sicurezza i 3,2 miliardi di debiti netti di 2i Rete Gas. Con un fatturato di 815 milioni e un margine di profitto di 546 milioni, l&#8217;aggregazione potrebbe aumentare il margine operativo lordo di Italgas di oltre il 40%, portandolo a 1,2 miliardi. Il percorso verso la conclusione dell&#8217;affare non \u00e8 per\u00f2 privo di ostacoli, in particolare per la necessit\u00e0 di ottenere l&#8217;approvazione dell&#8217;Antitrust e di trovare un accordo tra i vari azionisti coinvolti.<\/p>\n<h2>Italgas: cos\u00ec il Gruppo guidato da Paolo Gallo finanzier\u00e0 l\u2019operazione<\/h2>\n<p>Per finanziare l&#8217;operazione, la societ\u00e0 guidata da <strong>Paolo Gallo<\/strong> ricorrer\u00e0 a un prestito ponte garantito da J.P. Morgan, che dovr\u00e0 poi essere rifinanziato. Le stime preliminari suggeriscono un aumento di capitale di circa un miliardo di euro, con il supporto di CDP e Snam. Tuttavia, l&#8217;Antitrust rappresenta l&#8217;ultimo grande ostacolo, poich\u00e9 potrebbe richiedere la cessione di una parte delle attivit\u00e0 acquisite, fino al 25%. In questo contesto, si ipotizza che un terzo soggetto, come A2A, potrebbe essere coinvolto nell&#8217;operazione. Al momento, pare che la reazione del mercato sia stata positiva, con Italgas che ha registrato un incremento del 0,5% a Piazza Affari, mentre A2A ha guadagnato l\u20191,6%.<\/p>\n","protected":false},"excerpt":{"rendered":"<p>Italgas, con il CEO Paolo Gallo alla guida, si appresta a concludere l&#8217;acquisizione di 2i Rete Gas, un&#8217;operazione che promette di rafforzare la sua posizione nel mercato. Con un prestito ponte e un aumento di capitale previsto, il Gruppo si prepara a superare le sfide legate all&#8217;Antitrust. Italgas, guidata da Paolo Gallo, accelera sull\u2019acquisizione di 2i Rete Gas Sotto la guida del CEO Paolo Gallo, Italgas sta accelerando sull&#8217;acquisizione di<\/p>\n<p><a class=\"continue-reading\" href=\"https:\/\/www.article-marketing.eu\/comunicatistampa\/italgas-il-gruppo-guidato-da-paolo-gallo-accelera-sullacquisizione-di-2i-rete-gas\/\">Continue reading&#8230;<\/a><\/p>\n","protected":false},"author":6477,"featured_media":0,"comment_status":"open","ping_status":"open","sticky":false,"template":"","format":"standard","meta":{"_monsterinsights_skip_tracking":false,"_monsterinsights_sitenote_active":false,"_monsterinsights_sitenote_note":"","_monsterinsights_sitenote_category":0,"footnotes":""},"categories":[386],"tags":[10000],"class_list":["post-31305","post","type-post","status-publish","format-standard","hentry","category-economia-e-lavoro","tag-paolo-gallo"],"yoast_head":"<!-- This site is optimized with the Yoast SEO plugin v27.3 - https:\/\/yoast.com\/product\/yoast-seo-wordpress\/ -->\n<title>Italgas: il Gruppo guidato da Paolo Gallo accelera sull\u2019acquisizione di 2i Rete Gas<\/title>\n<meta name=\"description\" content=\"Sotto la direzione di Paolo Gallo, Italgas sta accelerando per l&#039;acquisizione di 2i Rete Gas: confermato un valore di oltre 5 miliardi\" \/>\n<meta name=\"robots\" content=\"index, follow, max-snippet:-1, max-image-preview:large, max-video-preview:-1\" \/>\n<link rel=\"canonical\" href=\"https:\/\/www.article-marketing.eu\/comunicatistampa\/italgas-il-gruppo-guidato-da-paolo-gallo-accelera-sullacquisizione-di-2i-rete-gas\/\" \/>\n<meta property=\"og:locale\" content=\"it_IT\" \/>\n<meta property=\"og:type\" content=\"article\" \/>\n<meta property=\"og:title\" content=\"Italgas: il Gruppo guidato da Paolo Gallo accelera sull\u2019acquisizione di 2i Rete Gas\" \/>\n<meta property=\"og:description\" content=\"Sotto la direzione di Paolo Gallo, Italgas sta accelerando per l&#039;acquisizione di 2i Rete Gas: confermato un valore di oltre 5 miliardi\" \/>\n<meta property=\"og:url\" content=\"https:\/\/www.article-marketing.eu\/comunicatistampa\/italgas-il-gruppo-guidato-da-paolo-gallo-accelera-sullacquisizione-di-2i-rete-gas\/\" \/>\n<meta property=\"og:site_name\" content=\"Article Marketing\" \/>\n<meta property=\"article:published_time\" content=\"2024-09-20T05:56:04+00:00\" \/>\n<meta property=\"og:image\" content=\"https:\/\/www.h2biz.net\/images\/Plats\/crop_min_20210902155441.jpg\" \/>\n<meta name=\"author\" content=\"articolinews\" \/>\n<meta name=\"twitter:card\" content=\"summary_large_image\" \/>\n<meta name=\"twitter:label1\" content=\"Scritto da\" \/>\n\t<meta name=\"twitter:data1\" content=\"articolinews\" \/>\n\t<meta name=\"twitter:label2\" content=\"Tempo di lettura stimato\" \/>\n\t<meta name=\"twitter:data2\" content=\"2 minuti\" \/>\n<script type=\"application\/ld+json\" class=\"yoast-schema-graph\">{\"@context\":\"https:\\\/\\\/schema.org\",\"@graph\":[{\"@type\":\"Article\",\"@id\":\"https:\\\/\\\/www.article-marketing.eu\\\/comunicatistampa\\\/italgas-il-gruppo-guidato-da-paolo-gallo-accelera-sullacquisizione-di-2i-rete-gas\\\/#article\",\"isPartOf\":{\"@id\":\"https:\\\/\\\/www.article-marketing.eu\\\/comunicatistampa\\\/italgas-il-gruppo-guidato-da-paolo-gallo-accelera-sullacquisizione-di-2i-rete-gas\\\/\"},\"author\":{\"name\":\"articolinews\",\"@id\":\"https:\\\/\\\/www.article-marketing.eu\\\/comunicatistampa\\\/#\\\/schema\\\/person\\\/2fcaf8f8f3a9eef9eb7f27532d3ca458\"},\"headline\":\"Italgas: il Gruppo guidato da Paolo Gallo accelera sull\u2019acquisizione di 2i Rete Gas\",\"datePublished\":\"2024-09-20T05:56:04+00:00\",\"mainEntityOfPage\":{\"@id\":\"https:\\\/\\\/www.article-marketing.eu\\\/comunicatistampa\\\/italgas-il-gruppo-guidato-da-paolo-gallo-accelera-sullacquisizione-di-2i-rete-gas\\\/\"},\"wordCount\":332,\"commentCount\":0,\"image\":{\"@id\":\"https:\\\/\\\/www.article-marketing.eu\\\/comunicatistampa\\\/italgas-il-gruppo-guidato-da-paolo-gallo-accelera-sullacquisizione-di-2i-rete-gas\\\/#primaryimage\"},\"thumbnailUrl\":\"https:\\\/\\\/www.h2biz.net\\\/images\\\/Plats\\\/crop_min_20210902155441.jpg\",\"keywords\":[\"Paolo Gallo\"],\"articleSection\":[\"Economia e lavoro\"],\"inLanguage\":\"it-IT\",\"potentialAction\":[{\"@type\":\"CommentAction\",\"name\":\"Comment\",\"target\":[\"https:\\\/\\\/www.article-marketing.eu\\\/comunicatistampa\\\/italgas-il-gruppo-guidato-da-paolo-gallo-accelera-sullacquisizione-di-2i-rete-gas\\\/#respond\"]}]},{\"@type\":\"WebPage\",\"@id\":\"https:\\\/\\\/www.article-marketing.eu\\\/comunicatistampa\\\/italgas-il-gruppo-guidato-da-paolo-gallo-accelera-sullacquisizione-di-2i-rete-gas\\\/\",\"url\":\"https:\\\/\\\/www.article-marketing.eu\\\/comunicatistampa\\\/italgas-il-gruppo-guidato-da-paolo-gallo-accelera-sullacquisizione-di-2i-rete-gas\\\/\",\"name\":\"Italgas: il Gruppo guidato da Paolo Gallo accelera sull\u2019acquisizione di 2i Rete Gas\",\"isPartOf\":{\"@id\":\"https:\\\/\\\/www.article-marketing.eu\\\/comunicatistampa\\\/#website\"},\"primaryImageOfPage\":{\"@id\":\"https:\\\/\\\/www.article-marketing.eu\\\/comunicatistampa\\\/italgas-il-gruppo-guidato-da-paolo-gallo-accelera-sullacquisizione-di-2i-rete-gas\\\/#primaryimage\"},\"image\":{\"@id\":\"https:\\\/\\\/www.article-marketing.eu\\\/comunicatistampa\\\/italgas-il-gruppo-guidato-da-paolo-gallo-accelera-sullacquisizione-di-2i-rete-gas\\\/#primaryimage\"},\"thumbnailUrl\":\"https:\\\/\\\/www.h2biz.net\\\/images\\\/Plats\\\/crop_min_20210902155441.jpg\",\"datePublished\":\"2024-09-20T05:56:04+00:00\",\"author\":{\"@id\":\"https:\\\/\\\/www.article-marketing.eu\\\/comunicatistampa\\\/#\\\/schema\\\/person\\\/2fcaf8f8f3a9eef9eb7f27532d3ca458\"},\"description\":\"Sotto la direzione di Paolo Gallo, Italgas sta accelerando per l'acquisizione di 2i Rete Gas: confermato un valore di oltre 5 miliardi\",\"breadcrumb\":{\"@id\":\"https:\\\/\\\/www.article-marketing.eu\\\/comunicatistampa\\\/italgas-il-gruppo-guidato-da-paolo-gallo-accelera-sullacquisizione-di-2i-rete-gas\\\/#breadcrumb\"},\"inLanguage\":\"it-IT\",\"potentialAction\":[{\"@type\":\"ReadAction\",\"target\":[\"https:\\\/\\\/www.article-marketing.eu\\\/comunicatistampa\\\/italgas-il-gruppo-guidato-da-paolo-gallo-accelera-sullacquisizione-di-2i-rete-gas\\\/\"]}]},{\"@type\":\"ImageObject\",\"inLanguage\":\"it-IT\",\"@id\":\"https:\\\/\\\/www.article-marketing.eu\\\/comunicatistampa\\\/italgas-il-gruppo-guidato-da-paolo-gallo-accelera-sullacquisizione-di-2i-rete-gas\\\/#primaryimage\",\"url\":\"https:\\\/\\\/www.h2biz.net\\\/images\\\/Plats\\\/crop_min_20210902155441.jpg\",\"contentUrl\":\"https:\\\/\\\/www.h2biz.net\\\/images\\\/Plats\\\/crop_min_20210902155441.jpg\"},{\"@type\":\"BreadcrumbList\",\"@id\":\"https:\\\/\\\/www.article-marketing.eu\\\/comunicatistampa\\\/italgas-il-gruppo-guidato-da-paolo-gallo-accelera-sullacquisizione-di-2i-rete-gas\\\/#breadcrumb\",\"itemListElement\":[{\"@type\":\"ListItem\",\"position\":1,\"name\":\"Home\",\"item\":\"https:\\\/\\\/www.article-marketing.eu\\\/comunicatistampa\\\/\"},{\"@type\":\"ListItem\",\"position\":2,\"name\":\"Italgas: il Gruppo guidato da Paolo Gallo accelera sull\u2019acquisizione di 2i Rete Gas\"}]},{\"@type\":\"WebSite\",\"@id\":\"https:\\\/\\\/www.article-marketing.eu\\\/comunicatistampa\\\/#website\",\"url\":\"https:\\\/\\\/www.article-marketing.eu\\\/comunicatistampa\\\/\",\"name\":\"Article Marketing\",\"description\":\"article marketing &amp; press release\",\"potentialAction\":[{\"@type\":\"SearchAction\",\"target\":{\"@type\":\"EntryPoint\",\"urlTemplate\":\"https:\\\/\\\/www.article-marketing.eu\\\/comunicatistampa\\\/?s={search_term_string}\"},\"query-input\":{\"@type\":\"PropertyValueSpecification\",\"valueRequired\":true,\"valueName\":\"search_term_string\"}}],\"inLanguage\":\"it-IT\"},{\"@type\":\"Person\",\"@id\":\"https:\\\/\\\/www.article-marketing.eu\\\/comunicatistampa\\\/#\\\/schema\\\/person\\\/2fcaf8f8f3a9eef9eb7f27532d3ca458\",\"name\":\"articolinews\",\"image\":{\"@type\":\"ImageObject\",\"inLanguage\":\"it-IT\",\"@id\":\"https:\\\/\\\/secure.gravatar.com\\\/avatar\\\/9e2a264bab04e17dea24d937c9956304649a848cb73c46747a692ff1bdeb1cb7?s=96&d=mm&r=g\",\"url\":\"https:\\\/\\\/secure.gravatar.com\\\/avatar\\\/9e2a264bab04e17dea24d937c9956304649a848cb73c46747a692ff1bdeb1cb7?s=96&d=mm&r=g\",\"contentUrl\":\"https:\\\/\\\/secure.gravatar.com\\\/avatar\\\/9e2a264bab04e17dea24d937c9956304649a848cb73c46747a692ff1bdeb1cb7?s=96&d=mm&r=g\",\"caption\":\"articolinews\"},\"url\":\"https:\\\/\\\/www.article-marketing.eu\\\/comunicatistampa\\\/author\\\/articolinews\\\/\"}]}<\/script>\n<!-- \/ Yoast SEO plugin. -->","yoast_head_json":{"title":"Italgas: il Gruppo guidato da Paolo Gallo accelera sull\u2019acquisizione di 2i Rete Gas","description":"Sotto la direzione di Paolo Gallo, Italgas sta accelerando per l'acquisizione di 2i Rete Gas: confermato un valore di oltre 5 miliardi","robots":{"index":"index","follow":"follow","max-snippet":"max-snippet:-1","max-image-preview":"max-image-preview:large","max-video-preview":"max-video-preview:-1"},"canonical":"https:\/\/www.article-marketing.eu\/comunicatistampa\/italgas-il-gruppo-guidato-da-paolo-gallo-accelera-sullacquisizione-di-2i-rete-gas\/","og_locale":"it_IT","og_type":"article","og_title":"Italgas: il Gruppo guidato da Paolo Gallo accelera sull\u2019acquisizione di 2i Rete Gas","og_description":"Sotto la direzione di Paolo Gallo, Italgas sta accelerando per l'acquisizione di 2i Rete Gas: confermato un valore di oltre 5 miliardi","og_url":"https:\/\/www.article-marketing.eu\/comunicatistampa\/italgas-il-gruppo-guidato-da-paolo-gallo-accelera-sullacquisizione-di-2i-rete-gas\/","og_site_name":"Article Marketing","article_published_time":"2024-09-20T05:56:04+00:00","og_image":[{"url":"https:\/\/www.h2biz.net\/images\/Plats\/crop_min_20210902155441.jpg","type":"","width":"","height":""}],"author":"articolinews","twitter_card":"summary_large_image","twitter_misc":{"Scritto da":"articolinews","Tempo di lettura stimato":"2 minuti"},"schema":{"@context":"https:\/\/schema.org","@graph":[{"@type":"Article","@id":"https:\/\/www.article-marketing.eu\/comunicatistampa\/italgas-il-gruppo-guidato-da-paolo-gallo-accelera-sullacquisizione-di-2i-rete-gas\/#article","isPartOf":{"@id":"https:\/\/www.article-marketing.eu\/comunicatistampa\/italgas-il-gruppo-guidato-da-paolo-gallo-accelera-sullacquisizione-di-2i-rete-gas\/"},"author":{"name":"articolinews","@id":"https:\/\/www.article-marketing.eu\/comunicatistampa\/#\/schema\/person\/2fcaf8f8f3a9eef9eb7f27532d3ca458"},"headline":"Italgas: il Gruppo guidato da Paolo Gallo accelera sull\u2019acquisizione di 2i Rete Gas","datePublished":"2024-09-20T05:56:04+00:00","mainEntityOfPage":{"@id":"https:\/\/www.article-marketing.eu\/comunicatistampa\/italgas-il-gruppo-guidato-da-paolo-gallo-accelera-sullacquisizione-di-2i-rete-gas\/"},"wordCount":332,"commentCount":0,"image":{"@id":"https:\/\/www.article-marketing.eu\/comunicatistampa\/italgas-il-gruppo-guidato-da-paolo-gallo-accelera-sullacquisizione-di-2i-rete-gas\/#primaryimage"},"thumbnailUrl":"https:\/\/www.h2biz.net\/images\/Plats\/crop_min_20210902155441.jpg","keywords":["Paolo Gallo"],"articleSection":["Economia e lavoro"],"inLanguage":"it-IT","potentialAction":[{"@type":"CommentAction","name":"Comment","target":["https:\/\/www.article-marketing.eu\/comunicatistampa\/italgas-il-gruppo-guidato-da-paolo-gallo-accelera-sullacquisizione-di-2i-rete-gas\/#respond"]}]},{"@type":"WebPage","@id":"https:\/\/www.article-marketing.eu\/comunicatistampa\/italgas-il-gruppo-guidato-da-paolo-gallo-accelera-sullacquisizione-di-2i-rete-gas\/","url":"https:\/\/www.article-marketing.eu\/comunicatistampa\/italgas-il-gruppo-guidato-da-paolo-gallo-accelera-sullacquisizione-di-2i-rete-gas\/","name":"Italgas: il Gruppo guidato da Paolo Gallo accelera sull\u2019acquisizione di 2i Rete Gas","isPartOf":{"@id":"https:\/\/www.article-marketing.eu\/comunicatistampa\/#website"},"primaryImageOfPage":{"@id":"https:\/\/www.article-marketing.eu\/comunicatistampa\/italgas-il-gruppo-guidato-da-paolo-gallo-accelera-sullacquisizione-di-2i-rete-gas\/#primaryimage"},"image":{"@id":"https:\/\/www.article-marketing.eu\/comunicatistampa\/italgas-il-gruppo-guidato-da-paolo-gallo-accelera-sullacquisizione-di-2i-rete-gas\/#primaryimage"},"thumbnailUrl":"https:\/\/www.h2biz.net\/images\/Plats\/crop_min_20210902155441.jpg","datePublished":"2024-09-20T05:56:04+00:00","author":{"@id":"https:\/\/www.article-marketing.eu\/comunicatistampa\/#\/schema\/person\/2fcaf8f8f3a9eef9eb7f27532d3ca458"},"description":"Sotto la direzione di Paolo Gallo, Italgas sta accelerando per l'acquisizione di 2i Rete Gas: confermato un valore di oltre 5 miliardi","breadcrumb":{"@id":"https:\/\/www.article-marketing.eu\/comunicatistampa\/italgas-il-gruppo-guidato-da-paolo-gallo-accelera-sullacquisizione-di-2i-rete-gas\/#breadcrumb"},"inLanguage":"it-IT","potentialAction":[{"@type":"ReadAction","target":["https:\/\/www.article-marketing.eu\/comunicatistampa\/italgas-il-gruppo-guidato-da-paolo-gallo-accelera-sullacquisizione-di-2i-rete-gas\/"]}]},{"@type":"ImageObject","inLanguage":"it-IT","@id":"https:\/\/www.article-marketing.eu\/comunicatistampa\/italgas-il-gruppo-guidato-da-paolo-gallo-accelera-sullacquisizione-di-2i-rete-gas\/#primaryimage","url":"https:\/\/www.h2biz.net\/images\/Plats\/crop_min_20210902155441.jpg","contentUrl":"https:\/\/www.h2biz.net\/images\/Plats\/crop_min_20210902155441.jpg"},{"@type":"BreadcrumbList","@id":"https:\/\/www.article-marketing.eu\/comunicatistampa\/italgas-il-gruppo-guidato-da-paolo-gallo-accelera-sullacquisizione-di-2i-rete-gas\/#breadcrumb","itemListElement":[{"@type":"ListItem","position":1,"name":"Home","item":"https:\/\/www.article-marketing.eu\/comunicatistampa\/"},{"@type":"ListItem","position":2,"name":"Italgas: il Gruppo guidato da Paolo Gallo accelera sull\u2019acquisizione di 2i Rete Gas"}]},{"@type":"WebSite","@id":"https:\/\/www.article-marketing.eu\/comunicatistampa\/#website","url":"https:\/\/www.article-marketing.eu\/comunicatistampa\/","name":"Article Marketing","description":"article marketing &amp; press release","potentialAction":[{"@type":"SearchAction","target":{"@type":"EntryPoint","urlTemplate":"https:\/\/www.article-marketing.eu\/comunicatistampa\/?s={search_term_string}"},"query-input":{"@type":"PropertyValueSpecification","valueRequired":true,"valueName":"search_term_string"}}],"inLanguage":"it-IT"},{"@type":"Person","@id":"https:\/\/www.article-marketing.eu\/comunicatistampa\/#\/schema\/person\/2fcaf8f8f3a9eef9eb7f27532d3ca458","name":"articolinews","image":{"@type":"ImageObject","inLanguage":"it-IT","@id":"https:\/\/secure.gravatar.com\/avatar\/9e2a264bab04e17dea24d937c9956304649a848cb73c46747a692ff1bdeb1cb7?s=96&d=mm&r=g","url":"https:\/\/secure.gravatar.com\/avatar\/9e2a264bab04e17dea24d937c9956304649a848cb73c46747a692ff1bdeb1cb7?s=96&d=mm&r=g","contentUrl":"https:\/\/secure.gravatar.com\/avatar\/9e2a264bab04e17dea24d937c9956304649a848cb73c46747a692ff1bdeb1cb7?s=96&d=mm&r=g","caption":"articolinews"},"url":"https:\/\/www.article-marketing.eu\/comunicatistampa\/author\/articolinews\/"}]}},"_links":{"self":[{"href":"https:\/\/www.article-marketing.eu\/comunicatistampa\/wp-json\/wp\/v2\/posts\/31305","targetHints":{"allow":["GET"]}}],"collection":[{"href":"https:\/\/www.article-marketing.eu\/comunicatistampa\/wp-json\/wp\/v2\/posts"}],"about":[{"href":"https:\/\/www.article-marketing.eu\/comunicatistampa\/wp-json\/wp\/v2\/types\/post"}],"author":[{"embeddable":true,"href":"https:\/\/www.article-marketing.eu\/comunicatistampa\/wp-json\/wp\/v2\/users\/6477"}],"replies":[{"embeddable":true,"href":"https:\/\/www.article-marketing.eu\/comunicatistampa\/wp-json\/wp\/v2\/comments?post=31305"}],"version-history":[{"count":2,"href":"https:\/\/www.article-marketing.eu\/comunicatistampa\/wp-json\/wp\/v2\/posts\/31305\/revisions"}],"predecessor-version":[{"id":31343,"href":"https:\/\/www.article-marketing.eu\/comunicatistampa\/wp-json\/wp\/v2\/posts\/31305\/revisions\/31343"}],"wp:attachment":[{"href":"https:\/\/www.article-marketing.eu\/comunicatistampa\/wp-json\/wp\/v2\/media?parent=31305"}],"wp:term":[{"taxonomy":"category","embeddable":true,"href":"https:\/\/www.article-marketing.eu\/comunicatistampa\/wp-json\/wp\/v2\/categories?post=31305"},{"taxonomy":"post_tag","embeddable":true,"href":"https:\/\/www.article-marketing.eu\/comunicatistampa\/wp-json\/wp\/v2\/tags?post=31305"}],"curies":[{"name":"wp","href":"https:\/\/api.w.org\/{rel}","templated":true}]}}