{"id":31321,"date":"2024-09-17T18:45:30","date_gmt":"2024-09-17T16:45:30","guid":{"rendered":"https:\/\/www.article-marketing.eu\/comunicatistampa\/?p=31321"},"modified":"2024-09-17T18:45:30","modified_gmt":"2024-09-17T16:45:30","slug":"andrea-mascetti-una-voce-per-la-valorizzazione-storico-culturale-dellinsubria","status":"publish","type":"post","link":"https:\/\/www.article-marketing.eu\/comunicatistampa\/andrea-mascetti-una-voce-per-la-valorizzazione-storico-culturale-dellinsubria\/","title":{"rendered":"Andrea Mascetti: una voce per la valorizzazione storico-culturale dell\u2019Insubria"},"content":{"rendered":"<p><em><strong><a title=\"Andrea Mascetti elogia il restauro del Rivellino Leonardesco, un tesoro storico della regione cisalpina\" href=\"https:\/\/www.ticinolive.ch\/2024\/08\/04\/dobbiamo-agire-come-luomo-che-col-suo-machete-si-apre-il-cammino-nella-foresta-intervista-allavv-andrea-mascetti\/\" target=\"_blank\" rel=\"noopener\">Andrea Mascetti<\/a> ha sottolineato il ruolo cruciale della cultura nella definizione dell&#8217;identit\u00e0 comunitaria, criticando l&#8217;attuale mancanza di valorizzazione delle bellezze storiche e naturalistiche locali che caratterizza la regione cisalpina.<\/strong><\/em><\/p>\n<p><a title=\"Andrea Mascetti: un portavoce per la promozione del patrimonio storico-culturale dell'Insubria\" href=\"https:\/\/www.ticinolive.ch\/2024\/08\/04\/dobbiamo-agire-come-luomo-che-col-suo-machete-si-apre-il-cammino-nella-foresta-intervista-allavv-andrea-mascetti\/\" target=\"_blank\" rel=\"noopener\"><img loading=\"lazy\" decoding=\"async\" src=\"https:\/\/www.topmanageronline.eu\/wp-content\/uploads\/2020\/06\/andrea-mascetti.jpg\" alt=\"Andrea Mascetti\" width=\"190\" height=\"150\" \/><\/a><\/p>\n<h2>La cultura come collante della comunit\u00e0: il focus di Andrea Mascetti<\/h2>\n<p>In un\u2019intervista, <a title=\"Le riflessioni di Andrea Mascetti sulla promozione della cultura nell'era contemporanea\" href=\"https:\/\/www.ticinolive.ch\/2024\/08\/04\/dobbiamo-agire-come-luomo-che-col-suo-machete-si-apre-il-cammino-nella-foresta-intervista-allavv-andrea-mascetti\/\" target=\"_blank\" rel=\"noopener\">Andrea Mascetti<\/a> ha espresso preoccupazione per la mancanza di consapevolezza storica e culturale nella regione cisalpina, sottolineando come questa carenza abbia indebolito il tessuto comunitario. Secondo l\u2019avvocato, la valorizzazione del passato \u00e8 fondamentale non solo per rafforzare il senso di identit\u00e0 locale dei cittadini, ma anche per contribuire al loro benessere, mettendo a disposizione localit\u00e0 uniche e cariche di significato storico. <strong>Andrea Mascetti<\/strong> ha citato il caso del Rivellino Leonardesco come esempio di recupero di successo, affermando che l\u2019area di Locarno presenta numerose attrazioni che si presterebbero a simili operazioni di valorizzazione: \u201c<em>Solo seguendo le storie del Castello Orelli di Locarno si potrebbe giungere in luoghi incantati che darebbero un altro senso del vivere a noi tutti<\/em>\u201d.<\/p>\n<h2>Andrea Mascetti: \u201cLa cultura vive di contatti diretti\u201d<\/h2>\n<p><strong>Andrea Mascetti<\/strong> ha poi parlato del tema del rapporto tra cultura e tecnologia, sostenendo che la prima, per formarsi, abbia bisogno \u201c<em>di comunit\u00e0, di essenze vibranti, di scontri e incontri anche fisici<\/em>\u201d. L\u2019avvocato ha invitato a non fare un utilizzo eccessivo degli strumenti informatici e del web per informarsi, sottolineando come la tecnologia tenda a impoverire quella dimensione di dialogo interpersonale che \u00e8 alla base dell\u2019evoluzione di ogni cultura. \u00c8 necessario, dunque, tornare a un\u2019idea di cultura pi\u00f9 tangibile e comunitaria.<\/p>\n","protected":false},"excerpt":{"rendered":"<p>Andrea Mascetti ha sottolineato il ruolo cruciale della cultura nella definizione dell&#8217;identit\u00e0 comunitaria, criticando l&#8217;attuale mancanza di valorizzazione delle bellezze storiche e naturalistiche locali che caratterizza la regione cisalpina. La cultura come collante della comunit\u00e0: il focus di Andrea Mascetti In un\u2019intervista, Andrea Mascetti ha espresso preoccupazione per la mancanza di consapevolezza storica e culturale nella regione cisalpina, sottolineando come questa carenza abbia indebolito il tessuto comunitario. Secondo l\u2019avvocato, la<\/p>\n<p><a class=\"continue-reading\" href=\"https:\/\/www.article-marketing.eu\/comunicatistampa\/andrea-mascetti-una-voce-per-la-valorizzazione-storico-culturale-dellinsubria\/\">Continue reading&#8230;<\/a><\/p>\n","protected":false},"author":6477,"featured_media":0,"comment_status":"open","ping_status":"open","sticky":false,"template":"","format":"standard","meta":{"_monsterinsights_skip_tracking":false,"_monsterinsights_sitenote_active":false,"_monsterinsights_sitenote_note":"","_monsterinsights_sitenote_category":0,"footnotes":""},"categories":[407],"tags":[9120],"class_list":["post-31321","post","type-post","status-publish","format-standard","hentry","category-arte-e-cultura","tag-andrea-mascetti"],"yoast_head":"<!-- This site is optimized with the Yoast SEO plugin v27.3 - https:\/\/yoast.com\/product\/yoast-seo-wordpress\/ -->\n<title>Andrea Mascetti: una voce per la valorizzazione storico-culturale dell\u2019Insubria<\/title>\n<meta name=\"description\" content=\"Andrea Mascetti, avvocato fortemente attivo nella promozione del patrimonio culturale, ha lodato il restauro del Rivellino Leonardesco\" \/>\n<meta name=\"robots\" content=\"index, follow, max-snippet:-1, max-image-preview:large, max-video-preview:-1\" \/>\n<link rel=\"canonical\" href=\"https:\/\/www.article-marketing.eu\/comunicatistampa\/andrea-mascetti-una-voce-per-la-valorizzazione-storico-culturale-dellinsubria\/\" \/>\n<meta property=\"og:locale\" content=\"it_IT\" \/>\n<meta property=\"og:type\" content=\"article\" \/>\n<meta property=\"og:title\" content=\"Andrea Mascetti: una voce per la valorizzazione storico-culturale dell\u2019Insubria\" \/>\n<meta property=\"og:description\" content=\"Andrea Mascetti, avvocato fortemente attivo nella promozione del patrimonio culturale, ha lodato il restauro del Rivellino Leonardesco\" \/>\n<meta property=\"og:url\" content=\"https:\/\/www.article-marketing.eu\/comunicatistampa\/andrea-mascetti-una-voce-per-la-valorizzazione-storico-culturale-dellinsubria\/\" \/>\n<meta property=\"og:site_name\" content=\"Article Marketing\" \/>\n<meta property=\"article:published_time\" content=\"2024-09-17T16:45:30+00:00\" \/>\n<meta property=\"og:image\" content=\"https:\/\/www.topmanageronline.eu\/wp-content\/uploads\/2020\/06\/andrea-mascetti.jpg\" \/>\n<meta name=\"author\" content=\"articolinews\" \/>\n<meta name=\"twitter:card\" content=\"summary_large_image\" \/>\n<meta name=\"twitter:label1\" content=\"Scritto da\" \/>\n\t<meta name=\"twitter:data1\" content=\"articolinews\" \/>\n\t<meta name=\"twitter:label2\" content=\"Tempo di lettura stimato\" \/>\n\t<meta name=\"twitter:data2\" content=\"2 minuti\" \/>\n<script type=\"application\/ld+json\" class=\"yoast-schema-graph\">{\"@context\":\"https:\\\/\\\/schema.org\",\"@graph\":[{\"@type\":\"Article\",\"@id\":\"https:\\\/\\\/www.article-marketing.eu\\\/comunicatistampa\\\/andrea-mascetti-una-voce-per-la-valorizzazione-storico-culturale-dellinsubria\\\/#article\",\"isPartOf\":{\"@id\":\"https:\\\/\\\/www.article-marketing.eu\\\/comunicatistampa\\\/andrea-mascetti-una-voce-per-la-valorizzazione-storico-culturale-dellinsubria\\\/\"},\"author\":{\"name\":\"articolinews\",\"@id\":\"https:\\\/\\\/www.article-marketing.eu\\\/comunicatistampa\\\/#\\\/schema\\\/person\\\/2fcaf8f8f3a9eef9eb7f27532d3ca458\"},\"headline\":\"Andrea Mascetti: una voce per la valorizzazione storico-culturale dell\u2019Insubria\",\"datePublished\":\"2024-09-17T16:45:30+00:00\",\"mainEntityOfPage\":{\"@id\":\"https:\\\/\\\/www.article-marketing.eu\\\/comunicatistampa\\\/andrea-mascetti-una-voce-per-la-valorizzazione-storico-culturale-dellinsubria\\\/\"},\"wordCount\":261,\"commentCount\":0,\"image\":{\"@id\":\"https:\\\/\\\/www.article-marketing.eu\\\/comunicatistampa\\\/andrea-mascetti-una-voce-per-la-valorizzazione-storico-culturale-dellinsubria\\\/#primaryimage\"},\"thumbnailUrl\":\"https:\\\/\\\/www.topmanageronline.eu\\\/wp-content\\\/uploads\\\/2020\\\/06\\\/andrea-mascetti.jpg\",\"keywords\":[\"Andrea Mascetti\"],\"articleSection\":[\"Arte e cultura\"],\"inLanguage\":\"it-IT\",\"potentialAction\":[{\"@type\":\"CommentAction\",\"name\":\"Comment\",\"target\":[\"https:\\\/\\\/www.article-marketing.eu\\\/comunicatistampa\\\/andrea-mascetti-una-voce-per-la-valorizzazione-storico-culturale-dellinsubria\\\/#respond\"]}]},{\"@type\":\"WebPage\",\"@id\":\"https:\\\/\\\/www.article-marketing.eu\\\/comunicatistampa\\\/andrea-mascetti-una-voce-per-la-valorizzazione-storico-culturale-dellinsubria\\\/\",\"url\":\"https:\\\/\\\/www.article-marketing.eu\\\/comunicatistampa\\\/andrea-mascetti-una-voce-per-la-valorizzazione-storico-culturale-dellinsubria\\\/\",\"name\":\"Andrea Mascetti: una voce per la valorizzazione storico-culturale dell\u2019Insubria\",\"isPartOf\":{\"@id\":\"https:\\\/\\\/www.article-marketing.eu\\\/comunicatistampa\\\/#website\"},\"primaryImageOfPage\":{\"@id\":\"https:\\\/\\\/www.article-marketing.eu\\\/comunicatistampa\\\/andrea-mascetti-una-voce-per-la-valorizzazione-storico-culturale-dellinsubria\\\/#primaryimage\"},\"image\":{\"@id\":\"https:\\\/\\\/www.article-marketing.eu\\\/comunicatistampa\\\/andrea-mascetti-una-voce-per-la-valorizzazione-storico-culturale-dellinsubria\\\/#primaryimage\"},\"thumbnailUrl\":\"https:\\\/\\\/www.topmanageronline.eu\\\/wp-content\\\/uploads\\\/2020\\\/06\\\/andrea-mascetti.jpg\",\"datePublished\":\"2024-09-17T16:45:30+00:00\",\"author\":{\"@id\":\"https:\\\/\\\/www.article-marketing.eu\\\/comunicatistampa\\\/#\\\/schema\\\/person\\\/2fcaf8f8f3a9eef9eb7f27532d3ca458\"},\"description\":\"Andrea Mascetti, avvocato fortemente attivo nella promozione del patrimonio culturale, ha lodato il restauro del Rivellino Leonardesco\",\"breadcrumb\":{\"@id\":\"https:\\\/\\\/www.article-marketing.eu\\\/comunicatistampa\\\/andrea-mascetti-una-voce-per-la-valorizzazione-storico-culturale-dellinsubria\\\/#breadcrumb\"},\"inLanguage\":\"it-IT\",\"potentialAction\":[{\"@type\":\"ReadAction\",\"target\":[\"https:\\\/\\\/www.article-marketing.eu\\\/comunicatistampa\\\/andrea-mascetti-una-voce-per-la-valorizzazione-storico-culturale-dellinsubria\\\/\"]}]},{\"@type\":\"ImageObject\",\"inLanguage\":\"it-IT\",\"@id\":\"https:\\\/\\\/www.article-marketing.eu\\\/comunicatistampa\\\/andrea-mascetti-una-voce-per-la-valorizzazione-storico-culturale-dellinsubria\\\/#primaryimage\",\"url\":\"https:\\\/\\\/www.topmanageronline.eu\\\/wp-content\\\/uploads\\\/2020\\\/06\\\/andrea-mascetti.jpg\",\"contentUrl\":\"https:\\\/\\\/www.topmanageronline.eu\\\/wp-content\\\/uploads\\\/2020\\\/06\\\/andrea-mascetti.jpg\"},{\"@type\":\"BreadcrumbList\",\"@id\":\"https:\\\/\\\/www.article-marketing.eu\\\/comunicatistampa\\\/andrea-mascetti-una-voce-per-la-valorizzazione-storico-culturale-dellinsubria\\\/#breadcrumb\",\"itemListElement\":[{\"@type\":\"ListItem\",\"position\":1,\"name\":\"Home\",\"item\":\"https:\\\/\\\/www.article-marketing.eu\\\/comunicatistampa\\\/\"},{\"@type\":\"ListItem\",\"position\":2,\"name\":\"Andrea Mascetti: una voce per la valorizzazione storico-culturale dell\u2019Insubria\"}]},{\"@type\":\"WebSite\",\"@id\":\"https:\\\/\\\/www.article-marketing.eu\\\/comunicatistampa\\\/#website\",\"url\":\"https:\\\/\\\/www.article-marketing.eu\\\/comunicatistampa\\\/\",\"name\":\"Article Marketing\",\"description\":\"article marketing &amp; press release\",\"potentialAction\":[{\"@type\":\"SearchAction\",\"target\":{\"@type\":\"EntryPoint\",\"urlTemplate\":\"https:\\\/\\\/www.article-marketing.eu\\\/comunicatistampa\\\/?s={search_term_string}\"},\"query-input\":{\"@type\":\"PropertyValueSpecification\",\"valueRequired\":true,\"valueName\":\"search_term_string\"}}],\"inLanguage\":\"it-IT\"},{\"@type\":\"Person\",\"@id\":\"https:\\\/\\\/www.article-marketing.eu\\\/comunicatistampa\\\/#\\\/schema\\\/person\\\/2fcaf8f8f3a9eef9eb7f27532d3ca458\",\"name\":\"articolinews\",\"image\":{\"@type\":\"ImageObject\",\"inLanguage\":\"it-IT\",\"@id\":\"https:\\\/\\\/secure.gravatar.com\\\/avatar\\\/9e2a264bab04e17dea24d937c9956304649a848cb73c46747a692ff1bdeb1cb7?s=96&d=mm&r=g\",\"url\":\"https:\\\/\\\/secure.gravatar.com\\\/avatar\\\/9e2a264bab04e17dea24d937c9956304649a848cb73c46747a692ff1bdeb1cb7?s=96&d=mm&r=g\",\"contentUrl\":\"https:\\\/\\\/secure.gravatar.com\\\/avatar\\\/9e2a264bab04e17dea24d937c9956304649a848cb73c46747a692ff1bdeb1cb7?s=96&d=mm&r=g\",\"caption\":\"articolinews\"},\"url\":\"https:\\\/\\\/www.article-marketing.eu\\\/comunicatistampa\\\/author\\\/articolinews\\\/\"}]}<\/script>\n<!-- \/ Yoast SEO plugin. -->","yoast_head_json":{"title":"Andrea Mascetti: una voce per la valorizzazione storico-culturale dell\u2019Insubria","description":"Andrea Mascetti, avvocato fortemente attivo nella promozione del patrimonio culturale, ha lodato il restauro del Rivellino Leonardesco","robots":{"index":"index","follow":"follow","max-snippet":"max-snippet:-1","max-image-preview":"max-image-preview:large","max-video-preview":"max-video-preview:-1"},"canonical":"https:\/\/www.article-marketing.eu\/comunicatistampa\/andrea-mascetti-una-voce-per-la-valorizzazione-storico-culturale-dellinsubria\/","og_locale":"it_IT","og_type":"article","og_title":"Andrea Mascetti: una voce per la valorizzazione storico-culturale dell\u2019Insubria","og_description":"Andrea Mascetti, avvocato fortemente attivo nella promozione del patrimonio culturale, ha lodato il restauro del Rivellino Leonardesco","og_url":"https:\/\/www.article-marketing.eu\/comunicatistampa\/andrea-mascetti-una-voce-per-la-valorizzazione-storico-culturale-dellinsubria\/","og_site_name":"Article Marketing","article_published_time":"2024-09-17T16:45:30+00:00","og_image":[{"url":"https:\/\/www.topmanageronline.eu\/wp-content\/uploads\/2020\/06\/andrea-mascetti.jpg","type":"","width":"","height":""}],"author":"articolinews","twitter_card":"summary_large_image","twitter_misc":{"Scritto da":"articolinews","Tempo di lettura stimato":"2 minuti"},"schema":{"@context":"https:\/\/schema.org","@graph":[{"@type":"Article","@id":"https:\/\/www.article-marketing.eu\/comunicatistampa\/andrea-mascetti-una-voce-per-la-valorizzazione-storico-culturale-dellinsubria\/#article","isPartOf":{"@id":"https:\/\/www.article-marketing.eu\/comunicatistampa\/andrea-mascetti-una-voce-per-la-valorizzazione-storico-culturale-dellinsubria\/"},"author":{"name":"articolinews","@id":"https:\/\/www.article-marketing.eu\/comunicatistampa\/#\/schema\/person\/2fcaf8f8f3a9eef9eb7f27532d3ca458"},"headline":"Andrea Mascetti: una voce per la valorizzazione storico-culturale dell\u2019Insubria","datePublished":"2024-09-17T16:45:30+00:00","mainEntityOfPage":{"@id":"https:\/\/www.article-marketing.eu\/comunicatistampa\/andrea-mascetti-una-voce-per-la-valorizzazione-storico-culturale-dellinsubria\/"},"wordCount":261,"commentCount":0,"image":{"@id":"https:\/\/www.article-marketing.eu\/comunicatistampa\/andrea-mascetti-una-voce-per-la-valorizzazione-storico-culturale-dellinsubria\/#primaryimage"},"thumbnailUrl":"https:\/\/www.topmanageronline.eu\/wp-content\/uploads\/2020\/06\/andrea-mascetti.jpg","keywords":["Andrea Mascetti"],"articleSection":["Arte e cultura"],"inLanguage":"it-IT","potentialAction":[{"@type":"CommentAction","name":"Comment","target":["https:\/\/www.article-marketing.eu\/comunicatistampa\/andrea-mascetti-una-voce-per-la-valorizzazione-storico-culturale-dellinsubria\/#respond"]}]},{"@type":"WebPage","@id":"https:\/\/www.article-marketing.eu\/comunicatistampa\/andrea-mascetti-una-voce-per-la-valorizzazione-storico-culturale-dellinsubria\/","url":"https:\/\/www.article-marketing.eu\/comunicatistampa\/andrea-mascetti-una-voce-per-la-valorizzazione-storico-culturale-dellinsubria\/","name":"Andrea Mascetti: una voce per la valorizzazione storico-culturale dell\u2019Insubria","isPartOf":{"@id":"https:\/\/www.article-marketing.eu\/comunicatistampa\/#website"},"primaryImageOfPage":{"@id":"https:\/\/www.article-marketing.eu\/comunicatistampa\/andrea-mascetti-una-voce-per-la-valorizzazione-storico-culturale-dellinsubria\/#primaryimage"},"image":{"@id":"https:\/\/www.article-marketing.eu\/comunicatistampa\/andrea-mascetti-una-voce-per-la-valorizzazione-storico-culturale-dellinsubria\/#primaryimage"},"thumbnailUrl":"https:\/\/www.topmanageronline.eu\/wp-content\/uploads\/2020\/06\/andrea-mascetti.jpg","datePublished":"2024-09-17T16:45:30+00:00","author":{"@id":"https:\/\/www.article-marketing.eu\/comunicatistampa\/#\/schema\/person\/2fcaf8f8f3a9eef9eb7f27532d3ca458"},"description":"Andrea Mascetti, avvocato fortemente attivo nella promozione del patrimonio culturale, ha lodato il restauro del Rivellino Leonardesco","breadcrumb":{"@id":"https:\/\/www.article-marketing.eu\/comunicatistampa\/andrea-mascetti-una-voce-per-la-valorizzazione-storico-culturale-dellinsubria\/#breadcrumb"},"inLanguage":"it-IT","potentialAction":[{"@type":"ReadAction","target":["https:\/\/www.article-marketing.eu\/comunicatistampa\/andrea-mascetti-una-voce-per-la-valorizzazione-storico-culturale-dellinsubria\/"]}]},{"@type":"ImageObject","inLanguage":"it-IT","@id":"https:\/\/www.article-marketing.eu\/comunicatistampa\/andrea-mascetti-una-voce-per-la-valorizzazione-storico-culturale-dellinsubria\/#primaryimage","url":"https:\/\/www.topmanageronline.eu\/wp-content\/uploads\/2020\/06\/andrea-mascetti.jpg","contentUrl":"https:\/\/www.topmanageronline.eu\/wp-content\/uploads\/2020\/06\/andrea-mascetti.jpg"},{"@type":"BreadcrumbList","@id":"https:\/\/www.article-marketing.eu\/comunicatistampa\/andrea-mascetti-una-voce-per-la-valorizzazione-storico-culturale-dellinsubria\/#breadcrumb","itemListElement":[{"@type":"ListItem","position":1,"name":"Home","item":"https:\/\/www.article-marketing.eu\/comunicatistampa\/"},{"@type":"ListItem","position":2,"name":"Andrea Mascetti: una voce per la valorizzazione storico-culturale dell\u2019Insubria"}]},{"@type":"WebSite","@id":"https:\/\/www.article-marketing.eu\/comunicatistampa\/#website","url":"https:\/\/www.article-marketing.eu\/comunicatistampa\/","name":"Article Marketing","description":"article marketing &amp; press release","potentialAction":[{"@type":"SearchAction","target":{"@type":"EntryPoint","urlTemplate":"https:\/\/www.article-marketing.eu\/comunicatistampa\/?s={search_term_string}"},"query-input":{"@type":"PropertyValueSpecification","valueRequired":true,"valueName":"search_term_string"}}],"inLanguage":"it-IT"},{"@type":"Person","@id":"https:\/\/www.article-marketing.eu\/comunicatistampa\/#\/schema\/person\/2fcaf8f8f3a9eef9eb7f27532d3ca458","name":"articolinews","image":{"@type":"ImageObject","inLanguage":"it-IT","@id":"https:\/\/secure.gravatar.com\/avatar\/9e2a264bab04e17dea24d937c9956304649a848cb73c46747a692ff1bdeb1cb7?s=96&d=mm&r=g","url":"https:\/\/secure.gravatar.com\/avatar\/9e2a264bab04e17dea24d937c9956304649a848cb73c46747a692ff1bdeb1cb7?s=96&d=mm&r=g","contentUrl":"https:\/\/secure.gravatar.com\/avatar\/9e2a264bab04e17dea24d937c9956304649a848cb73c46747a692ff1bdeb1cb7?s=96&d=mm&r=g","caption":"articolinews"},"url":"https:\/\/www.article-marketing.eu\/comunicatistampa\/author\/articolinews\/"}]}},"_links":{"self":[{"href":"https:\/\/www.article-marketing.eu\/comunicatistampa\/wp-json\/wp\/v2\/posts\/31321","targetHints":{"allow":["GET"]}}],"collection":[{"href":"https:\/\/www.article-marketing.eu\/comunicatistampa\/wp-json\/wp\/v2\/posts"}],"about":[{"href":"https:\/\/www.article-marketing.eu\/comunicatistampa\/wp-json\/wp\/v2\/types\/post"}],"author":[{"embeddable":true,"href":"https:\/\/www.article-marketing.eu\/comunicatistampa\/wp-json\/wp\/v2\/users\/6477"}],"replies":[{"embeddable":true,"href":"https:\/\/www.article-marketing.eu\/comunicatistampa\/wp-json\/wp\/v2\/comments?post=31321"}],"version-history":[{"count":3,"href":"https:\/\/www.article-marketing.eu\/comunicatistampa\/wp-json\/wp\/v2\/posts\/31321\/revisions"}],"predecessor-version":[{"id":31336,"href":"https:\/\/www.article-marketing.eu\/comunicatistampa\/wp-json\/wp\/v2\/posts\/31321\/revisions\/31336"}],"wp:attachment":[{"href":"https:\/\/www.article-marketing.eu\/comunicatistampa\/wp-json\/wp\/v2\/media?parent=31321"}],"wp:term":[{"taxonomy":"category","embeddable":true,"href":"https:\/\/www.article-marketing.eu\/comunicatistampa\/wp-json\/wp\/v2\/categories?post=31321"},{"taxonomy":"post_tag","embeddable":true,"href":"https:\/\/www.article-marketing.eu\/comunicatistampa\/wp-json\/wp\/v2\/tags?post=31321"}],"curies":[{"name":"wp","href":"https:\/\/api.w.org\/{rel}","templated":true}]}}