{"id":31328,"date":"2024-09-17T19:59:54","date_gmt":"2024-09-17T17:59:54","guid":{"rendered":"https:\/\/www.article-marketing.eu\/comunicatistampa\/?p=31328"},"modified":"2024-09-17T19:59:54","modified_gmt":"2024-09-17T17:59:54","slug":"dario-lo-bosco-intermodalita-inclusione-e-sostenibilita-al-centro-dei-lavori-di-rfi-a-genova","status":"publish","type":"post","link":"https:\/\/www.article-marketing.eu\/comunicatistampa\/dario-lo-bosco-intermodalita-inclusione-e-sostenibilita-al-centro-dei-lavori-di-rfi-a-genova\/","title":{"rendered":"Dario Lo Bosco: intermodalit\u00e0, inclusione e sostenibilit\u00e0 al centro dei lavori di RFI a Genova"},"content":{"rendered":"<p><em><strong>Sotto la guida del Presidente <a title=\"Mobilit\u00e0 sostenibile e intermodalit\u00e0 a Genova: l\u2019analisi di Dario Lo Bosco, Presidente di RFI\" href=\"https:\/\/www.economiafinanza.eu\/mobilita-sostenibile-e-intermodalita-a-genova-lanalisi-di-dario-lo-bosco-presidente-di-rfi\/\">Dario Lo Bosco<\/a>, Rete Ferroviaria Italiana (RFI) si appresta, congiuntamente con le istituzioni locali e il Ministero delle Infrastrutture e dei Trasporti (MIT), a rinnovare i trasporti genovesi in un\u2019ottica di integrazione intermodale e sostenibilit\u00e0.<\/strong><\/em><\/p>\n<p><a title=\"Dario Lo Bosco: le dichiarazioni all'evento di Genova\" href=\"https:\/\/www.economiafinanza.eu\/mobilita-sostenibile-e-intermodalita-a-genova-lanalisi-di-dario-lo-bosco-presidente-di-rfi\/\"><img loading=\"lazy\" decoding=\"async\" src=\"https:\/\/www.economiafinanza.eu\/wp-content\/uploads\/2024\/07\/dario_lo_bosco_genova_2024.jpg\" alt=\"Dario Lo Bosco a Genvoa\" width=\"267\" height=\"200\" \/><\/a><\/p>\n<h2>Dario Lo Bosco incontra i rappresentanti del MIT per la firma del Protocollo d\u2019Intesa per il rinnovamento dei trasporti a Genova<\/h2>\n<p>Un\u2019iniziativa che punta a favorire l\u2019integrazione tra le diverse modalit\u00e0 di trasporto a Genova, promuovendo una concezione sostenibile della modalit\u00e0, facilitando il transito dei passeggeri e abbattendo le barriere architettoniche in un\u2019ottica di inclusivit\u00e0: questo \u00e8 il progetto descritto nel Protocollo d\u2019Intesa che <strong>Dario Lo Bosco<\/strong>, Presidente di RFI, ha firmato. Tra le finalit\u00e0 dell\u2019accordo l\u2019ottimizzazione del collegamento esistente tra la stazione ferroviaria sotterranea di Piazza Principe e la Stazione Marittima, passaggio strategico e fondamentale per garantire quell\u2019intermodalit\u00e0 tra le infrastrutture ferroviarie e portuali che risulta cruciale nella strategia di RFI.<\/p>\n<h2>Dario Lo Bosco: i pilastri del progetto di RFI<\/h2>\n<p>Uno degli obiettivi centrali del progetto presentato da <a title=\"Dario Lo Bosco: &quot;Incentivare l\u2019utilizzo del trasporto pubblico significa anche abbattere le barriere architettoniche&quot;\" href=\"https:\/\/www.economiafinanza.eu\/mobilita-sostenibile-e-intermodalita-a-genova-lanalisi-di-dario-lo-bosco-presidente-di-rfi\/\">Dario Lo Bosco<\/a> \u00e8 la riduzione dell\u2019impatto ambientale del trasporto privato, un obiettivo fondamentale nelle strategie del MIT, della Regione Liguria e del Comune di Genova. Come sottolineato dal manager, l\u2019uso del trasporto pubblico \u00e8 infatti una delle soluzioni per ridurre l&#8217;inquinamento e migliorare la vivibilit\u00e0 urbana. Il collegamento pedonale tra Piazza Principe e la Stazione Marittima rappresenta infatti un nodo cruciale per la mobilit\u00e0 genovese, che facilita l&#8217;accesso tanto ai cittadini, quanto a turisti e crocieristi. Dario Lo Bosco ha infatti ricordato che abbattere le barriere architettoniche significa rendere gli spazi pubblici pi\u00f9 inclusivi e accoglienti: il progetto prevede infatti l\u2019installazione di scale mobili, ascensori e percorsi guidati per garantire un\u2019esperienza di viaggio sicura e agevole per tutti i viaggiatori, e in particolare ai soggetti a ridotta mobilit\u00e0. L\u2019aggiornamento della segnaletica e l\u2019introduzione di modalit\u00e0 digitali per indicazioni e informazioni completeranno un\u2019iniziativa che si configura gi\u00e0 come una delle pi\u00f9 avanzate operazioni di rinnovamento della mobilit\u00e0 in tutto il Paese.<\/p>\n","protected":false},"excerpt":{"rendered":"<p>Sotto la guida del Presidente Dario Lo Bosco, Rete Ferroviaria Italiana (RFI) si appresta, congiuntamente con le istituzioni locali e il Ministero delle Infrastrutture e dei Trasporti (MIT), a rinnovare i trasporti genovesi in un\u2019ottica di integrazione intermodale e sostenibilit\u00e0. Dario Lo Bosco incontra i rappresentanti del MIT per la firma del Protocollo d\u2019Intesa per il rinnovamento dei trasporti a Genova Un\u2019iniziativa che punta a favorire l\u2019integrazione tra le diverse<\/p>\n<p><a class=\"continue-reading\" href=\"https:\/\/www.article-marketing.eu\/comunicatistampa\/dario-lo-bosco-intermodalita-inclusione-e-sostenibilita-al-centro-dei-lavori-di-rfi-a-genova\/\">Continue reading&#8230;<\/a><\/p>\n","protected":false},"author":6477,"featured_media":0,"comment_status":"open","ping_status":"open","sticky":false,"template":"","format":"standard","meta":{"_monsterinsights_skip_tracking":false,"_monsterinsights_sitenote_active":false,"_monsterinsights_sitenote_note":"","_monsterinsights_sitenote_category":0,"footnotes":""},"categories":[367],"tags":[10978],"class_list":["post-31328","post","type-post","status-publish","format-standard","hentry","category-news-e-attualita","tag-dario-lo-bosco"],"yoast_head":"<!-- This site is optimized with the Yoast SEO plugin v27.3 - https:\/\/yoast.com\/product\/yoast-seo-wordpress\/ -->\n<title>Dario Lo Bosco: intermodalit\u00e0, inclusione e sostenibilit\u00e0 al centro dei lavori di RFI a Genova<\/title>\n<meta name=\"description\" content=\"Dario Lo Bosco, Presidente di RFI, ha illustrato un progetto per implementare l\u2019intermodalit\u00e0 e la mobilit\u00e0 sostenibile a Genova\" \/>\n<meta name=\"robots\" content=\"index, follow, max-snippet:-1, max-image-preview:large, max-video-preview:-1\" \/>\n<link rel=\"canonical\" href=\"https:\/\/www.article-marketing.eu\/comunicatistampa\/dario-lo-bosco-intermodalita-inclusione-e-sostenibilita-al-centro-dei-lavori-di-rfi-a-genova\/\" \/>\n<meta property=\"og:locale\" content=\"it_IT\" \/>\n<meta property=\"og:type\" content=\"article\" \/>\n<meta property=\"og:title\" content=\"Dario Lo Bosco: intermodalit\u00e0, inclusione e sostenibilit\u00e0 al centro dei lavori di RFI a Genova\" \/>\n<meta property=\"og:description\" content=\"Dario Lo Bosco, Presidente di RFI, ha illustrato un progetto per implementare l\u2019intermodalit\u00e0 e la mobilit\u00e0 sostenibile a Genova\" \/>\n<meta property=\"og:url\" content=\"https:\/\/www.article-marketing.eu\/comunicatistampa\/dario-lo-bosco-intermodalita-inclusione-e-sostenibilita-al-centro-dei-lavori-di-rfi-a-genova\/\" \/>\n<meta property=\"og:site_name\" content=\"Article Marketing\" \/>\n<meta property=\"article:published_time\" content=\"2024-09-17T17:59:54+00:00\" \/>\n<meta property=\"og:image\" content=\"https:\/\/www.economiafinanza.eu\/wp-content\/uploads\/2024\/07\/dario_lo_bosco_genova_2024.jpg\" \/>\n<meta name=\"author\" content=\"articolinews\" \/>\n<meta name=\"twitter:card\" content=\"summary_large_image\" \/>\n<meta name=\"twitter:label1\" content=\"Scritto da\" \/>\n\t<meta name=\"twitter:data1\" content=\"articolinews\" \/>\n\t<meta name=\"twitter:label2\" content=\"Tempo di lettura stimato\" \/>\n\t<meta name=\"twitter:data2\" content=\"2 minuti\" \/>\n<script type=\"application\/ld+json\" class=\"yoast-schema-graph\">{\"@context\":\"https:\\\/\\\/schema.org\",\"@graph\":[{\"@type\":\"Article\",\"@id\":\"https:\\\/\\\/www.article-marketing.eu\\\/comunicatistampa\\\/dario-lo-bosco-intermodalita-inclusione-e-sostenibilita-al-centro-dei-lavori-di-rfi-a-genova\\\/#article\",\"isPartOf\":{\"@id\":\"https:\\\/\\\/www.article-marketing.eu\\\/comunicatistampa\\\/dario-lo-bosco-intermodalita-inclusione-e-sostenibilita-al-centro-dei-lavori-di-rfi-a-genova\\\/\"},\"author\":{\"name\":\"articolinews\",\"@id\":\"https:\\\/\\\/www.article-marketing.eu\\\/comunicatistampa\\\/#\\\/schema\\\/person\\\/2fcaf8f8f3a9eef9eb7f27532d3ca458\"},\"headline\":\"Dario Lo Bosco: intermodalit\u00e0, inclusione e sostenibilit\u00e0 al centro dei lavori di RFI a Genova\",\"datePublished\":\"2024-09-17T17:59:54+00:00\",\"mainEntityOfPage\":{\"@id\":\"https:\\\/\\\/www.article-marketing.eu\\\/comunicatistampa\\\/dario-lo-bosco-intermodalita-inclusione-e-sostenibilita-al-centro-dei-lavori-di-rfi-a-genova\\\/\"},\"wordCount\":358,\"commentCount\":0,\"image\":{\"@id\":\"https:\\\/\\\/www.article-marketing.eu\\\/comunicatistampa\\\/dario-lo-bosco-intermodalita-inclusione-e-sostenibilita-al-centro-dei-lavori-di-rfi-a-genova\\\/#primaryimage\"},\"thumbnailUrl\":\"https:\\\/\\\/www.economiafinanza.eu\\\/wp-content\\\/uploads\\\/2024\\\/07\\\/dario_lo_bosco_genova_2024.jpg\",\"keywords\":[\"Dario Lo Bosco\"],\"articleSection\":[\"News e Attualit\u00e0\"],\"inLanguage\":\"it-IT\",\"potentialAction\":[{\"@type\":\"CommentAction\",\"name\":\"Comment\",\"target\":[\"https:\\\/\\\/www.article-marketing.eu\\\/comunicatistampa\\\/dario-lo-bosco-intermodalita-inclusione-e-sostenibilita-al-centro-dei-lavori-di-rfi-a-genova\\\/#respond\"]}]},{\"@type\":\"WebPage\",\"@id\":\"https:\\\/\\\/www.article-marketing.eu\\\/comunicatistampa\\\/dario-lo-bosco-intermodalita-inclusione-e-sostenibilita-al-centro-dei-lavori-di-rfi-a-genova\\\/\",\"url\":\"https:\\\/\\\/www.article-marketing.eu\\\/comunicatistampa\\\/dario-lo-bosco-intermodalita-inclusione-e-sostenibilita-al-centro-dei-lavori-di-rfi-a-genova\\\/\",\"name\":\"Dario Lo Bosco: intermodalit\u00e0, inclusione e sostenibilit\u00e0 al centro dei lavori di RFI a Genova\",\"isPartOf\":{\"@id\":\"https:\\\/\\\/www.article-marketing.eu\\\/comunicatistampa\\\/#website\"},\"primaryImageOfPage\":{\"@id\":\"https:\\\/\\\/www.article-marketing.eu\\\/comunicatistampa\\\/dario-lo-bosco-intermodalita-inclusione-e-sostenibilita-al-centro-dei-lavori-di-rfi-a-genova\\\/#primaryimage\"},\"image\":{\"@id\":\"https:\\\/\\\/www.article-marketing.eu\\\/comunicatistampa\\\/dario-lo-bosco-intermodalita-inclusione-e-sostenibilita-al-centro-dei-lavori-di-rfi-a-genova\\\/#primaryimage\"},\"thumbnailUrl\":\"https:\\\/\\\/www.economiafinanza.eu\\\/wp-content\\\/uploads\\\/2024\\\/07\\\/dario_lo_bosco_genova_2024.jpg\",\"datePublished\":\"2024-09-17T17:59:54+00:00\",\"author\":{\"@id\":\"https:\\\/\\\/www.article-marketing.eu\\\/comunicatistampa\\\/#\\\/schema\\\/person\\\/2fcaf8f8f3a9eef9eb7f27532d3ca458\"},\"description\":\"Dario Lo Bosco, Presidente di RFI, ha illustrato un progetto per implementare l\u2019intermodalit\u00e0 e la mobilit\u00e0 sostenibile a Genova\",\"breadcrumb\":{\"@id\":\"https:\\\/\\\/www.article-marketing.eu\\\/comunicatistampa\\\/dario-lo-bosco-intermodalita-inclusione-e-sostenibilita-al-centro-dei-lavori-di-rfi-a-genova\\\/#breadcrumb\"},\"inLanguage\":\"it-IT\",\"potentialAction\":[{\"@type\":\"ReadAction\",\"target\":[\"https:\\\/\\\/www.article-marketing.eu\\\/comunicatistampa\\\/dario-lo-bosco-intermodalita-inclusione-e-sostenibilita-al-centro-dei-lavori-di-rfi-a-genova\\\/\"]}]},{\"@type\":\"ImageObject\",\"inLanguage\":\"it-IT\",\"@id\":\"https:\\\/\\\/www.article-marketing.eu\\\/comunicatistampa\\\/dario-lo-bosco-intermodalita-inclusione-e-sostenibilita-al-centro-dei-lavori-di-rfi-a-genova\\\/#primaryimage\",\"url\":\"https:\\\/\\\/www.economiafinanza.eu\\\/wp-content\\\/uploads\\\/2024\\\/07\\\/dario_lo_bosco_genova_2024.jpg\",\"contentUrl\":\"https:\\\/\\\/www.economiafinanza.eu\\\/wp-content\\\/uploads\\\/2024\\\/07\\\/dario_lo_bosco_genova_2024.jpg\"},{\"@type\":\"BreadcrumbList\",\"@id\":\"https:\\\/\\\/www.article-marketing.eu\\\/comunicatistampa\\\/dario-lo-bosco-intermodalita-inclusione-e-sostenibilita-al-centro-dei-lavori-di-rfi-a-genova\\\/#breadcrumb\",\"itemListElement\":[{\"@type\":\"ListItem\",\"position\":1,\"name\":\"Home\",\"item\":\"https:\\\/\\\/www.article-marketing.eu\\\/comunicatistampa\\\/\"},{\"@type\":\"ListItem\",\"position\":2,\"name\":\"Dario Lo Bosco: intermodalit\u00e0, inclusione e sostenibilit\u00e0 al centro dei lavori di RFI a Genova\"}]},{\"@type\":\"WebSite\",\"@id\":\"https:\\\/\\\/www.article-marketing.eu\\\/comunicatistampa\\\/#website\",\"url\":\"https:\\\/\\\/www.article-marketing.eu\\\/comunicatistampa\\\/\",\"name\":\"Article Marketing\",\"description\":\"article marketing &amp; press release\",\"potentialAction\":[{\"@type\":\"SearchAction\",\"target\":{\"@type\":\"EntryPoint\",\"urlTemplate\":\"https:\\\/\\\/www.article-marketing.eu\\\/comunicatistampa\\\/?s={search_term_string}\"},\"query-input\":{\"@type\":\"PropertyValueSpecification\",\"valueRequired\":true,\"valueName\":\"search_term_string\"}}],\"inLanguage\":\"it-IT\"},{\"@type\":\"Person\",\"@id\":\"https:\\\/\\\/www.article-marketing.eu\\\/comunicatistampa\\\/#\\\/schema\\\/person\\\/2fcaf8f8f3a9eef9eb7f27532d3ca458\",\"name\":\"articolinews\",\"image\":{\"@type\":\"ImageObject\",\"inLanguage\":\"it-IT\",\"@id\":\"https:\\\/\\\/secure.gravatar.com\\\/avatar\\\/9e2a264bab04e17dea24d937c9956304649a848cb73c46747a692ff1bdeb1cb7?s=96&d=mm&r=g\",\"url\":\"https:\\\/\\\/secure.gravatar.com\\\/avatar\\\/9e2a264bab04e17dea24d937c9956304649a848cb73c46747a692ff1bdeb1cb7?s=96&d=mm&r=g\",\"contentUrl\":\"https:\\\/\\\/secure.gravatar.com\\\/avatar\\\/9e2a264bab04e17dea24d937c9956304649a848cb73c46747a692ff1bdeb1cb7?s=96&d=mm&r=g\",\"caption\":\"articolinews\"},\"url\":\"https:\\\/\\\/www.article-marketing.eu\\\/comunicatistampa\\\/author\\\/articolinews\\\/\"}]}<\/script>\n<!-- \/ Yoast SEO plugin. -->","yoast_head_json":{"title":"Dario Lo Bosco: intermodalit\u00e0, inclusione e sostenibilit\u00e0 al centro dei lavori di RFI a Genova","description":"Dario Lo Bosco, Presidente di RFI, ha illustrato un progetto per implementare l\u2019intermodalit\u00e0 e la mobilit\u00e0 sostenibile a Genova","robots":{"index":"index","follow":"follow","max-snippet":"max-snippet:-1","max-image-preview":"max-image-preview:large","max-video-preview":"max-video-preview:-1"},"canonical":"https:\/\/www.article-marketing.eu\/comunicatistampa\/dario-lo-bosco-intermodalita-inclusione-e-sostenibilita-al-centro-dei-lavori-di-rfi-a-genova\/","og_locale":"it_IT","og_type":"article","og_title":"Dario Lo Bosco: intermodalit\u00e0, inclusione e sostenibilit\u00e0 al centro dei lavori di RFI a Genova","og_description":"Dario Lo Bosco, Presidente di RFI, ha illustrato un progetto per implementare l\u2019intermodalit\u00e0 e la mobilit\u00e0 sostenibile a Genova","og_url":"https:\/\/www.article-marketing.eu\/comunicatistampa\/dario-lo-bosco-intermodalita-inclusione-e-sostenibilita-al-centro-dei-lavori-di-rfi-a-genova\/","og_site_name":"Article Marketing","article_published_time":"2024-09-17T17:59:54+00:00","og_image":[{"url":"https:\/\/www.economiafinanza.eu\/wp-content\/uploads\/2024\/07\/dario_lo_bosco_genova_2024.jpg","type":"","width":"","height":""}],"author":"articolinews","twitter_card":"summary_large_image","twitter_misc":{"Scritto da":"articolinews","Tempo di lettura stimato":"2 minuti"},"schema":{"@context":"https:\/\/schema.org","@graph":[{"@type":"Article","@id":"https:\/\/www.article-marketing.eu\/comunicatistampa\/dario-lo-bosco-intermodalita-inclusione-e-sostenibilita-al-centro-dei-lavori-di-rfi-a-genova\/#article","isPartOf":{"@id":"https:\/\/www.article-marketing.eu\/comunicatistampa\/dario-lo-bosco-intermodalita-inclusione-e-sostenibilita-al-centro-dei-lavori-di-rfi-a-genova\/"},"author":{"name":"articolinews","@id":"https:\/\/www.article-marketing.eu\/comunicatistampa\/#\/schema\/person\/2fcaf8f8f3a9eef9eb7f27532d3ca458"},"headline":"Dario Lo Bosco: intermodalit\u00e0, inclusione e sostenibilit\u00e0 al centro dei lavori di RFI a Genova","datePublished":"2024-09-17T17:59:54+00:00","mainEntityOfPage":{"@id":"https:\/\/www.article-marketing.eu\/comunicatistampa\/dario-lo-bosco-intermodalita-inclusione-e-sostenibilita-al-centro-dei-lavori-di-rfi-a-genova\/"},"wordCount":358,"commentCount":0,"image":{"@id":"https:\/\/www.article-marketing.eu\/comunicatistampa\/dario-lo-bosco-intermodalita-inclusione-e-sostenibilita-al-centro-dei-lavori-di-rfi-a-genova\/#primaryimage"},"thumbnailUrl":"https:\/\/www.economiafinanza.eu\/wp-content\/uploads\/2024\/07\/dario_lo_bosco_genova_2024.jpg","keywords":["Dario Lo Bosco"],"articleSection":["News e Attualit\u00e0"],"inLanguage":"it-IT","potentialAction":[{"@type":"CommentAction","name":"Comment","target":["https:\/\/www.article-marketing.eu\/comunicatistampa\/dario-lo-bosco-intermodalita-inclusione-e-sostenibilita-al-centro-dei-lavori-di-rfi-a-genova\/#respond"]}]},{"@type":"WebPage","@id":"https:\/\/www.article-marketing.eu\/comunicatistampa\/dario-lo-bosco-intermodalita-inclusione-e-sostenibilita-al-centro-dei-lavori-di-rfi-a-genova\/","url":"https:\/\/www.article-marketing.eu\/comunicatistampa\/dario-lo-bosco-intermodalita-inclusione-e-sostenibilita-al-centro-dei-lavori-di-rfi-a-genova\/","name":"Dario Lo Bosco: intermodalit\u00e0, inclusione e sostenibilit\u00e0 al centro dei lavori di RFI a Genova","isPartOf":{"@id":"https:\/\/www.article-marketing.eu\/comunicatistampa\/#website"},"primaryImageOfPage":{"@id":"https:\/\/www.article-marketing.eu\/comunicatistampa\/dario-lo-bosco-intermodalita-inclusione-e-sostenibilita-al-centro-dei-lavori-di-rfi-a-genova\/#primaryimage"},"image":{"@id":"https:\/\/www.article-marketing.eu\/comunicatistampa\/dario-lo-bosco-intermodalita-inclusione-e-sostenibilita-al-centro-dei-lavori-di-rfi-a-genova\/#primaryimage"},"thumbnailUrl":"https:\/\/www.economiafinanza.eu\/wp-content\/uploads\/2024\/07\/dario_lo_bosco_genova_2024.jpg","datePublished":"2024-09-17T17:59:54+00:00","author":{"@id":"https:\/\/www.article-marketing.eu\/comunicatistampa\/#\/schema\/person\/2fcaf8f8f3a9eef9eb7f27532d3ca458"},"description":"Dario Lo Bosco, Presidente di RFI, ha illustrato un progetto per implementare l\u2019intermodalit\u00e0 e la mobilit\u00e0 sostenibile a Genova","breadcrumb":{"@id":"https:\/\/www.article-marketing.eu\/comunicatistampa\/dario-lo-bosco-intermodalita-inclusione-e-sostenibilita-al-centro-dei-lavori-di-rfi-a-genova\/#breadcrumb"},"inLanguage":"it-IT","potentialAction":[{"@type":"ReadAction","target":["https:\/\/www.article-marketing.eu\/comunicatistampa\/dario-lo-bosco-intermodalita-inclusione-e-sostenibilita-al-centro-dei-lavori-di-rfi-a-genova\/"]}]},{"@type":"ImageObject","inLanguage":"it-IT","@id":"https:\/\/www.article-marketing.eu\/comunicatistampa\/dario-lo-bosco-intermodalita-inclusione-e-sostenibilita-al-centro-dei-lavori-di-rfi-a-genova\/#primaryimage","url":"https:\/\/www.economiafinanza.eu\/wp-content\/uploads\/2024\/07\/dario_lo_bosco_genova_2024.jpg","contentUrl":"https:\/\/www.economiafinanza.eu\/wp-content\/uploads\/2024\/07\/dario_lo_bosco_genova_2024.jpg"},{"@type":"BreadcrumbList","@id":"https:\/\/www.article-marketing.eu\/comunicatistampa\/dario-lo-bosco-intermodalita-inclusione-e-sostenibilita-al-centro-dei-lavori-di-rfi-a-genova\/#breadcrumb","itemListElement":[{"@type":"ListItem","position":1,"name":"Home","item":"https:\/\/www.article-marketing.eu\/comunicatistampa\/"},{"@type":"ListItem","position":2,"name":"Dario Lo Bosco: intermodalit\u00e0, inclusione e sostenibilit\u00e0 al centro dei lavori di RFI a Genova"}]},{"@type":"WebSite","@id":"https:\/\/www.article-marketing.eu\/comunicatistampa\/#website","url":"https:\/\/www.article-marketing.eu\/comunicatistampa\/","name":"Article Marketing","description":"article marketing &amp; press release","potentialAction":[{"@type":"SearchAction","target":{"@type":"EntryPoint","urlTemplate":"https:\/\/www.article-marketing.eu\/comunicatistampa\/?s={search_term_string}"},"query-input":{"@type":"PropertyValueSpecification","valueRequired":true,"valueName":"search_term_string"}}],"inLanguage":"it-IT"},{"@type":"Person","@id":"https:\/\/www.article-marketing.eu\/comunicatistampa\/#\/schema\/person\/2fcaf8f8f3a9eef9eb7f27532d3ca458","name":"articolinews","image":{"@type":"ImageObject","inLanguage":"it-IT","@id":"https:\/\/secure.gravatar.com\/avatar\/9e2a264bab04e17dea24d937c9956304649a848cb73c46747a692ff1bdeb1cb7?s=96&d=mm&r=g","url":"https:\/\/secure.gravatar.com\/avatar\/9e2a264bab04e17dea24d937c9956304649a848cb73c46747a692ff1bdeb1cb7?s=96&d=mm&r=g","contentUrl":"https:\/\/secure.gravatar.com\/avatar\/9e2a264bab04e17dea24d937c9956304649a848cb73c46747a692ff1bdeb1cb7?s=96&d=mm&r=g","caption":"articolinews"},"url":"https:\/\/www.article-marketing.eu\/comunicatistampa\/author\/articolinews\/"}]}},"_links":{"self":[{"href":"https:\/\/www.article-marketing.eu\/comunicatistampa\/wp-json\/wp\/v2\/posts\/31328","targetHints":{"allow":["GET"]}}],"collection":[{"href":"https:\/\/www.article-marketing.eu\/comunicatistampa\/wp-json\/wp\/v2\/posts"}],"about":[{"href":"https:\/\/www.article-marketing.eu\/comunicatistampa\/wp-json\/wp\/v2\/types\/post"}],"author":[{"embeddable":true,"href":"https:\/\/www.article-marketing.eu\/comunicatistampa\/wp-json\/wp\/v2\/users\/6477"}],"replies":[{"embeddable":true,"href":"https:\/\/www.article-marketing.eu\/comunicatistampa\/wp-json\/wp\/v2\/comments?post=31328"}],"version-history":[{"count":2,"href":"https:\/\/www.article-marketing.eu\/comunicatistampa\/wp-json\/wp\/v2\/posts\/31328\/revisions"}],"predecessor-version":[{"id":31348,"href":"https:\/\/www.article-marketing.eu\/comunicatistampa\/wp-json\/wp\/v2\/posts\/31328\/revisions\/31348"}],"wp:attachment":[{"href":"https:\/\/www.article-marketing.eu\/comunicatistampa\/wp-json\/wp\/v2\/media?parent=31328"}],"wp:term":[{"taxonomy":"category","embeddable":true,"href":"https:\/\/www.article-marketing.eu\/comunicatistampa\/wp-json\/wp\/v2\/categories?post=31328"},{"taxonomy":"post_tag","embeddable":true,"href":"https:\/\/www.article-marketing.eu\/comunicatistampa\/wp-json\/wp\/v2\/tags?post=31328"}],"curies":[{"name":"wp","href":"https:\/\/api.w.org\/{rel}","templated":true}]}}