{"id":31371,"date":"2024-11-01T23:56:12","date_gmt":"2024-11-01T22:56:12","guid":{"rendered":"https:\/\/www.article-marketing.eu\/comunicatistampa\/?p=31371"},"modified":"2024-11-01T23:56:12","modified_gmt":"2024-11-01T22:56:12","slug":"amplifon-verso-il-75-anniversario-lad-enrico-vita-racconta-i-piani-del-gruppo","status":"publish","type":"post","link":"https:\/\/www.article-marketing.eu\/comunicatistampa\/amplifon-verso-il-75-anniversario-lad-enrico-vita-racconta-i-piani-del-gruppo\/","title":{"rendered":"Amplifon verso il 75\u00b0 anniversario: l\u2019AD Enrico Vita racconta i piani del Gruppo"},"content":{"rendered":"<p><em><strong>In un\u2019intervista rilasciata al \u201cCorriere della Sera\u201d, l\u2019AD <a title=\"L'intervista al CEO di Amplifon Enrico Vita sul &quot;Corriere della Sera&quot;\" href=\"https:\/\/www.corriere.it\/economia\/aziende\/24_giugno_20\/amplifon-piu-tech-puntiamo-sui-giovani-obiettivo-3-miliardi-di-ricavi-810a8b66-c534-44cd-93a1-d8786e218xlk.shtml\">Enrico Vita<\/a> ha parlato dell\u2019evoluzione di Amplifon verso una tech company e ha raccontato quali sono i piani di crescita del Gruppo: \u201cPuntiamo ad arrivare a 3 miliardi il prima possibile\u201d. All\u2019estero la societ\u00e0 si concentra sugli Stati Uniti, dove sono gi\u00e0 presenti 400 negozi diretti e 1.200 in franchising.<\/strong><\/em><\/p>\n<p><a title=\"L'intervista del &quot;Corriere della Sera&quot; al CEO di Amplifon Enrico Vita\" href=\"https:\/\/www.corriere.it\/economia\/aziende\/24_giugno_20\/amplifon-piu-tech-puntiamo-sui-giovani-obiettivo-3-miliardi-di-ricavi-810a8b66-c534-44cd-93a1-d8786e218xlk.shtml\"><img loading=\"lazy\" decoding=\"async\" src=\"https:\/\/h2biz.net\/images\/Plats\/crop_min_20230406153310.jpg\" alt=\"Enrico Vita\" width=\"200\" height=\"200\" \/><\/a><\/p>\n<h2>Enrico Vita: il futuro tech di Amplifon con i giovani talenti<\/h2>\n<p>\u201c<em>Ormai il digitale e l\u2019analisi dei dati sono un pezzo molto rilevante. La possibilit\u00e0 di connettere e scambiare i dati ha pi\u00f9 obiettivi: conoscere meglio i nostri clienti, migliorare l\u2019utilizzo degli apparecchi e la possibilit\u00e0 di arricchire l\u2019esperienza e l\u2019assistenza da remoto. Stiamo vedendo che la digitalizzazione non \u00e8 una questione legata all\u2019et\u00e0, le persone sono molto pi\u00f9 tech di quello che i luoghi comuni fanno pensare<\/em>\u201d. Cos\u00ec l\u2019AD <strong>Enrico Vita<\/strong> nell\u2019intervista rilasciata al \u201cCorriere della Sera\u201d, riconoscendo lo status di \u201ctech company\u201d che gli analisti hanno assegnato ad Amplifon. In effetti, negli ultimi anni la realt\u00e0 leader dell\u2019hearing care ha incrementato parecchio gli investimenti in questo campo. \u201c<em>Qualche anno fa abbiamo deciso di rafforzare la struttura di ricerca e sviluppo interna, \u00e8 nata cos\u00ec Amplifon X, un laboratorio di talenti, dal design software all\u2019analisi. Abbiamo acquisito una start up a Napoli da cui poi abbiamo generato il nostro hub, una specie di garage tech delle nuove iniziative<\/em>\u201d, ha raccontato l\u2019AD, tenendoci per\u00f2 a sottolineare l\u2019importanza del fattore umano: \u201c<em>\u00c8 ancora decisivo per garantire la qualit\u00e0 del servizio<\/em>\u201d. Lo sguardo \u00e8 rivolto soprattutto ai giovani, \u201c<em>disposti a lavorare per una societ\u00e0 che abbia uno scopo e impatto<\/em>\u201d. \u201c<em>Vediamo che i giovani vogliono esprimere il loro punto di vista. Essere ascoltati. Capaci di generare innovazione, che per le aziende vuol dire crescita. Siamo presenti in 26 Paesi ormai e questo \u00e8 un tratto comune<\/em>\u201d, ha aggiunto.<\/p>\n<h2>Enrico Vita: Amplifon verso il 75\u00b0 anniversario, gli obiettivi di crescita<\/h2>\n<p>Nei suoi oltre 70 anni di attivit\u00e0, Amplifon ha dimostrato un percorso di crescita davvero notevole, ampliando la propria rete di vendita fino a raggiungere i 10.000 punti in tutto il mondo e un team di 20.000 persone. In vista del 75\u00b0 anniversario, che il Gruppo celebrer\u00e0 il prossimo anno, l\u2019obiettivo \u00e8 quello di crescere ancora. \u201c<em>Per arrivare a un miliardo di fatturato ci sono volute radici solide e un tempo di circa 70 anni, in sette anni abbiamo raggiunto il secondo e ora puntiamo ad arrivare a 3 miliardi il prima possibile<\/em>\u201d, ha dichiarato <a title=\"&quot;Corriere della Sera&quot;: l'intervista all'AD di Amplifon Enrico Vita\" href=\"https:\/\/www.corriere.it\/economia\/aziende\/24_giugno_20\/amplifon-piu-tech-puntiamo-sui-giovani-obiettivo-3-miliardi-di-ricavi-810a8b66-c534-44cd-93a1-d8786e218xlk.shtml\"><strong>Enrico Vita<\/strong><\/a>, evidenziando il valore di un azionariato stabile e un team manageriale di talento, fondamentali per attuare un piano di crescita ambizioso. La recente introduzione della votazione maggiorata nello statuto \u00e8 una mossa strategica che va proprio in questa direzione. \u201c<em>Abbiamo voluto cogliere questa opportunit\u00e0 di una struttura del capitale a supporto della crescita, senza dover migrare in altri Paesi che offrono gi\u00e0 questa opportunit\u00e0. Conserveremo la nostra sede legale e fiscale in Italia<\/em>\u201d. In un \u201c<em>mondo sempre pi\u00f9 a due velocit\u00e0<\/em>\u201d, con gli Stati Uniti da un lato che vanno molto bene e l\u2019Europa, dall\u2019altro, che affanna un po\u2019, <strong>Enrico Vita<\/strong> ha evidenziato che per Amplifon \u201c<em>la priorit\u00e0 restano gli Stati Uniti, vogliamo aumentare la nostra quota di mercato. Si tratta di una geografia enorme dove ogni Stato ha le sue peculiarit\u00e0, abbiamo appena acquisito due franchisee, nel 2020 abbiamo creato una rete di negozi diretti. Ora abbiamo 400 negozi diretti e 1.200 in franchising. Ma la presenza diretta ci permette di conoscere meglio i clienti<\/em>\u201d. Sulla Cina, invece, il manager ha riconosciuto che \u201c<em>\u00e8 stata la grande locomotiva<\/em>\u201d e, anche se \u201c<em>ora \u00e8 pi\u00f9 difficile da legger<\/em>e\u201d, \u201c<em>i dati confermano che c\u2019\u00e8 ripresa anche l\u00ec<\/em>\u201d.<\/p>\n","protected":false},"excerpt":{"rendered":"<p>In un\u2019intervista rilasciata al \u201cCorriere della Sera\u201d, l\u2019AD Enrico Vita ha parlato dell\u2019evoluzione di Amplifon verso una tech company e ha raccontato quali sono i piani di crescita del Gruppo: \u201cPuntiamo ad arrivare a 3 miliardi il prima possibile\u201d. All\u2019estero la societ\u00e0 si concentra sugli Stati Uniti, dove sono gi\u00e0 presenti 400 negozi diretti e 1.200 in franchising. Enrico Vita: il futuro tech di Amplifon con i giovani talenti \u201cOrmai<\/p>\n<p><a class=\"continue-reading\" href=\"https:\/\/www.article-marketing.eu\/comunicatistampa\/amplifon-verso-il-75-anniversario-lad-enrico-vita-racconta-i-piani-del-gruppo\/\">Continue reading&#8230;<\/a><\/p>\n","protected":false},"author":6477,"featured_media":0,"comment_status":"open","ping_status":"open","sticky":false,"template":"","format":"standard","meta":{"_monsterinsights_skip_tracking":false,"_monsterinsights_sitenote_active":false,"_monsterinsights_sitenote_note":"","_monsterinsights_sitenote_category":0,"footnotes":""},"categories":[390],"tags":[10643],"class_list":["post-31371","post","type-post","status-publish","format-standard","hentry","category-professionisti","tag-enrico-vita"],"yoast_head":"<!-- This site is optimized with the Yoast SEO plugin v27.3 - https:\/\/yoast.com\/product\/yoast-seo-wordpress\/ -->\n<title>Amplifon verso il 75\u00b0 anniversario: l\u2019AD Enrico Vita racconta i piani del Gruppo<\/title>\n<meta name=\"description\" content=\"Enrico Vita sottolinea l&#039;importanza del digitale e dell&#039;analisi dei dati nella strategia del Gruppo, ormai riconosciuto come una tech company\" \/>\n<meta name=\"robots\" content=\"index, follow, max-snippet:-1, max-image-preview:large, max-video-preview:-1\" \/>\n<link rel=\"canonical\" href=\"https:\/\/www.article-marketing.eu\/comunicatistampa\/amplifon-verso-il-75-anniversario-lad-enrico-vita-racconta-i-piani-del-gruppo\/\" \/>\n<meta property=\"og:locale\" content=\"it_IT\" \/>\n<meta property=\"og:type\" content=\"article\" \/>\n<meta property=\"og:title\" content=\"Amplifon verso il 75\u00b0 anniversario: l\u2019AD Enrico Vita racconta i piani del Gruppo\" \/>\n<meta property=\"og:description\" content=\"Enrico Vita sottolinea l&#039;importanza del digitale e dell&#039;analisi dei dati nella strategia del Gruppo, ormai riconosciuto come una tech company\" \/>\n<meta property=\"og:url\" content=\"https:\/\/www.article-marketing.eu\/comunicatistampa\/amplifon-verso-il-75-anniversario-lad-enrico-vita-racconta-i-piani-del-gruppo\/\" \/>\n<meta property=\"og:site_name\" content=\"Article Marketing\" \/>\n<meta property=\"article:published_time\" content=\"2024-11-01T22:56:12+00:00\" \/>\n<meta property=\"og:image\" content=\"https:\/\/h2biz.net\/images\/Plats\/crop_min_20230406153310.jpg\" \/>\n<meta name=\"author\" content=\"articolinews\" \/>\n<meta name=\"twitter:card\" content=\"summary_large_image\" \/>\n<meta name=\"twitter:label1\" content=\"Scritto da\" \/>\n\t<meta name=\"twitter:data1\" content=\"articolinews\" \/>\n\t<meta name=\"twitter:label2\" content=\"Tempo di lettura stimato\" \/>\n\t<meta name=\"twitter:data2\" content=\"4 minuti\" \/>\n<script type=\"application\/ld+json\" class=\"yoast-schema-graph\">{\"@context\":\"https:\\\/\\\/schema.org\",\"@graph\":[{\"@type\":\"Article\",\"@id\":\"https:\\\/\\\/www.article-marketing.eu\\\/comunicatistampa\\\/amplifon-verso-il-75-anniversario-lad-enrico-vita-racconta-i-piani-del-gruppo\\\/#article\",\"isPartOf\":{\"@id\":\"https:\\\/\\\/www.article-marketing.eu\\\/comunicatistampa\\\/amplifon-verso-il-75-anniversario-lad-enrico-vita-racconta-i-piani-del-gruppo\\\/\"},\"author\":{\"name\":\"articolinews\",\"@id\":\"https:\\\/\\\/www.article-marketing.eu\\\/comunicatistampa\\\/#\\\/schema\\\/person\\\/2fcaf8f8f3a9eef9eb7f27532d3ca458\"},\"headline\":\"Amplifon verso il 75\u00b0 anniversario: l\u2019AD Enrico Vita racconta i piani del Gruppo\",\"datePublished\":\"2024-11-01T22:56:12+00:00\",\"mainEntityOfPage\":{\"@id\":\"https:\\\/\\\/www.article-marketing.eu\\\/comunicatistampa\\\/amplifon-verso-il-75-anniversario-lad-enrico-vita-racconta-i-piani-del-gruppo\\\/\"},\"wordCount\":616,\"commentCount\":0,\"image\":{\"@id\":\"https:\\\/\\\/www.article-marketing.eu\\\/comunicatistampa\\\/amplifon-verso-il-75-anniversario-lad-enrico-vita-racconta-i-piani-del-gruppo\\\/#primaryimage\"},\"thumbnailUrl\":\"https:\\\/\\\/h2biz.net\\\/images\\\/Plats\\\/crop_min_20230406153310.jpg\",\"keywords\":[\"Enrico Vita\"],\"articleSection\":[\"Professionisti\"],\"inLanguage\":\"it-IT\",\"potentialAction\":[{\"@type\":\"CommentAction\",\"name\":\"Comment\",\"target\":[\"https:\\\/\\\/www.article-marketing.eu\\\/comunicatistampa\\\/amplifon-verso-il-75-anniversario-lad-enrico-vita-racconta-i-piani-del-gruppo\\\/#respond\"]}]},{\"@type\":\"WebPage\",\"@id\":\"https:\\\/\\\/www.article-marketing.eu\\\/comunicatistampa\\\/amplifon-verso-il-75-anniversario-lad-enrico-vita-racconta-i-piani-del-gruppo\\\/\",\"url\":\"https:\\\/\\\/www.article-marketing.eu\\\/comunicatistampa\\\/amplifon-verso-il-75-anniversario-lad-enrico-vita-racconta-i-piani-del-gruppo\\\/\",\"name\":\"Amplifon verso il 75\u00b0 anniversario: l\u2019AD Enrico Vita racconta i piani del Gruppo\",\"isPartOf\":{\"@id\":\"https:\\\/\\\/www.article-marketing.eu\\\/comunicatistampa\\\/#website\"},\"primaryImageOfPage\":{\"@id\":\"https:\\\/\\\/www.article-marketing.eu\\\/comunicatistampa\\\/amplifon-verso-il-75-anniversario-lad-enrico-vita-racconta-i-piani-del-gruppo\\\/#primaryimage\"},\"image\":{\"@id\":\"https:\\\/\\\/www.article-marketing.eu\\\/comunicatistampa\\\/amplifon-verso-il-75-anniversario-lad-enrico-vita-racconta-i-piani-del-gruppo\\\/#primaryimage\"},\"thumbnailUrl\":\"https:\\\/\\\/h2biz.net\\\/images\\\/Plats\\\/crop_min_20230406153310.jpg\",\"datePublished\":\"2024-11-01T22:56:12+00:00\",\"author\":{\"@id\":\"https:\\\/\\\/www.article-marketing.eu\\\/comunicatistampa\\\/#\\\/schema\\\/person\\\/2fcaf8f8f3a9eef9eb7f27532d3ca458\"},\"description\":\"Enrico Vita sottolinea l'importanza del digitale e dell'analisi dei dati nella strategia del Gruppo, ormai riconosciuto come una tech company\",\"breadcrumb\":{\"@id\":\"https:\\\/\\\/www.article-marketing.eu\\\/comunicatistampa\\\/amplifon-verso-il-75-anniversario-lad-enrico-vita-racconta-i-piani-del-gruppo\\\/#breadcrumb\"},\"inLanguage\":\"it-IT\",\"potentialAction\":[{\"@type\":\"ReadAction\",\"target\":[\"https:\\\/\\\/www.article-marketing.eu\\\/comunicatistampa\\\/amplifon-verso-il-75-anniversario-lad-enrico-vita-racconta-i-piani-del-gruppo\\\/\"]}]},{\"@type\":\"ImageObject\",\"inLanguage\":\"it-IT\",\"@id\":\"https:\\\/\\\/www.article-marketing.eu\\\/comunicatistampa\\\/amplifon-verso-il-75-anniversario-lad-enrico-vita-racconta-i-piani-del-gruppo\\\/#primaryimage\",\"url\":\"https:\\\/\\\/h2biz.net\\\/images\\\/Plats\\\/crop_min_20230406153310.jpg\",\"contentUrl\":\"https:\\\/\\\/h2biz.net\\\/images\\\/Plats\\\/crop_min_20230406153310.jpg\"},{\"@type\":\"BreadcrumbList\",\"@id\":\"https:\\\/\\\/www.article-marketing.eu\\\/comunicatistampa\\\/amplifon-verso-il-75-anniversario-lad-enrico-vita-racconta-i-piani-del-gruppo\\\/#breadcrumb\",\"itemListElement\":[{\"@type\":\"ListItem\",\"position\":1,\"name\":\"Home\",\"item\":\"https:\\\/\\\/www.article-marketing.eu\\\/comunicatistampa\\\/\"},{\"@type\":\"ListItem\",\"position\":2,\"name\":\"Amplifon verso il 75\u00b0 anniversario: l\u2019AD Enrico Vita racconta i piani del Gruppo\"}]},{\"@type\":\"WebSite\",\"@id\":\"https:\\\/\\\/www.article-marketing.eu\\\/comunicatistampa\\\/#website\",\"url\":\"https:\\\/\\\/www.article-marketing.eu\\\/comunicatistampa\\\/\",\"name\":\"Article Marketing\",\"description\":\"article marketing &amp; press release\",\"potentialAction\":[{\"@type\":\"SearchAction\",\"target\":{\"@type\":\"EntryPoint\",\"urlTemplate\":\"https:\\\/\\\/www.article-marketing.eu\\\/comunicatistampa\\\/?s={search_term_string}\"},\"query-input\":{\"@type\":\"PropertyValueSpecification\",\"valueRequired\":true,\"valueName\":\"search_term_string\"}}],\"inLanguage\":\"it-IT\"},{\"@type\":\"Person\",\"@id\":\"https:\\\/\\\/www.article-marketing.eu\\\/comunicatistampa\\\/#\\\/schema\\\/person\\\/2fcaf8f8f3a9eef9eb7f27532d3ca458\",\"name\":\"articolinews\",\"image\":{\"@type\":\"ImageObject\",\"inLanguage\":\"it-IT\",\"@id\":\"https:\\\/\\\/secure.gravatar.com\\\/avatar\\\/9e2a264bab04e17dea24d937c9956304649a848cb73c46747a692ff1bdeb1cb7?s=96&d=mm&r=g\",\"url\":\"https:\\\/\\\/secure.gravatar.com\\\/avatar\\\/9e2a264bab04e17dea24d937c9956304649a848cb73c46747a692ff1bdeb1cb7?s=96&d=mm&r=g\",\"contentUrl\":\"https:\\\/\\\/secure.gravatar.com\\\/avatar\\\/9e2a264bab04e17dea24d937c9956304649a848cb73c46747a692ff1bdeb1cb7?s=96&d=mm&r=g\",\"caption\":\"articolinews\"},\"url\":\"https:\\\/\\\/www.article-marketing.eu\\\/comunicatistampa\\\/author\\\/articolinews\\\/\"}]}<\/script>\n<!-- \/ Yoast SEO plugin. -->","yoast_head_json":{"title":"Amplifon verso il 75\u00b0 anniversario: l\u2019AD Enrico Vita racconta i piani del Gruppo","description":"Enrico Vita sottolinea l'importanza del digitale e dell'analisi dei dati nella strategia del Gruppo, ormai riconosciuto come una tech company","robots":{"index":"index","follow":"follow","max-snippet":"max-snippet:-1","max-image-preview":"max-image-preview:large","max-video-preview":"max-video-preview:-1"},"canonical":"https:\/\/www.article-marketing.eu\/comunicatistampa\/amplifon-verso-il-75-anniversario-lad-enrico-vita-racconta-i-piani-del-gruppo\/","og_locale":"it_IT","og_type":"article","og_title":"Amplifon verso il 75\u00b0 anniversario: l\u2019AD Enrico Vita racconta i piani del Gruppo","og_description":"Enrico Vita sottolinea l'importanza del digitale e dell'analisi dei dati nella strategia del Gruppo, ormai riconosciuto come una tech company","og_url":"https:\/\/www.article-marketing.eu\/comunicatistampa\/amplifon-verso-il-75-anniversario-lad-enrico-vita-racconta-i-piani-del-gruppo\/","og_site_name":"Article Marketing","article_published_time":"2024-11-01T22:56:12+00:00","og_image":[{"url":"https:\/\/h2biz.net\/images\/Plats\/crop_min_20230406153310.jpg","type":"","width":"","height":""}],"author":"articolinews","twitter_card":"summary_large_image","twitter_misc":{"Scritto da":"articolinews","Tempo di lettura stimato":"4 minuti"},"schema":{"@context":"https:\/\/schema.org","@graph":[{"@type":"Article","@id":"https:\/\/www.article-marketing.eu\/comunicatistampa\/amplifon-verso-il-75-anniversario-lad-enrico-vita-racconta-i-piani-del-gruppo\/#article","isPartOf":{"@id":"https:\/\/www.article-marketing.eu\/comunicatistampa\/amplifon-verso-il-75-anniversario-lad-enrico-vita-racconta-i-piani-del-gruppo\/"},"author":{"name":"articolinews","@id":"https:\/\/www.article-marketing.eu\/comunicatistampa\/#\/schema\/person\/2fcaf8f8f3a9eef9eb7f27532d3ca458"},"headline":"Amplifon verso il 75\u00b0 anniversario: l\u2019AD Enrico Vita racconta i piani del Gruppo","datePublished":"2024-11-01T22:56:12+00:00","mainEntityOfPage":{"@id":"https:\/\/www.article-marketing.eu\/comunicatistampa\/amplifon-verso-il-75-anniversario-lad-enrico-vita-racconta-i-piani-del-gruppo\/"},"wordCount":616,"commentCount":0,"image":{"@id":"https:\/\/www.article-marketing.eu\/comunicatistampa\/amplifon-verso-il-75-anniversario-lad-enrico-vita-racconta-i-piani-del-gruppo\/#primaryimage"},"thumbnailUrl":"https:\/\/h2biz.net\/images\/Plats\/crop_min_20230406153310.jpg","keywords":["Enrico Vita"],"articleSection":["Professionisti"],"inLanguage":"it-IT","potentialAction":[{"@type":"CommentAction","name":"Comment","target":["https:\/\/www.article-marketing.eu\/comunicatistampa\/amplifon-verso-il-75-anniversario-lad-enrico-vita-racconta-i-piani-del-gruppo\/#respond"]}]},{"@type":"WebPage","@id":"https:\/\/www.article-marketing.eu\/comunicatistampa\/amplifon-verso-il-75-anniversario-lad-enrico-vita-racconta-i-piani-del-gruppo\/","url":"https:\/\/www.article-marketing.eu\/comunicatistampa\/amplifon-verso-il-75-anniversario-lad-enrico-vita-racconta-i-piani-del-gruppo\/","name":"Amplifon verso il 75\u00b0 anniversario: l\u2019AD Enrico Vita racconta i piani del Gruppo","isPartOf":{"@id":"https:\/\/www.article-marketing.eu\/comunicatistampa\/#website"},"primaryImageOfPage":{"@id":"https:\/\/www.article-marketing.eu\/comunicatistampa\/amplifon-verso-il-75-anniversario-lad-enrico-vita-racconta-i-piani-del-gruppo\/#primaryimage"},"image":{"@id":"https:\/\/www.article-marketing.eu\/comunicatistampa\/amplifon-verso-il-75-anniversario-lad-enrico-vita-racconta-i-piani-del-gruppo\/#primaryimage"},"thumbnailUrl":"https:\/\/h2biz.net\/images\/Plats\/crop_min_20230406153310.jpg","datePublished":"2024-11-01T22:56:12+00:00","author":{"@id":"https:\/\/www.article-marketing.eu\/comunicatistampa\/#\/schema\/person\/2fcaf8f8f3a9eef9eb7f27532d3ca458"},"description":"Enrico Vita sottolinea l'importanza del digitale e dell'analisi dei dati nella strategia del Gruppo, ormai riconosciuto come una tech company","breadcrumb":{"@id":"https:\/\/www.article-marketing.eu\/comunicatistampa\/amplifon-verso-il-75-anniversario-lad-enrico-vita-racconta-i-piani-del-gruppo\/#breadcrumb"},"inLanguage":"it-IT","potentialAction":[{"@type":"ReadAction","target":["https:\/\/www.article-marketing.eu\/comunicatistampa\/amplifon-verso-il-75-anniversario-lad-enrico-vita-racconta-i-piani-del-gruppo\/"]}]},{"@type":"ImageObject","inLanguage":"it-IT","@id":"https:\/\/www.article-marketing.eu\/comunicatistampa\/amplifon-verso-il-75-anniversario-lad-enrico-vita-racconta-i-piani-del-gruppo\/#primaryimage","url":"https:\/\/h2biz.net\/images\/Plats\/crop_min_20230406153310.jpg","contentUrl":"https:\/\/h2biz.net\/images\/Plats\/crop_min_20230406153310.jpg"},{"@type":"BreadcrumbList","@id":"https:\/\/www.article-marketing.eu\/comunicatistampa\/amplifon-verso-il-75-anniversario-lad-enrico-vita-racconta-i-piani-del-gruppo\/#breadcrumb","itemListElement":[{"@type":"ListItem","position":1,"name":"Home","item":"https:\/\/www.article-marketing.eu\/comunicatistampa\/"},{"@type":"ListItem","position":2,"name":"Amplifon verso il 75\u00b0 anniversario: l\u2019AD Enrico Vita racconta i piani del Gruppo"}]},{"@type":"WebSite","@id":"https:\/\/www.article-marketing.eu\/comunicatistampa\/#website","url":"https:\/\/www.article-marketing.eu\/comunicatistampa\/","name":"Article Marketing","description":"article marketing &amp; press release","potentialAction":[{"@type":"SearchAction","target":{"@type":"EntryPoint","urlTemplate":"https:\/\/www.article-marketing.eu\/comunicatistampa\/?s={search_term_string}"},"query-input":{"@type":"PropertyValueSpecification","valueRequired":true,"valueName":"search_term_string"}}],"inLanguage":"it-IT"},{"@type":"Person","@id":"https:\/\/www.article-marketing.eu\/comunicatistampa\/#\/schema\/person\/2fcaf8f8f3a9eef9eb7f27532d3ca458","name":"articolinews","image":{"@type":"ImageObject","inLanguage":"it-IT","@id":"https:\/\/secure.gravatar.com\/avatar\/9e2a264bab04e17dea24d937c9956304649a848cb73c46747a692ff1bdeb1cb7?s=96&d=mm&r=g","url":"https:\/\/secure.gravatar.com\/avatar\/9e2a264bab04e17dea24d937c9956304649a848cb73c46747a692ff1bdeb1cb7?s=96&d=mm&r=g","contentUrl":"https:\/\/secure.gravatar.com\/avatar\/9e2a264bab04e17dea24d937c9956304649a848cb73c46747a692ff1bdeb1cb7?s=96&d=mm&r=g","caption":"articolinews"},"url":"https:\/\/www.article-marketing.eu\/comunicatistampa\/author\/articolinews\/"}]}},"_links":{"self":[{"href":"https:\/\/www.article-marketing.eu\/comunicatistampa\/wp-json\/wp\/v2\/posts\/31371","targetHints":{"allow":["GET"]}}],"collection":[{"href":"https:\/\/www.article-marketing.eu\/comunicatistampa\/wp-json\/wp\/v2\/posts"}],"about":[{"href":"https:\/\/www.article-marketing.eu\/comunicatistampa\/wp-json\/wp\/v2\/types\/post"}],"author":[{"embeddable":true,"href":"https:\/\/www.article-marketing.eu\/comunicatistampa\/wp-json\/wp\/v2\/users\/6477"}],"replies":[{"embeddable":true,"href":"https:\/\/www.article-marketing.eu\/comunicatistampa\/wp-json\/wp\/v2\/comments?post=31371"}],"version-history":[{"count":2,"href":"https:\/\/www.article-marketing.eu\/comunicatistampa\/wp-json\/wp\/v2\/posts\/31371\/revisions"}],"predecessor-version":[{"id":31684,"href":"https:\/\/www.article-marketing.eu\/comunicatistampa\/wp-json\/wp\/v2\/posts\/31371\/revisions\/31684"}],"wp:attachment":[{"href":"https:\/\/www.article-marketing.eu\/comunicatistampa\/wp-json\/wp\/v2\/media?parent=31371"}],"wp:term":[{"taxonomy":"category","embeddable":true,"href":"https:\/\/www.article-marketing.eu\/comunicatistampa\/wp-json\/wp\/v2\/categories?post=31371"},{"taxonomy":"post_tag","embeddable":true,"href":"https:\/\/www.article-marketing.eu\/comunicatistampa\/wp-json\/wp\/v2\/tags?post=31371"}],"curies":[{"name":"wp","href":"https:\/\/api.w.org\/{rel}","templated":true}]}}