{"id":31389,"date":"2025-01-10T11:40:09","date_gmt":"2025-01-10T10:40:09","guid":{"rendered":"https:\/\/www.article-marketing.eu\/comunicatistampa\/?p=31389"},"modified":"2025-01-10T11:40:09","modified_gmt":"2025-01-10T10:40:09","slug":"federico-motta-editore-dalla-lingua-ai-segni-levoluzione-della-semiotica","status":"publish","type":"post","link":"https:\/\/www.article-marketing.eu\/comunicatistampa\/federico-motta-editore-dalla-lingua-ai-segni-levoluzione-della-semiotica\/","title":{"rendered":"Federico Motta Editore: dalla lingua ai segni, l\u2019evoluzione della semiotica"},"content":{"rendered":"<p><em><strong>L\u2019affascinante storia della semiotica, la scienza che analizza i segni, \u00e8 analizzata da <a title=\"Su Pressonlinenews gli ultimi aggiornamenti su Federico Motta Editore\" href=\"https:\/\/www.businesspost.eu\/tag\/federico-motta-editore\/\" target=\"_blank\" rel=\"noopener\">Federico Motta Editore<\/a> nel volume \u201cLa Filosofia\u201d, dove \u00e8 presente il saggio della semiologa Valentina Pisanty, sostenitrice dell\u2019interazione tra lo strutturalismo di Saussure e il pragmatismo di Peirce.<\/strong><\/em><\/p>\n<p><a title=\"Le ultime news riguardanti Federico Motta Editore\" href=\"https:\/\/www.businesspost.eu\/tag\/federico-motta-editore\/\" target=\"_blank\" rel=\"noopener\"><img loading=\"lazy\" decoding=\"async\" src=\"https:\/\/www.businesspost.eu\/wp-content\/uploads\/2021\/08\/federico-motta-editore.jpg\" alt=\"Federico Motta Editore\" width=\"200\" height=\"165\" \/><\/a><\/p>\n<h2>Federico Motta Editore: la semiotica, cos\u2019\u00e8 e come nasce<\/h2>\n<p>A cavallo tra Ottocento e Novecento, la semiotica emerge come una nuova disciplina scientifica che si dedica allo studio dei segni. I \u201cpadri fondatori\u201d di tale disciplina furono Charles Sanders Peirce e Ferdinand de Saussure, i quali, pur operando autonomamente, arrivano ad offrire definizioni che evidenziano l&#8217;importanza dei segni nello sviluppo delle interazioni sociali e delle comunicazioni umane. Per il primo si trattava di una \u201c<em>disciplina della natura essenziale e delle variet\u00e0 fondamentali di ogni possibile semiosi<\/em>\u201d, per il secondo \u201c<em>una scienza che studia la vita dei segni nel quadro della vita sociale<\/em>\u201d. Nel corso del \u2018900, l&#8217;applicazione della semiotica si espande in numerosi ambiti: dall&#8217;antropologia alla comunicazione, dalla linguistica alla psicologia. Solo negli anni \u201860, tuttavia, la semiotica inizia a guadagnarsi una legittimit\u00e0 accademica, grazie soprattutto all\u2019opera di studiosi come Roman Jakobson, Claude L\u00e9vi-Strauss e Roland Barthes.\u00a0La semiotica fu, ad esempio, centrale nella nascita della narratologia, la quale studia le strutture universali della narrazione. Uno dei pi\u00f9 noti e importanti collaboratori di <strong>Federico Motta Editore<\/strong>, Umberto Eco, arricch\u00ec in particolare questo campo, sottolineando il ruolo attivo dell&#8217;interprete nel processo di interpretazione del testo. Secondo il semiologo di origini alessandrine, il senso non \u00e8 solo presente nel testo, ma \u00e8 anche generato attraverso la cooperazione tra il testo stesso e il lettore, che deve seguire le istruzioni implicite per comprendere ulteriormente la narrazione. In questo modo, il lettore \u00e8 chiamato a esplorare e ricostruire significati, tornando al testo con nuove prospettive e intuizioni.<\/p>\n<h2>Il contributo di Valentina Pisanty nel saggio pubblicato da Federico Motta Editore<\/h2>\n<p>L&#8217;approccio strutturalista di Saussure e il pragmatismo di Peirce rappresentano due vie complementari nell&#8217;analisi del linguaggio e dell&#8217;interpretazione. Saussure invita a smontare la lingua per comprenderne i meccanismi interni, Peirce si concentra sui processi di interpretazione che si manifestano in diverse attivit\u00e0 cognitive. Questa interazione tra struttura e pragmatismo \u00e8 ben espressa da Valentina Pisanty, una delle voci pi\u00f9 autorevoli nella semiotica italiana, nel saggio scritto per <a title=\"Leggi le news di Federico Motta Editore\" href=\"https:\/\/www.businesspost.eu\/tag\/federico-motta-editore\/\" target=\"_blank\" rel=\"noopener\">Federico Motta Editore<\/a> e pubblicato nel volume \u201cLa Filosofia\u201d curato di Umberto Eco e Riccardo Fedriga. \u201c<em>L\u2019interpretazione<\/em> \u2013 scrive la semiologa &#8211; <em>richiede il ricorso a una qualche lingua o codice, ovvero alla memoria strutturalmente organizzata di una serie di esperienze comunicative precedenti; d\u2019altra parte la lingua \u00e8 il prodotto, in continua trasformazione, della cristallizzazione sociale di un numero altissimo di episodi comunicativi e interpretativi<\/em>\u201d. Docente di semiotica all\u2019Universit\u00e0 di Bergamo e allieva di Umberto Eco, Valentina Pisanty ha dedicato gran parte del suo lavoro alla semiotica e alla narratologia. \u00c8 autrice, inoltre, di titoli legati ai temi dell\u2019olocausto e delle discriminazioni razziali, tra cui \u201c<em>Educare all\u2019odio. La difesa della razza\u201d<\/em>. Tra gli altri saggi pubblicati su \u201cLa Filosofia\u201d che portano la sua firma ci sono anche <em>S\u00f8ren Kierkegaard<\/em> e <em>Chi sono i negazionisti?<\/em><\/p>\n","protected":false},"excerpt":{"rendered":"<p>L\u2019affascinante storia della semiotica, la scienza che analizza i segni, \u00e8 analizzata da Federico Motta Editore nel volume \u201cLa Filosofia\u201d, dove \u00e8 presente il saggio della semiologa Valentina Pisanty, sostenitrice dell\u2019interazione tra lo strutturalismo di Saussure e il pragmatismo di Peirce. Federico Motta Editore: la semiotica, cos\u2019\u00e8 e come nasce A cavallo tra Ottocento e Novecento, la semiotica emerge come una nuova disciplina scientifica che si dedica allo studio dei<\/p>\n<p><a class=\"continue-reading\" href=\"https:\/\/www.article-marketing.eu\/comunicatistampa\/federico-motta-editore-dalla-lingua-ai-segni-levoluzione-della-semiotica\/\">Continue reading&#8230;<\/a><\/p>\n","protected":false},"author":6477,"featured_media":0,"comment_status":"open","ping_status":"open","sticky":false,"template":"","format":"standard","meta":{"_monsterinsights_skip_tracking":false,"_monsterinsights_sitenote_active":false,"_monsterinsights_sitenote_note":"","_monsterinsights_sitenote_category":0,"footnotes":""},"categories":[362],"tags":[9413],"class_list":["post-31389","post","type-post","status-publish","format-standard","hentry","category-societa","tag-federico-motta-editore"],"yoast_head":"<!-- This site is optimized with the Yoast SEO plugin v27.3 - https:\/\/yoast.com\/product\/yoast-seo-wordpress\/ -->\n<title>Federico Motta Editore: dalla lingua ai segni, l\u2019evoluzione della semiotica<\/title>\n<meta name=\"robots\" content=\"index, follow, max-snippet:-1, max-image-preview:large, max-video-preview:-1\" \/>\n<link rel=\"canonical\" href=\"https:\/\/www.article-marketing.eu\/comunicatistampa\/federico-motta-editore-dalla-lingua-ai-segni-levoluzione-della-semiotica\/\" \/>\n<meta property=\"og:locale\" content=\"it_IT\" \/>\n<meta property=\"og:type\" content=\"article\" \/>\n<meta property=\"og:title\" content=\"Federico Motta Editore: dalla lingua ai segni, l\u2019evoluzione della semiotica\" \/>\n<meta property=\"og:description\" content=\"L\u2019affascinante storia della semiotica, la scienza che analizza i segni, \u00e8 analizzata da Federico Motta Editore nel volume \u201cLa Filosofia\u201d, dove \u00e8 presente il saggio della semiologa Valentina Pisanty, sostenitrice dell\u2019interazione tra lo strutturalismo di Saussure e il pragmatismo di Peirce. Federico Motta Editore: la semiotica, cos\u2019\u00e8 e come nasce A cavallo tra Ottocento e Novecento, la semiotica emerge come una nuova disciplina scientifica che si dedica allo studio deiContinue reading...\" \/>\n<meta property=\"og:url\" content=\"https:\/\/www.article-marketing.eu\/comunicatistampa\/federico-motta-editore-dalla-lingua-ai-segni-levoluzione-della-semiotica\/\" \/>\n<meta property=\"og:site_name\" content=\"Article Marketing\" \/>\n<meta property=\"article:published_time\" content=\"2025-01-10T10:40:09+00:00\" \/>\n<meta property=\"og:image\" content=\"https:\/\/www.businesspost.eu\/wp-content\/uploads\/2021\/08\/federico-motta-editore.jpg\" \/>\n<meta name=\"author\" content=\"articolinews\" \/>\n<meta name=\"twitter:card\" content=\"summary_large_image\" \/>\n<meta name=\"twitter:label1\" content=\"Scritto da\" \/>\n\t<meta name=\"twitter:data1\" content=\"articolinews\" \/>\n\t<meta name=\"twitter:label2\" content=\"Tempo di lettura stimato\" \/>\n\t<meta name=\"twitter:data2\" content=\"3 minuti\" \/>\n<script type=\"application\/ld+json\" class=\"yoast-schema-graph\">{\"@context\":\"https:\\\/\\\/schema.org\",\"@graph\":[{\"@type\":\"Article\",\"@id\":\"https:\\\/\\\/www.article-marketing.eu\\\/comunicatistampa\\\/federico-motta-editore-dalla-lingua-ai-segni-levoluzione-della-semiotica\\\/#article\",\"isPartOf\":{\"@id\":\"https:\\\/\\\/www.article-marketing.eu\\\/comunicatistampa\\\/federico-motta-editore-dalla-lingua-ai-segni-levoluzione-della-semiotica\\\/\"},\"author\":{\"name\":\"articolinews\",\"@id\":\"https:\\\/\\\/www.article-marketing.eu\\\/comunicatistampa\\\/#\\\/schema\\\/person\\\/2fcaf8f8f3a9eef9eb7f27532d3ca458\"},\"headline\":\"Federico Motta Editore: dalla lingua ai segni, l\u2019evoluzione della semiotica\",\"datePublished\":\"2025-01-10T10:40:09+00:00\",\"mainEntityOfPage\":{\"@id\":\"https:\\\/\\\/www.article-marketing.eu\\\/comunicatistampa\\\/federico-motta-editore-dalla-lingua-ai-segni-levoluzione-della-semiotica\\\/\"},\"wordCount\":517,\"commentCount\":0,\"image\":{\"@id\":\"https:\\\/\\\/www.article-marketing.eu\\\/comunicatistampa\\\/federico-motta-editore-dalla-lingua-ai-segni-levoluzione-della-semiotica\\\/#primaryimage\"},\"thumbnailUrl\":\"https:\\\/\\\/www.businesspost.eu\\\/wp-content\\\/uploads\\\/2021\\\/08\\\/federico-motta-editore.jpg\",\"keywords\":[\"Federico Motta Editore\"],\"articleSection\":[\"Societ\u00e0\"],\"inLanguage\":\"it-IT\",\"potentialAction\":[{\"@type\":\"CommentAction\",\"name\":\"Comment\",\"target\":[\"https:\\\/\\\/www.article-marketing.eu\\\/comunicatistampa\\\/federico-motta-editore-dalla-lingua-ai-segni-levoluzione-della-semiotica\\\/#respond\"]}]},{\"@type\":\"WebPage\",\"@id\":\"https:\\\/\\\/www.article-marketing.eu\\\/comunicatistampa\\\/federico-motta-editore-dalla-lingua-ai-segni-levoluzione-della-semiotica\\\/\",\"url\":\"https:\\\/\\\/www.article-marketing.eu\\\/comunicatistampa\\\/federico-motta-editore-dalla-lingua-ai-segni-levoluzione-della-semiotica\\\/\",\"name\":\"Federico Motta Editore: dalla lingua ai segni, l\u2019evoluzione della semiotica\",\"isPartOf\":{\"@id\":\"https:\\\/\\\/www.article-marketing.eu\\\/comunicatistampa\\\/#website\"},\"primaryImageOfPage\":{\"@id\":\"https:\\\/\\\/www.article-marketing.eu\\\/comunicatistampa\\\/federico-motta-editore-dalla-lingua-ai-segni-levoluzione-della-semiotica\\\/#primaryimage\"},\"image\":{\"@id\":\"https:\\\/\\\/www.article-marketing.eu\\\/comunicatistampa\\\/federico-motta-editore-dalla-lingua-ai-segni-levoluzione-della-semiotica\\\/#primaryimage\"},\"thumbnailUrl\":\"https:\\\/\\\/www.businesspost.eu\\\/wp-content\\\/uploads\\\/2021\\\/08\\\/federico-motta-editore.jpg\",\"datePublished\":\"2025-01-10T10:40:09+00:00\",\"author\":{\"@id\":\"https:\\\/\\\/www.article-marketing.eu\\\/comunicatistampa\\\/#\\\/schema\\\/person\\\/2fcaf8f8f3a9eef9eb7f27532d3ca458\"},\"breadcrumb\":{\"@id\":\"https:\\\/\\\/www.article-marketing.eu\\\/comunicatistampa\\\/federico-motta-editore-dalla-lingua-ai-segni-levoluzione-della-semiotica\\\/#breadcrumb\"},\"inLanguage\":\"it-IT\",\"potentialAction\":[{\"@type\":\"ReadAction\",\"target\":[\"https:\\\/\\\/www.article-marketing.eu\\\/comunicatistampa\\\/federico-motta-editore-dalla-lingua-ai-segni-levoluzione-della-semiotica\\\/\"]}]},{\"@type\":\"ImageObject\",\"inLanguage\":\"it-IT\",\"@id\":\"https:\\\/\\\/www.article-marketing.eu\\\/comunicatistampa\\\/federico-motta-editore-dalla-lingua-ai-segni-levoluzione-della-semiotica\\\/#primaryimage\",\"url\":\"https:\\\/\\\/www.businesspost.eu\\\/wp-content\\\/uploads\\\/2021\\\/08\\\/federico-motta-editore.jpg\",\"contentUrl\":\"https:\\\/\\\/www.businesspost.eu\\\/wp-content\\\/uploads\\\/2021\\\/08\\\/federico-motta-editore.jpg\"},{\"@type\":\"BreadcrumbList\",\"@id\":\"https:\\\/\\\/www.article-marketing.eu\\\/comunicatistampa\\\/federico-motta-editore-dalla-lingua-ai-segni-levoluzione-della-semiotica\\\/#breadcrumb\",\"itemListElement\":[{\"@type\":\"ListItem\",\"position\":1,\"name\":\"Home\",\"item\":\"https:\\\/\\\/www.article-marketing.eu\\\/comunicatistampa\\\/\"},{\"@type\":\"ListItem\",\"position\":2,\"name\":\"Federico Motta Editore: dalla lingua ai segni, l\u2019evoluzione della semiotica\"}]},{\"@type\":\"WebSite\",\"@id\":\"https:\\\/\\\/www.article-marketing.eu\\\/comunicatistampa\\\/#website\",\"url\":\"https:\\\/\\\/www.article-marketing.eu\\\/comunicatistampa\\\/\",\"name\":\"Article Marketing\",\"description\":\"article marketing &amp; press release\",\"potentialAction\":[{\"@type\":\"SearchAction\",\"target\":{\"@type\":\"EntryPoint\",\"urlTemplate\":\"https:\\\/\\\/www.article-marketing.eu\\\/comunicatistampa\\\/?s={search_term_string}\"},\"query-input\":{\"@type\":\"PropertyValueSpecification\",\"valueRequired\":true,\"valueName\":\"search_term_string\"}}],\"inLanguage\":\"it-IT\"},{\"@type\":\"Person\",\"@id\":\"https:\\\/\\\/www.article-marketing.eu\\\/comunicatistampa\\\/#\\\/schema\\\/person\\\/2fcaf8f8f3a9eef9eb7f27532d3ca458\",\"name\":\"articolinews\",\"image\":{\"@type\":\"ImageObject\",\"inLanguage\":\"it-IT\",\"@id\":\"https:\\\/\\\/secure.gravatar.com\\\/avatar\\\/9e2a264bab04e17dea24d937c9956304649a848cb73c46747a692ff1bdeb1cb7?s=96&d=mm&r=g\",\"url\":\"https:\\\/\\\/secure.gravatar.com\\\/avatar\\\/9e2a264bab04e17dea24d937c9956304649a848cb73c46747a692ff1bdeb1cb7?s=96&d=mm&r=g\",\"contentUrl\":\"https:\\\/\\\/secure.gravatar.com\\\/avatar\\\/9e2a264bab04e17dea24d937c9956304649a848cb73c46747a692ff1bdeb1cb7?s=96&d=mm&r=g\",\"caption\":\"articolinews\"},\"url\":\"https:\\\/\\\/www.article-marketing.eu\\\/comunicatistampa\\\/author\\\/articolinews\\\/\"}]}<\/script>\n<!-- \/ Yoast SEO plugin. -->","yoast_head_json":{"title":"Federico Motta Editore: dalla lingua ai segni, l\u2019evoluzione della semiotica","robots":{"index":"index","follow":"follow","max-snippet":"max-snippet:-1","max-image-preview":"max-image-preview:large","max-video-preview":"max-video-preview:-1"},"canonical":"https:\/\/www.article-marketing.eu\/comunicatistampa\/federico-motta-editore-dalla-lingua-ai-segni-levoluzione-della-semiotica\/","og_locale":"it_IT","og_type":"article","og_title":"Federico Motta Editore: dalla lingua ai segni, l\u2019evoluzione della semiotica","og_description":"L\u2019affascinante storia della semiotica, la scienza che analizza i segni, \u00e8 analizzata da Federico Motta Editore nel volume \u201cLa Filosofia\u201d, dove \u00e8 presente il saggio della semiologa Valentina Pisanty, sostenitrice dell\u2019interazione tra lo strutturalismo di Saussure e il pragmatismo di Peirce. Federico Motta Editore: la semiotica, cos\u2019\u00e8 e come nasce A cavallo tra Ottocento e Novecento, la semiotica emerge come una nuova disciplina scientifica che si dedica allo studio deiContinue reading...","og_url":"https:\/\/www.article-marketing.eu\/comunicatistampa\/federico-motta-editore-dalla-lingua-ai-segni-levoluzione-della-semiotica\/","og_site_name":"Article Marketing","article_published_time":"2025-01-10T10:40:09+00:00","og_image":[{"url":"https:\/\/www.businesspost.eu\/wp-content\/uploads\/2021\/08\/federico-motta-editore.jpg","type":"","width":"","height":""}],"author":"articolinews","twitter_card":"summary_large_image","twitter_misc":{"Scritto da":"articolinews","Tempo di lettura stimato":"3 minuti"},"schema":{"@context":"https:\/\/schema.org","@graph":[{"@type":"Article","@id":"https:\/\/www.article-marketing.eu\/comunicatistampa\/federico-motta-editore-dalla-lingua-ai-segni-levoluzione-della-semiotica\/#article","isPartOf":{"@id":"https:\/\/www.article-marketing.eu\/comunicatistampa\/federico-motta-editore-dalla-lingua-ai-segni-levoluzione-della-semiotica\/"},"author":{"name":"articolinews","@id":"https:\/\/www.article-marketing.eu\/comunicatistampa\/#\/schema\/person\/2fcaf8f8f3a9eef9eb7f27532d3ca458"},"headline":"Federico Motta Editore: dalla lingua ai segni, l\u2019evoluzione della semiotica","datePublished":"2025-01-10T10:40:09+00:00","mainEntityOfPage":{"@id":"https:\/\/www.article-marketing.eu\/comunicatistampa\/federico-motta-editore-dalla-lingua-ai-segni-levoluzione-della-semiotica\/"},"wordCount":517,"commentCount":0,"image":{"@id":"https:\/\/www.article-marketing.eu\/comunicatistampa\/federico-motta-editore-dalla-lingua-ai-segni-levoluzione-della-semiotica\/#primaryimage"},"thumbnailUrl":"https:\/\/www.businesspost.eu\/wp-content\/uploads\/2021\/08\/federico-motta-editore.jpg","keywords":["Federico Motta Editore"],"articleSection":["Societ\u00e0"],"inLanguage":"it-IT","potentialAction":[{"@type":"CommentAction","name":"Comment","target":["https:\/\/www.article-marketing.eu\/comunicatistampa\/federico-motta-editore-dalla-lingua-ai-segni-levoluzione-della-semiotica\/#respond"]}]},{"@type":"WebPage","@id":"https:\/\/www.article-marketing.eu\/comunicatistampa\/federico-motta-editore-dalla-lingua-ai-segni-levoluzione-della-semiotica\/","url":"https:\/\/www.article-marketing.eu\/comunicatistampa\/federico-motta-editore-dalla-lingua-ai-segni-levoluzione-della-semiotica\/","name":"Federico Motta Editore: dalla lingua ai segni, l\u2019evoluzione della semiotica","isPartOf":{"@id":"https:\/\/www.article-marketing.eu\/comunicatistampa\/#website"},"primaryImageOfPage":{"@id":"https:\/\/www.article-marketing.eu\/comunicatistampa\/federico-motta-editore-dalla-lingua-ai-segni-levoluzione-della-semiotica\/#primaryimage"},"image":{"@id":"https:\/\/www.article-marketing.eu\/comunicatistampa\/federico-motta-editore-dalla-lingua-ai-segni-levoluzione-della-semiotica\/#primaryimage"},"thumbnailUrl":"https:\/\/www.businesspost.eu\/wp-content\/uploads\/2021\/08\/federico-motta-editore.jpg","datePublished":"2025-01-10T10:40:09+00:00","author":{"@id":"https:\/\/www.article-marketing.eu\/comunicatistampa\/#\/schema\/person\/2fcaf8f8f3a9eef9eb7f27532d3ca458"},"breadcrumb":{"@id":"https:\/\/www.article-marketing.eu\/comunicatistampa\/federico-motta-editore-dalla-lingua-ai-segni-levoluzione-della-semiotica\/#breadcrumb"},"inLanguage":"it-IT","potentialAction":[{"@type":"ReadAction","target":["https:\/\/www.article-marketing.eu\/comunicatistampa\/federico-motta-editore-dalla-lingua-ai-segni-levoluzione-della-semiotica\/"]}]},{"@type":"ImageObject","inLanguage":"it-IT","@id":"https:\/\/www.article-marketing.eu\/comunicatistampa\/federico-motta-editore-dalla-lingua-ai-segni-levoluzione-della-semiotica\/#primaryimage","url":"https:\/\/www.businesspost.eu\/wp-content\/uploads\/2021\/08\/federico-motta-editore.jpg","contentUrl":"https:\/\/www.businesspost.eu\/wp-content\/uploads\/2021\/08\/federico-motta-editore.jpg"},{"@type":"BreadcrumbList","@id":"https:\/\/www.article-marketing.eu\/comunicatistampa\/federico-motta-editore-dalla-lingua-ai-segni-levoluzione-della-semiotica\/#breadcrumb","itemListElement":[{"@type":"ListItem","position":1,"name":"Home","item":"https:\/\/www.article-marketing.eu\/comunicatistampa\/"},{"@type":"ListItem","position":2,"name":"Federico Motta Editore: dalla lingua ai segni, l\u2019evoluzione della semiotica"}]},{"@type":"WebSite","@id":"https:\/\/www.article-marketing.eu\/comunicatistampa\/#website","url":"https:\/\/www.article-marketing.eu\/comunicatistampa\/","name":"Article Marketing","description":"article marketing &amp; press release","potentialAction":[{"@type":"SearchAction","target":{"@type":"EntryPoint","urlTemplate":"https:\/\/www.article-marketing.eu\/comunicatistampa\/?s={search_term_string}"},"query-input":{"@type":"PropertyValueSpecification","valueRequired":true,"valueName":"search_term_string"}}],"inLanguage":"it-IT"},{"@type":"Person","@id":"https:\/\/www.article-marketing.eu\/comunicatistampa\/#\/schema\/person\/2fcaf8f8f3a9eef9eb7f27532d3ca458","name":"articolinews","image":{"@type":"ImageObject","inLanguage":"it-IT","@id":"https:\/\/secure.gravatar.com\/avatar\/9e2a264bab04e17dea24d937c9956304649a848cb73c46747a692ff1bdeb1cb7?s=96&d=mm&r=g","url":"https:\/\/secure.gravatar.com\/avatar\/9e2a264bab04e17dea24d937c9956304649a848cb73c46747a692ff1bdeb1cb7?s=96&d=mm&r=g","contentUrl":"https:\/\/secure.gravatar.com\/avatar\/9e2a264bab04e17dea24d937c9956304649a848cb73c46747a692ff1bdeb1cb7?s=96&d=mm&r=g","caption":"articolinews"},"url":"https:\/\/www.article-marketing.eu\/comunicatistampa\/author\/articolinews\/"}]}},"_links":{"self":[{"href":"https:\/\/www.article-marketing.eu\/comunicatistampa\/wp-json\/wp\/v2\/posts\/31389","targetHints":{"allow":["GET"]}}],"collection":[{"href":"https:\/\/www.article-marketing.eu\/comunicatistampa\/wp-json\/wp\/v2\/posts"}],"about":[{"href":"https:\/\/www.article-marketing.eu\/comunicatistampa\/wp-json\/wp\/v2\/types\/post"}],"author":[{"embeddable":true,"href":"https:\/\/www.article-marketing.eu\/comunicatistampa\/wp-json\/wp\/v2\/users\/6477"}],"replies":[{"embeddable":true,"href":"https:\/\/www.article-marketing.eu\/comunicatistampa\/wp-json\/wp\/v2\/comments?post=31389"}],"version-history":[{"count":3,"href":"https:\/\/www.article-marketing.eu\/comunicatistampa\/wp-json\/wp\/v2\/posts\/31389\/revisions"}],"predecessor-version":[{"id":31843,"href":"https:\/\/www.article-marketing.eu\/comunicatistampa\/wp-json\/wp\/v2\/posts\/31389\/revisions\/31843"}],"wp:attachment":[{"href":"https:\/\/www.article-marketing.eu\/comunicatistampa\/wp-json\/wp\/v2\/media?parent=31389"}],"wp:term":[{"taxonomy":"category","embeddable":true,"href":"https:\/\/www.article-marketing.eu\/comunicatistampa\/wp-json\/wp\/v2\/categories?post=31389"},{"taxonomy":"post_tag","embeddable":true,"href":"https:\/\/www.article-marketing.eu\/comunicatistampa\/wp-json\/wp\/v2\/tags?post=31389"}],"curies":[{"name":"wp","href":"https:\/\/api.w.org\/{rel}","templated":true}]}}