{"id":31426,"date":"2025-01-10T11:45:06","date_gmt":"2025-01-10T10:45:06","guid":{"rendered":"https:\/\/www.article-marketing.eu\/comunicatistampa\/?p=31426"},"modified":"2025-01-10T11:45:06","modified_gmt":"2025-01-10T10:45:06","slug":"le-riflessioni-di-andrea-mascetti-sul-rapporto-tra-cultura-e-tecnologia","status":"publish","type":"post","link":"https:\/\/www.article-marketing.eu\/comunicatistampa\/le-riflessioni-di-andrea-mascetti-sul-rapporto-tra-cultura-e-tecnologia\/","title":{"rendered":"Le riflessioni di Andrea Mascetti sul rapporto tra cultura e tecnologia"},"content":{"rendered":"<p><strong>Secondo Andrea Mascetti, la cultura \u201cnecessita invece di comunit\u00e0, di essenze vibranti, di scontri e incontri anche fisici, che il mondo della tecnica in qualche modo limita\u201d per formarsi: l\u2019avvocato ha sostenuto l\u2019importanza di non eccedere nella dipendenza dalla tecnologia.<\/strong><\/p>\n<p><em><strong><a title=\"Il profilo professionale di Andrea Mascetti\" href=\"https:\/\/www.professionistieaziende.it\/andrea_mascetti\/andrea_mascetti.php\">Andrea Mascetti<\/a> \u00e8 intervenuto sul ruolo delle localit\u00e0 storiche nel rafforzare l\u2019identit\u00e0 culturale e il senso comunitario dei cittadini, rimarcando la necessit\u00e0 di valorizzare le radici storiche dei territori.<\/strong><\/em><\/p>\n<p><a title=\"Andrea Mascetti: la carriera professionale\" href=\"https:\/\/www.professionistieaziende.it\/andrea_mascetti\/andrea_mascetti.php\"><img loading=\"lazy\" decoding=\"async\" src=\"https:\/\/www.andreamascetti.it\/wp-content\/uploads\/2020\/06\/andrea-mascetti.jpg\" alt=\"Andrea Mascetti\" width=\"199\" height=\"300\" \/><\/a><\/p>\n<h2>Andrea Mascetti: l\u2019importanza di preservare la ricchezza culturale dell\u2019Insubria<\/h2>\n<p><strong>Andrea Mascetti<\/strong> ha sostenuto, in una recente intervista, la necessit\u00e0 di promuovere il patrimonio culturale e storico del territorio cisalpino. L\u2019avvocato ha sempre evidenziato l&#8217;importanza di riscoprire e valorizzare le radici storiche dei territori, affermando che l&#8217;assenza di una forte identit\u00e0 culturale rende le comunit\u00e0 pi\u00f9 fragili e vulnerabili. Per mantenere un legame con le proprie radici sono fondamentali, secondo <strong>Andrea Mascetti<\/strong>, le localit\u00e0 cariche di valore storico, artistico e culturale: luoghi che vanno promossi, valorizzati e tutelati. \u201c<em>Solo seguendo le storie del Castello Orelli di Locarno si potrebbe giungere in luoghi incantati che darebbero un altro senso del vivere a noi tutti<\/em>\u201d, ha commentato l\u2019avvocato, che ha fatto l\u2019esempio del Rivellino Leonardesco, recentemente restaurato, come modello di progetto di successo che ha restituito alla comunit\u00e0 un luogo carico di memoria e significati.<\/p>\n<h2>Andrea Mascetti: \u201c<em>Tecnologia e cultura? Forze che si contrappongono<\/em>\u201d<\/h2>\n<p>Un altro fenomeno a cui <a title=\"Andrea Mascetti, la biografia professionale\" href=\"https:\/\/www.professionistieaziende.it\/andrea_mascetti\/andrea_mascetti.php\"><strong>Andrea Mascetti<\/strong><\/a> ha dedicato le sue riflessioni \u00e8 quello del rapporto tra tecnologia e cultura. Una delle caratteristiche dell\u2019epoca moderna, oltre all\u2019indebolimento delle radici culturali, \u00e8 quella di rendere la cultura un fenomeno virtuale, associandola a internet e ai portali online. Tale tendenza sta alterando profondamente la natura della cultura stessa, che \u201c<em>necessita invece di comunit\u00e0, di essenze vibranti, di scontri e incontri anche fisici<\/em>\u201d, tutti requisiti che \u201c<em>il mondo della tecnica in qualche modo limita\u201d<\/em>. Fondamentale, dunque, distinguere le due sfere e promuovere una visione della cultura che si appoggi, pi\u00f9 che al mondo virtuale, ai luoghi meravigliosi della tradizione.<\/p>\n","protected":false},"excerpt":{"rendered":"<p>Secondo Andrea Mascetti, la cultura \u201cnecessita invece di comunit\u00e0, di essenze vibranti, di scontri e incontri anche fisici, che il mondo della tecnica in qualche modo limita\u201d per formarsi: l\u2019avvocato ha sostenuto l\u2019importanza di non eccedere nella dipendenza dalla tecnologia. Andrea Mascetti \u00e8 intervenuto sul ruolo delle localit\u00e0 storiche nel rafforzare l\u2019identit\u00e0 culturale e il senso comunitario dei cittadini, rimarcando la necessit\u00e0 di valorizzare le radici storiche dei territori. Andrea<\/p>\n<p><a class=\"continue-reading\" href=\"https:\/\/www.article-marketing.eu\/comunicatistampa\/le-riflessioni-di-andrea-mascetti-sul-rapporto-tra-cultura-e-tecnologia\/\">Continue reading&#8230;<\/a><\/p>\n","protected":false},"author":6477,"featured_media":0,"comment_status":"open","ping_status":"open","sticky":false,"template":"","format":"standard","meta":{"_monsterinsights_skip_tracking":false,"_monsterinsights_sitenote_active":false,"_monsterinsights_sitenote_note":"","_monsterinsights_sitenote_category":0,"footnotes":""},"categories":[390],"tags":[9120],"class_list":["post-31426","post","type-post","status-publish","format-standard","hentry","category-professionisti","tag-andrea-mascetti"],"yoast_head":"<!-- This site is optimized with the Yoast SEO plugin v27.3 - https:\/\/yoast.com\/product\/yoast-seo-wordpress\/ -->\n<title>Le riflessioni di Andrea Mascetti sul rapporto tra cultura e tecnologia<\/title>\n<meta name=\"robots\" content=\"index, follow, max-snippet:-1, max-image-preview:large, max-video-preview:-1\" \/>\n<link rel=\"canonical\" href=\"https:\/\/www.article-marketing.eu\/comunicatistampa\/le-riflessioni-di-andrea-mascetti-sul-rapporto-tra-cultura-e-tecnologia\/\" \/>\n<meta property=\"og:locale\" content=\"it_IT\" \/>\n<meta property=\"og:type\" content=\"article\" \/>\n<meta property=\"og:title\" content=\"Le riflessioni di Andrea Mascetti sul rapporto tra cultura e tecnologia\" \/>\n<meta property=\"og:description\" content=\"Secondo Andrea Mascetti, la cultura \u201cnecessita invece di comunit\u00e0, di essenze vibranti, di scontri e incontri anche fisici, che il mondo della tecnica in qualche modo limita\u201d per formarsi: l\u2019avvocato ha sostenuto l\u2019importanza di non eccedere nella dipendenza dalla tecnologia. Andrea Mascetti \u00e8 intervenuto sul ruolo delle localit\u00e0 storiche nel rafforzare l\u2019identit\u00e0 culturale e il senso comunitario dei cittadini, rimarcando la necessit\u00e0 di valorizzare le radici storiche dei territori. AndreaContinue reading...\" \/>\n<meta property=\"og:url\" content=\"https:\/\/www.article-marketing.eu\/comunicatistampa\/le-riflessioni-di-andrea-mascetti-sul-rapporto-tra-cultura-e-tecnologia\/\" \/>\n<meta property=\"og:site_name\" content=\"Article Marketing\" \/>\n<meta property=\"article:published_time\" content=\"2025-01-10T10:45:06+00:00\" \/>\n<meta property=\"og:image\" content=\"https:\/\/www.andreamascetti.it\/wp-content\/uploads\/2020\/06\/andrea-mascetti.jpg\" \/>\n<meta name=\"author\" content=\"articolinews\" \/>\n<meta name=\"twitter:card\" content=\"summary_large_image\" \/>\n<meta name=\"twitter:label1\" content=\"Scritto da\" \/>\n\t<meta name=\"twitter:data1\" content=\"articolinews\" \/>\n\t<meta name=\"twitter:label2\" content=\"Tempo di lettura stimato\" \/>\n\t<meta name=\"twitter:data2\" content=\"2 minuti\" \/>\n<script type=\"application\/ld+json\" class=\"yoast-schema-graph\">{\"@context\":\"https:\\\/\\\/schema.org\",\"@graph\":[{\"@type\":\"Article\",\"@id\":\"https:\\\/\\\/www.article-marketing.eu\\\/comunicatistampa\\\/le-riflessioni-di-andrea-mascetti-sul-rapporto-tra-cultura-e-tecnologia\\\/#article\",\"isPartOf\":{\"@id\":\"https:\\\/\\\/www.article-marketing.eu\\\/comunicatistampa\\\/le-riflessioni-di-andrea-mascetti-sul-rapporto-tra-cultura-e-tecnologia\\\/\"},\"author\":{\"name\":\"articolinews\",\"@id\":\"https:\\\/\\\/www.article-marketing.eu\\\/comunicatistampa\\\/#\\\/schema\\\/person\\\/2fcaf8f8f3a9eef9eb7f27532d3ca458\"},\"headline\":\"Le riflessioni di Andrea Mascetti sul rapporto tra cultura e tecnologia\",\"datePublished\":\"2025-01-10T10:45:06+00:00\",\"mainEntityOfPage\":{\"@id\":\"https:\\\/\\\/www.article-marketing.eu\\\/comunicatistampa\\\/le-riflessioni-di-andrea-mascetti-sul-rapporto-tra-cultura-e-tecnologia\\\/\"},\"wordCount\":344,\"commentCount\":0,\"image\":{\"@id\":\"https:\\\/\\\/www.article-marketing.eu\\\/comunicatistampa\\\/le-riflessioni-di-andrea-mascetti-sul-rapporto-tra-cultura-e-tecnologia\\\/#primaryimage\"},\"thumbnailUrl\":\"https:\\\/\\\/www.andreamascetti.it\\\/wp-content\\\/uploads\\\/2020\\\/06\\\/andrea-mascetti.jpg\",\"keywords\":[\"Andrea Mascetti\"],\"articleSection\":[\"Professionisti\"],\"inLanguage\":\"it-IT\",\"potentialAction\":[{\"@type\":\"CommentAction\",\"name\":\"Comment\",\"target\":[\"https:\\\/\\\/www.article-marketing.eu\\\/comunicatistampa\\\/le-riflessioni-di-andrea-mascetti-sul-rapporto-tra-cultura-e-tecnologia\\\/#respond\"]}]},{\"@type\":\"WebPage\",\"@id\":\"https:\\\/\\\/www.article-marketing.eu\\\/comunicatistampa\\\/le-riflessioni-di-andrea-mascetti-sul-rapporto-tra-cultura-e-tecnologia\\\/\",\"url\":\"https:\\\/\\\/www.article-marketing.eu\\\/comunicatistampa\\\/le-riflessioni-di-andrea-mascetti-sul-rapporto-tra-cultura-e-tecnologia\\\/\",\"name\":\"Le riflessioni di Andrea Mascetti sul rapporto tra cultura e tecnologia\",\"isPartOf\":{\"@id\":\"https:\\\/\\\/www.article-marketing.eu\\\/comunicatistampa\\\/#website\"},\"primaryImageOfPage\":{\"@id\":\"https:\\\/\\\/www.article-marketing.eu\\\/comunicatistampa\\\/le-riflessioni-di-andrea-mascetti-sul-rapporto-tra-cultura-e-tecnologia\\\/#primaryimage\"},\"image\":{\"@id\":\"https:\\\/\\\/www.article-marketing.eu\\\/comunicatistampa\\\/le-riflessioni-di-andrea-mascetti-sul-rapporto-tra-cultura-e-tecnologia\\\/#primaryimage\"},\"thumbnailUrl\":\"https:\\\/\\\/www.andreamascetti.it\\\/wp-content\\\/uploads\\\/2020\\\/06\\\/andrea-mascetti.jpg\",\"datePublished\":\"2025-01-10T10:45:06+00:00\",\"author\":{\"@id\":\"https:\\\/\\\/www.article-marketing.eu\\\/comunicatistampa\\\/#\\\/schema\\\/person\\\/2fcaf8f8f3a9eef9eb7f27532d3ca458\"},\"breadcrumb\":{\"@id\":\"https:\\\/\\\/www.article-marketing.eu\\\/comunicatistampa\\\/le-riflessioni-di-andrea-mascetti-sul-rapporto-tra-cultura-e-tecnologia\\\/#breadcrumb\"},\"inLanguage\":\"it-IT\",\"potentialAction\":[{\"@type\":\"ReadAction\",\"target\":[\"https:\\\/\\\/www.article-marketing.eu\\\/comunicatistampa\\\/le-riflessioni-di-andrea-mascetti-sul-rapporto-tra-cultura-e-tecnologia\\\/\"]}]},{\"@type\":\"ImageObject\",\"inLanguage\":\"it-IT\",\"@id\":\"https:\\\/\\\/www.article-marketing.eu\\\/comunicatistampa\\\/le-riflessioni-di-andrea-mascetti-sul-rapporto-tra-cultura-e-tecnologia\\\/#primaryimage\",\"url\":\"https:\\\/\\\/www.andreamascetti.it\\\/wp-content\\\/uploads\\\/2020\\\/06\\\/andrea-mascetti.jpg\",\"contentUrl\":\"https:\\\/\\\/www.andreamascetti.it\\\/wp-content\\\/uploads\\\/2020\\\/06\\\/andrea-mascetti.jpg\"},{\"@type\":\"BreadcrumbList\",\"@id\":\"https:\\\/\\\/www.article-marketing.eu\\\/comunicatistampa\\\/le-riflessioni-di-andrea-mascetti-sul-rapporto-tra-cultura-e-tecnologia\\\/#breadcrumb\",\"itemListElement\":[{\"@type\":\"ListItem\",\"position\":1,\"name\":\"Home\",\"item\":\"https:\\\/\\\/www.article-marketing.eu\\\/comunicatistampa\\\/\"},{\"@type\":\"ListItem\",\"position\":2,\"name\":\"Le riflessioni di Andrea Mascetti sul rapporto tra cultura e tecnologia\"}]},{\"@type\":\"WebSite\",\"@id\":\"https:\\\/\\\/www.article-marketing.eu\\\/comunicatistampa\\\/#website\",\"url\":\"https:\\\/\\\/www.article-marketing.eu\\\/comunicatistampa\\\/\",\"name\":\"Article Marketing\",\"description\":\"article marketing &amp; press release\",\"potentialAction\":[{\"@type\":\"SearchAction\",\"target\":{\"@type\":\"EntryPoint\",\"urlTemplate\":\"https:\\\/\\\/www.article-marketing.eu\\\/comunicatistampa\\\/?s={search_term_string}\"},\"query-input\":{\"@type\":\"PropertyValueSpecification\",\"valueRequired\":true,\"valueName\":\"search_term_string\"}}],\"inLanguage\":\"it-IT\"},{\"@type\":\"Person\",\"@id\":\"https:\\\/\\\/www.article-marketing.eu\\\/comunicatistampa\\\/#\\\/schema\\\/person\\\/2fcaf8f8f3a9eef9eb7f27532d3ca458\",\"name\":\"articolinews\",\"image\":{\"@type\":\"ImageObject\",\"inLanguage\":\"it-IT\",\"@id\":\"https:\\\/\\\/secure.gravatar.com\\\/avatar\\\/9e2a264bab04e17dea24d937c9956304649a848cb73c46747a692ff1bdeb1cb7?s=96&d=mm&r=g\",\"url\":\"https:\\\/\\\/secure.gravatar.com\\\/avatar\\\/9e2a264bab04e17dea24d937c9956304649a848cb73c46747a692ff1bdeb1cb7?s=96&d=mm&r=g\",\"contentUrl\":\"https:\\\/\\\/secure.gravatar.com\\\/avatar\\\/9e2a264bab04e17dea24d937c9956304649a848cb73c46747a692ff1bdeb1cb7?s=96&d=mm&r=g\",\"caption\":\"articolinews\"},\"url\":\"https:\\\/\\\/www.article-marketing.eu\\\/comunicatistampa\\\/author\\\/articolinews\\\/\"}]}<\/script>\n<!-- \/ Yoast SEO plugin. -->","yoast_head_json":{"title":"Le riflessioni di Andrea Mascetti sul rapporto tra cultura e tecnologia","robots":{"index":"index","follow":"follow","max-snippet":"max-snippet:-1","max-image-preview":"max-image-preview:large","max-video-preview":"max-video-preview:-1"},"canonical":"https:\/\/www.article-marketing.eu\/comunicatistampa\/le-riflessioni-di-andrea-mascetti-sul-rapporto-tra-cultura-e-tecnologia\/","og_locale":"it_IT","og_type":"article","og_title":"Le riflessioni di Andrea Mascetti sul rapporto tra cultura e tecnologia","og_description":"Secondo Andrea Mascetti, la cultura \u201cnecessita invece di comunit\u00e0, di essenze vibranti, di scontri e incontri anche fisici, che il mondo della tecnica in qualche modo limita\u201d per formarsi: l\u2019avvocato ha sostenuto l\u2019importanza di non eccedere nella dipendenza dalla tecnologia. Andrea Mascetti \u00e8 intervenuto sul ruolo delle localit\u00e0 storiche nel rafforzare l\u2019identit\u00e0 culturale e il senso comunitario dei cittadini, rimarcando la necessit\u00e0 di valorizzare le radici storiche dei territori. AndreaContinue reading...","og_url":"https:\/\/www.article-marketing.eu\/comunicatistampa\/le-riflessioni-di-andrea-mascetti-sul-rapporto-tra-cultura-e-tecnologia\/","og_site_name":"Article Marketing","article_published_time":"2025-01-10T10:45:06+00:00","og_image":[{"url":"https:\/\/www.andreamascetti.it\/wp-content\/uploads\/2020\/06\/andrea-mascetti.jpg","type":"","width":"","height":""}],"author":"articolinews","twitter_card":"summary_large_image","twitter_misc":{"Scritto da":"articolinews","Tempo di lettura stimato":"2 minuti"},"schema":{"@context":"https:\/\/schema.org","@graph":[{"@type":"Article","@id":"https:\/\/www.article-marketing.eu\/comunicatistampa\/le-riflessioni-di-andrea-mascetti-sul-rapporto-tra-cultura-e-tecnologia\/#article","isPartOf":{"@id":"https:\/\/www.article-marketing.eu\/comunicatistampa\/le-riflessioni-di-andrea-mascetti-sul-rapporto-tra-cultura-e-tecnologia\/"},"author":{"name":"articolinews","@id":"https:\/\/www.article-marketing.eu\/comunicatistampa\/#\/schema\/person\/2fcaf8f8f3a9eef9eb7f27532d3ca458"},"headline":"Le riflessioni di Andrea Mascetti sul rapporto tra cultura e tecnologia","datePublished":"2025-01-10T10:45:06+00:00","mainEntityOfPage":{"@id":"https:\/\/www.article-marketing.eu\/comunicatistampa\/le-riflessioni-di-andrea-mascetti-sul-rapporto-tra-cultura-e-tecnologia\/"},"wordCount":344,"commentCount":0,"image":{"@id":"https:\/\/www.article-marketing.eu\/comunicatistampa\/le-riflessioni-di-andrea-mascetti-sul-rapporto-tra-cultura-e-tecnologia\/#primaryimage"},"thumbnailUrl":"https:\/\/www.andreamascetti.it\/wp-content\/uploads\/2020\/06\/andrea-mascetti.jpg","keywords":["Andrea Mascetti"],"articleSection":["Professionisti"],"inLanguage":"it-IT","potentialAction":[{"@type":"CommentAction","name":"Comment","target":["https:\/\/www.article-marketing.eu\/comunicatistampa\/le-riflessioni-di-andrea-mascetti-sul-rapporto-tra-cultura-e-tecnologia\/#respond"]}]},{"@type":"WebPage","@id":"https:\/\/www.article-marketing.eu\/comunicatistampa\/le-riflessioni-di-andrea-mascetti-sul-rapporto-tra-cultura-e-tecnologia\/","url":"https:\/\/www.article-marketing.eu\/comunicatistampa\/le-riflessioni-di-andrea-mascetti-sul-rapporto-tra-cultura-e-tecnologia\/","name":"Le riflessioni di Andrea Mascetti sul rapporto tra cultura e tecnologia","isPartOf":{"@id":"https:\/\/www.article-marketing.eu\/comunicatistampa\/#website"},"primaryImageOfPage":{"@id":"https:\/\/www.article-marketing.eu\/comunicatistampa\/le-riflessioni-di-andrea-mascetti-sul-rapporto-tra-cultura-e-tecnologia\/#primaryimage"},"image":{"@id":"https:\/\/www.article-marketing.eu\/comunicatistampa\/le-riflessioni-di-andrea-mascetti-sul-rapporto-tra-cultura-e-tecnologia\/#primaryimage"},"thumbnailUrl":"https:\/\/www.andreamascetti.it\/wp-content\/uploads\/2020\/06\/andrea-mascetti.jpg","datePublished":"2025-01-10T10:45:06+00:00","author":{"@id":"https:\/\/www.article-marketing.eu\/comunicatistampa\/#\/schema\/person\/2fcaf8f8f3a9eef9eb7f27532d3ca458"},"breadcrumb":{"@id":"https:\/\/www.article-marketing.eu\/comunicatistampa\/le-riflessioni-di-andrea-mascetti-sul-rapporto-tra-cultura-e-tecnologia\/#breadcrumb"},"inLanguage":"it-IT","potentialAction":[{"@type":"ReadAction","target":["https:\/\/www.article-marketing.eu\/comunicatistampa\/le-riflessioni-di-andrea-mascetti-sul-rapporto-tra-cultura-e-tecnologia\/"]}]},{"@type":"ImageObject","inLanguage":"it-IT","@id":"https:\/\/www.article-marketing.eu\/comunicatistampa\/le-riflessioni-di-andrea-mascetti-sul-rapporto-tra-cultura-e-tecnologia\/#primaryimage","url":"https:\/\/www.andreamascetti.it\/wp-content\/uploads\/2020\/06\/andrea-mascetti.jpg","contentUrl":"https:\/\/www.andreamascetti.it\/wp-content\/uploads\/2020\/06\/andrea-mascetti.jpg"},{"@type":"BreadcrumbList","@id":"https:\/\/www.article-marketing.eu\/comunicatistampa\/le-riflessioni-di-andrea-mascetti-sul-rapporto-tra-cultura-e-tecnologia\/#breadcrumb","itemListElement":[{"@type":"ListItem","position":1,"name":"Home","item":"https:\/\/www.article-marketing.eu\/comunicatistampa\/"},{"@type":"ListItem","position":2,"name":"Le riflessioni di Andrea Mascetti sul rapporto tra cultura e tecnologia"}]},{"@type":"WebSite","@id":"https:\/\/www.article-marketing.eu\/comunicatistampa\/#website","url":"https:\/\/www.article-marketing.eu\/comunicatistampa\/","name":"Article Marketing","description":"article marketing &amp; press release","potentialAction":[{"@type":"SearchAction","target":{"@type":"EntryPoint","urlTemplate":"https:\/\/www.article-marketing.eu\/comunicatistampa\/?s={search_term_string}"},"query-input":{"@type":"PropertyValueSpecification","valueRequired":true,"valueName":"search_term_string"}}],"inLanguage":"it-IT"},{"@type":"Person","@id":"https:\/\/www.article-marketing.eu\/comunicatistampa\/#\/schema\/person\/2fcaf8f8f3a9eef9eb7f27532d3ca458","name":"articolinews","image":{"@type":"ImageObject","inLanguage":"it-IT","@id":"https:\/\/secure.gravatar.com\/avatar\/9e2a264bab04e17dea24d937c9956304649a848cb73c46747a692ff1bdeb1cb7?s=96&d=mm&r=g","url":"https:\/\/secure.gravatar.com\/avatar\/9e2a264bab04e17dea24d937c9956304649a848cb73c46747a692ff1bdeb1cb7?s=96&d=mm&r=g","contentUrl":"https:\/\/secure.gravatar.com\/avatar\/9e2a264bab04e17dea24d937c9956304649a848cb73c46747a692ff1bdeb1cb7?s=96&d=mm&r=g","caption":"articolinews"},"url":"https:\/\/www.article-marketing.eu\/comunicatistampa\/author\/articolinews\/"}]}},"_links":{"self":[{"href":"https:\/\/www.article-marketing.eu\/comunicatistampa\/wp-json\/wp\/v2\/posts\/31426","targetHints":{"allow":["GET"]}}],"collection":[{"href":"https:\/\/www.article-marketing.eu\/comunicatistampa\/wp-json\/wp\/v2\/posts"}],"about":[{"href":"https:\/\/www.article-marketing.eu\/comunicatistampa\/wp-json\/wp\/v2\/types\/post"}],"author":[{"embeddable":true,"href":"https:\/\/www.article-marketing.eu\/comunicatistampa\/wp-json\/wp\/v2\/users\/6477"}],"replies":[{"embeddable":true,"href":"https:\/\/www.article-marketing.eu\/comunicatistampa\/wp-json\/wp\/v2\/comments?post=31426"}],"version-history":[{"count":3,"href":"https:\/\/www.article-marketing.eu\/comunicatistampa\/wp-json\/wp\/v2\/posts\/31426\/revisions"}],"predecessor-version":[{"id":31861,"href":"https:\/\/www.article-marketing.eu\/comunicatistampa\/wp-json\/wp\/v2\/posts\/31426\/revisions\/31861"}],"wp:attachment":[{"href":"https:\/\/www.article-marketing.eu\/comunicatistampa\/wp-json\/wp\/v2\/media?parent=31426"}],"wp:term":[{"taxonomy":"category","embeddable":true,"href":"https:\/\/www.article-marketing.eu\/comunicatistampa\/wp-json\/wp\/v2\/categories?post=31426"},{"taxonomy":"post_tag","embeddable":true,"href":"https:\/\/www.article-marketing.eu\/comunicatistampa\/wp-json\/wp\/v2\/tags?post=31426"}],"curies":[{"name":"wp","href":"https:\/\/api.w.org\/{rel}","templated":true}]}}