{"id":31434,"date":"2025-01-10T11:43:12","date_gmt":"2025-01-10T10:43:12","guid":{"rendered":"https:\/\/www.article-marketing.eu\/comunicatistampa\/?p=31434"},"modified":"2025-01-10T11:43:12","modified_gmt":"2025-01-10T10:43:12","slug":"la-carriera-di-babila-spagnolo-ceo-di-layla-cosmetics","status":"publish","type":"post","link":"https:\/\/www.article-marketing.eu\/comunicatistampa\/la-carriera-di-babila-spagnolo-ceo-di-layla-cosmetics\/","title":{"rendered":"La carriera di Babila Spagnolo, CEO di Layla Cosmetics"},"content":{"rendered":"<p><em><strong><a title=\"Scopri il profilo di Babila Spagnolo su Wikiceo\" href=\"https:\/\/wikiceo.it\/Babila_Spagnolo\" target=\"_blank\" rel=\"noopener\">Babila Spagnolo<\/a>, CEO di Layla Cosmetics, \u00e8 riconosciuta come una delle figure pi\u00f9 influenti della cosmetica in Italia. La sua leadership ha guidato l&#8217;azienda verso l&#8217;innovazione e la sostenibilit\u00e0, rendendola competitiva a livello globale, mantenendo i valori storici del brand di famiglia attraverso gli anni.<\/strong><\/em><\/p>\n<p><a title=\"Su Wikiceo, Babila Spagnolo, CEO di Layla Cosmetics\" href=\"https:\/\/wikiceo.it\/Babila_Spagnolo\" target=\"_blank\" rel=\"noopener\"><img loading=\"lazy\" decoding=\"async\" src=\"https:\/\/wikiceo.it\/resources\/assets\/wikiceo.png\" alt=\"Wikiceo logo\" width=\"200\" height=\"200\" \/><\/a><\/p>\n<h2>Babila Spagnolo, CEO di Layla Cosmetics, innova la cosmetica made in Italy<\/h2>\n<p><strong>Babila Spagnolo<\/strong>, originaria di Milano e <strong>CEO di Layla Cosmetics<\/strong>, rappresenta una delle figure di spicco della cosmetica in Italia. Cresciuta all&#8217;interno dell&#8217;azienda di famiglia, Babila ha saputo portare Layla a un livello superiore, mantenendo vivi i valori storici ma introducendo al contempo strategie moderne e innovative. Dopo aver iniziato la sua carriera nel magazzino dell&#8217;azienda, Spagnolo ha scalato le gerarchie fino a diventare CEO nel 2019, dopo la scomparsa della madre, Emma Rossetti.<\/p>\n<p>Dal 2021, Babila \u00e8 anche <strong>presidente del Gruppo Cosmetici per l&#8217;Estetica<\/strong>, realt\u00e0 che rappresenta 84 imprese del settore. Il suo obiettivo cardine \u00e8 quello di rendere l&#8217;azienda non solo un punto di riferimento per la qualit\u00e0 dei prodotti, ma anche un&#8217;icona di innovazione e sostenibilit\u00e0. Inoltre, grazie alla sua leadership, Babila Spagnolo \u00e8 tra i <a title=\"Wikiceo, il portale aggiornato dei dirigenti d'azienda italiani\" href=\"https:\/\/wikiceo.it\/\" target=\"_blank\" rel=\"noopener\">manager famosi<\/a> della cosmetica in Italia e, nel 2022, \u00e8 entrata nella classifica dei 100 Top Manager di Forbes Italia.<\/p>\n<h2>Il contributo di Babila Spagnolo alla crescita di Layla Cosmetics<\/h2>\n<p>La carriera di <strong>Babila Spagnolo<\/strong> all&#8217;interno di Layla Cosmetics \u00e8 iniziata nel 1996, quando, appena ventenne, si \u00e8 immersa nel mondo aziendale, partendo dai ruoli pi\u00f9 operativi per comprendere appieno ogni aspetto della produzione. Da Product Manager a Marketing Manager, fino al ruolo di Export Manager, Babila ha costruito il proprio successo grazie a un percorso formativo completo. Nel 2019, ha preso le redini dell&#8217;azienda, portando Layla verso una comunicazione pi\u00f9 \u201c<em>disruptive<\/em>\u201d e innovativa, puntando a rafforzare la connessione con i clienti attraverso i social media e le campagne digitali.<\/p>\n","protected":false},"excerpt":{"rendered":"<p>Con una carriera in continua ascesa, Babila Spagnolo \u00e8 un punto di riferimento nella cosmetica italiana, premiata da Forbes tra i Top Manager.<\/p>\n","protected":false},"author":6477,"featured_media":0,"comment_status":"open","ping_status":"open","sticky":false,"template":"","format":"standard","meta":{"_monsterinsights_skip_tracking":false,"_monsterinsights_sitenote_active":false,"_monsterinsights_sitenote_note":"","_monsterinsights_sitenote_category":0,"footnotes":""},"categories":[78],"tags":[11202,10889],"class_list":["post-31434","post","type-post","status-publish","format-standard","hentry","category-comunicati-stampa","tag-babila-spagnolo","tag-wikiceo"],"yoast_head":"<!-- This site is optimized with the Yoast SEO plugin v27.3 - https:\/\/yoast.com\/product\/yoast-seo-wordpress\/ -->\n<title>La carriera di Babila Spagnolo, CEO di Layla Cosmetics - Article Marketing<\/title>\n<meta name=\"description\" content=\"Con una carriera in continua ascesa, Babila Spagnolo \u00e8 un punto di riferimento nella cosmetica italiana, premiata da Forbes tra i Top Manager.\" \/>\n<meta name=\"robots\" content=\"index, follow, max-snippet:-1, max-image-preview:large, max-video-preview:-1\" \/>\n<link rel=\"canonical\" href=\"https:\/\/www.article-marketing.eu\/comunicatistampa\/la-carriera-di-babila-spagnolo-ceo-di-layla-cosmetics\/\" \/>\n<meta property=\"og:locale\" content=\"it_IT\" \/>\n<meta property=\"og:type\" content=\"article\" \/>\n<meta property=\"og:title\" content=\"La carriera di Babila Spagnolo, CEO di Layla Cosmetics - Article Marketing\" \/>\n<meta property=\"og:description\" content=\"Con una carriera in continua ascesa, Babila Spagnolo \u00e8 un punto di riferimento nella cosmetica italiana, premiata da Forbes tra i Top Manager.\" \/>\n<meta property=\"og:url\" content=\"https:\/\/www.article-marketing.eu\/comunicatistampa\/la-carriera-di-babila-spagnolo-ceo-di-layla-cosmetics\/\" \/>\n<meta property=\"og:site_name\" content=\"Article Marketing\" \/>\n<meta property=\"article:published_time\" content=\"2025-01-10T10:43:12+00:00\" \/>\n<meta property=\"og:image\" content=\"https:\/\/wikiceo.it\/resources\/assets\/wikiceo.png\" \/>\n<meta name=\"author\" content=\"articolinews\" \/>\n<meta name=\"twitter:card\" content=\"summary_large_image\" \/>\n<meta name=\"twitter:label1\" content=\"Scritto da\" \/>\n\t<meta name=\"twitter:data1\" content=\"articolinews\" \/>\n\t<meta name=\"twitter:label2\" content=\"Tempo di lettura stimato\" \/>\n\t<meta name=\"twitter:data2\" content=\"2 minuti\" \/>\n<script type=\"application\/ld+json\" class=\"yoast-schema-graph\">{\"@context\":\"https:\\\/\\\/schema.org\",\"@graph\":[{\"@type\":\"Article\",\"@id\":\"https:\\\/\\\/www.article-marketing.eu\\\/comunicatistampa\\\/la-carriera-di-babila-spagnolo-ceo-di-layla-cosmetics\\\/#article\",\"isPartOf\":{\"@id\":\"https:\\\/\\\/www.article-marketing.eu\\\/comunicatistampa\\\/la-carriera-di-babila-spagnolo-ceo-di-layla-cosmetics\\\/\"},\"author\":{\"name\":\"articolinews\",\"@id\":\"https:\\\/\\\/www.article-marketing.eu\\\/comunicatistampa\\\/#\\\/schema\\\/person\\\/2fcaf8f8f3a9eef9eb7f27532d3ca458\"},\"headline\":\"La carriera di Babila Spagnolo, CEO di Layla Cosmetics\",\"datePublished\":\"2025-01-10T10:43:12+00:00\",\"mainEntityOfPage\":{\"@id\":\"https:\\\/\\\/www.article-marketing.eu\\\/comunicatistampa\\\/la-carriera-di-babila-spagnolo-ceo-di-layla-cosmetics\\\/\"},\"wordCount\":301,\"commentCount\":0,\"image\":{\"@id\":\"https:\\\/\\\/www.article-marketing.eu\\\/comunicatistampa\\\/la-carriera-di-babila-spagnolo-ceo-di-layla-cosmetics\\\/#primaryimage\"},\"thumbnailUrl\":\"https:\\\/\\\/wikiceo.it\\\/resources\\\/assets\\\/wikiceo.png\",\"keywords\":[\"Babila Spagnolo\",\"Wikiceo\"],\"articleSection\":[\"Comunicati stampa\"],\"inLanguage\":\"it-IT\",\"potentialAction\":[{\"@type\":\"CommentAction\",\"name\":\"Comment\",\"target\":[\"https:\\\/\\\/www.article-marketing.eu\\\/comunicatistampa\\\/la-carriera-di-babila-spagnolo-ceo-di-layla-cosmetics\\\/#respond\"]}]},{\"@type\":\"WebPage\",\"@id\":\"https:\\\/\\\/www.article-marketing.eu\\\/comunicatistampa\\\/la-carriera-di-babila-spagnolo-ceo-di-layla-cosmetics\\\/\",\"url\":\"https:\\\/\\\/www.article-marketing.eu\\\/comunicatistampa\\\/la-carriera-di-babila-spagnolo-ceo-di-layla-cosmetics\\\/\",\"name\":\"La carriera di Babila Spagnolo, CEO di Layla Cosmetics - Article Marketing\",\"isPartOf\":{\"@id\":\"https:\\\/\\\/www.article-marketing.eu\\\/comunicatistampa\\\/#website\"},\"primaryImageOfPage\":{\"@id\":\"https:\\\/\\\/www.article-marketing.eu\\\/comunicatistampa\\\/la-carriera-di-babila-spagnolo-ceo-di-layla-cosmetics\\\/#primaryimage\"},\"image\":{\"@id\":\"https:\\\/\\\/www.article-marketing.eu\\\/comunicatistampa\\\/la-carriera-di-babila-spagnolo-ceo-di-layla-cosmetics\\\/#primaryimage\"},\"thumbnailUrl\":\"https:\\\/\\\/wikiceo.it\\\/resources\\\/assets\\\/wikiceo.png\",\"datePublished\":\"2025-01-10T10:43:12+00:00\",\"author\":{\"@id\":\"https:\\\/\\\/www.article-marketing.eu\\\/comunicatistampa\\\/#\\\/schema\\\/person\\\/2fcaf8f8f3a9eef9eb7f27532d3ca458\"},\"description\":\"Con una carriera in continua ascesa, Babila Spagnolo \u00e8 un punto di riferimento nella cosmetica italiana, premiata da Forbes tra i Top Manager.\",\"breadcrumb\":{\"@id\":\"https:\\\/\\\/www.article-marketing.eu\\\/comunicatistampa\\\/la-carriera-di-babila-spagnolo-ceo-di-layla-cosmetics\\\/#breadcrumb\"},\"inLanguage\":\"it-IT\",\"potentialAction\":[{\"@type\":\"ReadAction\",\"target\":[\"https:\\\/\\\/www.article-marketing.eu\\\/comunicatistampa\\\/la-carriera-di-babila-spagnolo-ceo-di-layla-cosmetics\\\/\"]}]},{\"@type\":\"ImageObject\",\"inLanguage\":\"it-IT\",\"@id\":\"https:\\\/\\\/www.article-marketing.eu\\\/comunicatistampa\\\/la-carriera-di-babila-spagnolo-ceo-di-layla-cosmetics\\\/#primaryimage\",\"url\":\"https:\\\/\\\/wikiceo.it\\\/resources\\\/assets\\\/wikiceo.png\",\"contentUrl\":\"https:\\\/\\\/wikiceo.it\\\/resources\\\/assets\\\/wikiceo.png\"},{\"@type\":\"BreadcrumbList\",\"@id\":\"https:\\\/\\\/www.article-marketing.eu\\\/comunicatistampa\\\/la-carriera-di-babila-spagnolo-ceo-di-layla-cosmetics\\\/#breadcrumb\",\"itemListElement\":[{\"@type\":\"ListItem\",\"position\":1,\"name\":\"Home\",\"item\":\"https:\\\/\\\/www.article-marketing.eu\\\/comunicatistampa\\\/\"},{\"@type\":\"ListItem\",\"position\":2,\"name\":\"La carriera di Babila Spagnolo, CEO di Layla Cosmetics\"}]},{\"@type\":\"WebSite\",\"@id\":\"https:\\\/\\\/www.article-marketing.eu\\\/comunicatistampa\\\/#website\",\"url\":\"https:\\\/\\\/www.article-marketing.eu\\\/comunicatistampa\\\/\",\"name\":\"Article Marketing\",\"description\":\"article marketing &amp; press release\",\"potentialAction\":[{\"@type\":\"SearchAction\",\"target\":{\"@type\":\"EntryPoint\",\"urlTemplate\":\"https:\\\/\\\/www.article-marketing.eu\\\/comunicatistampa\\\/?s={search_term_string}\"},\"query-input\":{\"@type\":\"PropertyValueSpecification\",\"valueRequired\":true,\"valueName\":\"search_term_string\"}}],\"inLanguage\":\"it-IT\"},{\"@type\":\"Person\",\"@id\":\"https:\\\/\\\/www.article-marketing.eu\\\/comunicatistampa\\\/#\\\/schema\\\/person\\\/2fcaf8f8f3a9eef9eb7f27532d3ca458\",\"name\":\"articolinews\",\"image\":{\"@type\":\"ImageObject\",\"inLanguage\":\"it-IT\",\"@id\":\"https:\\\/\\\/secure.gravatar.com\\\/avatar\\\/9e2a264bab04e17dea24d937c9956304649a848cb73c46747a692ff1bdeb1cb7?s=96&d=mm&r=g\",\"url\":\"https:\\\/\\\/secure.gravatar.com\\\/avatar\\\/9e2a264bab04e17dea24d937c9956304649a848cb73c46747a692ff1bdeb1cb7?s=96&d=mm&r=g\",\"contentUrl\":\"https:\\\/\\\/secure.gravatar.com\\\/avatar\\\/9e2a264bab04e17dea24d937c9956304649a848cb73c46747a692ff1bdeb1cb7?s=96&d=mm&r=g\",\"caption\":\"articolinews\"},\"url\":\"https:\\\/\\\/www.article-marketing.eu\\\/comunicatistampa\\\/author\\\/articolinews\\\/\"}]}<\/script>\n<!-- \/ Yoast SEO plugin. -->","yoast_head_json":{"title":"La carriera di Babila Spagnolo, CEO di Layla Cosmetics - Article Marketing","description":"Con una carriera in continua ascesa, Babila Spagnolo \u00e8 un punto di riferimento nella cosmetica italiana, premiata da Forbes tra i Top Manager.","robots":{"index":"index","follow":"follow","max-snippet":"max-snippet:-1","max-image-preview":"max-image-preview:large","max-video-preview":"max-video-preview:-1"},"canonical":"https:\/\/www.article-marketing.eu\/comunicatistampa\/la-carriera-di-babila-spagnolo-ceo-di-layla-cosmetics\/","og_locale":"it_IT","og_type":"article","og_title":"La carriera di Babila Spagnolo, CEO di Layla Cosmetics - Article Marketing","og_description":"Con una carriera in continua ascesa, Babila Spagnolo \u00e8 un punto di riferimento nella cosmetica italiana, premiata da Forbes tra i Top Manager.","og_url":"https:\/\/www.article-marketing.eu\/comunicatistampa\/la-carriera-di-babila-spagnolo-ceo-di-layla-cosmetics\/","og_site_name":"Article Marketing","article_published_time":"2025-01-10T10:43:12+00:00","og_image":[{"url":"https:\/\/wikiceo.it\/resources\/assets\/wikiceo.png","type":"","width":"","height":""}],"author":"articolinews","twitter_card":"summary_large_image","twitter_misc":{"Scritto da":"articolinews","Tempo di lettura stimato":"2 minuti"},"schema":{"@context":"https:\/\/schema.org","@graph":[{"@type":"Article","@id":"https:\/\/www.article-marketing.eu\/comunicatistampa\/la-carriera-di-babila-spagnolo-ceo-di-layla-cosmetics\/#article","isPartOf":{"@id":"https:\/\/www.article-marketing.eu\/comunicatistampa\/la-carriera-di-babila-spagnolo-ceo-di-layla-cosmetics\/"},"author":{"name":"articolinews","@id":"https:\/\/www.article-marketing.eu\/comunicatistampa\/#\/schema\/person\/2fcaf8f8f3a9eef9eb7f27532d3ca458"},"headline":"La carriera di Babila Spagnolo, CEO di Layla Cosmetics","datePublished":"2025-01-10T10:43:12+00:00","mainEntityOfPage":{"@id":"https:\/\/www.article-marketing.eu\/comunicatistampa\/la-carriera-di-babila-spagnolo-ceo-di-layla-cosmetics\/"},"wordCount":301,"commentCount":0,"image":{"@id":"https:\/\/www.article-marketing.eu\/comunicatistampa\/la-carriera-di-babila-spagnolo-ceo-di-layla-cosmetics\/#primaryimage"},"thumbnailUrl":"https:\/\/wikiceo.it\/resources\/assets\/wikiceo.png","keywords":["Babila Spagnolo","Wikiceo"],"articleSection":["Comunicati stampa"],"inLanguage":"it-IT","potentialAction":[{"@type":"CommentAction","name":"Comment","target":["https:\/\/www.article-marketing.eu\/comunicatistampa\/la-carriera-di-babila-spagnolo-ceo-di-layla-cosmetics\/#respond"]}]},{"@type":"WebPage","@id":"https:\/\/www.article-marketing.eu\/comunicatistampa\/la-carriera-di-babila-spagnolo-ceo-di-layla-cosmetics\/","url":"https:\/\/www.article-marketing.eu\/comunicatistampa\/la-carriera-di-babila-spagnolo-ceo-di-layla-cosmetics\/","name":"La carriera di Babila Spagnolo, CEO di Layla Cosmetics - Article Marketing","isPartOf":{"@id":"https:\/\/www.article-marketing.eu\/comunicatistampa\/#website"},"primaryImageOfPage":{"@id":"https:\/\/www.article-marketing.eu\/comunicatistampa\/la-carriera-di-babila-spagnolo-ceo-di-layla-cosmetics\/#primaryimage"},"image":{"@id":"https:\/\/www.article-marketing.eu\/comunicatistampa\/la-carriera-di-babila-spagnolo-ceo-di-layla-cosmetics\/#primaryimage"},"thumbnailUrl":"https:\/\/wikiceo.it\/resources\/assets\/wikiceo.png","datePublished":"2025-01-10T10:43:12+00:00","author":{"@id":"https:\/\/www.article-marketing.eu\/comunicatistampa\/#\/schema\/person\/2fcaf8f8f3a9eef9eb7f27532d3ca458"},"description":"Con una carriera in continua ascesa, Babila Spagnolo \u00e8 un punto di riferimento nella cosmetica italiana, premiata da Forbes tra i Top Manager.","breadcrumb":{"@id":"https:\/\/www.article-marketing.eu\/comunicatistampa\/la-carriera-di-babila-spagnolo-ceo-di-layla-cosmetics\/#breadcrumb"},"inLanguage":"it-IT","potentialAction":[{"@type":"ReadAction","target":["https:\/\/www.article-marketing.eu\/comunicatistampa\/la-carriera-di-babila-spagnolo-ceo-di-layla-cosmetics\/"]}]},{"@type":"ImageObject","inLanguage":"it-IT","@id":"https:\/\/www.article-marketing.eu\/comunicatistampa\/la-carriera-di-babila-spagnolo-ceo-di-layla-cosmetics\/#primaryimage","url":"https:\/\/wikiceo.it\/resources\/assets\/wikiceo.png","contentUrl":"https:\/\/wikiceo.it\/resources\/assets\/wikiceo.png"},{"@type":"BreadcrumbList","@id":"https:\/\/www.article-marketing.eu\/comunicatistampa\/la-carriera-di-babila-spagnolo-ceo-di-layla-cosmetics\/#breadcrumb","itemListElement":[{"@type":"ListItem","position":1,"name":"Home","item":"https:\/\/www.article-marketing.eu\/comunicatistampa\/"},{"@type":"ListItem","position":2,"name":"La carriera di Babila Spagnolo, CEO di Layla Cosmetics"}]},{"@type":"WebSite","@id":"https:\/\/www.article-marketing.eu\/comunicatistampa\/#website","url":"https:\/\/www.article-marketing.eu\/comunicatistampa\/","name":"Article Marketing","description":"article marketing &amp; press release","potentialAction":[{"@type":"SearchAction","target":{"@type":"EntryPoint","urlTemplate":"https:\/\/www.article-marketing.eu\/comunicatistampa\/?s={search_term_string}"},"query-input":{"@type":"PropertyValueSpecification","valueRequired":true,"valueName":"search_term_string"}}],"inLanguage":"it-IT"},{"@type":"Person","@id":"https:\/\/www.article-marketing.eu\/comunicatistampa\/#\/schema\/person\/2fcaf8f8f3a9eef9eb7f27532d3ca458","name":"articolinews","image":{"@type":"ImageObject","inLanguage":"it-IT","@id":"https:\/\/secure.gravatar.com\/avatar\/9e2a264bab04e17dea24d937c9956304649a848cb73c46747a692ff1bdeb1cb7?s=96&d=mm&r=g","url":"https:\/\/secure.gravatar.com\/avatar\/9e2a264bab04e17dea24d937c9956304649a848cb73c46747a692ff1bdeb1cb7?s=96&d=mm&r=g","contentUrl":"https:\/\/secure.gravatar.com\/avatar\/9e2a264bab04e17dea24d937c9956304649a848cb73c46747a692ff1bdeb1cb7?s=96&d=mm&r=g","caption":"articolinews"},"url":"https:\/\/www.article-marketing.eu\/comunicatistampa\/author\/articolinews\/"}]}},"_links":{"self":[{"href":"https:\/\/www.article-marketing.eu\/comunicatistampa\/wp-json\/wp\/v2\/posts\/31434","targetHints":{"allow":["GET"]}}],"collection":[{"href":"https:\/\/www.article-marketing.eu\/comunicatistampa\/wp-json\/wp\/v2\/posts"}],"about":[{"href":"https:\/\/www.article-marketing.eu\/comunicatistampa\/wp-json\/wp\/v2\/types\/post"}],"author":[{"embeddable":true,"href":"https:\/\/www.article-marketing.eu\/comunicatistampa\/wp-json\/wp\/v2\/users\/6477"}],"replies":[{"embeddable":true,"href":"https:\/\/www.article-marketing.eu\/comunicatistampa\/wp-json\/wp\/v2\/comments?post=31434"}],"version-history":[{"count":4,"href":"https:\/\/www.article-marketing.eu\/comunicatistampa\/wp-json\/wp\/v2\/posts\/31434\/revisions"}],"predecessor-version":[{"id":31854,"href":"https:\/\/www.article-marketing.eu\/comunicatistampa\/wp-json\/wp\/v2\/posts\/31434\/revisions\/31854"}],"wp:attachment":[{"href":"https:\/\/www.article-marketing.eu\/comunicatistampa\/wp-json\/wp\/v2\/media?parent=31434"}],"wp:term":[{"taxonomy":"category","embeddable":true,"href":"https:\/\/www.article-marketing.eu\/comunicatistampa\/wp-json\/wp\/v2\/categories?post=31434"},{"taxonomy":"post_tag","embeddable":true,"href":"https:\/\/www.article-marketing.eu\/comunicatistampa\/wp-json\/wp\/v2\/tags?post=31434"}],"curies":[{"name":"wp","href":"https:\/\/api.w.org\/{rel}","templated":true}]}}