{"id":31441,"date":"2025-01-10T11:47:00","date_gmt":"2025-01-10T10:47:00","guid":{"rendered":"https:\/\/www.article-marketing.eu\/comunicatistampa\/?p=31441"},"modified":"2025-01-10T11:47:00","modified_gmt":"2025-01-10T10:47:00","slug":"il-nuovo-polo-atitech-a-olbia-assunzioni-di-massa-nei-prossimi-mesi","status":"publish","type":"post","link":"https:\/\/www.article-marketing.eu\/comunicatistampa\/il-nuovo-polo-atitech-a-olbia-assunzioni-di-massa-nei-prossimi-mesi\/","title":{"rendered":"Il nuovo polo Atitech a Olbia: \u201cAssunzioni di massa nei prossimi mesi\u201d"},"content":{"rendered":"<p><em><strong>Con la consegna degli hangar prevista per ottobre, <a title=\"Atitech: in arrivo un nuovo centro di manutenzione in Costa Smeralda\" href=\"https:\/\/www.lanuovasardegna.it\/olbia\/cronaca\/2024\/09\/11\/news\/olbia-il-polo-atitech-scalda-i-motori-i-300-assunti-saranno-di-piu-1.100581369\" target=\"_blank\" rel=\"noopener\">Atitech<\/a> ha consolidato la sua presenza a Olbia e avviato un progetto che porter\u00e0 all\u2019assunzione di migliaia di dipendenti: con un personale sempre pi\u00f9 numeroso e preparato, la realt\u00e0 guidata da Gianni Lettieri punta alla leadership europea.<\/strong><\/em><br \/>\n<a title=\"Atitech si espande in Sardegna, puntando a un'alleanza con il settore nautico\" href=\"https:\/\/www.lanuovasardegna.it\/olbia\/cronaca\/2024\/09\/11\/news\/olbia-il-polo-atitech-scalda-i-motori-i-300-assunti-saranno-di-piu-1.100581369\" target=\"_blank\" rel=\"noopener\"><img loading=\"lazy\" decoding=\"async\" src=\"https:\/\/www.giannilettieri.it\/wp-content\/uploads\/2020\/08\/gianni-lettieri3.jpg\" alt=\"Gianni Lettieri\" width=\"200\" height=\"143\" \/><\/a><\/p>\n<h2>Il nuovo polo sardo di Atitech: Gianni Lettieri annuncia nuovi investimenti<\/h2>\n<p><a title=\"Atitech gestir\u00e0 due hangar in Sardegna, puntando a creare migliaia di posti di lavoro\" href=\"https:\/\/www.lanuovasardegna.it\/olbia\/cronaca\/2024\/09\/11\/news\/olbia-il-polo-atitech-scalda-i-motori-i-300-assunti-saranno-di-piu-1.100581369\" target=\"_blank\" rel=\"noopener\">Atitech<\/a>, leader nel settore della manutenzione aerea, ha annunciato l\u2019imminente avvio delle operazioni presso il nuovo polo di Olbia, situato nell\u2019area dell\u2019aeroporto Costa Smeralda. A partire da ottobre \u00e8 prevista la consegna di due nuovi hangar, mentre le prime attivit\u00e0 di manutenzione sui jet privati prenderanno il via nella primavera successiva. Attraverso queste iniziative, la citt\u00e0 di Olbia torner\u00e0 un vero e proprio centro nevralgico per la manutenzione aerea. Secondo il <strong>Presidente Gianni Lettieri<\/strong>, l\u2019azienda sta inoltre preparando accordi strategici e sinergie con il settore nautico, in virt\u00f9 delle similitudini tra la componentistica degli yacht di lusso e quella dei business jet.<\/p>\n<h2>Previsti programmi di alta formazione per i nuovi assunti di Atitech<\/h2>\n<p><strong>Atitech<\/strong> non si accontenta, tuttavia, delle 300 assunzioni previste nel breve termine. Come evidenziato da <strong>Gianni Lettieri<\/strong>, il Piano aziendale prevede un\u2019espansione significativa del personale, con l\u2019obiettivo di competere con altri colossi del settore che, nel corso di decenni, hanno raggiunto numeri ben pi\u00f9 consistenti e una presenza consolidata nel mercato globale. Per competere su scala europea, Atitech dovr\u00e0 infatti formare una forza lavoro altamente specializzata e competente: un obiettivo ambizioso che la societ\u00e0 intende raggiungere attraverso un programma di formazione ben strutturato e innovativo. Questo programma sar\u00e0 realizzato in partnership con prestigiosi istituti universitari e centri di ricerca all\u2019avanguardia, garantendo non solo competenze tecniche all\u2019avanguardia, ma anche un approccio pratico e orientato alle sfide future del settore. Inoltre, Atitech si impegna a integrare le pi\u00f9 recenti tecnologie e metodologie nel processo formativo, posizionandosi come un punto di riferimento per l&#8217;innovazione nel campo dell&#8217;aviazione. Questi sforzi strategici mirano a creare un ambiente di lavoro stimolante e avanzato, promuovendo la crescita professionale e la soddisfazione dei dipendenti, posizionando Atitech come un leader nel panorama europeo dell&#8217;aviazione e contribuendo attivamente alla crescita sostenibile del settore.<\/p>\n","protected":false},"excerpt":{"rendered":"<p>\u201cCominceremo a lavorare con la consegna degli hangar che dovrebbe avvenire i primi di ottobre. Quindi inizieranno gli investimenti a carico nostro che riguardano formazione, infrastrutture e ricerca\u201d, Gianni Lettieri, Presidente di Atitech, ha parlato dello sviluppo del nuovo polo di Olbia.<\/p>\n","protected":false},"author":6477,"featured_media":0,"comment_status":"open","ping_status":"open","sticky":false,"template":"","format":"standard","meta":{"_monsterinsights_skip_tracking":false,"_monsterinsights_sitenote_active":false,"_monsterinsights_sitenote_note":"","_monsterinsights_sitenote_category":0,"footnotes":""},"categories":[78],"tags":[10813,9494],"class_list":["post-31441","post","type-post","status-publish","format-standard","hentry","category-comunicati-stampa","tag-atitech","tag-gianni-lettieri"],"yoast_head":"<!-- This site is optimized with the Yoast SEO plugin v27.3 - https:\/\/yoast.com\/product\/yoast-seo-wordpress\/ -->\n<title>Il nuovo polo Atitech a Olbia: \u201cAssunzioni di massa nei prossimi mesi\u201d<\/title>\n<meta name=\"description\" content=\"\u201cCominceremo a lavorare con la consegna degli hangar che dovrebbe avvenire i primi di ottobre. Quindi inizieranno gli investimenti a carico nostro che riguardano formazione, infrastrutture e ricerca\u201d, Gianni Lettieri, Presidente di Atitech, ha parlato dello sviluppo del nuovo polo di Olbia.\" \/>\n<meta name=\"robots\" content=\"index, follow, max-snippet:-1, max-image-preview:large, max-video-preview:-1\" \/>\n<link rel=\"canonical\" href=\"https:\/\/www.article-marketing.eu\/comunicatistampa\/il-nuovo-polo-atitech-a-olbia-assunzioni-di-massa-nei-prossimi-mesi\/\" \/>\n<meta property=\"og:locale\" content=\"it_IT\" \/>\n<meta property=\"og:type\" content=\"article\" \/>\n<meta property=\"og:title\" content=\"Il nuovo polo Atitech a Olbia: \u201cAssunzioni di massa nei prossimi mesi\u201d\" \/>\n<meta property=\"og:description\" content=\"\u201cCominceremo a lavorare con la consegna degli hangar che dovrebbe avvenire i primi di ottobre. Quindi inizieranno gli investimenti a carico nostro che riguardano formazione, infrastrutture e ricerca\u201d, Gianni Lettieri, Presidente di Atitech, ha parlato dello sviluppo del nuovo polo di Olbia.\" \/>\n<meta property=\"og:url\" content=\"https:\/\/www.article-marketing.eu\/comunicatistampa\/il-nuovo-polo-atitech-a-olbia-assunzioni-di-massa-nei-prossimi-mesi\/\" \/>\n<meta property=\"og:site_name\" content=\"Article Marketing\" \/>\n<meta property=\"article:published_time\" content=\"2025-01-10T10:47:00+00:00\" \/>\n<meta property=\"og:image\" content=\"https:\/\/www.giannilettieri.it\/wp-content\/uploads\/2020\/08\/gianni-lettieri3.jpg\" \/>\n<meta name=\"author\" content=\"articolinews\" \/>\n<meta name=\"twitter:card\" content=\"summary_large_image\" \/>\n<meta name=\"twitter:label1\" content=\"Scritto da\" \/>\n\t<meta name=\"twitter:data1\" content=\"articolinews\" \/>\n\t<meta name=\"twitter:label2\" content=\"Tempo di lettura stimato\" \/>\n\t<meta name=\"twitter:data2\" content=\"3 minuti\" \/>\n<script type=\"application\/ld+json\" class=\"yoast-schema-graph\">{\"@context\":\"https:\\\/\\\/schema.org\",\"@graph\":[{\"@type\":\"Article\",\"@id\":\"https:\\\/\\\/www.article-marketing.eu\\\/comunicatistampa\\\/il-nuovo-polo-atitech-a-olbia-assunzioni-di-massa-nei-prossimi-mesi\\\/#article\",\"isPartOf\":{\"@id\":\"https:\\\/\\\/www.article-marketing.eu\\\/comunicatistampa\\\/il-nuovo-polo-atitech-a-olbia-assunzioni-di-massa-nei-prossimi-mesi\\\/\"},\"author\":{\"name\":\"articolinews\",\"@id\":\"https:\\\/\\\/www.article-marketing.eu\\\/comunicatistampa\\\/#\\\/schema\\\/person\\\/2fcaf8f8f3a9eef9eb7f27532d3ca458\"},\"headline\":\"Il nuovo polo Atitech a Olbia: \u201cAssunzioni di massa nei prossimi mesi\u201d\",\"datePublished\":\"2025-01-10T10:47:00+00:00\",\"mainEntityOfPage\":{\"@id\":\"https:\\\/\\\/www.article-marketing.eu\\\/comunicatistampa\\\/il-nuovo-polo-atitech-a-olbia-assunzioni-di-massa-nei-prossimi-mesi\\\/\"},\"wordCount\":371,\"commentCount\":0,\"image\":{\"@id\":\"https:\\\/\\\/www.article-marketing.eu\\\/comunicatistampa\\\/il-nuovo-polo-atitech-a-olbia-assunzioni-di-massa-nei-prossimi-mesi\\\/#primaryimage\"},\"thumbnailUrl\":\"https:\\\/\\\/www.giannilettieri.it\\\/wp-content\\\/uploads\\\/2020\\\/08\\\/gianni-lettieri3.jpg\",\"keywords\":[\"Atitech\",\"Gianni Lettieri\"],\"articleSection\":[\"Comunicati stampa\"],\"inLanguage\":\"it-IT\",\"potentialAction\":[{\"@type\":\"CommentAction\",\"name\":\"Comment\",\"target\":[\"https:\\\/\\\/www.article-marketing.eu\\\/comunicatistampa\\\/il-nuovo-polo-atitech-a-olbia-assunzioni-di-massa-nei-prossimi-mesi\\\/#respond\"]}]},{\"@type\":\"WebPage\",\"@id\":\"https:\\\/\\\/www.article-marketing.eu\\\/comunicatistampa\\\/il-nuovo-polo-atitech-a-olbia-assunzioni-di-massa-nei-prossimi-mesi\\\/\",\"url\":\"https:\\\/\\\/www.article-marketing.eu\\\/comunicatistampa\\\/il-nuovo-polo-atitech-a-olbia-assunzioni-di-massa-nei-prossimi-mesi\\\/\",\"name\":\"Il nuovo polo Atitech a Olbia: \u201cAssunzioni di massa nei prossimi mesi\u201d\",\"isPartOf\":{\"@id\":\"https:\\\/\\\/www.article-marketing.eu\\\/comunicatistampa\\\/#website\"},\"primaryImageOfPage\":{\"@id\":\"https:\\\/\\\/www.article-marketing.eu\\\/comunicatistampa\\\/il-nuovo-polo-atitech-a-olbia-assunzioni-di-massa-nei-prossimi-mesi\\\/#primaryimage\"},\"image\":{\"@id\":\"https:\\\/\\\/www.article-marketing.eu\\\/comunicatistampa\\\/il-nuovo-polo-atitech-a-olbia-assunzioni-di-massa-nei-prossimi-mesi\\\/#primaryimage\"},\"thumbnailUrl\":\"https:\\\/\\\/www.giannilettieri.it\\\/wp-content\\\/uploads\\\/2020\\\/08\\\/gianni-lettieri3.jpg\",\"datePublished\":\"2025-01-10T10:47:00+00:00\",\"author\":{\"@id\":\"https:\\\/\\\/www.article-marketing.eu\\\/comunicatistampa\\\/#\\\/schema\\\/person\\\/2fcaf8f8f3a9eef9eb7f27532d3ca458\"},\"description\":\"\u201cCominceremo a lavorare con la consegna degli hangar che dovrebbe avvenire i primi di ottobre. Quindi inizieranno gli investimenti a carico nostro che riguardano formazione, infrastrutture e ricerca\u201d, Gianni Lettieri, Presidente di Atitech, ha parlato dello sviluppo del nuovo polo di Olbia.\",\"breadcrumb\":{\"@id\":\"https:\\\/\\\/www.article-marketing.eu\\\/comunicatistampa\\\/il-nuovo-polo-atitech-a-olbia-assunzioni-di-massa-nei-prossimi-mesi\\\/#breadcrumb\"},\"inLanguage\":\"it-IT\",\"potentialAction\":[{\"@type\":\"ReadAction\",\"target\":[\"https:\\\/\\\/www.article-marketing.eu\\\/comunicatistampa\\\/il-nuovo-polo-atitech-a-olbia-assunzioni-di-massa-nei-prossimi-mesi\\\/\"]}]},{\"@type\":\"ImageObject\",\"inLanguage\":\"it-IT\",\"@id\":\"https:\\\/\\\/www.article-marketing.eu\\\/comunicatistampa\\\/il-nuovo-polo-atitech-a-olbia-assunzioni-di-massa-nei-prossimi-mesi\\\/#primaryimage\",\"url\":\"https:\\\/\\\/www.giannilettieri.it\\\/wp-content\\\/uploads\\\/2020\\\/08\\\/gianni-lettieri3.jpg\",\"contentUrl\":\"https:\\\/\\\/www.giannilettieri.it\\\/wp-content\\\/uploads\\\/2020\\\/08\\\/gianni-lettieri3.jpg\"},{\"@type\":\"BreadcrumbList\",\"@id\":\"https:\\\/\\\/www.article-marketing.eu\\\/comunicatistampa\\\/il-nuovo-polo-atitech-a-olbia-assunzioni-di-massa-nei-prossimi-mesi\\\/#breadcrumb\",\"itemListElement\":[{\"@type\":\"ListItem\",\"position\":1,\"name\":\"Home\",\"item\":\"https:\\\/\\\/www.article-marketing.eu\\\/comunicatistampa\\\/\"},{\"@type\":\"ListItem\",\"position\":2,\"name\":\"Il nuovo polo Atitech a Olbia: \u201cAssunzioni di massa nei prossimi mesi\u201d\"}]},{\"@type\":\"WebSite\",\"@id\":\"https:\\\/\\\/www.article-marketing.eu\\\/comunicatistampa\\\/#website\",\"url\":\"https:\\\/\\\/www.article-marketing.eu\\\/comunicatistampa\\\/\",\"name\":\"Article Marketing\",\"description\":\"article marketing &amp; press release\",\"potentialAction\":[{\"@type\":\"SearchAction\",\"target\":{\"@type\":\"EntryPoint\",\"urlTemplate\":\"https:\\\/\\\/www.article-marketing.eu\\\/comunicatistampa\\\/?s={search_term_string}\"},\"query-input\":{\"@type\":\"PropertyValueSpecification\",\"valueRequired\":true,\"valueName\":\"search_term_string\"}}],\"inLanguage\":\"it-IT\"},{\"@type\":\"Person\",\"@id\":\"https:\\\/\\\/www.article-marketing.eu\\\/comunicatistampa\\\/#\\\/schema\\\/person\\\/2fcaf8f8f3a9eef9eb7f27532d3ca458\",\"name\":\"articolinews\",\"image\":{\"@type\":\"ImageObject\",\"inLanguage\":\"it-IT\",\"@id\":\"https:\\\/\\\/secure.gravatar.com\\\/avatar\\\/9e2a264bab04e17dea24d937c9956304649a848cb73c46747a692ff1bdeb1cb7?s=96&d=mm&r=g\",\"url\":\"https:\\\/\\\/secure.gravatar.com\\\/avatar\\\/9e2a264bab04e17dea24d937c9956304649a848cb73c46747a692ff1bdeb1cb7?s=96&d=mm&r=g\",\"contentUrl\":\"https:\\\/\\\/secure.gravatar.com\\\/avatar\\\/9e2a264bab04e17dea24d937c9956304649a848cb73c46747a692ff1bdeb1cb7?s=96&d=mm&r=g\",\"caption\":\"articolinews\"},\"url\":\"https:\\\/\\\/www.article-marketing.eu\\\/comunicatistampa\\\/author\\\/articolinews\\\/\"}]}<\/script>\n<!-- \/ Yoast SEO plugin. -->","yoast_head_json":{"title":"Il nuovo polo Atitech a Olbia: \u201cAssunzioni di massa nei prossimi mesi\u201d","description":"\u201cCominceremo a lavorare con la consegna degli hangar che dovrebbe avvenire i primi di ottobre. Quindi inizieranno gli investimenti a carico nostro che riguardano formazione, infrastrutture e ricerca\u201d, Gianni Lettieri, Presidente di Atitech, ha parlato dello sviluppo del nuovo polo di Olbia.","robots":{"index":"index","follow":"follow","max-snippet":"max-snippet:-1","max-image-preview":"max-image-preview:large","max-video-preview":"max-video-preview:-1"},"canonical":"https:\/\/www.article-marketing.eu\/comunicatistampa\/il-nuovo-polo-atitech-a-olbia-assunzioni-di-massa-nei-prossimi-mesi\/","og_locale":"it_IT","og_type":"article","og_title":"Il nuovo polo Atitech a Olbia: \u201cAssunzioni di massa nei prossimi mesi\u201d","og_description":"\u201cCominceremo a lavorare con la consegna degli hangar che dovrebbe avvenire i primi di ottobre. Quindi inizieranno gli investimenti a carico nostro che riguardano formazione, infrastrutture e ricerca\u201d, Gianni Lettieri, Presidente di Atitech, ha parlato dello sviluppo del nuovo polo di Olbia.","og_url":"https:\/\/www.article-marketing.eu\/comunicatistampa\/il-nuovo-polo-atitech-a-olbia-assunzioni-di-massa-nei-prossimi-mesi\/","og_site_name":"Article Marketing","article_published_time":"2025-01-10T10:47:00+00:00","og_image":[{"url":"https:\/\/www.giannilettieri.it\/wp-content\/uploads\/2020\/08\/gianni-lettieri3.jpg","type":"","width":"","height":""}],"author":"articolinews","twitter_card":"summary_large_image","twitter_misc":{"Scritto da":"articolinews","Tempo di lettura stimato":"3 minuti"},"schema":{"@context":"https:\/\/schema.org","@graph":[{"@type":"Article","@id":"https:\/\/www.article-marketing.eu\/comunicatistampa\/il-nuovo-polo-atitech-a-olbia-assunzioni-di-massa-nei-prossimi-mesi\/#article","isPartOf":{"@id":"https:\/\/www.article-marketing.eu\/comunicatistampa\/il-nuovo-polo-atitech-a-olbia-assunzioni-di-massa-nei-prossimi-mesi\/"},"author":{"name":"articolinews","@id":"https:\/\/www.article-marketing.eu\/comunicatistampa\/#\/schema\/person\/2fcaf8f8f3a9eef9eb7f27532d3ca458"},"headline":"Il nuovo polo Atitech a Olbia: \u201cAssunzioni di massa nei prossimi mesi\u201d","datePublished":"2025-01-10T10:47:00+00:00","mainEntityOfPage":{"@id":"https:\/\/www.article-marketing.eu\/comunicatistampa\/il-nuovo-polo-atitech-a-olbia-assunzioni-di-massa-nei-prossimi-mesi\/"},"wordCount":371,"commentCount":0,"image":{"@id":"https:\/\/www.article-marketing.eu\/comunicatistampa\/il-nuovo-polo-atitech-a-olbia-assunzioni-di-massa-nei-prossimi-mesi\/#primaryimage"},"thumbnailUrl":"https:\/\/www.giannilettieri.it\/wp-content\/uploads\/2020\/08\/gianni-lettieri3.jpg","keywords":["Atitech","Gianni Lettieri"],"articleSection":["Comunicati stampa"],"inLanguage":"it-IT","potentialAction":[{"@type":"CommentAction","name":"Comment","target":["https:\/\/www.article-marketing.eu\/comunicatistampa\/il-nuovo-polo-atitech-a-olbia-assunzioni-di-massa-nei-prossimi-mesi\/#respond"]}]},{"@type":"WebPage","@id":"https:\/\/www.article-marketing.eu\/comunicatistampa\/il-nuovo-polo-atitech-a-olbia-assunzioni-di-massa-nei-prossimi-mesi\/","url":"https:\/\/www.article-marketing.eu\/comunicatistampa\/il-nuovo-polo-atitech-a-olbia-assunzioni-di-massa-nei-prossimi-mesi\/","name":"Il nuovo polo Atitech a Olbia: \u201cAssunzioni di massa nei prossimi mesi\u201d","isPartOf":{"@id":"https:\/\/www.article-marketing.eu\/comunicatistampa\/#website"},"primaryImageOfPage":{"@id":"https:\/\/www.article-marketing.eu\/comunicatistampa\/il-nuovo-polo-atitech-a-olbia-assunzioni-di-massa-nei-prossimi-mesi\/#primaryimage"},"image":{"@id":"https:\/\/www.article-marketing.eu\/comunicatistampa\/il-nuovo-polo-atitech-a-olbia-assunzioni-di-massa-nei-prossimi-mesi\/#primaryimage"},"thumbnailUrl":"https:\/\/www.giannilettieri.it\/wp-content\/uploads\/2020\/08\/gianni-lettieri3.jpg","datePublished":"2025-01-10T10:47:00+00:00","author":{"@id":"https:\/\/www.article-marketing.eu\/comunicatistampa\/#\/schema\/person\/2fcaf8f8f3a9eef9eb7f27532d3ca458"},"description":"\u201cCominceremo a lavorare con la consegna degli hangar che dovrebbe avvenire i primi di ottobre. Quindi inizieranno gli investimenti a carico nostro che riguardano formazione, infrastrutture e ricerca\u201d, Gianni Lettieri, Presidente di Atitech, ha parlato dello sviluppo del nuovo polo di Olbia.","breadcrumb":{"@id":"https:\/\/www.article-marketing.eu\/comunicatistampa\/il-nuovo-polo-atitech-a-olbia-assunzioni-di-massa-nei-prossimi-mesi\/#breadcrumb"},"inLanguage":"it-IT","potentialAction":[{"@type":"ReadAction","target":["https:\/\/www.article-marketing.eu\/comunicatistampa\/il-nuovo-polo-atitech-a-olbia-assunzioni-di-massa-nei-prossimi-mesi\/"]}]},{"@type":"ImageObject","inLanguage":"it-IT","@id":"https:\/\/www.article-marketing.eu\/comunicatistampa\/il-nuovo-polo-atitech-a-olbia-assunzioni-di-massa-nei-prossimi-mesi\/#primaryimage","url":"https:\/\/www.giannilettieri.it\/wp-content\/uploads\/2020\/08\/gianni-lettieri3.jpg","contentUrl":"https:\/\/www.giannilettieri.it\/wp-content\/uploads\/2020\/08\/gianni-lettieri3.jpg"},{"@type":"BreadcrumbList","@id":"https:\/\/www.article-marketing.eu\/comunicatistampa\/il-nuovo-polo-atitech-a-olbia-assunzioni-di-massa-nei-prossimi-mesi\/#breadcrumb","itemListElement":[{"@type":"ListItem","position":1,"name":"Home","item":"https:\/\/www.article-marketing.eu\/comunicatistampa\/"},{"@type":"ListItem","position":2,"name":"Il nuovo polo Atitech a Olbia: \u201cAssunzioni di massa nei prossimi mesi\u201d"}]},{"@type":"WebSite","@id":"https:\/\/www.article-marketing.eu\/comunicatistampa\/#website","url":"https:\/\/www.article-marketing.eu\/comunicatistampa\/","name":"Article Marketing","description":"article marketing &amp; press release","potentialAction":[{"@type":"SearchAction","target":{"@type":"EntryPoint","urlTemplate":"https:\/\/www.article-marketing.eu\/comunicatistampa\/?s={search_term_string}"},"query-input":{"@type":"PropertyValueSpecification","valueRequired":true,"valueName":"search_term_string"}}],"inLanguage":"it-IT"},{"@type":"Person","@id":"https:\/\/www.article-marketing.eu\/comunicatistampa\/#\/schema\/person\/2fcaf8f8f3a9eef9eb7f27532d3ca458","name":"articolinews","image":{"@type":"ImageObject","inLanguage":"it-IT","@id":"https:\/\/secure.gravatar.com\/avatar\/9e2a264bab04e17dea24d937c9956304649a848cb73c46747a692ff1bdeb1cb7?s=96&d=mm&r=g","url":"https:\/\/secure.gravatar.com\/avatar\/9e2a264bab04e17dea24d937c9956304649a848cb73c46747a692ff1bdeb1cb7?s=96&d=mm&r=g","contentUrl":"https:\/\/secure.gravatar.com\/avatar\/9e2a264bab04e17dea24d937c9956304649a848cb73c46747a692ff1bdeb1cb7?s=96&d=mm&r=g","caption":"articolinews"},"url":"https:\/\/www.article-marketing.eu\/comunicatistampa\/author\/articolinews\/"}]}},"_links":{"self":[{"href":"https:\/\/www.article-marketing.eu\/comunicatistampa\/wp-json\/wp\/v2\/posts\/31441","targetHints":{"allow":["GET"]}}],"collection":[{"href":"https:\/\/www.article-marketing.eu\/comunicatistampa\/wp-json\/wp\/v2\/posts"}],"about":[{"href":"https:\/\/www.article-marketing.eu\/comunicatistampa\/wp-json\/wp\/v2\/types\/post"}],"author":[{"embeddable":true,"href":"https:\/\/www.article-marketing.eu\/comunicatistampa\/wp-json\/wp\/v2\/users\/6477"}],"replies":[{"embeddable":true,"href":"https:\/\/www.article-marketing.eu\/comunicatistampa\/wp-json\/wp\/v2\/comments?post=31441"}],"version-history":[{"count":5,"href":"https:\/\/www.article-marketing.eu\/comunicatistampa\/wp-json\/wp\/v2\/posts\/31441\/revisions"}],"predecessor-version":[{"id":31867,"href":"https:\/\/www.article-marketing.eu\/comunicatistampa\/wp-json\/wp\/v2\/posts\/31441\/revisions\/31867"}],"wp:attachment":[{"href":"https:\/\/www.article-marketing.eu\/comunicatistampa\/wp-json\/wp\/v2\/media?parent=31441"}],"wp:term":[{"taxonomy":"category","embeddable":true,"href":"https:\/\/www.article-marketing.eu\/comunicatistampa\/wp-json\/wp\/v2\/categories?post=31441"},{"taxonomy":"post_tag","embeddable":true,"href":"https:\/\/www.article-marketing.eu\/comunicatistampa\/wp-json\/wp\/v2\/tags?post=31441"}],"curies":[{"name":"wp","href":"https:\/\/api.w.org\/{rel}","templated":true}]}}