{"id":31448,"date":"2025-01-10T11:48:06","date_gmt":"2025-01-10T10:48:06","guid":{"rendered":"https:\/\/www.article-marketing.eu\/comunicatistampa\/?p=31448"},"modified":"2025-01-10T11:48:06","modified_gmt":"2025-01-10T10:48:06","slug":"il-memorial-lorenzo-parelli-e-la-sicurezza-tra-scuola-e-impresa","status":"publish","type":"post","link":"https:\/\/www.article-marketing.eu\/comunicatistampa\/il-memorial-lorenzo-parelli-e-la-sicurezza-tra-scuola-e-impresa\/","title":{"rendered":"Il Memorial Lorenzo Parelli e la sicurezza tra scuola e impresa"},"content":{"rendered":"<h1>Comunicato Stampa<\/h1>\n<p><strong>Il Memorial Lorenzo Parelli e la sicurezza tra scuola e impresa<\/strong><\/p>\n<p><strong>\u00a0<\/strong><\/p>\n<p><strong><em>Prorogati al 15 novembre 2024 i termini per l\u2019invio dei progetti di sensibilizzazione della cultura della sicurezza negli ambienti scolastici e nei percorsi per le competenze trasversali e l\u2019orientamento.<\/em><\/strong><\/p>\n<p>&nbsp;<\/p>\n<p>Il Presidente della Repubblica <strong>Sergio Mattarella<\/strong> ha sottolineato, alla vigilia del 1\u00b0 maggio 2023, come \u201c<em>il valore del lavoro, per i giovani, e per chiunque<\/em>\u201d, non debba mai essere associato \u201c<em>al rischio, alla dimensione della morte<\/em>\u201d. E indicando che la sicurezza sul lavoro deve diventare una \u201c<em>valore fondante di una societ\u00e0 contemporanea<\/em>\u201d, ha ricordato <strong>Lorenzo Parelli<\/strong>, un diciottenne impegnato in un percorso di formazione professionale nell\u2019ambito della meccanica industriale, che il <strong>21 gennaio 2022<\/strong> ha perso tragicamente la vita durante il suo ultimo giorno di <strong>stage<\/strong> in un&#8217;azienda metalmeccanica.<\/p>\n<p>&nbsp;<\/p>\n<p>La barra d&#8217;acciaio che lo ha schiacciato, pesante 150 chilogrammi, lo ha reso una delle tante vittime del lavoro. Quel giorno, Lorenzo avrebbe dovuto completare il tirocinio e tornare a scuola il luned\u00ec seguente per condividere con i compagni le esperienze vissute in azienda. Invece, il suo futuro e i suoi sogni si sono bruscamente interrotti.<\/p>\n<p>&nbsp;<\/p>\n<p><strong>Il memorial sulla cultura della sicurezza tra scuola e impresa <\/strong><\/p>\n<p>Proprio per dare continuit\u00e0 al ricordo di Lorenzo e promuovere una cultura della sicurezza nelle scuole e nei percorsi ex alternanza scuola-lavoro, la Famiglia Parelli e la <strong>Fondazione AiFOS<\/strong>, ente filantropico del terzo settore, con il supporto organizzativo sul territorio del <strong>Centro di Formazione AiFOS AUREA Professional<\/strong>, hanno promosso il <strong>Memorial Lorenzo Parelli<\/strong>. Un progetto che vuole sensibilizzare studenti, scuole e aziende sui temi della salute e sicurezza, affinch\u00e9 tragedie come quella di Lorenzo non si ripetano.<\/p>\n<p>&nbsp;<\/p>\n<p>Il Memorial vuole essere un <strong>concorso di idee, suggerimenti e progetti<\/strong> che verranno realizzati dagli <strong>studenti<\/strong>. E per questo \u00e8 stato lanciato un bando per favorire la partecipazione degli studenti, a livello singolo, di gruppo, o di istituto scolastico delle <strong>penultime classi delle istituzioni scolastiche e della formazione professionale, pubbliche e private<\/strong>,<\/p>\n<p>&nbsp;<\/p>\n<p>La partecipazione pu\u00f2 avvenire presentando un <strong>elaborato<\/strong> (tesina o ricerca), un <strong>video<\/strong>, una <strong>raccolta fotografica e di immagini<\/strong>, un <strong>disegno<\/strong>, un <strong>dipinto<\/strong> o un quadro, una <strong>canzone<\/strong>, ovvero qualsiasi mezzo utile alla sensibilizzazione della cultura della sicurezza negli ambienti scolastici e di alternanza scuola-lavoro.<\/p>\n<p>&nbsp;<\/p>\n<p><strong>Il Memorial Lorenzo Parelli<\/strong><strong>: selezione, premi e premiazione<\/strong><\/p>\n<p>La <strong>selezione<\/strong> dei differenti lavori ricevuti verr\u00e0 effettuata da un\u2019apposita <strong>Commissione<\/strong>, nominata dal Presidente della Fondazione AiFOS, unitamente al Centro di Formazione Aifos Aurea Professional ed alla famiglia Parelli, composta da membri esperti e coadiuvata dalla segreteria tecnica della Fondazione stessa.<\/p>\n<p>&nbsp;<\/p>\n<p>La Commissione, a suo insindacabile giudizio, selezioner\u00e0 5 lavori\u00a0da premiare.<\/p>\n<p>&nbsp;<\/p>\n<p>I 5 lavori selezionati avranno diritto, a titolo di <strong>premio<\/strong>, a:<\/p>\n<ul>\n<li>riconoscimento economico di \u20ac 500,00, da suddividere in caso di pi\u00f9 autori;<\/li>\n<li>pubblicazione del lavoro sul sito\u00a0<a href=\"https:\/\/fondazioneaifos.org\/memorial-lorenzo-parelli\/www.fondazioneaifos.org\">www.fondazioneaifos.org<\/a>;<\/li>\n<li>attestato di partecipazione al Memorial;<\/li>\n<li>abbonamento ai singoli studenti ed alla scuola di appartenenza della rivista on-line \u201cQuaderni della Sicurezza\u201d, la rivista scientifica AiFOS.<\/li>\n<\/ul>\n<p>&nbsp;<\/p>\n<p>La premiazione avverr\u00e0 nel mese di gennaio 2025 in occasione del terzo <strong>anniversario<\/strong> della tragica morte di Lorenzo Parelli, in data ancora da definirsi.<\/p>\n<p>&nbsp;<\/p>\n<p><strong>La proroga per la partecipazione al Memorial Lorenzo Parelli <\/strong><\/p>\n<p>Sono stati recentemente prorogati i termini di invio dei materiali per <strong>partecipare alla selezione.<\/strong><\/p>\n<p>&nbsp;<\/p>\n<p>Ora la <strong>domanda di partecipazione<\/strong>, allegando la documentazione richiesta, dovr\u00e0 essere compilata e inviata entro la data del <strong>15 novembre 2024<\/strong>.<\/p>\n<p>&nbsp;<\/p>\n<p>Il link per poter scaricare il bando e la domanda di partecipazione alla selezione:<\/p>\n<p><a href=\"https:\/\/fondazioneaifos.org\/memorial-lorenzo-parelli\/\">https:\/\/fondazioneaifos.org\/memorial-lorenzo-parelli\/<\/a><\/p>\n<p>&nbsp;<\/p>\n<p>Questo memorial e questo concorso di idee rappresentano un&#8217;opportunit\u00e0 per riflettere sul valore della vita e della sicurezza sul lavoro. Come ricorda anche la famiglia di Lorenzo: &#8220;<em> Lui vi direbbe: abbiate cura della vita, perch\u00e9 \u00e8 sacra e dobbiamo onorarla. La sicurezza non ha colore n\u00e9 bandiera, \u00e8 di tutti, \u00e8 una responsabilit\u00e0 collettiva di ognuno di noi<\/em> &#8220;.<\/p>\n<p>&nbsp;<\/p>\n<p><strong>Per avere informazioni<\/strong>: Fondazione AiFOS c\/o CSMT, Universit\u00e0 degli Studi di Brescia, via Branze, 45 \u2013 25123 Brescia Tel. 030.6595037 Fax 030.6595040 <a href=\"mailto:info@fondazioneaifos.org\">info@fondazioneaifos.org<\/a><\/p>\n<p>&nbsp;<\/p>\n<p><em>03 ottobre 2024<\/em><\/p>\n<p>&nbsp;<\/p>\n<p>Ufficio Stampa Fondazione AiFOS<\/p>\n<p>ufficiostampa@fondazioneaifos.org<\/p>\n<p>www.fondazioneaifos.org<\/p>\n","protected":false},"excerpt":{"rendered":"<p>Comunicato Stampa Il Memorial Lorenzo Parelli e la sicurezza tra scuola e impresa \u00a0 Prorogati al 15 novembre 2024 i termini per l\u2019invio dei progetti di sensibilizzazione della cultura della sicurezza negli ambienti scolastici e nei percorsi per le competenze trasversali e l\u2019orientamento. &nbsp; Il Presidente della Repubblica Sergio Mattarella ha sottolineato, alla vigilia del 1\u00b0 maggio 2023, come \u201cil valore del lavoro, per i giovani, e per chiunque\u201d, non<\/p>\n<p><a class=\"continue-reading\" href=\"https:\/\/www.article-marketing.eu\/comunicatistampa\/il-memorial-lorenzo-parelli-e-la-sicurezza-tra-scuola-e-impresa\/\">Continue reading&#8230;<\/a><\/p>\n","protected":false},"author":881,"featured_media":0,"comment_status":"open","ping_status":"open","sticky":false,"template":"","format":"standard","meta":{"_monsterinsights_skip_tracking":false,"_monsterinsights_sitenote_active":false,"_monsterinsights_sitenote_note":"","_monsterinsights_sitenote_category":0,"footnotes":""},"categories":[78,392],"tags":[11203,11042,3301,11046,3235,11047,11045,3609,11041,11040,11044,857,11043,627],"class_list":["post-31448","post","type-post","status-publish","format-standard","hentry","category-comunicati-stampa","category-eventi","tag-15-novembre-2024","tag-21-gennaio-2022","tag-aifos","tag-alternanza-scuola-lavoro","tag-brescia","tag-centro-di-formazione-aifos-aurea-professional","tag-cpto","tag-fondazione-aifos","tag-lorenzo-parelli","tag-memorial-lorenzo-parelli","tag-percorsi-per-le-competenze-trasversali-e-lorientamento","tag-premio","tag-sergio-mattarella","tag-stage"],"yoast_head":"<!-- This site is optimized with the Yoast SEO plugin v27.3 - https:\/\/yoast.com\/product\/yoast-seo-wordpress\/ -->\n<title>Il Memorial Lorenzo Parelli e la sicurezza tra scuola e impresa - Article Marketing<\/title>\n<meta name=\"robots\" content=\"index, follow, max-snippet:-1, max-image-preview:large, max-video-preview:-1\" \/>\n<link rel=\"canonical\" href=\"https:\/\/www.article-marketing.eu\/comunicatistampa\/il-memorial-lorenzo-parelli-e-la-sicurezza-tra-scuola-e-impresa\/\" \/>\n<meta property=\"og:locale\" content=\"it_IT\" \/>\n<meta property=\"og:type\" content=\"article\" \/>\n<meta property=\"og:title\" content=\"Il Memorial Lorenzo Parelli e la sicurezza tra scuola e impresa - Article Marketing\" \/>\n<meta property=\"og:description\" content=\"Comunicato Stampa Il Memorial Lorenzo Parelli e la sicurezza tra scuola e impresa \u00a0 Prorogati al 15 novembre 2024 i termini per l\u2019invio dei progetti di sensibilizzazione della cultura della sicurezza negli ambienti scolastici e nei percorsi per le competenze trasversali e l\u2019orientamento. &nbsp; Il Presidente della Repubblica Sergio Mattarella ha sottolineato, alla vigilia del 1\u00b0 maggio 2023, come \u201cil valore del lavoro, per i giovani, e per chiunque\u201d, nonContinue reading...\" \/>\n<meta property=\"og:url\" content=\"https:\/\/www.article-marketing.eu\/comunicatistampa\/il-memorial-lorenzo-parelli-e-la-sicurezza-tra-scuola-e-impresa\/\" \/>\n<meta property=\"og:site_name\" content=\"Article Marketing\" \/>\n<meta property=\"article:published_time\" content=\"2025-01-10T10:48:06+00:00\" \/>\n<meta name=\"author\" content=\"AIFUS\" \/>\n<meta name=\"twitter:card\" content=\"summary_large_image\" \/>\n<meta name=\"twitter:label1\" content=\"Scritto da\" \/>\n\t<meta name=\"twitter:data1\" content=\"AIFUS\" \/>\n\t<meta name=\"twitter:label2\" content=\"Tempo di lettura stimato\" \/>\n\t<meta name=\"twitter:data2\" content=\"4 minuti\" \/>\n<script type=\"application\/ld+json\" class=\"yoast-schema-graph\">{\"@context\":\"https:\\\/\\\/schema.org\",\"@graph\":[{\"@type\":\"Article\",\"@id\":\"https:\\\/\\\/www.article-marketing.eu\\\/comunicatistampa\\\/il-memorial-lorenzo-parelli-e-la-sicurezza-tra-scuola-e-impresa\\\/#article\",\"isPartOf\":{\"@id\":\"https:\\\/\\\/www.article-marketing.eu\\\/comunicatistampa\\\/il-memorial-lorenzo-parelli-e-la-sicurezza-tra-scuola-e-impresa\\\/\"},\"author\":{\"name\":\"AIFUS\",\"@id\":\"https:\\\/\\\/www.article-marketing.eu\\\/comunicatistampa\\\/#\\\/schema\\\/person\\\/d1985c4955ff71a05f49d68e3034b3cd\"},\"headline\":\"Il Memorial Lorenzo Parelli e la sicurezza tra scuola e impresa\",\"datePublished\":\"2025-01-10T10:48:06+00:00\",\"mainEntityOfPage\":{\"@id\":\"https:\\\/\\\/www.article-marketing.eu\\\/comunicatistampa\\\/il-memorial-lorenzo-parelli-e-la-sicurezza-tra-scuola-e-impresa\\\/\"},\"wordCount\":674,\"commentCount\":0,\"keywords\":[\"15 novembre 2024\",\"21 gennaio 2022\",\"Aifos\",\"alternanza scuola lavoro\",\"Brescia\",\"Centro di Formazione AiFOS AUREA Professional\",\"CPTO\",\"Fondazione AiFOS\",\"Lorenzo Parelli\",\"Memorial Lorenzo Parelli\",\"percorsi per le competenze trasversali e l\u2019orientamento\",\"Premio\",\"Sergio Mattarella\",\"stage\"],\"articleSection\":[\"Comunicati stampa\",\"Eventi\"],\"inLanguage\":\"it-IT\",\"potentialAction\":[{\"@type\":\"CommentAction\",\"name\":\"Comment\",\"target\":[\"https:\\\/\\\/www.article-marketing.eu\\\/comunicatistampa\\\/il-memorial-lorenzo-parelli-e-la-sicurezza-tra-scuola-e-impresa\\\/#respond\"]}]},{\"@type\":\"WebPage\",\"@id\":\"https:\\\/\\\/www.article-marketing.eu\\\/comunicatistampa\\\/il-memorial-lorenzo-parelli-e-la-sicurezza-tra-scuola-e-impresa\\\/\",\"url\":\"https:\\\/\\\/www.article-marketing.eu\\\/comunicatistampa\\\/il-memorial-lorenzo-parelli-e-la-sicurezza-tra-scuola-e-impresa\\\/\",\"name\":\"Il Memorial Lorenzo Parelli e la sicurezza tra scuola e impresa - Article Marketing\",\"isPartOf\":{\"@id\":\"https:\\\/\\\/www.article-marketing.eu\\\/comunicatistampa\\\/#website\"},\"datePublished\":\"2025-01-10T10:48:06+00:00\",\"author\":{\"@id\":\"https:\\\/\\\/www.article-marketing.eu\\\/comunicatistampa\\\/#\\\/schema\\\/person\\\/d1985c4955ff71a05f49d68e3034b3cd\"},\"breadcrumb\":{\"@id\":\"https:\\\/\\\/www.article-marketing.eu\\\/comunicatistampa\\\/il-memorial-lorenzo-parelli-e-la-sicurezza-tra-scuola-e-impresa\\\/#breadcrumb\"},\"inLanguage\":\"it-IT\",\"potentialAction\":[{\"@type\":\"ReadAction\",\"target\":[\"https:\\\/\\\/www.article-marketing.eu\\\/comunicatistampa\\\/il-memorial-lorenzo-parelli-e-la-sicurezza-tra-scuola-e-impresa\\\/\"]}]},{\"@type\":\"BreadcrumbList\",\"@id\":\"https:\\\/\\\/www.article-marketing.eu\\\/comunicatistampa\\\/il-memorial-lorenzo-parelli-e-la-sicurezza-tra-scuola-e-impresa\\\/#breadcrumb\",\"itemListElement\":[{\"@type\":\"ListItem\",\"position\":1,\"name\":\"Home\",\"item\":\"https:\\\/\\\/www.article-marketing.eu\\\/comunicatistampa\\\/\"},{\"@type\":\"ListItem\",\"position\":2,\"name\":\"Il Memorial Lorenzo Parelli e la sicurezza tra scuola e impresa\"}]},{\"@type\":\"WebSite\",\"@id\":\"https:\\\/\\\/www.article-marketing.eu\\\/comunicatistampa\\\/#website\",\"url\":\"https:\\\/\\\/www.article-marketing.eu\\\/comunicatistampa\\\/\",\"name\":\"Article Marketing\",\"description\":\"article marketing &amp; press release\",\"potentialAction\":[{\"@type\":\"SearchAction\",\"target\":{\"@type\":\"EntryPoint\",\"urlTemplate\":\"https:\\\/\\\/www.article-marketing.eu\\\/comunicatistampa\\\/?s={search_term_string}\"},\"query-input\":{\"@type\":\"PropertyValueSpecification\",\"valueRequired\":true,\"valueName\":\"search_term_string\"}}],\"inLanguage\":\"it-IT\"},{\"@type\":\"Person\",\"@id\":\"https:\\\/\\\/www.article-marketing.eu\\\/comunicatistampa\\\/#\\\/schema\\\/person\\\/d1985c4955ff71a05f49d68e3034b3cd\",\"name\":\"AIFUS\",\"image\":{\"@type\":\"ImageObject\",\"inLanguage\":\"it-IT\",\"@id\":\"https:\\\/\\\/secure.gravatar.com\\\/avatar\\\/05cf2a2ba057667571308b94c84f00ff48766ffac95710a87491a9b3ddcee484?s=96&d=mm&r=g\",\"url\":\"https:\\\/\\\/secure.gravatar.com\\\/avatar\\\/05cf2a2ba057667571308b94c84f00ff48766ffac95710a87491a9b3ddcee484?s=96&d=mm&r=g\",\"contentUrl\":\"https:\\\/\\\/secure.gravatar.com\\\/avatar\\\/05cf2a2ba057667571308b94c84f00ff48766ffac95710a87491a9b3ddcee484?s=96&d=mm&r=g\",\"caption\":\"AIFUS\"},\"url\":\"https:\\\/\\\/www.article-marketing.eu\\\/comunicatistampa\\\/author\\\/aifus\\\/\"}]}<\/script>\n<!-- \/ Yoast SEO plugin. -->","yoast_head_json":{"title":"Il Memorial Lorenzo Parelli e la sicurezza tra scuola e impresa - Article Marketing","robots":{"index":"index","follow":"follow","max-snippet":"max-snippet:-1","max-image-preview":"max-image-preview:large","max-video-preview":"max-video-preview:-1"},"canonical":"https:\/\/www.article-marketing.eu\/comunicatistampa\/il-memorial-lorenzo-parelli-e-la-sicurezza-tra-scuola-e-impresa\/","og_locale":"it_IT","og_type":"article","og_title":"Il Memorial Lorenzo Parelli e la sicurezza tra scuola e impresa - Article Marketing","og_description":"Comunicato Stampa Il Memorial Lorenzo Parelli e la sicurezza tra scuola e impresa \u00a0 Prorogati al 15 novembre 2024 i termini per l\u2019invio dei progetti di sensibilizzazione della cultura della sicurezza negli ambienti scolastici e nei percorsi per le competenze trasversali e l\u2019orientamento. &nbsp; Il Presidente della Repubblica Sergio Mattarella ha sottolineato, alla vigilia del 1\u00b0 maggio 2023, come \u201cil valore del lavoro, per i giovani, e per chiunque\u201d, nonContinue reading...","og_url":"https:\/\/www.article-marketing.eu\/comunicatistampa\/il-memorial-lorenzo-parelli-e-la-sicurezza-tra-scuola-e-impresa\/","og_site_name":"Article Marketing","article_published_time":"2025-01-10T10:48:06+00:00","author":"AIFUS","twitter_card":"summary_large_image","twitter_misc":{"Scritto da":"AIFUS","Tempo di lettura stimato":"4 minuti"},"schema":{"@context":"https:\/\/schema.org","@graph":[{"@type":"Article","@id":"https:\/\/www.article-marketing.eu\/comunicatistampa\/il-memorial-lorenzo-parelli-e-la-sicurezza-tra-scuola-e-impresa\/#article","isPartOf":{"@id":"https:\/\/www.article-marketing.eu\/comunicatistampa\/il-memorial-lorenzo-parelli-e-la-sicurezza-tra-scuola-e-impresa\/"},"author":{"name":"AIFUS","@id":"https:\/\/www.article-marketing.eu\/comunicatistampa\/#\/schema\/person\/d1985c4955ff71a05f49d68e3034b3cd"},"headline":"Il Memorial Lorenzo Parelli e la sicurezza tra scuola e impresa","datePublished":"2025-01-10T10:48:06+00:00","mainEntityOfPage":{"@id":"https:\/\/www.article-marketing.eu\/comunicatistampa\/il-memorial-lorenzo-parelli-e-la-sicurezza-tra-scuola-e-impresa\/"},"wordCount":674,"commentCount":0,"keywords":["15 novembre 2024","21 gennaio 2022","Aifos","alternanza scuola lavoro","Brescia","Centro di Formazione AiFOS AUREA Professional","CPTO","Fondazione AiFOS","Lorenzo Parelli","Memorial Lorenzo Parelli","percorsi per le competenze trasversali e l\u2019orientamento","Premio","Sergio Mattarella","stage"],"articleSection":["Comunicati stampa","Eventi"],"inLanguage":"it-IT","potentialAction":[{"@type":"CommentAction","name":"Comment","target":["https:\/\/www.article-marketing.eu\/comunicatistampa\/il-memorial-lorenzo-parelli-e-la-sicurezza-tra-scuola-e-impresa\/#respond"]}]},{"@type":"WebPage","@id":"https:\/\/www.article-marketing.eu\/comunicatistampa\/il-memorial-lorenzo-parelli-e-la-sicurezza-tra-scuola-e-impresa\/","url":"https:\/\/www.article-marketing.eu\/comunicatistampa\/il-memorial-lorenzo-parelli-e-la-sicurezza-tra-scuola-e-impresa\/","name":"Il Memorial Lorenzo Parelli e la sicurezza tra scuola e impresa - Article Marketing","isPartOf":{"@id":"https:\/\/www.article-marketing.eu\/comunicatistampa\/#website"},"datePublished":"2025-01-10T10:48:06+00:00","author":{"@id":"https:\/\/www.article-marketing.eu\/comunicatistampa\/#\/schema\/person\/d1985c4955ff71a05f49d68e3034b3cd"},"breadcrumb":{"@id":"https:\/\/www.article-marketing.eu\/comunicatistampa\/il-memorial-lorenzo-parelli-e-la-sicurezza-tra-scuola-e-impresa\/#breadcrumb"},"inLanguage":"it-IT","potentialAction":[{"@type":"ReadAction","target":["https:\/\/www.article-marketing.eu\/comunicatistampa\/il-memorial-lorenzo-parelli-e-la-sicurezza-tra-scuola-e-impresa\/"]}]},{"@type":"BreadcrumbList","@id":"https:\/\/www.article-marketing.eu\/comunicatistampa\/il-memorial-lorenzo-parelli-e-la-sicurezza-tra-scuola-e-impresa\/#breadcrumb","itemListElement":[{"@type":"ListItem","position":1,"name":"Home","item":"https:\/\/www.article-marketing.eu\/comunicatistampa\/"},{"@type":"ListItem","position":2,"name":"Il Memorial Lorenzo Parelli e la sicurezza tra scuola e impresa"}]},{"@type":"WebSite","@id":"https:\/\/www.article-marketing.eu\/comunicatistampa\/#website","url":"https:\/\/www.article-marketing.eu\/comunicatistampa\/","name":"Article Marketing","description":"article marketing &amp; press release","potentialAction":[{"@type":"SearchAction","target":{"@type":"EntryPoint","urlTemplate":"https:\/\/www.article-marketing.eu\/comunicatistampa\/?s={search_term_string}"},"query-input":{"@type":"PropertyValueSpecification","valueRequired":true,"valueName":"search_term_string"}}],"inLanguage":"it-IT"},{"@type":"Person","@id":"https:\/\/www.article-marketing.eu\/comunicatistampa\/#\/schema\/person\/d1985c4955ff71a05f49d68e3034b3cd","name":"AIFUS","image":{"@type":"ImageObject","inLanguage":"it-IT","@id":"https:\/\/secure.gravatar.com\/avatar\/05cf2a2ba057667571308b94c84f00ff48766ffac95710a87491a9b3ddcee484?s=96&d=mm&r=g","url":"https:\/\/secure.gravatar.com\/avatar\/05cf2a2ba057667571308b94c84f00ff48766ffac95710a87491a9b3ddcee484?s=96&d=mm&r=g","contentUrl":"https:\/\/secure.gravatar.com\/avatar\/05cf2a2ba057667571308b94c84f00ff48766ffac95710a87491a9b3ddcee484?s=96&d=mm&r=g","caption":"AIFUS"},"url":"https:\/\/www.article-marketing.eu\/comunicatistampa\/author\/aifus\/"}]}},"_links":{"self":[{"href":"https:\/\/www.article-marketing.eu\/comunicatistampa\/wp-json\/wp\/v2\/posts\/31448","targetHints":{"allow":["GET"]}}],"collection":[{"href":"https:\/\/www.article-marketing.eu\/comunicatistampa\/wp-json\/wp\/v2\/posts"}],"about":[{"href":"https:\/\/www.article-marketing.eu\/comunicatistampa\/wp-json\/wp\/v2\/types\/post"}],"author":[{"embeddable":true,"href":"https:\/\/www.article-marketing.eu\/comunicatistampa\/wp-json\/wp\/v2\/users\/881"}],"replies":[{"embeddable":true,"href":"https:\/\/www.article-marketing.eu\/comunicatistampa\/wp-json\/wp\/v2\/comments?post=31448"}],"version-history":[{"count":2,"href":"https:\/\/www.article-marketing.eu\/comunicatistampa\/wp-json\/wp\/v2\/posts\/31448\/revisions"}],"predecessor-version":[{"id":31869,"href":"https:\/\/www.article-marketing.eu\/comunicatistampa\/wp-json\/wp\/v2\/posts\/31448\/revisions\/31869"}],"wp:attachment":[{"href":"https:\/\/www.article-marketing.eu\/comunicatistampa\/wp-json\/wp\/v2\/media?parent=31448"}],"wp:term":[{"taxonomy":"category","embeddable":true,"href":"https:\/\/www.article-marketing.eu\/comunicatistampa\/wp-json\/wp\/v2\/categories?post=31448"},{"taxonomy":"post_tag","embeddable":true,"href":"https:\/\/www.article-marketing.eu\/comunicatistampa\/wp-json\/wp\/v2\/tags?post=31448"}],"curies":[{"name":"wp","href":"https:\/\/api.w.org\/{rel}","templated":true}]}}