{"id":31458,"date":"2025-01-10T11:49:09","date_gmt":"2025-01-10T10:49:09","guid":{"rendered":"https:\/\/www.article-marketing.eu\/comunicatistampa\/?p=31458"},"modified":"2025-01-10T11:49:09","modified_gmt":"2025-01-10T10:49:09","slug":"the-street-alessandro-benetton-il-valore-delloperazione-con-banca-ifis","status":"publish","type":"post","link":"https:\/\/www.article-marketing.eu\/comunicatistampa\/the-street-alessandro-benetton-il-valore-delloperazione-con-banca-ifis\/","title":{"rendered":"The Street, Alessandro Benetton: il valore dell\u2019operazione con Banca Ifis"},"content":{"rendered":"<p><em><strong><a title=\"Il 25% di The Street acquisito da Banca Ifis: l'analisi di Alessandro Benetton\" href=\"https:\/\/www.corriere.it\/economia\/finanza\/24_settembre_19\/banca-ifis-partner-di-alessandro-benetton-compra-il-25-di-the-street-47bae385-322a-4eba-a960-fcf734320xlk.shtml\">Alessandro Benetton<\/a>: \u201cQuesta nuova sinergia, frutto della comune passione per l&#8217;arte, rafforzer\u00e0 la nostra ambizione di avvicinare i giovani e il mondo dell&#8217;impresa alla bellezza e alla cultura e ci permetter\u00e0 di aiutare tanti giovani artisti ad esprimersi e ad emergere\u201d.<\/strong><\/em><\/p>\n<p><strong>\u00a0<a title=\"Le parole di Alessandro Benetton, fondatore di The Street, sull'operazione\" href=\"https:\/\/www.corriere.it\/economia\/finanza\/24_settembre_19\/banca-ifis-partner-di-alessandro-benetton-compra-il-25-di-the-street-47bae385-322a-4eba-a960-fcf734320xlk.shtml\"><img loading=\"lazy\" decoding=\"async\" src=\"https:\/\/www.economiaoggi.it\/wp-content\/uploads\/1970\/01\/alessandro_benetton.jpg\" alt=\"Alessandro Benetton\" width=\"225\" height=\"150\" \/><\/a><\/strong><\/p>\n<h2>The Street: Banca Ifis ne acquisisce il 25%, il commento di Alessandro Benetton<\/h2>\n<p>Per <strong>Alessandro Benetton<\/strong> \u00e8 motivo di soddisfazione l\u2019ingresso di Banca Ifis in The Street, societ\u00e0 che cura la gestione dell\u2019hub culturale del Treviso Arts District (TAD). Nei giorni scorsi \u00e8 stato annunciato infatti che il Gruppo attivo nello specialty finance e quotato su Euronext STAR Milan ha rilevato una quota pari al 25% del capitale sociale di The Street che, ad oggi, controlla la maggioranza di 21Gallery, Il Cantiere, Ristorante Vite e il brand di design Ondesign: un\u2019operazione attraverso cui si punta a rafforzare il sostegno alle attivit\u00e0 culturali e di impatto sociale sul territorio e in particolare nell\u2019area del Nordest d\u2019Italia dove ha sede l\u2019Istituto bancario. \u00c8 quanto ha rimarcato anche <strong>Alessandro Benetton<\/strong> ringraziando Ernesto F\u00fcrstenberg Fassio, Presidente di Banca Ifis, \u201c<em>per la stima con cui ha guardato il mio intento di aiutare i giovani imprenditori meritevoli del territorio coinvolgendosi sin dall\u2019inizio nelle iniziative di inclusione promosse dalla galleria<\/em>\u201d.<\/p>\n<h2>Alessandro Benetton: il valore dell\u2019operazione nelle parole del fondatore di The Street<\/h2>\n<p>Era il 2020 quando <strong><a title=\"Alessandro Benetton: il 25% di The Street acquisito da Banca Ifis\" href=\"https:\/\/www.corriere.it\/economia\/finanza\/24_settembre_19\/banca-ifis-partner-di-alessandro-benetton-compra-il-25-di-the-street-47bae385-322a-4eba-a960-fcf734320xlk.shtml\">Alessandro Benetton<\/a><\/strong>, insieme a Mauro Benetton e a Davide Vanin, ha dato vita a The Street proponendosi di guidare lo sviluppo culturale e industriale del Treviso Arts District, oggi polo industriale orientato al design, alla ristorazione d\u2019eccellenza e alla fruizione culturale. Tra i progetti pi\u00f9 rilevanti portati avanti da The Street c&#8217;\u00e8 anche 21Gallery, spazio da 500 metri quadri concepito per valorizzare i pi\u00f9 giovani e promettenti talenti nel campo delle arti visive: l\u2019ampio programma di attivit\u00e0 sociali promosse in questi anni ha portato l\u2019arte e la cultura a diventare strumenti di inclusione e di recupero sociale, come attesta anche l\u2019operazione portata avanti sui giardini di Sant\u2019Andrea a Treviso: il modello adottato da The Street sul Treviso Arts District (TAD) sar\u00e0 replicato in altre aree del territorio del Nordest. In questo percorso si inserisce oggi la collaborazione con Banca Ifis: \u201c<em>Questa nuova sinergia, frutto della comune passione per l\u2019arte, rafforzer\u00e0 la nostra ambizione di avvicinare i giovani e il mondo dell\u2019impresa alla bellezza e alla cultura e ci permetter\u00e0 di aiutare tanti giovani artisti ad esprimersi e ad emergere<\/em>\u201d, ha sottolineato in merito <strong>Alessandro Benetton<\/strong>.<\/p>\n","protected":false},"excerpt":{"rendered":"<p>Alessandro Benetton: \u201cQuesta nuova sinergia, frutto della comune passione per l&#8217;arte, rafforzer\u00e0 la nostra ambizione di avvicinare i giovani e il mondo dell&#8217;impresa alla bellezza e alla cultura e ci permetter\u00e0 di aiutare tanti giovani artisti ad esprimersi e ad emergere\u201d. \u00a0 The Street: Banca Ifis ne acquisisce il 25%, il commento di Alessandro Benetton Per Alessandro Benetton \u00e8 motivo di soddisfazione l\u2019ingresso di Banca Ifis in The Street, societ\u00e0<\/p>\n<p><a class=\"continue-reading\" href=\"https:\/\/www.article-marketing.eu\/comunicatistampa\/the-street-alessandro-benetton-il-valore-delloperazione-con-banca-ifis\/\">Continue reading&#8230;<\/a><\/p>\n","protected":false},"author":7191,"featured_media":0,"comment_status":"open","ping_status":"open","sticky":false,"template":"","format":"standard","meta":{"_monsterinsights_skip_tracking":false,"_monsterinsights_sitenote_active":false,"_monsterinsights_sitenote_note":"","_monsterinsights_sitenote_category":0,"footnotes":""},"categories":[386],"tags":[9630],"class_list":["post-31458","post","type-post","status-publish","format-standard","hentry","category-economia-e-lavoro","tag-alessandro-benetton"],"yoast_head":"<!-- This site is optimized with the Yoast SEO plugin v27.3 - https:\/\/yoast.com\/product\/yoast-seo-wordpress\/ -->\n<title>The Street, Alessandro Benetton: il valore dell\u2019operazione con Banca Ifis<\/title>\n<meta name=\"description\" content=\"Banca Ifis al fianco di The Street nelle attivit\u00e0 culturali e di impatto sociale nel territorio: la soddisfazione di Alessandro Benetton\" \/>\n<meta name=\"robots\" content=\"index, follow, max-snippet:-1, max-image-preview:large, max-video-preview:-1\" \/>\n<link rel=\"canonical\" href=\"https:\/\/www.article-marketing.eu\/comunicatistampa\/the-street-alessandro-benetton-il-valore-delloperazione-con-banca-ifis\/\" \/>\n<meta property=\"og:locale\" content=\"it_IT\" \/>\n<meta property=\"og:type\" content=\"article\" \/>\n<meta property=\"og:title\" content=\"The Street, Alessandro Benetton: il valore dell\u2019operazione con Banca Ifis\" \/>\n<meta property=\"og:description\" content=\"Banca Ifis al fianco di The Street nelle attivit\u00e0 culturali e di impatto sociale nel territorio: la soddisfazione di Alessandro Benetton\" \/>\n<meta property=\"og:url\" content=\"https:\/\/www.article-marketing.eu\/comunicatistampa\/the-street-alessandro-benetton-il-valore-delloperazione-con-banca-ifis\/\" \/>\n<meta property=\"og:site_name\" content=\"Article Marketing\" \/>\n<meta property=\"article:published_time\" content=\"2025-01-10T10:49:09+00:00\" \/>\n<meta property=\"og:image\" content=\"https:\/\/www.economiaoggi.it\/wp-content\/uploads\/1970\/01\/alessandro_benetton.jpg\" \/>\n<meta name=\"author\" content=\"agencyabweb\" \/>\n<meta name=\"twitter:card\" content=\"summary_large_image\" \/>\n<meta name=\"twitter:label1\" content=\"Scritto da\" \/>\n\t<meta name=\"twitter:data1\" content=\"agencyabweb\" \/>\n\t<meta name=\"twitter:label2\" content=\"Tempo di lettura stimato\" \/>\n\t<meta name=\"twitter:data2\" content=\"3 minuti\" \/>\n<script type=\"application\/ld+json\" class=\"yoast-schema-graph\">{\"@context\":\"https:\\\/\\\/schema.org\",\"@graph\":[{\"@type\":\"Article\",\"@id\":\"https:\\\/\\\/www.article-marketing.eu\\\/comunicatistampa\\\/the-street-alessandro-benetton-il-valore-delloperazione-con-banca-ifis\\\/#article\",\"isPartOf\":{\"@id\":\"https:\\\/\\\/www.article-marketing.eu\\\/comunicatistampa\\\/the-street-alessandro-benetton-il-valore-delloperazione-con-banca-ifis\\\/\"},\"author\":{\"name\":\"agencyabweb\",\"@id\":\"https:\\\/\\\/www.article-marketing.eu\\\/comunicatistampa\\\/#\\\/schema\\\/person\\\/387302ea07720c8cca9cb7cbc223fca4\"},\"headline\":\"The Street, Alessandro Benetton: il valore dell\u2019operazione con Banca Ifis\",\"datePublished\":\"2025-01-10T10:49:09+00:00\",\"mainEntityOfPage\":{\"@id\":\"https:\\\/\\\/www.article-marketing.eu\\\/comunicatistampa\\\/the-street-alessandro-benetton-il-valore-delloperazione-con-banca-ifis\\\/\"},\"wordCount\":425,\"commentCount\":0,\"image\":{\"@id\":\"https:\\\/\\\/www.article-marketing.eu\\\/comunicatistampa\\\/the-street-alessandro-benetton-il-valore-delloperazione-con-banca-ifis\\\/#primaryimage\"},\"thumbnailUrl\":\"https:\\\/\\\/www.economiaoggi.it\\\/wp-content\\\/uploads\\\/1970\\\/01\\\/alessandro_benetton.jpg\",\"keywords\":[\"Alessandro Benetton\"],\"articleSection\":[\"Economia e lavoro\"],\"inLanguage\":\"it-IT\",\"potentialAction\":[{\"@type\":\"CommentAction\",\"name\":\"Comment\",\"target\":[\"https:\\\/\\\/www.article-marketing.eu\\\/comunicatistampa\\\/the-street-alessandro-benetton-il-valore-delloperazione-con-banca-ifis\\\/#respond\"]}]},{\"@type\":\"WebPage\",\"@id\":\"https:\\\/\\\/www.article-marketing.eu\\\/comunicatistampa\\\/the-street-alessandro-benetton-il-valore-delloperazione-con-banca-ifis\\\/\",\"url\":\"https:\\\/\\\/www.article-marketing.eu\\\/comunicatistampa\\\/the-street-alessandro-benetton-il-valore-delloperazione-con-banca-ifis\\\/\",\"name\":\"The Street, Alessandro Benetton: il valore dell\u2019operazione con Banca Ifis\",\"isPartOf\":{\"@id\":\"https:\\\/\\\/www.article-marketing.eu\\\/comunicatistampa\\\/#website\"},\"primaryImageOfPage\":{\"@id\":\"https:\\\/\\\/www.article-marketing.eu\\\/comunicatistampa\\\/the-street-alessandro-benetton-il-valore-delloperazione-con-banca-ifis\\\/#primaryimage\"},\"image\":{\"@id\":\"https:\\\/\\\/www.article-marketing.eu\\\/comunicatistampa\\\/the-street-alessandro-benetton-il-valore-delloperazione-con-banca-ifis\\\/#primaryimage\"},\"thumbnailUrl\":\"https:\\\/\\\/www.economiaoggi.it\\\/wp-content\\\/uploads\\\/1970\\\/01\\\/alessandro_benetton.jpg\",\"datePublished\":\"2025-01-10T10:49:09+00:00\",\"author\":{\"@id\":\"https:\\\/\\\/www.article-marketing.eu\\\/comunicatistampa\\\/#\\\/schema\\\/person\\\/387302ea07720c8cca9cb7cbc223fca4\"},\"description\":\"Banca Ifis al fianco di The Street nelle attivit\u00e0 culturali e di impatto sociale nel territorio: la soddisfazione di Alessandro Benetton\",\"breadcrumb\":{\"@id\":\"https:\\\/\\\/www.article-marketing.eu\\\/comunicatistampa\\\/the-street-alessandro-benetton-il-valore-delloperazione-con-banca-ifis\\\/#breadcrumb\"},\"inLanguage\":\"it-IT\",\"potentialAction\":[{\"@type\":\"ReadAction\",\"target\":[\"https:\\\/\\\/www.article-marketing.eu\\\/comunicatistampa\\\/the-street-alessandro-benetton-il-valore-delloperazione-con-banca-ifis\\\/\"]}]},{\"@type\":\"ImageObject\",\"inLanguage\":\"it-IT\",\"@id\":\"https:\\\/\\\/www.article-marketing.eu\\\/comunicatistampa\\\/the-street-alessandro-benetton-il-valore-delloperazione-con-banca-ifis\\\/#primaryimage\",\"url\":\"https:\\\/\\\/www.economiaoggi.it\\\/wp-content\\\/uploads\\\/1970\\\/01\\\/alessandro_benetton.jpg\",\"contentUrl\":\"https:\\\/\\\/www.economiaoggi.it\\\/wp-content\\\/uploads\\\/1970\\\/01\\\/alessandro_benetton.jpg\"},{\"@type\":\"BreadcrumbList\",\"@id\":\"https:\\\/\\\/www.article-marketing.eu\\\/comunicatistampa\\\/the-street-alessandro-benetton-il-valore-delloperazione-con-banca-ifis\\\/#breadcrumb\",\"itemListElement\":[{\"@type\":\"ListItem\",\"position\":1,\"name\":\"Home\",\"item\":\"https:\\\/\\\/www.article-marketing.eu\\\/comunicatistampa\\\/\"},{\"@type\":\"ListItem\",\"position\":2,\"name\":\"The Street, Alessandro Benetton: il valore dell\u2019operazione con Banca Ifis\"}]},{\"@type\":\"WebSite\",\"@id\":\"https:\\\/\\\/www.article-marketing.eu\\\/comunicatistampa\\\/#website\",\"url\":\"https:\\\/\\\/www.article-marketing.eu\\\/comunicatistampa\\\/\",\"name\":\"Article Marketing\",\"description\":\"article marketing &amp; press release\",\"potentialAction\":[{\"@type\":\"SearchAction\",\"target\":{\"@type\":\"EntryPoint\",\"urlTemplate\":\"https:\\\/\\\/www.article-marketing.eu\\\/comunicatistampa\\\/?s={search_term_string}\"},\"query-input\":{\"@type\":\"PropertyValueSpecification\",\"valueRequired\":true,\"valueName\":\"search_term_string\"}}],\"inLanguage\":\"it-IT\"},{\"@type\":\"Person\",\"@id\":\"https:\\\/\\\/www.article-marketing.eu\\\/comunicatistampa\\\/#\\\/schema\\\/person\\\/387302ea07720c8cca9cb7cbc223fca4\",\"name\":\"agencyabweb\",\"image\":{\"@type\":\"ImageObject\",\"inLanguage\":\"it-IT\",\"@id\":\"https:\\\/\\\/secure.gravatar.com\\\/avatar\\\/c9b06452f87b0cd78054668e3d508288cb2761bcd8a9f8bb19bb1cfb5638006f?s=96&d=mm&r=g\",\"url\":\"https:\\\/\\\/secure.gravatar.com\\\/avatar\\\/c9b06452f87b0cd78054668e3d508288cb2761bcd8a9f8bb19bb1cfb5638006f?s=96&d=mm&r=g\",\"contentUrl\":\"https:\\\/\\\/secure.gravatar.com\\\/avatar\\\/c9b06452f87b0cd78054668e3d508288cb2761bcd8a9f8bb19bb1cfb5638006f?s=96&d=mm&r=g\",\"caption\":\"agencyabweb\"},\"url\":\"https:\\\/\\\/www.article-marketing.eu\\\/comunicatistampa\\\/author\\\/agencyabweb\\\/\"}]}<\/script>\n<!-- \/ Yoast SEO plugin. -->","yoast_head_json":{"title":"The Street, Alessandro Benetton: il valore dell\u2019operazione con Banca Ifis","description":"Banca Ifis al fianco di The Street nelle attivit\u00e0 culturali e di impatto sociale nel territorio: la soddisfazione di Alessandro Benetton","robots":{"index":"index","follow":"follow","max-snippet":"max-snippet:-1","max-image-preview":"max-image-preview:large","max-video-preview":"max-video-preview:-1"},"canonical":"https:\/\/www.article-marketing.eu\/comunicatistampa\/the-street-alessandro-benetton-il-valore-delloperazione-con-banca-ifis\/","og_locale":"it_IT","og_type":"article","og_title":"The Street, Alessandro Benetton: il valore dell\u2019operazione con Banca Ifis","og_description":"Banca Ifis al fianco di The Street nelle attivit\u00e0 culturali e di impatto sociale nel territorio: la soddisfazione di Alessandro Benetton","og_url":"https:\/\/www.article-marketing.eu\/comunicatistampa\/the-street-alessandro-benetton-il-valore-delloperazione-con-banca-ifis\/","og_site_name":"Article Marketing","article_published_time":"2025-01-10T10:49:09+00:00","og_image":[{"url":"https:\/\/www.economiaoggi.it\/wp-content\/uploads\/1970\/01\/alessandro_benetton.jpg","type":"","width":"","height":""}],"author":"agencyabweb","twitter_card":"summary_large_image","twitter_misc":{"Scritto da":"agencyabweb","Tempo di lettura stimato":"3 minuti"},"schema":{"@context":"https:\/\/schema.org","@graph":[{"@type":"Article","@id":"https:\/\/www.article-marketing.eu\/comunicatistampa\/the-street-alessandro-benetton-il-valore-delloperazione-con-banca-ifis\/#article","isPartOf":{"@id":"https:\/\/www.article-marketing.eu\/comunicatistampa\/the-street-alessandro-benetton-il-valore-delloperazione-con-banca-ifis\/"},"author":{"name":"agencyabweb","@id":"https:\/\/www.article-marketing.eu\/comunicatistampa\/#\/schema\/person\/387302ea07720c8cca9cb7cbc223fca4"},"headline":"The Street, Alessandro Benetton: il valore dell\u2019operazione con Banca Ifis","datePublished":"2025-01-10T10:49:09+00:00","mainEntityOfPage":{"@id":"https:\/\/www.article-marketing.eu\/comunicatistampa\/the-street-alessandro-benetton-il-valore-delloperazione-con-banca-ifis\/"},"wordCount":425,"commentCount":0,"image":{"@id":"https:\/\/www.article-marketing.eu\/comunicatistampa\/the-street-alessandro-benetton-il-valore-delloperazione-con-banca-ifis\/#primaryimage"},"thumbnailUrl":"https:\/\/www.economiaoggi.it\/wp-content\/uploads\/1970\/01\/alessandro_benetton.jpg","keywords":["Alessandro Benetton"],"articleSection":["Economia e lavoro"],"inLanguage":"it-IT","potentialAction":[{"@type":"CommentAction","name":"Comment","target":["https:\/\/www.article-marketing.eu\/comunicatistampa\/the-street-alessandro-benetton-il-valore-delloperazione-con-banca-ifis\/#respond"]}]},{"@type":"WebPage","@id":"https:\/\/www.article-marketing.eu\/comunicatistampa\/the-street-alessandro-benetton-il-valore-delloperazione-con-banca-ifis\/","url":"https:\/\/www.article-marketing.eu\/comunicatistampa\/the-street-alessandro-benetton-il-valore-delloperazione-con-banca-ifis\/","name":"The Street, Alessandro Benetton: il valore dell\u2019operazione con Banca Ifis","isPartOf":{"@id":"https:\/\/www.article-marketing.eu\/comunicatistampa\/#website"},"primaryImageOfPage":{"@id":"https:\/\/www.article-marketing.eu\/comunicatistampa\/the-street-alessandro-benetton-il-valore-delloperazione-con-banca-ifis\/#primaryimage"},"image":{"@id":"https:\/\/www.article-marketing.eu\/comunicatistampa\/the-street-alessandro-benetton-il-valore-delloperazione-con-banca-ifis\/#primaryimage"},"thumbnailUrl":"https:\/\/www.economiaoggi.it\/wp-content\/uploads\/1970\/01\/alessandro_benetton.jpg","datePublished":"2025-01-10T10:49:09+00:00","author":{"@id":"https:\/\/www.article-marketing.eu\/comunicatistampa\/#\/schema\/person\/387302ea07720c8cca9cb7cbc223fca4"},"description":"Banca Ifis al fianco di The Street nelle attivit\u00e0 culturali e di impatto sociale nel territorio: la soddisfazione di Alessandro Benetton","breadcrumb":{"@id":"https:\/\/www.article-marketing.eu\/comunicatistampa\/the-street-alessandro-benetton-il-valore-delloperazione-con-banca-ifis\/#breadcrumb"},"inLanguage":"it-IT","potentialAction":[{"@type":"ReadAction","target":["https:\/\/www.article-marketing.eu\/comunicatistampa\/the-street-alessandro-benetton-il-valore-delloperazione-con-banca-ifis\/"]}]},{"@type":"ImageObject","inLanguage":"it-IT","@id":"https:\/\/www.article-marketing.eu\/comunicatistampa\/the-street-alessandro-benetton-il-valore-delloperazione-con-banca-ifis\/#primaryimage","url":"https:\/\/www.economiaoggi.it\/wp-content\/uploads\/1970\/01\/alessandro_benetton.jpg","contentUrl":"https:\/\/www.economiaoggi.it\/wp-content\/uploads\/1970\/01\/alessandro_benetton.jpg"},{"@type":"BreadcrumbList","@id":"https:\/\/www.article-marketing.eu\/comunicatistampa\/the-street-alessandro-benetton-il-valore-delloperazione-con-banca-ifis\/#breadcrumb","itemListElement":[{"@type":"ListItem","position":1,"name":"Home","item":"https:\/\/www.article-marketing.eu\/comunicatistampa\/"},{"@type":"ListItem","position":2,"name":"The Street, Alessandro Benetton: il valore dell\u2019operazione con Banca Ifis"}]},{"@type":"WebSite","@id":"https:\/\/www.article-marketing.eu\/comunicatistampa\/#website","url":"https:\/\/www.article-marketing.eu\/comunicatistampa\/","name":"Article Marketing","description":"article marketing &amp; press release","potentialAction":[{"@type":"SearchAction","target":{"@type":"EntryPoint","urlTemplate":"https:\/\/www.article-marketing.eu\/comunicatistampa\/?s={search_term_string}"},"query-input":{"@type":"PropertyValueSpecification","valueRequired":true,"valueName":"search_term_string"}}],"inLanguage":"it-IT"},{"@type":"Person","@id":"https:\/\/www.article-marketing.eu\/comunicatistampa\/#\/schema\/person\/387302ea07720c8cca9cb7cbc223fca4","name":"agencyabweb","image":{"@type":"ImageObject","inLanguage":"it-IT","@id":"https:\/\/secure.gravatar.com\/avatar\/c9b06452f87b0cd78054668e3d508288cb2761bcd8a9f8bb19bb1cfb5638006f?s=96&d=mm&r=g","url":"https:\/\/secure.gravatar.com\/avatar\/c9b06452f87b0cd78054668e3d508288cb2761bcd8a9f8bb19bb1cfb5638006f?s=96&d=mm&r=g","contentUrl":"https:\/\/secure.gravatar.com\/avatar\/c9b06452f87b0cd78054668e3d508288cb2761bcd8a9f8bb19bb1cfb5638006f?s=96&d=mm&r=g","caption":"agencyabweb"},"url":"https:\/\/www.article-marketing.eu\/comunicatistampa\/author\/agencyabweb\/"}]}},"_links":{"self":[{"href":"https:\/\/www.article-marketing.eu\/comunicatistampa\/wp-json\/wp\/v2\/posts\/31458","targetHints":{"allow":["GET"]}}],"collection":[{"href":"https:\/\/www.article-marketing.eu\/comunicatistampa\/wp-json\/wp\/v2\/posts"}],"about":[{"href":"https:\/\/www.article-marketing.eu\/comunicatistampa\/wp-json\/wp\/v2\/types\/post"}],"author":[{"embeddable":true,"href":"https:\/\/www.article-marketing.eu\/comunicatistampa\/wp-json\/wp\/v2\/users\/7191"}],"replies":[{"embeddable":true,"href":"https:\/\/www.article-marketing.eu\/comunicatistampa\/wp-json\/wp\/v2\/comments?post=31458"}],"version-history":[{"count":2,"href":"https:\/\/www.article-marketing.eu\/comunicatistampa\/wp-json\/wp\/v2\/posts\/31458\/revisions"}],"predecessor-version":[{"id":31873,"href":"https:\/\/www.article-marketing.eu\/comunicatistampa\/wp-json\/wp\/v2\/posts\/31458\/revisions\/31873"}],"wp:attachment":[{"href":"https:\/\/www.article-marketing.eu\/comunicatistampa\/wp-json\/wp\/v2\/media?parent=31458"}],"wp:term":[{"taxonomy":"category","embeddable":true,"href":"https:\/\/www.article-marketing.eu\/comunicatistampa\/wp-json\/wp\/v2\/categories?post=31458"},{"taxonomy":"post_tag","embeddable":true,"href":"https:\/\/www.article-marketing.eu\/comunicatistampa\/wp-json\/wp\/v2\/tags?post=31458"}],"curies":[{"name":"wp","href":"https:\/\/api.w.org\/{rel}","templated":true}]}}