{"id":31497,"date":"2025-01-10T11:52:18","date_gmt":"2025-01-10T10:52:18","guid":{"rendered":"https:\/\/www.article-marketing.eu\/comunicatistampa\/?p=31497"},"modified":"2025-01-10T11:52:18","modified_gmt":"2025-01-10T10:52:18","slug":"snam-allitalian-energy-summit-la-video-intervista-allad-stefano-venier","status":"publish","type":"post","link":"https:\/\/www.article-marketing.eu\/comunicatistampa\/snam-allitalian-energy-summit-la-video-intervista-allad-stefano-venier\/","title":{"rendered":"Snam all\u2019Italian Energy Summit: la video-intervista all\u2019AD Stefano Venier"},"content":{"rendered":"<p><em><strong>L\u2019impegno di Snam nel garantire la sicurezza energetica e la vision sulla transizione green nell\u2019intervento dell&#8217;AD <a title=\"Notizie su Stefano Venier, AD di Snam\" href=\"https:\/\/www.economiaoggi.it\/tag\/stefano-venier\/\">Stefano Venier<\/a> all\u2019Italian Energy Summit de \u201cIl Sole 24 Ore\u201d.<\/strong><\/em><\/p>\n<p><strong>\u00a0<a title=\"Stefano Venier, AD di Snam: leggi altre news\" href=\"https:\/\/www.economiaoggi.it\/tag\/stefano-venier\/\"><img loading=\"lazy\" decoding=\"async\" src=\"https:\/\/www.economiaoggi.it\/wp-content\/uploads\/2024\/05\/stefano-venier-festival-economia-trento-690x465.jpg\" alt=\"Stefano Venier\" width=\"223\" height=\"150\" \/><\/a><\/strong><\/p>\n<h2>Snam: il video-intervento dell\u2019AD Stefano Venier all\u2019Italian Energy Summit 2024<\/h2>\n<p>L\u2019AD di Snam <strong><a title=\"Approfondimenti e news su Stefano Venier\" href=\"https:\/\/www.economiaoggi.it\/tag\/stefano-venier\/\">Stefano Venier<\/a><\/strong> \u00e8 intervenuto nel corso dell\u2019Italian Energy Summit, l\u2019evento de \u201cIl Sole 24 Ore\u201d dedicato ai trend e alle sfide del mondo dell\u2019energia. Parlando di sicurezza energetica, l\u2019AD di Snam ha confermato che \u201c<em>siamo messi bene<\/em>\u201d anche grazie ai \u201c<em>programmi infrastrutturali eseguiti in maniera efficace<\/em>\u201d e alle azioni tempestive intraprese all\u2019indomani dell\u2019esplosione del conflitto in Ucraina. \u201c<em>Abbiamo sviluppato una \u2018security road map\u2019 che ci sta consentendo di lavorare al meglio: nei primi mesi del 2024 abbiamo trovato flussi da altri Paesi, come Stati Uniti, Qatar e soprattutto Algeria: questo pu\u00f2 e potr\u00e0 aiutare sia noi sia i Paesi confinanti al nostro. Non \u00e8 utopistico dire che siamo gi\u00e0 orientati verso il 2050<\/em>&#8220;, ha spiegato l\u2019AD <strong>Stefano Venier<\/strong> ricordando per\u00f2 che \u201c<em>diversificare, soprattutto ora che siamo in una situazione tranquilla, resta una cosa importante\u201d. <\/em>Per quanto le scelte effettuate dall\u2019Europa e per l\u2019Europa siano state corrette, il continente resta inevitabilmente esposto sul mercato del gas. Inoltre, come rimarcato dal manager, nel mondo la domanda di gas sta crescendo in maniera esponenziale: \u201c<em>Pensiamo all&#8217;Asia ad esempio, dove il mercato fa segnare un +14% di richieste<\/em>\u201d.<\/p>\n<h2>Snam, Stefano Venier: \u201cFra un paio di settimane presenteremo il nostro Transition Plan\u201d<\/h2>\n<p>\u201c<em>Servono investimenti, equilibrio e sviluppo<\/em>\u201d, ha ribadito l\u2019AD di Snam <strong>Stefano Venier<\/strong> nel corso dell\u2019Italian Energy Summit, aggiungendo che \u201c<em>le esigenze devono andare verso la transizione, ma anche viceversa, perch\u00e9 per fare tutto questo servono anche delle misure di sicurezza<\/em>\u201d. L\u2019obiettivo, ha proseguito il manager, \u00e8 di essere carbon neutral nel 2040 e poi completare tutta l&#8217;agenda di transizione nel 2050: \u201c<em>Vogliamo per\u00f2 dare delle tappe intermedie anche nei vari stati di avanzamento<\/em>\u201d. L\u2019AD di Snam ha poi evidenziato l\u2019importanza del 2027 e del 2030 in quanto \u201c<em>anni importanti per l&#8217;emissione di CO2 e metano: pensiamo di essere in linea con quanto ipotizzato<\/em>\u201d. Infine, concludento il suo video-intervento, <strong>Stefano Venier<\/strong> ha annunciato che \u201c<em>fra un paio di settimane presenteremo il nostro Transition Plan<\/em>\u201d: sar\u00e0 una tappa fondamentale nel percorso intrapreso da Snam per conseguire il Net Zero al 2050 in quanto \u201c<em>disegna e traduce la nostra visione in un programma di azioni e di risorse\u201d.<\/em> L\u2019impegno che Snam si assume con il piano \u00e8 di fornire \u201c<em>una rendicontazione puntuale di quel che vogliamo fare, di come lo vogliamo fare e del perch\u00e9 lo vogliamo fare, pronti ad aggiornare il documento per dare conto dei passi in avanti compiuti ma anche per adattarci a un contesto in rapido cambiamento<\/em>\u201d. Il riferimento dell\u2019AD di Snam \u00e8 ai rischi e alle opportunit\u00e0 che \u201c<em>in direzione dell&#8217;assetto multi-molecolare da noi perseguito vanno analizzati e valutati con attenzione<\/em>\u201d.<\/p>\n","protected":false},"excerpt":{"rendered":"<p>L\u2019impegno di Snam nel garantire la sicurezza energetica e la vision sulla transizione green nell\u2019intervento dell&#8217;AD Stefano Venier all\u2019Italian Energy Summit de \u201cIl Sole 24 Ore\u201d. \u00a0 Snam: il video-intervento dell\u2019AD Stefano Venier all\u2019Italian Energy Summit 2024 L\u2019AD di Snam Stefano Venier \u00e8 intervenuto nel corso dell\u2019Italian Energy Summit, l\u2019evento de \u201cIl Sole 24 Ore\u201d dedicato ai trend e alle sfide del mondo dell\u2019energia. Parlando di sicurezza energetica, l\u2019AD di<\/p>\n<p><a class=\"continue-reading\" href=\"https:\/\/www.article-marketing.eu\/comunicatistampa\/snam-allitalian-energy-summit-la-video-intervista-allad-stefano-venier\/\">Continue reading&#8230;<\/a><\/p>\n","protected":false},"author":6477,"featured_media":0,"comment_status":"open","ping_status":"open","sticky":false,"template":"","format":"standard","meta":{"_monsterinsights_skip_tracking":false,"_monsterinsights_sitenote_active":false,"_monsterinsights_sitenote_note":"","_monsterinsights_sitenote_category":0,"footnotes":""},"categories":[388],"tags":[10792],"class_list":["post-31497","post","type-post","status-publish","format-standard","hentry","category-aziende","tag-stefano-venier"],"yoast_head":"<!-- This site is optimized with the Yoast SEO plugin v27.3 - https:\/\/yoast.com\/product\/yoast-seo-wordpress\/ -->\n<title>Snam all\u2019Italian Energy Summit: la video-intervista all\u2019AD Stefano Venier - Article Marketing<\/title>\n<meta name=\"description\" content=\"\u201cFra un paio di settimane presenteremo il nostro transition plan\u201d, ha annunciato l\u2019AD di Snam Stefano Venier all\u2019Italian Energy Summit\" \/>\n<meta name=\"robots\" content=\"index, follow, max-snippet:-1, max-image-preview:large, max-video-preview:-1\" \/>\n<link rel=\"canonical\" href=\"https:\/\/www.article-marketing.eu\/comunicatistampa\/snam-allitalian-energy-summit-la-video-intervista-allad-stefano-venier\/\" \/>\n<meta property=\"og:locale\" content=\"it_IT\" \/>\n<meta property=\"og:type\" content=\"article\" \/>\n<meta property=\"og:title\" content=\"Snam all\u2019Italian Energy Summit: la video-intervista all\u2019AD Stefano Venier - Article Marketing\" \/>\n<meta property=\"og:description\" content=\"\u201cFra un paio di settimane presenteremo il nostro transition plan\u201d, ha annunciato l\u2019AD di Snam Stefano Venier all\u2019Italian Energy Summit\" \/>\n<meta property=\"og:url\" content=\"https:\/\/www.article-marketing.eu\/comunicatistampa\/snam-allitalian-energy-summit-la-video-intervista-allad-stefano-venier\/\" \/>\n<meta property=\"og:site_name\" content=\"Article Marketing\" \/>\n<meta property=\"article:published_time\" content=\"2025-01-10T10:52:18+00:00\" \/>\n<meta property=\"og:image\" content=\"https:\/\/www.economiaoggi.it\/wp-content\/uploads\/2024\/05\/stefano-venier-festival-economia-trento-690x465.jpg\" \/>\n<meta name=\"author\" content=\"articolinews\" \/>\n<meta name=\"twitter:card\" content=\"summary_large_image\" \/>\n<meta name=\"twitter:label1\" content=\"Scritto da\" \/>\n\t<meta name=\"twitter:data1\" content=\"articolinews\" \/>\n\t<meta name=\"twitter:label2\" content=\"Tempo di lettura stimato\" \/>\n\t<meta name=\"twitter:data2\" content=\"3 minuti\" \/>\n<script type=\"application\/ld+json\" class=\"yoast-schema-graph\">{\"@context\":\"https:\\\/\\\/schema.org\",\"@graph\":[{\"@type\":\"Article\",\"@id\":\"https:\\\/\\\/www.article-marketing.eu\\\/comunicatistampa\\\/snam-allitalian-energy-summit-la-video-intervista-allad-stefano-venier\\\/#article\",\"isPartOf\":{\"@id\":\"https:\\\/\\\/www.article-marketing.eu\\\/comunicatistampa\\\/snam-allitalian-energy-summit-la-video-intervista-allad-stefano-venier\\\/\"},\"author\":{\"name\":\"articolinews\",\"@id\":\"https:\\\/\\\/www.article-marketing.eu\\\/comunicatistampa\\\/#\\\/schema\\\/person\\\/2fcaf8f8f3a9eef9eb7f27532d3ca458\"},\"headline\":\"Snam all\u2019Italian Energy Summit: la video-intervista all\u2019AD Stefano Venier\",\"datePublished\":\"2025-01-10T10:52:18+00:00\",\"mainEntityOfPage\":{\"@id\":\"https:\\\/\\\/www.article-marketing.eu\\\/comunicatistampa\\\/snam-allitalian-energy-summit-la-video-intervista-allad-stefano-venier\\\/\"},\"wordCount\":486,\"commentCount\":0,\"image\":{\"@id\":\"https:\\\/\\\/www.article-marketing.eu\\\/comunicatistampa\\\/snam-allitalian-energy-summit-la-video-intervista-allad-stefano-venier\\\/#primaryimage\"},\"thumbnailUrl\":\"https:\\\/\\\/www.economiaoggi.it\\\/wp-content\\\/uploads\\\/2024\\\/05\\\/stefano-venier-festival-economia-trento-690x465.jpg\",\"keywords\":[\"Stefano Venier\"],\"articleSection\":[\"Aziende\"],\"inLanguage\":\"it-IT\",\"potentialAction\":[{\"@type\":\"CommentAction\",\"name\":\"Comment\",\"target\":[\"https:\\\/\\\/www.article-marketing.eu\\\/comunicatistampa\\\/snam-allitalian-energy-summit-la-video-intervista-allad-stefano-venier\\\/#respond\"]}]},{\"@type\":\"WebPage\",\"@id\":\"https:\\\/\\\/www.article-marketing.eu\\\/comunicatistampa\\\/snam-allitalian-energy-summit-la-video-intervista-allad-stefano-venier\\\/\",\"url\":\"https:\\\/\\\/www.article-marketing.eu\\\/comunicatistampa\\\/snam-allitalian-energy-summit-la-video-intervista-allad-stefano-venier\\\/\",\"name\":\"Snam all\u2019Italian Energy Summit: la video-intervista all\u2019AD Stefano Venier - Article Marketing\",\"isPartOf\":{\"@id\":\"https:\\\/\\\/www.article-marketing.eu\\\/comunicatistampa\\\/#website\"},\"primaryImageOfPage\":{\"@id\":\"https:\\\/\\\/www.article-marketing.eu\\\/comunicatistampa\\\/snam-allitalian-energy-summit-la-video-intervista-allad-stefano-venier\\\/#primaryimage\"},\"image\":{\"@id\":\"https:\\\/\\\/www.article-marketing.eu\\\/comunicatistampa\\\/snam-allitalian-energy-summit-la-video-intervista-allad-stefano-venier\\\/#primaryimage\"},\"thumbnailUrl\":\"https:\\\/\\\/www.economiaoggi.it\\\/wp-content\\\/uploads\\\/2024\\\/05\\\/stefano-venier-festival-economia-trento-690x465.jpg\",\"datePublished\":\"2025-01-10T10:52:18+00:00\",\"author\":{\"@id\":\"https:\\\/\\\/www.article-marketing.eu\\\/comunicatistampa\\\/#\\\/schema\\\/person\\\/2fcaf8f8f3a9eef9eb7f27532d3ca458\"},\"description\":\"\u201cFra un paio di settimane presenteremo il nostro transition plan\u201d, ha annunciato l\u2019AD di Snam Stefano Venier all\u2019Italian Energy Summit\",\"breadcrumb\":{\"@id\":\"https:\\\/\\\/www.article-marketing.eu\\\/comunicatistampa\\\/snam-allitalian-energy-summit-la-video-intervista-allad-stefano-venier\\\/#breadcrumb\"},\"inLanguage\":\"it-IT\",\"potentialAction\":[{\"@type\":\"ReadAction\",\"target\":[\"https:\\\/\\\/www.article-marketing.eu\\\/comunicatistampa\\\/snam-allitalian-energy-summit-la-video-intervista-allad-stefano-venier\\\/\"]}]},{\"@type\":\"ImageObject\",\"inLanguage\":\"it-IT\",\"@id\":\"https:\\\/\\\/www.article-marketing.eu\\\/comunicatistampa\\\/snam-allitalian-energy-summit-la-video-intervista-allad-stefano-venier\\\/#primaryimage\",\"url\":\"https:\\\/\\\/www.economiaoggi.it\\\/wp-content\\\/uploads\\\/2024\\\/05\\\/stefano-venier-festival-economia-trento-690x465.jpg\",\"contentUrl\":\"https:\\\/\\\/www.economiaoggi.it\\\/wp-content\\\/uploads\\\/2024\\\/05\\\/stefano-venier-festival-economia-trento-690x465.jpg\"},{\"@type\":\"BreadcrumbList\",\"@id\":\"https:\\\/\\\/www.article-marketing.eu\\\/comunicatistampa\\\/snam-allitalian-energy-summit-la-video-intervista-allad-stefano-venier\\\/#breadcrumb\",\"itemListElement\":[{\"@type\":\"ListItem\",\"position\":1,\"name\":\"Home\",\"item\":\"https:\\\/\\\/www.article-marketing.eu\\\/comunicatistampa\\\/\"},{\"@type\":\"ListItem\",\"position\":2,\"name\":\"Snam all\u2019Italian Energy Summit: la video-intervista all\u2019AD Stefano Venier\"}]},{\"@type\":\"WebSite\",\"@id\":\"https:\\\/\\\/www.article-marketing.eu\\\/comunicatistampa\\\/#website\",\"url\":\"https:\\\/\\\/www.article-marketing.eu\\\/comunicatistampa\\\/\",\"name\":\"Article Marketing\",\"description\":\"article marketing &amp; press release\",\"potentialAction\":[{\"@type\":\"SearchAction\",\"target\":{\"@type\":\"EntryPoint\",\"urlTemplate\":\"https:\\\/\\\/www.article-marketing.eu\\\/comunicatistampa\\\/?s={search_term_string}\"},\"query-input\":{\"@type\":\"PropertyValueSpecification\",\"valueRequired\":true,\"valueName\":\"search_term_string\"}}],\"inLanguage\":\"it-IT\"},{\"@type\":\"Person\",\"@id\":\"https:\\\/\\\/www.article-marketing.eu\\\/comunicatistampa\\\/#\\\/schema\\\/person\\\/2fcaf8f8f3a9eef9eb7f27532d3ca458\",\"name\":\"articolinews\",\"image\":{\"@type\":\"ImageObject\",\"inLanguage\":\"it-IT\",\"@id\":\"https:\\\/\\\/secure.gravatar.com\\\/avatar\\\/9e2a264bab04e17dea24d937c9956304649a848cb73c46747a692ff1bdeb1cb7?s=96&d=mm&r=g\",\"url\":\"https:\\\/\\\/secure.gravatar.com\\\/avatar\\\/9e2a264bab04e17dea24d937c9956304649a848cb73c46747a692ff1bdeb1cb7?s=96&d=mm&r=g\",\"contentUrl\":\"https:\\\/\\\/secure.gravatar.com\\\/avatar\\\/9e2a264bab04e17dea24d937c9956304649a848cb73c46747a692ff1bdeb1cb7?s=96&d=mm&r=g\",\"caption\":\"articolinews\"},\"url\":\"https:\\\/\\\/www.article-marketing.eu\\\/comunicatistampa\\\/author\\\/articolinews\\\/\"}]}<\/script>\n<!-- \/ Yoast SEO plugin. -->","yoast_head_json":{"title":"Snam all\u2019Italian Energy Summit: la video-intervista all\u2019AD Stefano Venier - Article Marketing","description":"\u201cFra un paio di settimane presenteremo il nostro transition plan\u201d, ha annunciato l\u2019AD di Snam Stefano Venier all\u2019Italian Energy Summit","robots":{"index":"index","follow":"follow","max-snippet":"max-snippet:-1","max-image-preview":"max-image-preview:large","max-video-preview":"max-video-preview:-1"},"canonical":"https:\/\/www.article-marketing.eu\/comunicatistampa\/snam-allitalian-energy-summit-la-video-intervista-allad-stefano-venier\/","og_locale":"it_IT","og_type":"article","og_title":"Snam all\u2019Italian Energy Summit: la video-intervista all\u2019AD Stefano Venier - Article Marketing","og_description":"\u201cFra un paio di settimane presenteremo il nostro transition plan\u201d, ha annunciato l\u2019AD di Snam Stefano Venier all\u2019Italian Energy Summit","og_url":"https:\/\/www.article-marketing.eu\/comunicatistampa\/snam-allitalian-energy-summit-la-video-intervista-allad-stefano-venier\/","og_site_name":"Article Marketing","article_published_time":"2025-01-10T10:52:18+00:00","og_image":[{"url":"https:\/\/www.economiaoggi.it\/wp-content\/uploads\/2024\/05\/stefano-venier-festival-economia-trento-690x465.jpg","type":"","width":"","height":""}],"author":"articolinews","twitter_card":"summary_large_image","twitter_misc":{"Scritto da":"articolinews","Tempo di lettura stimato":"3 minuti"},"schema":{"@context":"https:\/\/schema.org","@graph":[{"@type":"Article","@id":"https:\/\/www.article-marketing.eu\/comunicatistampa\/snam-allitalian-energy-summit-la-video-intervista-allad-stefano-venier\/#article","isPartOf":{"@id":"https:\/\/www.article-marketing.eu\/comunicatistampa\/snam-allitalian-energy-summit-la-video-intervista-allad-stefano-venier\/"},"author":{"name":"articolinews","@id":"https:\/\/www.article-marketing.eu\/comunicatistampa\/#\/schema\/person\/2fcaf8f8f3a9eef9eb7f27532d3ca458"},"headline":"Snam all\u2019Italian Energy Summit: la video-intervista all\u2019AD Stefano Venier","datePublished":"2025-01-10T10:52:18+00:00","mainEntityOfPage":{"@id":"https:\/\/www.article-marketing.eu\/comunicatistampa\/snam-allitalian-energy-summit-la-video-intervista-allad-stefano-venier\/"},"wordCount":486,"commentCount":0,"image":{"@id":"https:\/\/www.article-marketing.eu\/comunicatistampa\/snam-allitalian-energy-summit-la-video-intervista-allad-stefano-venier\/#primaryimage"},"thumbnailUrl":"https:\/\/www.economiaoggi.it\/wp-content\/uploads\/2024\/05\/stefano-venier-festival-economia-trento-690x465.jpg","keywords":["Stefano Venier"],"articleSection":["Aziende"],"inLanguage":"it-IT","potentialAction":[{"@type":"CommentAction","name":"Comment","target":["https:\/\/www.article-marketing.eu\/comunicatistampa\/snam-allitalian-energy-summit-la-video-intervista-allad-stefano-venier\/#respond"]}]},{"@type":"WebPage","@id":"https:\/\/www.article-marketing.eu\/comunicatistampa\/snam-allitalian-energy-summit-la-video-intervista-allad-stefano-venier\/","url":"https:\/\/www.article-marketing.eu\/comunicatistampa\/snam-allitalian-energy-summit-la-video-intervista-allad-stefano-venier\/","name":"Snam all\u2019Italian Energy Summit: la video-intervista all\u2019AD Stefano Venier - Article Marketing","isPartOf":{"@id":"https:\/\/www.article-marketing.eu\/comunicatistampa\/#website"},"primaryImageOfPage":{"@id":"https:\/\/www.article-marketing.eu\/comunicatistampa\/snam-allitalian-energy-summit-la-video-intervista-allad-stefano-venier\/#primaryimage"},"image":{"@id":"https:\/\/www.article-marketing.eu\/comunicatistampa\/snam-allitalian-energy-summit-la-video-intervista-allad-stefano-venier\/#primaryimage"},"thumbnailUrl":"https:\/\/www.economiaoggi.it\/wp-content\/uploads\/2024\/05\/stefano-venier-festival-economia-trento-690x465.jpg","datePublished":"2025-01-10T10:52:18+00:00","author":{"@id":"https:\/\/www.article-marketing.eu\/comunicatistampa\/#\/schema\/person\/2fcaf8f8f3a9eef9eb7f27532d3ca458"},"description":"\u201cFra un paio di settimane presenteremo il nostro transition plan\u201d, ha annunciato l\u2019AD di Snam Stefano Venier all\u2019Italian Energy Summit","breadcrumb":{"@id":"https:\/\/www.article-marketing.eu\/comunicatistampa\/snam-allitalian-energy-summit-la-video-intervista-allad-stefano-venier\/#breadcrumb"},"inLanguage":"it-IT","potentialAction":[{"@type":"ReadAction","target":["https:\/\/www.article-marketing.eu\/comunicatistampa\/snam-allitalian-energy-summit-la-video-intervista-allad-stefano-venier\/"]}]},{"@type":"ImageObject","inLanguage":"it-IT","@id":"https:\/\/www.article-marketing.eu\/comunicatistampa\/snam-allitalian-energy-summit-la-video-intervista-allad-stefano-venier\/#primaryimage","url":"https:\/\/www.economiaoggi.it\/wp-content\/uploads\/2024\/05\/stefano-venier-festival-economia-trento-690x465.jpg","contentUrl":"https:\/\/www.economiaoggi.it\/wp-content\/uploads\/2024\/05\/stefano-venier-festival-economia-trento-690x465.jpg"},{"@type":"BreadcrumbList","@id":"https:\/\/www.article-marketing.eu\/comunicatistampa\/snam-allitalian-energy-summit-la-video-intervista-allad-stefano-venier\/#breadcrumb","itemListElement":[{"@type":"ListItem","position":1,"name":"Home","item":"https:\/\/www.article-marketing.eu\/comunicatistampa\/"},{"@type":"ListItem","position":2,"name":"Snam all\u2019Italian Energy Summit: la video-intervista all\u2019AD Stefano Venier"}]},{"@type":"WebSite","@id":"https:\/\/www.article-marketing.eu\/comunicatistampa\/#website","url":"https:\/\/www.article-marketing.eu\/comunicatistampa\/","name":"Article Marketing","description":"article marketing &amp; press release","potentialAction":[{"@type":"SearchAction","target":{"@type":"EntryPoint","urlTemplate":"https:\/\/www.article-marketing.eu\/comunicatistampa\/?s={search_term_string}"},"query-input":{"@type":"PropertyValueSpecification","valueRequired":true,"valueName":"search_term_string"}}],"inLanguage":"it-IT"},{"@type":"Person","@id":"https:\/\/www.article-marketing.eu\/comunicatistampa\/#\/schema\/person\/2fcaf8f8f3a9eef9eb7f27532d3ca458","name":"articolinews","image":{"@type":"ImageObject","inLanguage":"it-IT","@id":"https:\/\/secure.gravatar.com\/avatar\/9e2a264bab04e17dea24d937c9956304649a848cb73c46747a692ff1bdeb1cb7?s=96&d=mm&r=g","url":"https:\/\/secure.gravatar.com\/avatar\/9e2a264bab04e17dea24d937c9956304649a848cb73c46747a692ff1bdeb1cb7?s=96&d=mm&r=g","contentUrl":"https:\/\/secure.gravatar.com\/avatar\/9e2a264bab04e17dea24d937c9956304649a848cb73c46747a692ff1bdeb1cb7?s=96&d=mm&r=g","caption":"articolinews"},"url":"https:\/\/www.article-marketing.eu\/comunicatistampa\/author\/articolinews\/"}]}},"_links":{"self":[{"href":"https:\/\/www.article-marketing.eu\/comunicatistampa\/wp-json\/wp\/v2\/posts\/31497","targetHints":{"allow":["GET"]}}],"collection":[{"href":"https:\/\/www.article-marketing.eu\/comunicatistampa\/wp-json\/wp\/v2\/posts"}],"about":[{"href":"https:\/\/www.article-marketing.eu\/comunicatistampa\/wp-json\/wp\/v2\/types\/post"}],"author":[{"embeddable":true,"href":"https:\/\/www.article-marketing.eu\/comunicatistampa\/wp-json\/wp\/v2\/users\/6477"}],"replies":[{"embeddable":true,"href":"https:\/\/www.article-marketing.eu\/comunicatistampa\/wp-json\/wp\/v2\/comments?post=31497"}],"version-history":[{"count":2,"href":"https:\/\/www.article-marketing.eu\/comunicatistampa\/wp-json\/wp\/v2\/posts\/31497\/revisions"}],"predecessor-version":[{"id":31884,"href":"https:\/\/www.article-marketing.eu\/comunicatistampa\/wp-json\/wp\/v2\/posts\/31497\/revisions\/31884"}],"wp:attachment":[{"href":"https:\/\/www.article-marketing.eu\/comunicatistampa\/wp-json\/wp\/v2\/media?parent=31497"}],"wp:term":[{"taxonomy":"category","embeddable":true,"href":"https:\/\/www.article-marketing.eu\/comunicatistampa\/wp-json\/wp\/v2\/categories?post=31497"},{"taxonomy":"post_tag","embeddable":true,"href":"https:\/\/www.article-marketing.eu\/comunicatistampa\/wp-json\/wp\/v2\/tags?post=31497"}],"curies":[{"name":"wp","href":"https:\/\/api.w.org\/{rel}","templated":true}]}}