{"id":31503,"date":"2025-02-08T18:16:29","date_gmt":"2025-02-08T17:16:29","guid":{"rendered":"https:\/\/www.article-marketing.eu\/comunicatistampa\/?p=31503"},"modified":"2025-02-08T18:16:29","modified_gmt":"2025-02-08T17:16:29","slug":"marco-domizio-limpegno-di-ares-ambiente-per-la-sostenibilita","status":"publish","type":"post","link":"https:\/\/www.article-marketing.eu\/comunicatistampa\/marco-domizio-limpegno-di-ares-ambiente-per-la-sostenibilita\/","title":{"rendered":"Marco Domizio: l\u2019impegno di Ares Ambiente per la sostenibilit\u00e0"},"content":{"rendered":"<p><em><strong>Fondata da <a title=\"Il profilo Linkedin di Marco Domizio\" href=\"https:\/\/www.linkedin.com\/in\/domiziomarco\/\">Marco Nicola Domizio<\/a>, Ares Ambiente conferma il suo impegno nella responsabilit\u00e0 sociale d\u2019impresa continuando a realizzare il suo Bilancio SA8000, lo strumento con cui l\u2019azienda comunica in maniera trasparente agli stakeholder e a tutta la comunit\u00e0.<\/strong><\/em><\/p>\n<p><a title=\"Marco Domizio su Linkedin\" href=\"https:\/\/www.linkedin.com\/in\/domiziomarco\/\"><img loading=\"lazy\" decoding=\"async\" src=\"https:\/\/h2biz.net\/images\/Plats\/crop_min_20220323094859.jpg\" alt=\"Marco Domizio\" width=\"150\" height=\"150\" \/><\/a><\/p>\n<h2>Marco Domizio: monitoraggio e certificazione, le chiavi di un miglioramento continuo<\/h2>\n<p><strong>Ares Ambiente<\/strong>, l\u2019azienda fondata nel 2008 da <strong>Marco Nicola Domizio<\/strong>, continua a dimostrare il suo impegno a favore della sostenibilit\u00e0, con il suo orientamento al miglioramento costante delle prestazioni. La societ\u00e0 adotta un approccio proattivo, sottoponendosi a verifiche da parte di organismi terzi che certificano la conformit\u00e0 alle normative vigenti e la capacit\u00e0 di soddisfare appieno le esigenze dei clienti. Un impegno che va al di l\u00e0 della necessit\u00e0 di garantire la conformit\u00e0 legale e che \u00e8 la manifestazione concreta della volont\u00e0 di mantenere elevati standard di qualit\u00e0, cos\u00ec come un approccio etico nei confronti di clienti e fornitori. Attraverso il Bilancio SA8000, <strong>Ares Ambiente<\/strong> comunica in modo trasparente le proprie attivit\u00e0 e valori legati alla responsabilit\u00e0 sociale d\u2019impresa, fornendo ai vari stakeholder informazioni chiare sulle prestazioni aziendali. Tale forma di comunicazione permette di instaurare un rapporto di fiducia e trasparenza con la comunit\u00e0, potenziando la reputazione e la credibilit\u00e0 dell&#8217;azienda stessa.<\/p>\n<h2>Marco Nicola Domizio: le politiche sostenibili e la formazione continua in Ares Ambiente<\/h2>\n<p>All\u2019interno di <strong>Ares Ambiente<\/strong> assume un ruolo fondamentale la dichiarazione ambientale, mirata a informare la comunit\u00e0 locale e gli stakeholder sui programmi e gli obiettivi legati all\u2019ambiente. La societ\u00e0 fondata da <a title=\"Il profilo di Marco Domizio su Linkedin\" href=\"https:\/\/www.linkedin.com\/in\/domiziomarco\/\"><strong>Marco Domizio<\/strong><\/a> non si limita a ottemperare alle normative, ma si impegna attivamente nella promozione di pratiche sostenibili che contribuiscono alla costruzione di un futuro pi\u00f9 responsabile. La politica interna \u00e8 progettata per garantire l&#8217;eccellenza dei servizi offerti, attraverso una chiara suddivisione di compiti e responsabilit\u00e0, nonch\u00e9 l&#8217;adozione di processi e pratiche definite. Notevole \u00e8 infine l\u2019importanza data alla formazione continua dei propri collaboratori, ritenuta cruciale sia per il raggiungimento degli obiettivi aziendali che per la creazione di un ambiente di lavoro etico e responsabile.<\/p>\n","protected":false},"excerpt":{"rendered":"<p>Fondata da Marco Nicola Domizio, Ares Ambiente conferma il suo impegno nella responsabilit\u00e0 sociale d\u2019impresa continuando a realizzare il suo Bilancio SA8000, lo strumento con cui l\u2019azienda comunica in maniera trasparente agli stakeholder e a tutta la comunit\u00e0. Marco Domizio: monitoraggio e certificazione, le chiavi di un miglioramento continuo Ares Ambiente, l\u2019azienda fondata nel 2008 da Marco Nicola Domizio, continua a dimostrare il suo impegno a favore della sostenibilit\u00e0, con<\/p>\n<p><a class=\"continue-reading\" href=\"https:\/\/www.article-marketing.eu\/comunicatistampa\/marco-domizio-limpegno-di-ares-ambiente-per-la-sostenibilita\/\">Continue reading&#8230;<\/a><\/p>\n","protected":false},"author":6477,"featured_media":0,"comment_status":"open","ping_status":"open","sticky":false,"template":"","format":"standard","meta":{"_monsterinsights_skip_tracking":false,"_monsterinsights_sitenote_active":false,"_monsterinsights_sitenote_note":"","_monsterinsights_sitenote_category":0,"footnotes":""},"categories":[416],"tags":[9165,9620],"class_list":["post-31503","post","type-post","status-publish","format-standard","hentry","category-ambiente","tag-ares-ambiente","tag-marco-domizio"],"yoast_head":"<!-- This site is optimized with the Yoast SEO plugin v27.3 - https:\/\/yoast.com\/product\/yoast-seo-wordpress\/ -->\n<title>Marco Domizio: l\u2019impegno di Ares Ambiente per la sostenibilit\u00e0 - Article Marketing<\/title>\n<meta name=\"description\" content=\"Ares Ambiente, azienda fondata da Marco Nicola Domizio, rinnova il suo impegno per la responsabilit\u00e0 sociale attraverso il Bilancio SA8000\" \/>\n<meta name=\"robots\" content=\"index, follow, max-snippet:-1, max-image-preview:large, max-video-preview:-1\" \/>\n<link rel=\"canonical\" href=\"https:\/\/www.article-marketing.eu\/comunicatistampa\/marco-domizio-limpegno-di-ares-ambiente-per-la-sostenibilita\/\" \/>\n<meta property=\"og:locale\" content=\"it_IT\" \/>\n<meta property=\"og:type\" content=\"article\" \/>\n<meta property=\"og:title\" content=\"Marco Domizio: l\u2019impegno di Ares Ambiente per la sostenibilit\u00e0 - Article Marketing\" \/>\n<meta property=\"og:description\" content=\"Ares Ambiente, azienda fondata da Marco Nicola Domizio, rinnova il suo impegno per la responsabilit\u00e0 sociale attraverso il Bilancio SA8000\" \/>\n<meta property=\"og:url\" content=\"https:\/\/www.article-marketing.eu\/comunicatistampa\/marco-domizio-limpegno-di-ares-ambiente-per-la-sostenibilita\/\" \/>\n<meta property=\"og:site_name\" content=\"Article Marketing\" \/>\n<meta property=\"article:published_time\" content=\"2025-02-08T17:16:29+00:00\" \/>\n<meta property=\"og:image\" content=\"https:\/\/h2biz.net\/images\/Plats\/crop_min_20220323094859.jpg\" \/>\n<meta name=\"author\" content=\"articolinews\" \/>\n<meta name=\"twitter:card\" content=\"summary_large_image\" \/>\n<meta name=\"twitter:label1\" content=\"Scritto da\" \/>\n\t<meta name=\"twitter:data1\" content=\"articolinews\" \/>\n\t<meta name=\"twitter:label2\" content=\"Tempo di lettura stimato\" \/>\n\t<meta name=\"twitter:data2\" content=\"2 minuti\" \/>\n<script type=\"application\/ld+json\" class=\"yoast-schema-graph\">{\"@context\":\"https:\\\/\\\/schema.org\",\"@graph\":[{\"@type\":\"Article\",\"@id\":\"https:\\\/\\\/www.article-marketing.eu\\\/comunicatistampa\\\/marco-domizio-limpegno-di-ares-ambiente-per-la-sostenibilita\\\/#article\",\"isPartOf\":{\"@id\":\"https:\\\/\\\/www.article-marketing.eu\\\/comunicatistampa\\\/marco-domizio-limpegno-di-ares-ambiente-per-la-sostenibilita\\\/\"},\"author\":{\"name\":\"articolinews\",\"@id\":\"https:\\\/\\\/www.article-marketing.eu\\\/comunicatistampa\\\/#\\\/schema\\\/person\\\/2fcaf8f8f3a9eef9eb7f27532d3ca458\"},\"headline\":\"Marco Domizio: l\u2019impegno di Ares Ambiente per la sostenibilit\u00e0\",\"datePublished\":\"2025-02-08T17:16:29+00:00\",\"mainEntityOfPage\":{\"@id\":\"https:\\\/\\\/www.article-marketing.eu\\\/comunicatistampa\\\/marco-domizio-limpegno-di-ares-ambiente-per-la-sostenibilita\\\/\"},\"wordCount\":343,\"commentCount\":0,\"image\":{\"@id\":\"https:\\\/\\\/www.article-marketing.eu\\\/comunicatistampa\\\/marco-domizio-limpegno-di-ares-ambiente-per-la-sostenibilita\\\/#primaryimage\"},\"thumbnailUrl\":\"https:\\\/\\\/h2biz.net\\\/images\\\/Plats\\\/crop_min_20220323094859.jpg\",\"keywords\":[\"Ares Ambiente\",\"Marco Domizio\"],\"articleSection\":[\"Ambiente\"],\"inLanguage\":\"it-IT\",\"potentialAction\":[{\"@type\":\"CommentAction\",\"name\":\"Comment\",\"target\":[\"https:\\\/\\\/www.article-marketing.eu\\\/comunicatistampa\\\/marco-domizio-limpegno-di-ares-ambiente-per-la-sostenibilita\\\/#respond\"]}]},{\"@type\":\"WebPage\",\"@id\":\"https:\\\/\\\/www.article-marketing.eu\\\/comunicatistampa\\\/marco-domizio-limpegno-di-ares-ambiente-per-la-sostenibilita\\\/\",\"url\":\"https:\\\/\\\/www.article-marketing.eu\\\/comunicatistampa\\\/marco-domizio-limpegno-di-ares-ambiente-per-la-sostenibilita\\\/\",\"name\":\"Marco Domizio: l\u2019impegno di Ares Ambiente per la sostenibilit\u00e0 - Article Marketing\",\"isPartOf\":{\"@id\":\"https:\\\/\\\/www.article-marketing.eu\\\/comunicatistampa\\\/#website\"},\"primaryImageOfPage\":{\"@id\":\"https:\\\/\\\/www.article-marketing.eu\\\/comunicatistampa\\\/marco-domizio-limpegno-di-ares-ambiente-per-la-sostenibilita\\\/#primaryimage\"},\"image\":{\"@id\":\"https:\\\/\\\/www.article-marketing.eu\\\/comunicatistampa\\\/marco-domizio-limpegno-di-ares-ambiente-per-la-sostenibilita\\\/#primaryimage\"},\"thumbnailUrl\":\"https:\\\/\\\/h2biz.net\\\/images\\\/Plats\\\/crop_min_20220323094859.jpg\",\"datePublished\":\"2025-02-08T17:16:29+00:00\",\"author\":{\"@id\":\"https:\\\/\\\/www.article-marketing.eu\\\/comunicatistampa\\\/#\\\/schema\\\/person\\\/2fcaf8f8f3a9eef9eb7f27532d3ca458\"},\"description\":\"Ares Ambiente, azienda fondata da Marco Nicola Domizio, rinnova il suo impegno per la responsabilit\u00e0 sociale attraverso il Bilancio SA8000\",\"breadcrumb\":{\"@id\":\"https:\\\/\\\/www.article-marketing.eu\\\/comunicatistampa\\\/marco-domizio-limpegno-di-ares-ambiente-per-la-sostenibilita\\\/#breadcrumb\"},\"inLanguage\":\"it-IT\",\"potentialAction\":[{\"@type\":\"ReadAction\",\"target\":[\"https:\\\/\\\/www.article-marketing.eu\\\/comunicatistampa\\\/marco-domizio-limpegno-di-ares-ambiente-per-la-sostenibilita\\\/\"]}]},{\"@type\":\"ImageObject\",\"inLanguage\":\"it-IT\",\"@id\":\"https:\\\/\\\/www.article-marketing.eu\\\/comunicatistampa\\\/marco-domizio-limpegno-di-ares-ambiente-per-la-sostenibilita\\\/#primaryimage\",\"url\":\"https:\\\/\\\/h2biz.net\\\/images\\\/Plats\\\/crop_min_20220323094859.jpg\",\"contentUrl\":\"https:\\\/\\\/h2biz.net\\\/images\\\/Plats\\\/crop_min_20220323094859.jpg\"},{\"@type\":\"BreadcrumbList\",\"@id\":\"https:\\\/\\\/www.article-marketing.eu\\\/comunicatistampa\\\/marco-domizio-limpegno-di-ares-ambiente-per-la-sostenibilita\\\/#breadcrumb\",\"itemListElement\":[{\"@type\":\"ListItem\",\"position\":1,\"name\":\"Home\",\"item\":\"https:\\\/\\\/www.article-marketing.eu\\\/comunicatistampa\\\/\"},{\"@type\":\"ListItem\",\"position\":2,\"name\":\"Marco Domizio: l\u2019impegno di Ares Ambiente per la sostenibilit\u00e0\"}]},{\"@type\":\"WebSite\",\"@id\":\"https:\\\/\\\/www.article-marketing.eu\\\/comunicatistampa\\\/#website\",\"url\":\"https:\\\/\\\/www.article-marketing.eu\\\/comunicatistampa\\\/\",\"name\":\"Article Marketing\",\"description\":\"article marketing &amp; press release\",\"potentialAction\":[{\"@type\":\"SearchAction\",\"target\":{\"@type\":\"EntryPoint\",\"urlTemplate\":\"https:\\\/\\\/www.article-marketing.eu\\\/comunicatistampa\\\/?s={search_term_string}\"},\"query-input\":{\"@type\":\"PropertyValueSpecification\",\"valueRequired\":true,\"valueName\":\"search_term_string\"}}],\"inLanguage\":\"it-IT\"},{\"@type\":\"Person\",\"@id\":\"https:\\\/\\\/www.article-marketing.eu\\\/comunicatistampa\\\/#\\\/schema\\\/person\\\/2fcaf8f8f3a9eef9eb7f27532d3ca458\",\"name\":\"articolinews\",\"image\":{\"@type\":\"ImageObject\",\"inLanguage\":\"it-IT\",\"@id\":\"https:\\\/\\\/secure.gravatar.com\\\/avatar\\\/9e2a264bab04e17dea24d937c9956304649a848cb73c46747a692ff1bdeb1cb7?s=96&d=mm&r=g\",\"url\":\"https:\\\/\\\/secure.gravatar.com\\\/avatar\\\/9e2a264bab04e17dea24d937c9956304649a848cb73c46747a692ff1bdeb1cb7?s=96&d=mm&r=g\",\"contentUrl\":\"https:\\\/\\\/secure.gravatar.com\\\/avatar\\\/9e2a264bab04e17dea24d937c9956304649a848cb73c46747a692ff1bdeb1cb7?s=96&d=mm&r=g\",\"caption\":\"articolinews\"},\"url\":\"https:\\\/\\\/www.article-marketing.eu\\\/comunicatistampa\\\/author\\\/articolinews\\\/\"}]}<\/script>\n<!-- \/ Yoast SEO plugin. -->","yoast_head_json":{"title":"Marco Domizio: l\u2019impegno di Ares Ambiente per la sostenibilit\u00e0 - Article Marketing","description":"Ares Ambiente, azienda fondata da Marco Nicola Domizio, rinnova il suo impegno per la responsabilit\u00e0 sociale attraverso il Bilancio SA8000","robots":{"index":"index","follow":"follow","max-snippet":"max-snippet:-1","max-image-preview":"max-image-preview:large","max-video-preview":"max-video-preview:-1"},"canonical":"https:\/\/www.article-marketing.eu\/comunicatistampa\/marco-domizio-limpegno-di-ares-ambiente-per-la-sostenibilita\/","og_locale":"it_IT","og_type":"article","og_title":"Marco Domizio: l\u2019impegno di Ares Ambiente per la sostenibilit\u00e0 - Article Marketing","og_description":"Ares Ambiente, azienda fondata da Marco Nicola Domizio, rinnova il suo impegno per la responsabilit\u00e0 sociale attraverso il Bilancio SA8000","og_url":"https:\/\/www.article-marketing.eu\/comunicatistampa\/marco-domizio-limpegno-di-ares-ambiente-per-la-sostenibilita\/","og_site_name":"Article Marketing","article_published_time":"2025-02-08T17:16:29+00:00","og_image":[{"url":"https:\/\/h2biz.net\/images\/Plats\/crop_min_20220323094859.jpg","type":"","width":"","height":""}],"author":"articolinews","twitter_card":"summary_large_image","twitter_misc":{"Scritto da":"articolinews","Tempo di lettura stimato":"2 minuti"},"schema":{"@context":"https:\/\/schema.org","@graph":[{"@type":"Article","@id":"https:\/\/www.article-marketing.eu\/comunicatistampa\/marco-domizio-limpegno-di-ares-ambiente-per-la-sostenibilita\/#article","isPartOf":{"@id":"https:\/\/www.article-marketing.eu\/comunicatistampa\/marco-domizio-limpegno-di-ares-ambiente-per-la-sostenibilita\/"},"author":{"name":"articolinews","@id":"https:\/\/www.article-marketing.eu\/comunicatistampa\/#\/schema\/person\/2fcaf8f8f3a9eef9eb7f27532d3ca458"},"headline":"Marco Domizio: l\u2019impegno di Ares Ambiente per la sostenibilit\u00e0","datePublished":"2025-02-08T17:16:29+00:00","mainEntityOfPage":{"@id":"https:\/\/www.article-marketing.eu\/comunicatistampa\/marco-domizio-limpegno-di-ares-ambiente-per-la-sostenibilita\/"},"wordCount":343,"commentCount":0,"image":{"@id":"https:\/\/www.article-marketing.eu\/comunicatistampa\/marco-domizio-limpegno-di-ares-ambiente-per-la-sostenibilita\/#primaryimage"},"thumbnailUrl":"https:\/\/h2biz.net\/images\/Plats\/crop_min_20220323094859.jpg","keywords":["Ares Ambiente","Marco Domizio"],"articleSection":["Ambiente"],"inLanguage":"it-IT","potentialAction":[{"@type":"CommentAction","name":"Comment","target":["https:\/\/www.article-marketing.eu\/comunicatistampa\/marco-domizio-limpegno-di-ares-ambiente-per-la-sostenibilita\/#respond"]}]},{"@type":"WebPage","@id":"https:\/\/www.article-marketing.eu\/comunicatistampa\/marco-domizio-limpegno-di-ares-ambiente-per-la-sostenibilita\/","url":"https:\/\/www.article-marketing.eu\/comunicatistampa\/marco-domizio-limpegno-di-ares-ambiente-per-la-sostenibilita\/","name":"Marco Domizio: l\u2019impegno di Ares Ambiente per la sostenibilit\u00e0 - Article Marketing","isPartOf":{"@id":"https:\/\/www.article-marketing.eu\/comunicatistampa\/#website"},"primaryImageOfPage":{"@id":"https:\/\/www.article-marketing.eu\/comunicatistampa\/marco-domizio-limpegno-di-ares-ambiente-per-la-sostenibilita\/#primaryimage"},"image":{"@id":"https:\/\/www.article-marketing.eu\/comunicatistampa\/marco-domizio-limpegno-di-ares-ambiente-per-la-sostenibilita\/#primaryimage"},"thumbnailUrl":"https:\/\/h2biz.net\/images\/Plats\/crop_min_20220323094859.jpg","datePublished":"2025-02-08T17:16:29+00:00","author":{"@id":"https:\/\/www.article-marketing.eu\/comunicatistampa\/#\/schema\/person\/2fcaf8f8f3a9eef9eb7f27532d3ca458"},"description":"Ares Ambiente, azienda fondata da Marco Nicola Domizio, rinnova il suo impegno per la responsabilit\u00e0 sociale attraverso il Bilancio SA8000","breadcrumb":{"@id":"https:\/\/www.article-marketing.eu\/comunicatistampa\/marco-domizio-limpegno-di-ares-ambiente-per-la-sostenibilita\/#breadcrumb"},"inLanguage":"it-IT","potentialAction":[{"@type":"ReadAction","target":["https:\/\/www.article-marketing.eu\/comunicatistampa\/marco-domizio-limpegno-di-ares-ambiente-per-la-sostenibilita\/"]}]},{"@type":"ImageObject","inLanguage":"it-IT","@id":"https:\/\/www.article-marketing.eu\/comunicatistampa\/marco-domizio-limpegno-di-ares-ambiente-per-la-sostenibilita\/#primaryimage","url":"https:\/\/h2biz.net\/images\/Plats\/crop_min_20220323094859.jpg","contentUrl":"https:\/\/h2biz.net\/images\/Plats\/crop_min_20220323094859.jpg"},{"@type":"BreadcrumbList","@id":"https:\/\/www.article-marketing.eu\/comunicatistampa\/marco-domizio-limpegno-di-ares-ambiente-per-la-sostenibilita\/#breadcrumb","itemListElement":[{"@type":"ListItem","position":1,"name":"Home","item":"https:\/\/www.article-marketing.eu\/comunicatistampa\/"},{"@type":"ListItem","position":2,"name":"Marco Domizio: l\u2019impegno di Ares Ambiente per la sostenibilit\u00e0"}]},{"@type":"WebSite","@id":"https:\/\/www.article-marketing.eu\/comunicatistampa\/#website","url":"https:\/\/www.article-marketing.eu\/comunicatistampa\/","name":"Article Marketing","description":"article marketing &amp; press release","potentialAction":[{"@type":"SearchAction","target":{"@type":"EntryPoint","urlTemplate":"https:\/\/www.article-marketing.eu\/comunicatistampa\/?s={search_term_string}"},"query-input":{"@type":"PropertyValueSpecification","valueRequired":true,"valueName":"search_term_string"}}],"inLanguage":"it-IT"},{"@type":"Person","@id":"https:\/\/www.article-marketing.eu\/comunicatistampa\/#\/schema\/person\/2fcaf8f8f3a9eef9eb7f27532d3ca458","name":"articolinews","image":{"@type":"ImageObject","inLanguage":"it-IT","@id":"https:\/\/secure.gravatar.com\/avatar\/9e2a264bab04e17dea24d937c9956304649a848cb73c46747a692ff1bdeb1cb7?s=96&d=mm&r=g","url":"https:\/\/secure.gravatar.com\/avatar\/9e2a264bab04e17dea24d937c9956304649a848cb73c46747a692ff1bdeb1cb7?s=96&d=mm&r=g","contentUrl":"https:\/\/secure.gravatar.com\/avatar\/9e2a264bab04e17dea24d937c9956304649a848cb73c46747a692ff1bdeb1cb7?s=96&d=mm&r=g","caption":"articolinews"},"url":"https:\/\/www.article-marketing.eu\/comunicatistampa\/author\/articolinews\/"}]}},"_links":{"self":[{"href":"https:\/\/www.article-marketing.eu\/comunicatistampa\/wp-json\/wp\/v2\/posts\/31503","targetHints":{"allow":["GET"]}}],"collection":[{"href":"https:\/\/www.article-marketing.eu\/comunicatistampa\/wp-json\/wp\/v2\/posts"}],"about":[{"href":"https:\/\/www.article-marketing.eu\/comunicatistampa\/wp-json\/wp\/v2\/types\/post"}],"author":[{"embeddable":true,"href":"https:\/\/www.article-marketing.eu\/comunicatistampa\/wp-json\/wp\/v2\/users\/6477"}],"replies":[{"embeddable":true,"href":"https:\/\/www.article-marketing.eu\/comunicatistampa\/wp-json\/wp\/v2\/comments?post=31503"}],"version-history":[{"count":2,"href":"https:\/\/www.article-marketing.eu\/comunicatistampa\/wp-json\/wp\/v2\/posts\/31503\/revisions"}],"predecessor-version":[{"id":32065,"href":"https:\/\/www.article-marketing.eu\/comunicatistampa\/wp-json\/wp\/v2\/posts\/31503\/revisions\/32065"}],"wp:attachment":[{"href":"https:\/\/www.article-marketing.eu\/comunicatistampa\/wp-json\/wp\/v2\/media?parent=31503"}],"wp:term":[{"taxonomy":"category","embeddable":true,"href":"https:\/\/www.article-marketing.eu\/comunicatistampa\/wp-json\/wp\/v2\/categories?post=31503"},{"taxonomy":"post_tag","embeddable":true,"href":"https:\/\/www.article-marketing.eu\/comunicatistampa\/wp-json\/wp\/v2\/tags?post=31503"}],"curies":[{"name":"wp","href":"https:\/\/api.w.org\/{rel}","templated":true}]}}