{"id":31544,"date":"2025-02-08T18:19:53","date_gmt":"2025-02-08T17:19:53","guid":{"rendered":"https:\/\/www.article-marketing.eu\/comunicatistampa\/?p=31544"},"modified":"2025-02-08T18:19:53","modified_gmt":"2025-02-08T17:19:53","slug":"marzio-perrelli-sky-sport-partecipazione-italiana-alla-champions-league-mai-cosi-forte","status":"publish","type":"post","link":"https:\/\/www.article-marketing.eu\/comunicatistampa\/marzio-perrelli-sky-sport-partecipazione-italiana-alla-champions-league-mai-cosi-forte\/","title":{"rendered":"Marzio Perrelli (Sky Sport): \u201cPartecipazione italiana alla Champions League mai cos\u00ec forte\u201d"},"content":{"rendered":"<p><strong><em>La Champions League 2024 \u00e8 iniziata con una rivoluzione epocale e <a title=\"La biografia professionale di Marzio Perrelli, Executive Vice President di Sky Sport\" href=\"https:\/\/www.h2biz.net\/Manager\/marzio-perrelli-13111\">Marzio Perrelli<\/a>, Executive Vice President di Sky Sport, ha illustrato come il nuovo formato rappresenti un cambiamento decisivo per il calcio europeo. Innovazione, competitivit\u00e0 e una copertura senza precedenti sono le chiavi della strategia editoriale portata avanti dal manager per questa nuova edizione.<\/em><\/strong><\/p>\n<p><a title=\"Il profilo professionale di Marzio Perrelli\" href=\"https:\/\/www.h2biz.net\/Manager\/marzio-perrelli-13111\"><img loading=\"lazy\" decoding=\"async\" src=\"https:\/\/www.topmanagers.it\/SharingFolder\/TopManager\/it\/ManagerProfilePhoto\/Photo\/marzio-perrelli.jpg\" alt=\"Marzio Perrelli\" width=\"236\" height=\"200\" \/><\/a><\/p>\n<h2>Marzio Perrelli: i dettagli della nuova edizione della Champions League<\/h2>\n<p>Con l\u2019inizio della nuova stagione di Champions League, gi\u00e0 segnato dalle prime emozioni e colpi di scena, <strong>Marzio Perrelli<\/strong>, Executive Vice President Sport di Sky Italia, ha condiviso le sue riflessioni sull&#8217;evoluzione del torneo e sulla copertura offerta da Sky Sport. Durante l\u2019evento di presentazione della competizione europea, tenutosi al Senato Garden di Milano, il manager ha descritto la nuova edizione della Champions League come una <em>&#8220;rivoluzione per il calcio europeo<\/em>&#8220;, sottolineando l\u2019importanza dell&#8217;introduzione delle tre classifiche. Un\u2019innovazione che rappresenta la terza grande svolta nella storia della competizione, dopo la nascita della Coppa dei Campioni nel 1955 e la sua trasformazione in Champions League nel 1992. &#8220;<em>Con questo nuovo formato, ogni partita conter\u00e0 di pi\u00f9 e avr\u00e0 un impatto immediato sulle classifiche<\/em>&#8220;, ha detto. La massiccia presenza italiana nelle competizioni europee, con ben otto squadre coinvolte, \u00e8 un altro segno distintivo di questa stagione. &#8220;<em>Il 75-80% dei tifosi italiani avr\u00e0 la possibilit\u00e0 di tifare per la propria squadra<\/em>&#8220;, ha sottolineato. La partecipazione di cos\u00ec tante squadre italiane non solo alzer\u00e0 il livello di competitivit\u00e0, ma garantir\u00e0 un forte coinvolgimento emotivo da parte del pubblico: &#8220;<em>Non esiste nulla di simile a livello mondiale: i giocatori pi\u00f9 forti, le squadre pi\u00f9 grandi, e il tifo pi\u00f9 appassionato. Siamo pronti a trattare tutto questo con il nostro Sky Touch, prestando la massima attenzione e cura a ogni dettaglio<\/em>\u201d. Le prime partite hanno gi\u00e0 acceso i cuori dei tifosi, che seguiranno con ancora maggiore interesse il proseguimento del torneo. &#8220;<em>Ogni partita \u00e8 una storia a s\u00e9, e siamo solo all&#8217;inizio di una stagione che promette grandi emozioni<\/em>&#8220;.<\/p>\n<h2>51 serate UEFA e oltre 500 partite, Marzio Perrelli: programmazione unica in Europa<\/h2>\n<p>L\u2019Executive Vice President di Sky Italia ha anche parlato delle sfide tecniche che gli allenatori dovranno affrontare quest\u2019anno. Il nuovo formato richiede una gestione oculata delle risorse, con decisioni cruciali su chi schierare in campionato e in Europa. &#8220;<em>La Champions \u00e8 la competizione pi\u00f9 importante e comporta decisioni strategiche difficili<\/em>&#8220;, ha commentato <a title=\"Marzio Perrelli: il percorso professionale dell'Executive Vice President di Sky Sport\" href=\"https:\/\/www.h2biz.net\/Manager\/marzio-perrelli-13111\"><strong>Marzio Perrelli<\/strong><\/a>. Il numero uno di Sky Sport ha inoltre colto l\u2019occasione per ringraziare il team editoriale e produttivo, che ha lavorato instancabilmente per garantire una copertura di alta qualit\u00e0. Con 13.000 ore di eventi live e oltre 22 discipline sportive, Sky offre una programmazione unica in Europa. E soprattutto estremamente flessibile nella fruizione dei contenuti, grazie ad opzioni come Sky Go e la possibilit\u00e0 di registrare i programmi, cos\u00ec da adattarsi alle esigenze dei telespettatori. Sono 51 le serate UEFA e oltre 500 le partite previste dall\u2019ambizioso piano editoriale di Sky Sport, che si conferma il punto di riferimento per i tifosi italiani.<\/p>\n","protected":false},"excerpt":{"rendered":"<p>La Champions League 2024 \u00e8 iniziata con una rivoluzione epocale e Marzio Perrelli, Executive Vice President di Sky Sport, ha illustrato come il nuovo formato rappresenti un cambiamento decisivo per il calcio europeo. Innovazione, competitivit\u00e0 e una copertura senza precedenti sono le chiavi della strategia editoriale portata avanti dal manager per questa nuova edizione. Marzio Perrelli: i dettagli della nuova edizione della Champions League Con l\u2019inizio della nuova stagione di<\/p>\n<p><a class=\"continue-reading\" href=\"https:\/\/www.article-marketing.eu\/comunicatistampa\/marzio-perrelli-sky-sport-partecipazione-italiana-alla-champions-league-mai-cosi-forte\/\">Continue reading&#8230;<\/a><\/p>\n","protected":false},"author":6477,"featured_media":0,"comment_status":"open","ping_status":"open","sticky":false,"template":"","format":"standard","meta":{"_monsterinsights_skip_tracking":false,"_monsterinsights_sitenote_active":false,"_monsterinsights_sitenote_note":"","_monsterinsights_sitenote_category":0,"footnotes":""},"categories":[353],"tags":[11217],"class_list":["post-31544","post","type-post","status-publish","format-standard","hentry","category-intrattenimento","tag-marzio-perrelli"],"yoast_head":"<!-- This site is optimized with the Yoast SEO plugin v27.3 - https:\/\/yoast.com\/product\/yoast-seo-wordpress\/ -->\n<title>Marzio Perrelli (Sky Sport): \u201cPartecipazione italiana alla Champions League mai cos\u00ec forte\u201d<\/title>\n<meta name=\"description\" content=\"Alla presentazione delle Coppe Europee, Marzio Perrelli ha parlato dell&#039;impatto delle nuove classifiche, definendole una rivoluzione\" \/>\n<meta name=\"robots\" content=\"index, follow, max-snippet:-1, max-image-preview:large, max-video-preview:-1\" \/>\n<link rel=\"canonical\" href=\"https:\/\/www.article-marketing.eu\/comunicatistampa\/marzio-perrelli-sky-sport-partecipazione-italiana-alla-champions-league-mai-cosi-forte\/\" \/>\n<meta property=\"og:locale\" content=\"it_IT\" \/>\n<meta property=\"og:type\" content=\"article\" \/>\n<meta property=\"og:title\" content=\"Marzio Perrelli (Sky Sport): \u201cPartecipazione italiana alla Champions League mai cos\u00ec forte\u201d\" \/>\n<meta property=\"og:description\" content=\"Alla presentazione delle Coppe Europee, Marzio Perrelli ha parlato dell&#039;impatto delle nuove classifiche, definendole una rivoluzione\" \/>\n<meta property=\"og:url\" content=\"https:\/\/www.article-marketing.eu\/comunicatistampa\/marzio-perrelli-sky-sport-partecipazione-italiana-alla-champions-league-mai-cosi-forte\/\" \/>\n<meta property=\"og:site_name\" content=\"Article Marketing\" \/>\n<meta property=\"article:published_time\" content=\"2025-02-08T17:19:53+00:00\" \/>\n<meta property=\"og:image\" content=\"https:\/\/www.topmanagers.it\/SharingFolder\/TopManager\/it\/ManagerProfilePhoto\/Photo\/marzio-perrelli.jpg\" \/>\n<meta name=\"author\" content=\"articolinews\" \/>\n<meta name=\"twitter:card\" content=\"summary_large_image\" \/>\n<meta name=\"twitter:label1\" content=\"Scritto da\" \/>\n\t<meta name=\"twitter:data1\" content=\"articolinews\" \/>\n\t<meta name=\"twitter:label2\" content=\"Tempo di lettura stimato\" \/>\n\t<meta name=\"twitter:data2\" content=\"3 minuti\" \/>\n<script type=\"application\/ld+json\" class=\"yoast-schema-graph\">{\"@context\":\"https:\\\/\\\/schema.org\",\"@graph\":[{\"@type\":\"Article\",\"@id\":\"https:\\\/\\\/www.article-marketing.eu\\\/comunicatistampa\\\/marzio-perrelli-sky-sport-partecipazione-italiana-alla-champions-league-mai-cosi-forte\\\/#article\",\"isPartOf\":{\"@id\":\"https:\\\/\\\/www.article-marketing.eu\\\/comunicatistampa\\\/marzio-perrelli-sky-sport-partecipazione-italiana-alla-champions-league-mai-cosi-forte\\\/\"},\"author\":{\"name\":\"articolinews\",\"@id\":\"https:\\\/\\\/www.article-marketing.eu\\\/comunicatistampa\\\/#\\\/schema\\\/person\\\/2fcaf8f8f3a9eef9eb7f27532d3ca458\"},\"headline\":\"Marzio Perrelli (Sky Sport): \u201cPartecipazione italiana alla Champions League mai cos\u00ec forte\u201d\",\"datePublished\":\"2025-02-08T17:19:53+00:00\",\"mainEntityOfPage\":{\"@id\":\"https:\\\/\\\/www.article-marketing.eu\\\/comunicatistampa\\\/marzio-perrelli-sky-sport-partecipazione-italiana-alla-champions-league-mai-cosi-forte\\\/\"},\"wordCount\":503,\"commentCount\":0,\"image\":{\"@id\":\"https:\\\/\\\/www.article-marketing.eu\\\/comunicatistampa\\\/marzio-perrelli-sky-sport-partecipazione-italiana-alla-champions-league-mai-cosi-forte\\\/#primaryimage\"},\"thumbnailUrl\":\"https:\\\/\\\/www.topmanagers.it\\\/SharingFolder\\\/TopManager\\\/it\\\/ManagerProfilePhoto\\\/Photo\\\/marzio-perrelli.jpg\",\"keywords\":[\"Marzio Perrelli\"],\"articleSection\":[\"Intrattenimento\"],\"inLanguage\":\"it-IT\",\"potentialAction\":[{\"@type\":\"CommentAction\",\"name\":\"Comment\",\"target\":[\"https:\\\/\\\/www.article-marketing.eu\\\/comunicatistampa\\\/marzio-perrelli-sky-sport-partecipazione-italiana-alla-champions-league-mai-cosi-forte\\\/#respond\"]}]},{\"@type\":\"WebPage\",\"@id\":\"https:\\\/\\\/www.article-marketing.eu\\\/comunicatistampa\\\/marzio-perrelli-sky-sport-partecipazione-italiana-alla-champions-league-mai-cosi-forte\\\/\",\"url\":\"https:\\\/\\\/www.article-marketing.eu\\\/comunicatistampa\\\/marzio-perrelli-sky-sport-partecipazione-italiana-alla-champions-league-mai-cosi-forte\\\/\",\"name\":\"Marzio Perrelli (Sky Sport): \u201cPartecipazione italiana alla Champions League mai cos\u00ec forte\u201d\",\"isPartOf\":{\"@id\":\"https:\\\/\\\/www.article-marketing.eu\\\/comunicatistampa\\\/#website\"},\"primaryImageOfPage\":{\"@id\":\"https:\\\/\\\/www.article-marketing.eu\\\/comunicatistampa\\\/marzio-perrelli-sky-sport-partecipazione-italiana-alla-champions-league-mai-cosi-forte\\\/#primaryimage\"},\"image\":{\"@id\":\"https:\\\/\\\/www.article-marketing.eu\\\/comunicatistampa\\\/marzio-perrelli-sky-sport-partecipazione-italiana-alla-champions-league-mai-cosi-forte\\\/#primaryimage\"},\"thumbnailUrl\":\"https:\\\/\\\/www.topmanagers.it\\\/SharingFolder\\\/TopManager\\\/it\\\/ManagerProfilePhoto\\\/Photo\\\/marzio-perrelli.jpg\",\"datePublished\":\"2025-02-08T17:19:53+00:00\",\"author\":{\"@id\":\"https:\\\/\\\/www.article-marketing.eu\\\/comunicatistampa\\\/#\\\/schema\\\/person\\\/2fcaf8f8f3a9eef9eb7f27532d3ca458\"},\"description\":\"Alla presentazione delle Coppe Europee, Marzio Perrelli ha parlato dell'impatto delle nuove classifiche, definendole una rivoluzione\",\"breadcrumb\":{\"@id\":\"https:\\\/\\\/www.article-marketing.eu\\\/comunicatistampa\\\/marzio-perrelli-sky-sport-partecipazione-italiana-alla-champions-league-mai-cosi-forte\\\/#breadcrumb\"},\"inLanguage\":\"it-IT\",\"potentialAction\":[{\"@type\":\"ReadAction\",\"target\":[\"https:\\\/\\\/www.article-marketing.eu\\\/comunicatistampa\\\/marzio-perrelli-sky-sport-partecipazione-italiana-alla-champions-league-mai-cosi-forte\\\/\"]}]},{\"@type\":\"ImageObject\",\"inLanguage\":\"it-IT\",\"@id\":\"https:\\\/\\\/www.article-marketing.eu\\\/comunicatistampa\\\/marzio-perrelli-sky-sport-partecipazione-italiana-alla-champions-league-mai-cosi-forte\\\/#primaryimage\",\"url\":\"https:\\\/\\\/www.topmanagers.it\\\/SharingFolder\\\/TopManager\\\/it\\\/ManagerProfilePhoto\\\/Photo\\\/marzio-perrelli.jpg\",\"contentUrl\":\"https:\\\/\\\/www.topmanagers.it\\\/SharingFolder\\\/TopManager\\\/it\\\/ManagerProfilePhoto\\\/Photo\\\/marzio-perrelli.jpg\"},{\"@type\":\"BreadcrumbList\",\"@id\":\"https:\\\/\\\/www.article-marketing.eu\\\/comunicatistampa\\\/marzio-perrelli-sky-sport-partecipazione-italiana-alla-champions-league-mai-cosi-forte\\\/#breadcrumb\",\"itemListElement\":[{\"@type\":\"ListItem\",\"position\":1,\"name\":\"Home\",\"item\":\"https:\\\/\\\/www.article-marketing.eu\\\/comunicatistampa\\\/\"},{\"@type\":\"ListItem\",\"position\":2,\"name\":\"Marzio Perrelli (Sky Sport): \u201cPartecipazione italiana alla Champions League mai cos\u00ec forte\u201d\"}]},{\"@type\":\"WebSite\",\"@id\":\"https:\\\/\\\/www.article-marketing.eu\\\/comunicatistampa\\\/#website\",\"url\":\"https:\\\/\\\/www.article-marketing.eu\\\/comunicatistampa\\\/\",\"name\":\"Article Marketing\",\"description\":\"article marketing &amp; press release\",\"potentialAction\":[{\"@type\":\"SearchAction\",\"target\":{\"@type\":\"EntryPoint\",\"urlTemplate\":\"https:\\\/\\\/www.article-marketing.eu\\\/comunicatistampa\\\/?s={search_term_string}\"},\"query-input\":{\"@type\":\"PropertyValueSpecification\",\"valueRequired\":true,\"valueName\":\"search_term_string\"}}],\"inLanguage\":\"it-IT\"},{\"@type\":\"Person\",\"@id\":\"https:\\\/\\\/www.article-marketing.eu\\\/comunicatistampa\\\/#\\\/schema\\\/person\\\/2fcaf8f8f3a9eef9eb7f27532d3ca458\",\"name\":\"articolinews\",\"image\":{\"@type\":\"ImageObject\",\"inLanguage\":\"it-IT\",\"@id\":\"https:\\\/\\\/secure.gravatar.com\\\/avatar\\\/9e2a264bab04e17dea24d937c9956304649a848cb73c46747a692ff1bdeb1cb7?s=96&d=mm&r=g\",\"url\":\"https:\\\/\\\/secure.gravatar.com\\\/avatar\\\/9e2a264bab04e17dea24d937c9956304649a848cb73c46747a692ff1bdeb1cb7?s=96&d=mm&r=g\",\"contentUrl\":\"https:\\\/\\\/secure.gravatar.com\\\/avatar\\\/9e2a264bab04e17dea24d937c9956304649a848cb73c46747a692ff1bdeb1cb7?s=96&d=mm&r=g\",\"caption\":\"articolinews\"},\"url\":\"https:\\\/\\\/www.article-marketing.eu\\\/comunicatistampa\\\/author\\\/articolinews\\\/\"}]}<\/script>\n<!-- \/ Yoast SEO plugin. -->","yoast_head_json":{"title":"Marzio Perrelli (Sky Sport): \u201cPartecipazione italiana alla Champions League mai cos\u00ec forte\u201d","description":"Alla presentazione delle Coppe Europee, Marzio Perrelli ha parlato dell'impatto delle nuove classifiche, definendole una rivoluzione","robots":{"index":"index","follow":"follow","max-snippet":"max-snippet:-1","max-image-preview":"max-image-preview:large","max-video-preview":"max-video-preview:-1"},"canonical":"https:\/\/www.article-marketing.eu\/comunicatistampa\/marzio-perrelli-sky-sport-partecipazione-italiana-alla-champions-league-mai-cosi-forte\/","og_locale":"it_IT","og_type":"article","og_title":"Marzio Perrelli (Sky Sport): \u201cPartecipazione italiana alla Champions League mai cos\u00ec forte\u201d","og_description":"Alla presentazione delle Coppe Europee, Marzio Perrelli ha parlato dell'impatto delle nuove classifiche, definendole una rivoluzione","og_url":"https:\/\/www.article-marketing.eu\/comunicatistampa\/marzio-perrelli-sky-sport-partecipazione-italiana-alla-champions-league-mai-cosi-forte\/","og_site_name":"Article Marketing","article_published_time":"2025-02-08T17:19:53+00:00","og_image":[{"url":"https:\/\/www.topmanagers.it\/SharingFolder\/TopManager\/it\/ManagerProfilePhoto\/Photo\/marzio-perrelli.jpg","type":"","width":"","height":""}],"author":"articolinews","twitter_card":"summary_large_image","twitter_misc":{"Scritto da":"articolinews","Tempo di lettura stimato":"3 minuti"},"schema":{"@context":"https:\/\/schema.org","@graph":[{"@type":"Article","@id":"https:\/\/www.article-marketing.eu\/comunicatistampa\/marzio-perrelli-sky-sport-partecipazione-italiana-alla-champions-league-mai-cosi-forte\/#article","isPartOf":{"@id":"https:\/\/www.article-marketing.eu\/comunicatistampa\/marzio-perrelli-sky-sport-partecipazione-italiana-alla-champions-league-mai-cosi-forte\/"},"author":{"name":"articolinews","@id":"https:\/\/www.article-marketing.eu\/comunicatistampa\/#\/schema\/person\/2fcaf8f8f3a9eef9eb7f27532d3ca458"},"headline":"Marzio Perrelli (Sky Sport): \u201cPartecipazione italiana alla Champions League mai cos\u00ec forte\u201d","datePublished":"2025-02-08T17:19:53+00:00","mainEntityOfPage":{"@id":"https:\/\/www.article-marketing.eu\/comunicatistampa\/marzio-perrelli-sky-sport-partecipazione-italiana-alla-champions-league-mai-cosi-forte\/"},"wordCount":503,"commentCount":0,"image":{"@id":"https:\/\/www.article-marketing.eu\/comunicatistampa\/marzio-perrelli-sky-sport-partecipazione-italiana-alla-champions-league-mai-cosi-forte\/#primaryimage"},"thumbnailUrl":"https:\/\/www.topmanagers.it\/SharingFolder\/TopManager\/it\/ManagerProfilePhoto\/Photo\/marzio-perrelli.jpg","keywords":["Marzio Perrelli"],"articleSection":["Intrattenimento"],"inLanguage":"it-IT","potentialAction":[{"@type":"CommentAction","name":"Comment","target":["https:\/\/www.article-marketing.eu\/comunicatistampa\/marzio-perrelli-sky-sport-partecipazione-italiana-alla-champions-league-mai-cosi-forte\/#respond"]}]},{"@type":"WebPage","@id":"https:\/\/www.article-marketing.eu\/comunicatistampa\/marzio-perrelli-sky-sport-partecipazione-italiana-alla-champions-league-mai-cosi-forte\/","url":"https:\/\/www.article-marketing.eu\/comunicatistampa\/marzio-perrelli-sky-sport-partecipazione-italiana-alla-champions-league-mai-cosi-forte\/","name":"Marzio Perrelli (Sky Sport): \u201cPartecipazione italiana alla Champions League mai cos\u00ec forte\u201d","isPartOf":{"@id":"https:\/\/www.article-marketing.eu\/comunicatistampa\/#website"},"primaryImageOfPage":{"@id":"https:\/\/www.article-marketing.eu\/comunicatistampa\/marzio-perrelli-sky-sport-partecipazione-italiana-alla-champions-league-mai-cosi-forte\/#primaryimage"},"image":{"@id":"https:\/\/www.article-marketing.eu\/comunicatistampa\/marzio-perrelli-sky-sport-partecipazione-italiana-alla-champions-league-mai-cosi-forte\/#primaryimage"},"thumbnailUrl":"https:\/\/www.topmanagers.it\/SharingFolder\/TopManager\/it\/ManagerProfilePhoto\/Photo\/marzio-perrelli.jpg","datePublished":"2025-02-08T17:19:53+00:00","author":{"@id":"https:\/\/www.article-marketing.eu\/comunicatistampa\/#\/schema\/person\/2fcaf8f8f3a9eef9eb7f27532d3ca458"},"description":"Alla presentazione delle Coppe Europee, Marzio Perrelli ha parlato dell'impatto delle nuove classifiche, definendole una rivoluzione","breadcrumb":{"@id":"https:\/\/www.article-marketing.eu\/comunicatistampa\/marzio-perrelli-sky-sport-partecipazione-italiana-alla-champions-league-mai-cosi-forte\/#breadcrumb"},"inLanguage":"it-IT","potentialAction":[{"@type":"ReadAction","target":["https:\/\/www.article-marketing.eu\/comunicatistampa\/marzio-perrelli-sky-sport-partecipazione-italiana-alla-champions-league-mai-cosi-forte\/"]}]},{"@type":"ImageObject","inLanguage":"it-IT","@id":"https:\/\/www.article-marketing.eu\/comunicatistampa\/marzio-perrelli-sky-sport-partecipazione-italiana-alla-champions-league-mai-cosi-forte\/#primaryimage","url":"https:\/\/www.topmanagers.it\/SharingFolder\/TopManager\/it\/ManagerProfilePhoto\/Photo\/marzio-perrelli.jpg","contentUrl":"https:\/\/www.topmanagers.it\/SharingFolder\/TopManager\/it\/ManagerProfilePhoto\/Photo\/marzio-perrelli.jpg"},{"@type":"BreadcrumbList","@id":"https:\/\/www.article-marketing.eu\/comunicatistampa\/marzio-perrelli-sky-sport-partecipazione-italiana-alla-champions-league-mai-cosi-forte\/#breadcrumb","itemListElement":[{"@type":"ListItem","position":1,"name":"Home","item":"https:\/\/www.article-marketing.eu\/comunicatistampa\/"},{"@type":"ListItem","position":2,"name":"Marzio Perrelli (Sky Sport): \u201cPartecipazione italiana alla Champions League mai cos\u00ec forte\u201d"}]},{"@type":"WebSite","@id":"https:\/\/www.article-marketing.eu\/comunicatistampa\/#website","url":"https:\/\/www.article-marketing.eu\/comunicatistampa\/","name":"Article Marketing","description":"article marketing &amp; press release","potentialAction":[{"@type":"SearchAction","target":{"@type":"EntryPoint","urlTemplate":"https:\/\/www.article-marketing.eu\/comunicatistampa\/?s={search_term_string}"},"query-input":{"@type":"PropertyValueSpecification","valueRequired":true,"valueName":"search_term_string"}}],"inLanguage":"it-IT"},{"@type":"Person","@id":"https:\/\/www.article-marketing.eu\/comunicatistampa\/#\/schema\/person\/2fcaf8f8f3a9eef9eb7f27532d3ca458","name":"articolinews","image":{"@type":"ImageObject","inLanguage":"it-IT","@id":"https:\/\/secure.gravatar.com\/avatar\/9e2a264bab04e17dea24d937c9956304649a848cb73c46747a692ff1bdeb1cb7?s=96&d=mm&r=g","url":"https:\/\/secure.gravatar.com\/avatar\/9e2a264bab04e17dea24d937c9956304649a848cb73c46747a692ff1bdeb1cb7?s=96&d=mm&r=g","contentUrl":"https:\/\/secure.gravatar.com\/avatar\/9e2a264bab04e17dea24d937c9956304649a848cb73c46747a692ff1bdeb1cb7?s=96&d=mm&r=g","caption":"articolinews"},"url":"https:\/\/www.article-marketing.eu\/comunicatistampa\/author\/articolinews\/"}]}},"_links":{"self":[{"href":"https:\/\/www.article-marketing.eu\/comunicatistampa\/wp-json\/wp\/v2\/posts\/31544","targetHints":{"allow":["GET"]}}],"collection":[{"href":"https:\/\/www.article-marketing.eu\/comunicatistampa\/wp-json\/wp\/v2\/posts"}],"about":[{"href":"https:\/\/www.article-marketing.eu\/comunicatistampa\/wp-json\/wp\/v2\/types\/post"}],"author":[{"embeddable":true,"href":"https:\/\/www.article-marketing.eu\/comunicatistampa\/wp-json\/wp\/v2\/users\/6477"}],"replies":[{"embeddable":true,"href":"https:\/\/www.article-marketing.eu\/comunicatistampa\/wp-json\/wp\/v2\/comments?post=31544"}],"version-history":[{"count":2,"href":"https:\/\/www.article-marketing.eu\/comunicatistampa\/wp-json\/wp\/v2\/posts\/31544\/revisions"}],"predecessor-version":[{"id":32078,"href":"https:\/\/www.article-marketing.eu\/comunicatistampa\/wp-json\/wp\/v2\/posts\/31544\/revisions\/32078"}],"wp:attachment":[{"href":"https:\/\/www.article-marketing.eu\/comunicatistampa\/wp-json\/wp\/v2\/media?parent=31544"}],"wp:term":[{"taxonomy":"category","embeddable":true,"href":"https:\/\/www.article-marketing.eu\/comunicatistampa\/wp-json\/wp\/v2\/categories?post=31544"},{"taxonomy":"post_tag","embeddable":true,"href":"https:\/\/www.article-marketing.eu\/comunicatistampa\/wp-json\/wp\/v2\/tags?post=31544"}],"curies":[{"name":"wp","href":"https:\/\/api.w.org\/{rel}","templated":true}]}}