{"id":31562,"date":"2025-02-08T18:26:51","date_gmt":"2025-02-08T17:26:51","guid":{"rendered":"https:\/\/www.article-marketing.eu\/comunicatistampa\/?p=31562"},"modified":"2025-02-08T18:26:51","modified_gmt":"2025-02-08T17:26:51","slug":"fuga-dal-mondo-perfetto-racconta-un-futuro-distopico-che-e-gia-fra-noi","status":"publish","type":"post","link":"https:\/\/www.article-marketing.eu\/comunicatistampa\/fuga-dal-mondo-perfetto-racconta-un-futuro-distopico-che-e-gia-fra-noi\/","title":{"rendered":"\u201cFuga dal Mondo Perfetto\u201d racconta un futuro distopico che \u00e8 gi\u00e0 fra noi"},"content":{"rendered":"<p><img loading=\"lazy\" decoding=\"async\" class=\"aligncenter\" src=\"https:\/\/maunakeaedizioni.wordpress.com\/wp-content\/uploads\/2024\/05\/fuga-dal-mondo-perfetto-copertina.jpg?w=768\" alt=\"Fuga dal mondo perfetto di Adriano Zanatta\" width=\"390\" height=\"648\" \/><\/p>\n<p>\u201cFuga dal Mondo Perfetto\u201d, del trevigiano Adriano Zanatta, edito da Mauna Loa Edizioni, \u00e8 in libreria.<\/p>\n<p>Si tratta di un avvincente romanzo distopico che si affaccia su un futuro prossimo.<\/p>\n<p>Ci segnala i rischi di un mondo diviso in due, da un lato ipertecnologico, etico e\u00a0 \u201cperfetto\u201d, dall\u2019altro libero ma pericoloso.<\/p>\n<p>Il dilemma \u00e8 quello della libert\u00e0 di scelta personale e di come ognuno di noi si porrebbe di fronte a questi due possibili modi di vivere.<\/p>\n<p>Intervistiamo l\u2019autore, che con questo romanzo ha vinto la sezione inediti del Premio Letterario Internazionale Charles Dickens.<\/p>\n<p>Gli chiediamo di parlarci della ispirazione del suo libro che ha affascinato la giuria.<\/p>\n<p>\u201cLe domande che mi sono fatto sono: che mondo ci aspetta?<\/p>\n<p>Cosa succeder\u00e0 quando la tecnologia, gi\u00e0 presente nella nostra vita quotidiana, avr\u00e0 fatto un deciso passo in avanti?<\/p>\n<p>Quale sar\u00e0 il prezzo da pagare per vedere risolti problemi come inquinamento, traffico, salute o sicurezza che ci affliggono?<\/p>\n<p>Gli individui saranno sempre pi\u00f9 evoluti oppure sempre pi\u00f9 isolati e controllati?<\/p>\n<p>Ho affidato i miei dubbi agli attori di questo romanzo.<\/p>\n<p>Sullo sfondo in cui un futuro il virtuale si unisce, si sovrappone e si confonde con il reale, si dipana una trama densa di umanit\u00e0, con i protagonisti che troveranno quel nuovo modo di vivere positivo e auspicabile oppure ineluttabile e disturbante\u201d.<\/p>\n<p>\u00c8 quindi a questo dilemma che ci introduce nella sua opera Adriano Zanatta, gi\u00e0 autore del romanzo di formazione \u201cL\u2019Invenzione\u201d e di un giallo, \u201cBad Bankers\u201d, ispirato allo scandalo del fallimento delle Banche Venete.<\/p>\n<p>Aggiunge Zanatta:<\/p>\n<p>\u201cIl romanzo \u00e8 ambientato nel 2045.<\/p>\n<p>Le fasce privilegiate della societ\u00e0 hanno preso possesso della parte occidentale del pianeta, dove hanno creato il Mondo Perfetto.<\/p>\n<p>Un luogo in cui organizzazione, razionalit\u00e0, ricchezza e avanzamento tecnologico assicurano ai suoi pochi e fortunati abitanti un livello di benessere e di sicurezza straordinario.<\/p>\n<p>Il restante 90% della popolazione globale, invece, \u00e8 concentrato nella parte orientale ed \u00e8 costretto alla vita caotica, incerta, disorganizzata e pericolosa del Mondo Libero\u201d.<\/p>\n<p>Un libro da non perdere, per interrogarci su quale sarebbe la nostra scelta.<\/p>\n<p>Per saperne di pi\u00f9: https:\/\/maunakeaedizioni.wordpress.com\/2024\/05\/11\/fuga-dal-mondo-perfetto-di-adriano-zanatta\/<\/p>\n","protected":false},"excerpt":{"rendered":"<p>\u201cFuga dal Mondo Perfetto\u201d, del trevigiano Adriano Zanatta, edito da Mauna Loa Edizioni, \u00e8 in libreria. Si tratta di un avvincente romanzo distopico che si affaccia su un futuro prossimo. Ci segnala i rischi di un mondo diviso in due, da un lato ipertecnologico, etico e\u00a0 \u201cperfetto\u201d, dall\u2019altro libero ma pericoloso. Il dilemma \u00e8 quello della libert\u00e0 di scelta personale e di come ognuno di noi si porrebbe di fronte<\/p>\n<p><a class=\"continue-reading\" href=\"https:\/\/www.article-marketing.eu\/comunicatistampa\/fuga-dal-mondo-perfetto-racconta-un-futuro-distopico-che-e-gia-fra-noi\/\">Continue reading&#8230;<\/a><\/p>\n","protected":false},"author":347,"featured_media":0,"comment_status":"open","ping_status":"open","sticky":false,"template":"","format":"standard","meta":{"_monsterinsights_skip_tracking":false,"_monsterinsights_sitenote_active":false,"_monsterinsights_sitenote_note":"","_monsterinsights_sitenote_category":0,"footnotes":""},"categories":[78,410,369],"tags":[11220,10135,10668,11221,11219],"class_list":["post-31562","post","type-post","status-publish","format-standard","hentry","category-comunicati-stampa","category-libri","category-salute-e-benessere","tag-adriano-zanatta","tag-fantascienza","tag-mauna-loa-edizioni","tag-mondo-perfetto","tag-romanzo-distopico"],"yoast_head":"<!-- This site is optimized with the Yoast SEO plugin v27.3 - https:\/\/yoast.com\/product\/yoast-seo-wordpress\/ -->\n<title>\u201cFuga dal Mondo Perfetto\u201d racconta un futuro distopico che \u00e8 gi\u00e0 fra noi<\/title>\n<meta name=\"description\" content=\"Un avvincente romanzo distopico che si affaccia su un futuro prossimo\" \/>\n<meta name=\"robots\" content=\"index, follow, max-snippet:-1, max-image-preview:large, max-video-preview:-1\" \/>\n<link rel=\"canonical\" href=\"https:\/\/www.article-marketing.eu\/comunicatistampa\/fuga-dal-mondo-perfetto-racconta-un-futuro-distopico-che-e-gia-fra-noi\/\" \/>\n<meta property=\"og:locale\" content=\"it_IT\" \/>\n<meta property=\"og:type\" content=\"article\" \/>\n<meta property=\"og:title\" content=\"\u201cFuga dal Mondo Perfetto\u201d racconta un futuro distopico che \u00e8 gi\u00e0 fra noi\" \/>\n<meta property=\"og:description\" content=\"Un avvincente romanzo distopico che si affaccia su un futuro prossimo\" \/>\n<meta property=\"og:url\" content=\"https:\/\/www.article-marketing.eu\/comunicatistampa\/fuga-dal-mondo-perfetto-racconta-un-futuro-distopico-che-e-gia-fra-noi\/\" \/>\n<meta property=\"og:site_name\" content=\"Article Marketing\" \/>\n<meta property=\"article:published_time\" content=\"2025-02-08T17:26:51+00:00\" \/>\n<meta property=\"og:image\" content=\"https:\/\/maunakeaedizioni.wordpress.com\/wp-content\/uploads\/2024\/05\/fuga-dal-mondo-perfetto-copertina.jpg?w=768\" \/>\n<meta name=\"author\" content=\"europrinters\" \/>\n<meta name=\"twitter:card\" content=\"summary_large_image\" \/>\n<meta name=\"twitter:label1\" content=\"Scritto da\" \/>\n\t<meta name=\"twitter:data1\" content=\"europrinters\" \/>\n\t<meta name=\"twitter:label2\" content=\"Tempo di lettura stimato\" \/>\n\t<meta name=\"twitter:data2\" content=\"3 minuti\" \/>\n<script type=\"application\/ld+json\" class=\"yoast-schema-graph\">{\"@context\":\"https:\\\/\\\/schema.org\",\"@graph\":[{\"@type\":\"Article\",\"@id\":\"https:\\\/\\\/www.article-marketing.eu\\\/comunicatistampa\\\/fuga-dal-mondo-perfetto-racconta-un-futuro-distopico-che-e-gia-fra-noi\\\/#article\",\"isPartOf\":{\"@id\":\"https:\\\/\\\/www.article-marketing.eu\\\/comunicatistampa\\\/fuga-dal-mondo-perfetto-racconta-un-futuro-distopico-che-e-gia-fra-noi\\\/\"},\"author\":{\"name\":\"europrinters\",\"@id\":\"https:\\\/\\\/www.article-marketing.eu\\\/comunicatistampa\\\/#\\\/schema\\\/person\\\/1ee704ba6ccd36156c382237113c050d\"},\"headline\":\"\u201cFuga dal Mondo Perfetto\u201d racconta un futuro distopico che \u00e8 gi\u00e0 fra noi\",\"datePublished\":\"2025-02-08T17:26:51+00:00\",\"mainEntityOfPage\":{\"@id\":\"https:\\\/\\\/www.article-marketing.eu\\\/comunicatistampa\\\/fuga-dal-mondo-perfetto-racconta-un-futuro-distopico-che-e-gia-fra-noi\\\/\"},\"wordCount\":360,\"commentCount\":0,\"image\":{\"@id\":\"https:\\\/\\\/www.article-marketing.eu\\\/comunicatistampa\\\/fuga-dal-mondo-perfetto-racconta-un-futuro-distopico-che-e-gia-fra-noi\\\/#primaryimage\"},\"thumbnailUrl\":\"https:\\\/\\\/maunakeaedizioni.wordpress.com\\\/wp-content\\\/uploads\\\/2024\\\/05\\\/fuga-dal-mondo-perfetto-copertina.jpg?w=768\",\"keywords\":[\"adriano zanatta\",\"fantascienza\",\"mauna loa edizioni\",\"mondo perfetto\",\"romanzo distopico\"],\"articleSection\":[\"Comunicati stampa\",\"Libri\",\"Salute e benessere\"],\"inLanguage\":\"it-IT\",\"potentialAction\":[{\"@type\":\"CommentAction\",\"name\":\"Comment\",\"target\":[\"https:\\\/\\\/www.article-marketing.eu\\\/comunicatistampa\\\/fuga-dal-mondo-perfetto-racconta-un-futuro-distopico-che-e-gia-fra-noi\\\/#respond\"]}]},{\"@type\":\"WebPage\",\"@id\":\"https:\\\/\\\/www.article-marketing.eu\\\/comunicatistampa\\\/fuga-dal-mondo-perfetto-racconta-un-futuro-distopico-che-e-gia-fra-noi\\\/\",\"url\":\"https:\\\/\\\/www.article-marketing.eu\\\/comunicatistampa\\\/fuga-dal-mondo-perfetto-racconta-un-futuro-distopico-che-e-gia-fra-noi\\\/\",\"name\":\"\u201cFuga dal Mondo Perfetto\u201d racconta un futuro distopico che \u00e8 gi\u00e0 fra noi\",\"isPartOf\":{\"@id\":\"https:\\\/\\\/www.article-marketing.eu\\\/comunicatistampa\\\/#website\"},\"primaryImageOfPage\":{\"@id\":\"https:\\\/\\\/www.article-marketing.eu\\\/comunicatistampa\\\/fuga-dal-mondo-perfetto-racconta-un-futuro-distopico-che-e-gia-fra-noi\\\/#primaryimage\"},\"image\":{\"@id\":\"https:\\\/\\\/www.article-marketing.eu\\\/comunicatistampa\\\/fuga-dal-mondo-perfetto-racconta-un-futuro-distopico-che-e-gia-fra-noi\\\/#primaryimage\"},\"thumbnailUrl\":\"https:\\\/\\\/maunakeaedizioni.wordpress.com\\\/wp-content\\\/uploads\\\/2024\\\/05\\\/fuga-dal-mondo-perfetto-copertina.jpg?w=768\",\"datePublished\":\"2025-02-08T17:26:51+00:00\",\"author\":{\"@id\":\"https:\\\/\\\/www.article-marketing.eu\\\/comunicatistampa\\\/#\\\/schema\\\/person\\\/1ee704ba6ccd36156c382237113c050d\"},\"description\":\"Un avvincente romanzo distopico che si affaccia su un futuro prossimo\",\"breadcrumb\":{\"@id\":\"https:\\\/\\\/www.article-marketing.eu\\\/comunicatistampa\\\/fuga-dal-mondo-perfetto-racconta-un-futuro-distopico-che-e-gia-fra-noi\\\/#breadcrumb\"},\"inLanguage\":\"it-IT\",\"potentialAction\":[{\"@type\":\"ReadAction\",\"target\":[\"https:\\\/\\\/www.article-marketing.eu\\\/comunicatistampa\\\/fuga-dal-mondo-perfetto-racconta-un-futuro-distopico-che-e-gia-fra-noi\\\/\"]}]},{\"@type\":\"ImageObject\",\"inLanguage\":\"it-IT\",\"@id\":\"https:\\\/\\\/www.article-marketing.eu\\\/comunicatistampa\\\/fuga-dal-mondo-perfetto-racconta-un-futuro-distopico-che-e-gia-fra-noi\\\/#primaryimage\",\"url\":\"https:\\\/\\\/maunakeaedizioni.wordpress.com\\\/wp-content\\\/uploads\\\/2024\\\/05\\\/fuga-dal-mondo-perfetto-copertina.jpg?w=768\",\"contentUrl\":\"https:\\\/\\\/maunakeaedizioni.wordpress.com\\\/wp-content\\\/uploads\\\/2024\\\/05\\\/fuga-dal-mondo-perfetto-copertina.jpg?w=768\"},{\"@type\":\"BreadcrumbList\",\"@id\":\"https:\\\/\\\/www.article-marketing.eu\\\/comunicatistampa\\\/fuga-dal-mondo-perfetto-racconta-un-futuro-distopico-che-e-gia-fra-noi\\\/#breadcrumb\",\"itemListElement\":[{\"@type\":\"ListItem\",\"position\":1,\"name\":\"Home\",\"item\":\"https:\\\/\\\/www.article-marketing.eu\\\/comunicatistampa\\\/\"},{\"@type\":\"ListItem\",\"position\":2,\"name\":\"\u201cFuga dal Mondo Perfetto\u201d racconta un futuro distopico che \u00e8 gi\u00e0 fra noi\"}]},{\"@type\":\"WebSite\",\"@id\":\"https:\\\/\\\/www.article-marketing.eu\\\/comunicatistampa\\\/#website\",\"url\":\"https:\\\/\\\/www.article-marketing.eu\\\/comunicatistampa\\\/\",\"name\":\"Article Marketing\",\"description\":\"article marketing &amp; press release\",\"potentialAction\":[{\"@type\":\"SearchAction\",\"target\":{\"@type\":\"EntryPoint\",\"urlTemplate\":\"https:\\\/\\\/www.article-marketing.eu\\\/comunicatistampa\\\/?s={search_term_string}\"},\"query-input\":{\"@type\":\"PropertyValueSpecification\",\"valueRequired\":true,\"valueName\":\"search_term_string\"}}],\"inLanguage\":\"it-IT\"},{\"@type\":\"Person\",\"@id\":\"https:\\\/\\\/www.article-marketing.eu\\\/comunicatistampa\\\/#\\\/schema\\\/person\\\/1ee704ba6ccd36156c382237113c050d\",\"name\":\"europrinters\",\"image\":{\"@type\":\"ImageObject\",\"inLanguage\":\"it-IT\",\"@id\":\"https:\\\/\\\/secure.gravatar.com\\\/avatar\\\/03b3a8947654550924af096db894c088aff5351ddb3f1972a9be0896e7bdd16d?s=96&d=mm&r=g\",\"url\":\"https:\\\/\\\/secure.gravatar.com\\\/avatar\\\/03b3a8947654550924af096db894c088aff5351ddb3f1972a9be0896e7bdd16d?s=96&d=mm&r=g\",\"contentUrl\":\"https:\\\/\\\/secure.gravatar.com\\\/avatar\\\/03b3a8947654550924af096db894c088aff5351ddb3f1972a9be0896e7bdd16d?s=96&d=mm&r=g\",\"caption\":\"europrinters\"},\"url\":\"https:\\\/\\\/www.article-marketing.eu\\\/comunicatistampa\\\/author\\\/europrinters\\\/\"}]}<\/script>\n<!-- \/ Yoast SEO plugin. -->","yoast_head_json":{"title":"\u201cFuga dal Mondo Perfetto\u201d racconta un futuro distopico che \u00e8 gi\u00e0 fra noi","description":"Un avvincente romanzo distopico che si affaccia su un futuro prossimo","robots":{"index":"index","follow":"follow","max-snippet":"max-snippet:-1","max-image-preview":"max-image-preview:large","max-video-preview":"max-video-preview:-1"},"canonical":"https:\/\/www.article-marketing.eu\/comunicatistampa\/fuga-dal-mondo-perfetto-racconta-un-futuro-distopico-che-e-gia-fra-noi\/","og_locale":"it_IT","og_type":"article","og_title":"\u201cFuga dal Mondo Perfetto\u201d racconta un futuro distopico che \u00e8 gi\u00e0 fra noi","og_description":"Un avvincente romanzo distopico che si affaccia su un futuro prossimo","og_url":"https:\/\/www.article-marketing.eu\/comunicatistampa\/fuga-dal-mondo-perfetto-racconta-un-futuro-distopico-che-e-gia-fra-noi\/","og_site_name":"Article Marketing","article_published_time":"2025-02-08T17:26:51+00:00","og_image":[{"url":"https:\/\/maunakeaedizioni.wordpress.com\/wp-content\/uploads\/2024\/05\/fuga-dal-mondo-perfetto-copertina.jpg?w=768","type":"","width":"","height":""}],"author":"europrinters","twitter_card":"summary_large_image","twitter_misc":{"Scritto da":"europrinters","Tempo di lettura stimato":"3 minuti"},"schema":{"@context":"https:\/\/schema.org","@graph":[{"@type":"Article","@id":"https:\/\/www.article-marketing.eu\/comunicatistampa\/fuga-dal-mondo-perfetto-racconta-un-futuro-distopico-che-e-gia-fra-noi\/#article","isPartOf":{"@id":"https:\/\/www.article-marketing.eu\/comunicatistampa\/fuga-dal-mondo-perfetto-racconta-un-futuro-distopico-che-e-gia-fra-noi\/"},"author":{"name":"europrinters","@id":"https:\/\/www.article-marketing.eu\/comunicatistampa\/#\/schema\/person\/1ee704ba6ccd36156c382237113c050d"},"headline":"\u201cFuga dal Mondo Perfetto\u201d racconta un futuro distopico che \u00e8 gi\u00e0 fra noi","datePublished":"2025-02-08T17:26:51+00:00","mainEntityOfPage":{"@id":"https:\/\/www.article-marketing.eu\/comunicatistampa\/fuga-dal-mondo-perfetto-racconta-un-futuro-distopico-che-e-gia-fra-noi\/"},"wordCount":360,"commentCount":0,"image":{"@id":"https:\/\/www.article-marketing.eu\/comunicatistampa\/fuga-dal-mondo-perfetto-racconta-un-futuro-distopico-che-e-gia-fra-noi\/#primaryimage"},"thumbnailUrl":"https:\/\/maunakeaedizioni.wordpress.com\/wp-content\/uploads\/2024\/05\/fuga-dal-mondo-perfetto-copertina.jpg?w=768","keywords":["adriano zanatta","fantascienza","mauna loa edizioni","mondo perfetto","romanzo distopico"],"articleSection":["Comunicati stampa","Libri","Salute e benessere"],"inLanguage":"it-IT","potentialAction":[{"@type":"CommentAction","name":"Comment","target":["https:\/\/www.article-marketing.eu\/comunicatistampa\/fuga-dal-mondo-perfetto-racconta-un-futuro-distopico-che-e-gia-fra-noi\/#respond"]}]},{"@type":"WebPage","@id":"https:\/\/www.article-marketing.eu\/comunicatistampa\/fuga-dal-mondo-perfetto-racconta-un-futuro-distopico-che-e-gia-fra-noi\/","url":"https:\/\/www.article-marketing.eu\/comunicatistampa\/fuga-dal-mondo-perfetto-racconta-un-futuro-distopico-che-e-gia-fra-noi\/","name":"\u201cFuga dal Mondo Perfetto\u201d racconta un futuro distopico che \u00e8 gi\u00e0 fra noi","isPartOf":{"@id":"https:\/\/www.article-marketing.eu\/comunicatistampa\/#website"},"primaryImageOfPage":{"@id":"https:\/\/www.article-marketing.eu\/comunicatistampa\/fuga-dal-mondo-perfetto-racconta-un-futuro-distopico-che-e-gia-fra-noi\/#primaryimage"},"image":{"@id":"https:\/\/www.article-marketing.eu\/comunicatistampa\/fuga-dal-mondo-perfetto-racconta-un-futuro-distopico-che-e-gia-fra-noi\/#primaryimage"},"thumbnailUrl":"https:\/\/maunakeaedizioni.wordpress.com\/wp-content\/uploads\/2024\/05\/fuga-dal-mondo-perfetto-copertina.jpg?w=768","datePublished":"2025-02-08T17:26:51+00:00","author":{"@id":"https:\/\/www.article-marketing.eu\/comunicatistampa\/#\/schema\/person\/1ee704ba6ccd36156c382237113c050d"},"description":"Un avvincente romanzo distopico che si affaccia su un futuro prossimo","breadcrumb":{"@id":"https:\/\/www.article-marketing.eu\/comunicatistampa\/fuga-dal-mondo-perfetto-racconta-un-futuro-distopico-che-e-gia-fra-noi\/#breadcrumb"},"inLanguage":"it-IT","potentialAction":[{"@type":"ReadAction","target":["https:\/\/www.article-marketing.eu\/comunicatistampa\/fuga-dal-mondo-perfetto-racconta-un-futuro-distopico-che-e-gia-fra-noi\/"]}]},{"@type":"ImageObject","inLanguage":"it-IT","@id":"https:\/\/www.article-marketing.eu\/comunicatistampa\/fuga-dal-mondo-perfetto-racconta-un-futuro-distopico-che-e-gia-fra-noi\/#primaryimage","url":"https:\/\/maunakeaedizioni.wordpress.com\/wp-content\/uploads\/2024\/05\/fuga-dal-mondo-perfetto-copertina.jpg?w=768","contentUrl":"https:\/\/maunakeaedizioni.wordpress.com\/wp-content\/uploads\/2024\/05\/fuga-dal-mondo-perfetto-copertina.jpg?w=768"},{"@type":"BreadcrumbList","@id":"https:\/\/www.article-marketing.eu\/comunicatistampa\/fuga-dal-mondo-perfetto-racconta-un-futuro-distopico-che-e-gia-fra-noi\/#breadcrumb","itemListElement":[{"@type":"ListItem","position":1,"name":"Home","item":"https:\/\/www.article-marketing.eu\/comunicatistampa\/"},{"@type":"ListItem","position":2,"name":"\u201cFuga dal Mondo Perfetto\u201d racconta un futuro distopico che \u00e8 gi\u00e0 fra noi"}]},{"@type":"WebSite","@id":"https:\/\/www.article-marketing.eu\/comunicatistampa\/#website","url":"https:\/\/www.article-marketing.eu\/comunicatistampa\/","name":"Article Marketing","description":"article marketing &amp; press release","potentialAction":[{"@type":"SearchAction","target":{"@type":"EntryPoint","urlTemplate":"https:\/\/www.article-marketing.eu\/comunicatistampa\/?s={search_term_string}"},"query-input":{"@type":"PropertyValueSpecification","valueRequired":true,"valueName":"search_term_string"}}],"inLanguage":"it-IT"},{"@type":"Person","@id":"https:\/\/www.article-marketing.eu\/comunicatistampa\/#\/schema\/person\/1ee704ba6ccd36156c382237113c050d","name":"europrinters","image":{"@type":"ImageObject","inLanguage":"it-IT","@id":"https:\/\/secure.gravatar.com\/avatar\/03b3a8947654550924af096db894c088aff5351ddb3f1972a9be0896e7bdd16d?s=96&d=mm&r=g","url":"https:\/\/secure.gravatar.com\/avatar\/03b3a8947654550924af096db894c088aff5351ddb3f1972a9be0896e7bdd16d?s=96&d=mm&r=g","contentUrl":"https:\/\/secure.gravatar.com\/avatar\/03b3a8947654550924af096db894c088aff5351ddb3f1972a9be0896e7bdd16d?s=96&d=mm&r=g","caption":"europrinters"},"url":"https:\/\/www.article-marketing.eu\/comunicatistampa\/author\/europrinters\/"}]}},"_links":{"self":[{"href":"https:\/\/www.article-marketing.eu\/comunicatistampa\/wp-json\/wp\/v2\/posts\/31562","targetHints":{"allow":["GET"]}}],"collection":[{"href":"https:\/\/www.article-marketing.eu\/comunicatistampa\/wp-json\/wp\/v2\/posts"}],"about":[{"href":"https:\/\/www.article-marketing.eu\/comunicatistampa\/wp-json\/wp\/v2\/types\/post"}],"author":[{"embeddable":true,"href":"https:\/\/www.article-marketing.eu\/comunicatistampa\/wp-json\/wp\/v2\/users\/347"}],"replies":[{"embeddable":true,"href":"https:\/\/www.article-marketing.eu\/comunicatistampa\/wp-json\/wp\/v2\/comments?post=31562"}],"version-history":[{"count":2,"href":"https:\/\/www.article-marketing.eu\/comunicatistampa\/wp-json\/wp\/v2\/posts\/31562\/revisions"}],"predecessor-version":[{"id":32096,"href":"https:\/\/www.article-marketing.eu\/comunicatistampa\/wp-json\/wp\/v2\/posts\/31562\/revisions\/32096"}],"wp:attachment":[{"href":"https:\/\/www.article-marketing.eu\/comunicatistampa\/wp-json\/wp\/v2\/media?parent=31562"}],"wp:term":[{"taxonomy":"category","embeddable":true,"href":"https:\/\/www.article-marketing.eu\/comunicatistampa\/wp-json\/wp\/v2\/categories?post=31562"},{"taxonomy":"post_tag","embeddable":true,"href":"https:\/\/www.article-marketing.eu\/comunicatistampa\/wp-json\/wp\/v2\/tags?post=31562"}],"curies":[{"name":"wp","href":"https:\/\/api.w.org\/{rel}","templated":true}]}}