{"id":31568,"date":"2025-02-08T18:27:30","date_gmt":"2025-02-08T17:27:30","guid":{"rendered":"https:\/\/www.article-marketing.eu\/comunicatistampa\/?p=31568"},"modified":"2025-02-08T18:27:30","modified_gmt":"2025-02-08T17:27:30","slug":"relazione-di-cura-e-cura-della-relazione-dello-psicoterapeuta-bonani-unopera-per-relazioni-personali-e-professionali-di-qualita","status":"publish","type":"post","link":"https:\/\/www.article-marketing.eu\/comunicatistampa\/relazione-di-cura-e-cura-della-relazione-dello-psicoterapeuta-bonani-unopera-per-relazioni-personali-e-professionali-di-qualita\/","title":{"rendered":"Relazione di cura e cura della relazione dello psicoterapeuta Bonani: un\u2019opera per relazioni personali  e professionali di qualit\u00e0"},"content":{"rendered":"<p><img loading=\"lazy\" decoding=\"async\" class=\"aligncenter\" src=\"https:\/\/maunakeaedizioni.wordpress.com\/wp-content\/uploads\/2024\/05\/relazione-di-cura-copertina.jpg?w=768\" alt=\"Relazione di cura e cura della relazione di Matteo Maria Bonani\" width=\"391\" height=\"641\" \/><\/p>\n<p>Relazione di cura e cura della relazione dello psicoterapeuta Bonani: un\u2019opera per relazioni personali e professionali di qualit\u00e0.<\/p>\n<p>E\u2019 in libreria \u201cRelazione di cura e cura della relazione. Per una clinica dei paesaggi relazionali\u201d dello psicoterapeuta Matteo Maria Bonani, a cura della Mauna Edizioni.<\/p>\n<p>E\u2019 un\u2019opera rivolta a chi desideri studiare e migliorare la propria capacit\u00e0 relazionale.<\/p>\n<p>Ma anche a chi voglia sviluppare una maggiore consapevolezza nell\u2019interazione con l\u2019altro.<\/p>\n<p>Incontrare l\u2019altro, cos\u00ec com\u2019\u00e8, \u00e8 sempre trasformativo.<\/p>\n<p>La disponibilit\u00e0 a includere e integrare la novit\u00e0 e la divergenza \u00e8 un segno indicativo della salute di un individuo e di una comunit\u00e0 e della sua speranza di cambiamento e crescita.<\/p>\n<p>Questo testo si rivolge sia agli operatori impegnati nella relazione di cura e crescita (come psicologi, psichiatri, educatori, pedagogisti, assistenti sociali, infermieri) sia a genitori e famiglie, con l\u2019intento di contribuire a processi sociali evolutivi.<\/p>\n<p>Una opera importante per superare la visione istituzionale e assistenziale.<\/p>\n<p>Per partecipare a un nuovo paradigma evolutivo-riabilitativo, ponendo al centro la persona e soprattutto il suo Progetto di Vita, le sue ambizioni, i suoi sogni.<\/p>\n<p>Investendo sui sostegni di cui abbisogna per una qualit\u00e0 di vita soddisfacente e inclusiva.<\/p>\n<p>\u00c8 rivolto a chi desideri migliorare la propria capacit\u00e0 relazionale, ma anche a chi voglia sviluppare una maggiore consapevolezza nell\u2019interazione con l\u2019altro,\u00a0 suggerendo un possibile linguaggio per farlo.<\/p>\n<p>Indicando quali attenzioni e azioni siano pi\u00f9 funzionali alla salute relazionale e agli ambienti che curano.<\/p>\n<p>Per saperne di pi\u00f9: https:\/\/maunakeaedizioni.wordpress.com\/2024\/05\/10\/relazione-di-cura-e-cura-della-relazione-per-una-clinica-dei-paesaggi-relazionali-di-matteo-maria-bonani\/<\/p>\n<p>Questo libro, che ha la prefazione del Dott. Giancarlo Sanavio, raccoglie oltre vent&#8217;anni di osservazioni sul campo dell\u2019autore nelle aree della disabilit\u00e0, della salute mentale e della tutela del minore.<\/p>\n<p>Matteo Maria Bonani vive a Padova dove lavora come psicoterapeuta, supervisore e formatore nelle aree della disabilit\u00e0 complessa, della salute mentale e della tutela del minore.<\/p>\n<p>Oltre agli studi di psicoterapia si interessa di filosofie orientali (lo zen, il tantra, l&#8217;advaita vedanta) e di altre tradizioni come lo sciamanismo.<\/p>\n<p>Autore del testo &#8220;Oceano Irrazionale. Cronache di uno psicoteraputa&#8221;, Mauna Loa Edizioni (2022), insieme alla moglie Silvia Riccamboni ha pubblicato il libro \u201cIl canto della foresta. Ayahuasca e medicina sciamanica\u201d, Mauna Loa Edizioni (2021).<\/p>\n","protected":false},"excerpt":{"rendered":"<p>Relazione di cura e cura della relazione dello psicoterapeuta Bonani: un\u2019opera per relazioni personali e professionali di qualit\u00e0. E\u2019 in libreria \u201cRelazione di cura e cura della relazione. Per una clinica dei paesaggi relazionali\u201d dello psicoterapeuta Matteo Maria Bonani, a cura della Mauna Edizioni. E\u2019 un\u2019opera rivolta a chi desideri studiare e migliorare la propria capacit\u00e0 relazionale. Ma anche a chi voglia sviluppare una maggiore consapevolezza nell\u2019interazione con l\u2019altro. Incontrare<\/p>\n<p><a class=\"continue-reading\" href=\"https:\/\/www.article-marketing.eu\/comunicatistampa\/relazione-di-cura-e-cura-della-relazione-dello-psicoterapeuta-bonani-unopera-per-relazioni-personali-e-professionali-di-qualita\/\">Continue reading&#8230;<\/a><\/p>\n","protected":false},"author":347,"featured_media":0,"comment_status":"open","ping_status":"open","sticky":false,"template":"","format":"standard","meta":{"_monsterinsights_skip_tracking":false,"_monsterinsights_sitenote_active":false,"_monsterinsights_sitenote_note":"","_monsterinsights_sitenote_category":0,"footnotes":""},"categories":[78,410,371,369],"tags":[11226,11224,10668,2690,11225],"class_list":["post-31568","post","type-post","status-publish","format-standard","hentry","category-comunicati-stampa","category-libri","category-medicina","category-salute-e-benessere","tag-cura-della-relazione","tag-matteo-maria-bonani","tag-mauna-loa-edizioni","tag-psicoterapia","tag-relazione-di-cura"],"yoast_head":"<!-- This site is optimized with the Yoast SEO plugin v27.3 - https:\/\/yoast.com\/product\/yoast-seo-wordpress\/ -->\n<title>Relazione di cura e cura della relazione dello psicoterapeuta Bonani: un\u2019opera per relazioni personali e professionali di qualit\u00e0<\/title>\n<meta name=\"description\" content=\"E\u2019 un\u2019opera rivolta a chi desideri studiare e migliorare la propria capacit\u00e0 relazionale. Ma anche a chi voglia sviluppare una maggiore consapevolezza nell\u2019interazione con l\u2019altro.\" \/>\n<meta name=\"robots\" content=\"index, follow, max-snippet:-1, max-image-preview:large, max-video-preview:-1\" \/>\n<link rel=\"canonical\" href=\"https:\/\/www.article-marketing.eu\/comunicatistampa\/relazione-di-cura-e-cura-della-relazione-dello-psicoterapeuta-bonani-unopera-per-relazioni-personali-e-professionali-di-qualita\/\" \/>\n<meta property=\"og:locale\" content=\"it_IT\" \/>\n<meta property=\"og:type\" content=\"article\" \/>\n<meta property=\"og:title\" content=\"Relazione di cura e cura della relazione dello psicoterapeuta Bonani: un\u2019opera per relazioni personali e professionali di qualit\u00e0\" \/>\n<meta property=\"og:description\" content=\"E\u2019 un\u2019opera rivolta a chi desideri studiare e migliorare la propria capacit\u00e0 relazionale. Ma anche a chi voglia sviluppare una maggiore consapevolezza nell\u2019interazione con l\u2019altro.\" \/>\n<meta property=\"og:url\" content=\"https:\/\/www.article-marketing.eu\/comunicatistampa\/relazione-di-cura-e-cura-della-relazione-dello-psicoterapeuta-bonani-unopera-per-relazioni-personali-e-professionali-di-qualita\/\" \/>\n<meta property=\"og:site_name\" content=\"Article Marketing\" \/>\n<meta property=\"article:published_time\" content=\"2025-02-08T17:27:30+00:00\" \/>\n<meta property=\"og:image\" content=\"https:\/\/maunakeaedizioni.wordpress.com\/wp-content\/uploads\/2024\/05\/relazione-di-cura-copertina.jpg?w=768\" \/>\n<meta name=\"author\" content=\"europrinters\" \/>\n<meta name=\"twitter:card\" content=\"summary_large_image\" \/>\n<meta name=\"twitter:label1\" content=\"Scritto da\" \/>\n\t<meta name=\"twitter:data1\" content=\"europrinters\" \/>\n\t<meta name=\"twitter:label2\" content=\"Tempo di lettura stimato\" \/>\n\t<meta name=\"twitter:data2\" content=\"3 minuti\" \/>\n<script type=\"application\/ld+json\" class=\"yoast-schema-graph\">{\"@context\":\"https:\\\/\\\/schema.org\",\"@graph\":[{\"@type\":\"Article\",\"@id\":\"https:\\\/\\\/www.article-marketing.eu\\\/comunicatistampa\\\/relazione-di-cura-e-cura-della-relazione-dello-psicoterapeuta-bonani-unopera-per-relazioni-personali-e-professionali-di-qualita\\\/#article\",\"isPartOf\":{\"@id\":\"https:\\\/\\\/www.article-marketing.eu\\\/comunicatistampa\\\/relazione-di-cura-e-cura-della-relazione-dello-psicoterapeuta-bonani-unopera-per-relazioni-personali-e-professionali-di-qualita\\\/\"},\"author\":{\"name\":\"europrinters\",\"@id\":\"https:\\\/\\\/www.article-marketing.eu\\\/comunicatistampa\\\/#\\\/schema\\\/person\\\/1ee704ba6ccd36156c382237113c050d\"},\"headline\":\"Relazione di cura e cura della relazione dello psicoterapeuta Bonani: un\u2019opera per relazioni personali e professionali di qualit\u00e0\",\"datePublished\":\"2025-02-08T17:27:30+00:00\",\"mainEntityOfPage\":{\"@id\":\"https:\\\/\\\/www.article-marketing.eu\\\/comunicatistampa\\\/relazione-di-cura-e-cura-della-relazione-dello-psicoterapeuta-bonani-unopera-per-relazioni-personali-e-professionali-di-qualita\\\/\"},\"wordCount\":381,\"commentCount\":0,\"image\":{\"@id\":\"https:\\\/\\\/www.article-marketing.eu\\\/comunicatistampa\\\/relazione-di-cura-e-cura-della-relazione-dello-psicoterapeuta-bonani-unopera-per-relazioni-personali-e-professionali-di-qualita\\\/#primaryimage\"},\"thumbnailUrl\":\"https:\\\/\\\/maunakeaedizioni.wordpress.com\\\/wp-content\\\/uploads\\\/2024\\\/05\\\/relazione-di-cura-copertina.jpg?w=768\",\"keywords\":[\"cura della relazione\",\"matteo maria bonani\",\"mauna loa edizioni\",\"psicoterapia\",\"relazione di cura\"],\"articleSection\":[\"Comunicati stampa\",\"Libri\",\"Medicina\",\"Salute e benessere\"],\"inLanguage\":\"it-IT\",\"potentialAction\":[{\"@type\":\"CommentAction\",\"name\":\"Comment\",\"target\":[\"https:\\\/\\\/www.article-marketing.eu\\\/comunicatistampa\\\/relazione-di-cura-e-cura-della-relazione-dello-psicoterapeuta-bonani-unopera-per-relazioni-personali-e-professionali-di-qualita\\\/#respond\"]}]},{\"@type\":\"WebPage\",\"@id\":\"https:\\\/\\\/www.article-marketing.eu\\\/comunicatistampa\\\/relazione-di-cura-e-cura-della-relazione-dello-psicoterapeuta-bonani-unopera-per-relazioni-personali-e-professionali-di-qualita\\\/\",\"url\":\"https:\\\/\\\/www.article-marketing.eu\\\/comunicatistampa\\\/relazione-di-cura-e-cura-della-relazione-dello-psicoterapeuta-bonani-unopera-per-relazioni-personali-e-professionali-di-qualita\\\/\",\"name\":\"Relazione di cura e cura della relazione dello psicoterapeuta Bonani: un\u2019opera per relazioni personali e professionali di qualit\u00e0\",\"isPartOf\":{\"@id\":\"https:\\\/\\\/www.article-marketing.eu\\\/comunicatistampa\\\/#website\"},\"primaryImageOfPage\":{\"@id\":\"https:\\\/\\\/www.article-marketing.eu\\\/comunicatistampa\\\/relazione-di-cura-e-cura-della-relazione-dello-psicoterapeuta-bonani-unopera-per-relazioni-personali-e-professionali-di-qualita\\\/#primaryimage\"},\"image\":{\"@id\":\"https:\\\/\\\/www.article-marketing.eu\\\/comunicatistampa\\\/relazione-di-cura-e-cura-della-relazione-dello-psicoterapeuta-bonani-unopera-per-relazioni-personali-e-professionali-di-qualita\\\/#primaryimage\"},\"thumbnailUrl\":\"https:\\\/\\\/maunakeaedizioni.wordpress.com\\\/wp-content\\\/uploads\\\/2024\\\/05\\\/relazione-di-cura-copertina.jpg?w=768\",\"datePublished\":\"2025-02-08T17:27:30+00:00\",\"author\":{\"@id\":\"https:\\\/\\\/www.article-marketing.eu\\\/comunicatistampa\\\/#\\\/schema\\\/person\\\/1ee704ba6ccd36156c382237113c050d\"},\"description\":\"E\u2019 un\u2019opera rivolta a chi desideri studiare e migliorare la propria capacit\u00e0 relazionale. Ma anche a chi voglia sviluppare una maggiore consapevolezza nell\u2019interazione con l\u2019altro.\",\"breadcrumb\":{\"@id\":\"https:\\\/\\\/www.article-marketing.eu\\\/comunicatistampa\\\/relazione-di-cura-e-cura-della-relazione-dello-psicoterapeuta-bonani-unopera-per-relazioni-personali-e-professionali-di-qualita\\\/#breadcrumb\"},\"inLanguage\":\"it-IT\",\"potentialAction\":[{\"@type\":\"ReadAction\",\"target\":[\"https:\\\/\\\/www.article-marketing.eu\\\/comunicatistampa\\\/relazione-di-cura-e-cura-della-relazione-dello-psicoterapeuta-bonani-unopera-per-relazioni-personali-e-professionali-di-qualita\\\/\"]}]},{\"@type\":\"ImageObject\",\"inLanguage\":\"it-IT\",\"@id\":\"https:\\\/\\\/www.article-marketing.eu\\\/comunicatistampa\\\/relazione-di-cura-e-cura-della-relazione-dello-psicoterapeuta-bonani-unopera-per-relazioni-personali-e-professionali-di-qualita\\\/#primaryimage\",\"url\":\"https:\\\/\\\/maunakeaedizioni.wordpress.com\\\/wp-content\\\/uploads\\\/2024\\\/05\\\/relazione-di-cura-copertina.jpg?w=768\",\"contentUrl\":\"https:\\\/\\\/maunakeaedizioni.wordpress.com\\\/wp-content\\\/uploads\\\/2024\\\/05\\\/relazione-di-cura-copertina.jpg?w=768\"},{\"@type\":\"BreadcrumbList\",\"@id\":\"https:\\\/\\\/www.article-marketing.eu\\\/comunicatistampa\\\/relazione-di-cura-e-cura-della-relazione-dello-psicoterapeuta-bonani-unopera-per-relazioni-personali-e-professionali-di-qualita\\\/#breadcrumb\",\"itemListElement\":[{\"@type\":\"ListItem\",\"position\":1,\"name\":\"Home\",\"item\":\"https:\\\/\\\/www.article-marketing.eu\\\/comunicatistampa\\\/\"},{\"@type\":\"ListItem\",\"position\":2,\"name\":\"Relazione di cura e cura della relazione dello psicoterapeuta Bonani: un\u2019opera per relazioni personali e professionali di qualit\u00e0\"}]},{\"@type\":\"WebSite\",\"@id\":\"https:\\\/\\\/www.article-marketing.eu\\\/comunicatistampa\\\/#website\",\"url\":\"https:\\\/\\\/www.article-marketing.eu\\\/comunicatistampa\\\/\",\"name\":\"Article Marketing\",\"description\":\"article marketing &amp; press release\",\"potentialAction\":[{\"@type\":\"SearchAction\",\"target\":{\"@type\":\"EntryPoint\",\"urlTemplate\":\"https:\\\/\\\/www.article-marketing.eu\\\/comunicatistampa\\\/?s={search_term_string}\"},\"query-input\":{\"@type\":\"PropertyValueSpecification\",\"valueRequired\":true,\"valueName\":\"search_term_string\"}}],\"inLanguage\":\"it-IT\"},{\"@type\":\"Person\",\"@id\":\"https:\\\/\\\/www.article-marketing.eu\\\/comunicatistampa\\\/#\\\/schema\\\/person\\\/1ee704ba6ccd36156c382237113c050d\",\"name\":\"europrinters\",\"image\":{\"@type\":\"ImageObject\",\"inLanguage\":\"it-IT\",\"@id\":\"https:\\\/\\\/secure.gravatar.com\\\/avatar\\\/03b3a8947654550924af096db894c088aff5351ddb3f1972a9be0896e7bdd16d?s=96&d=mm&r=g\",\"url\":\"https:\\\/\\\/secure.gravatar.com\\\/avatar\\\/03b3a8947654550924af096db894c088aff5351ddb3f1972a9be0896e7bdd16d?s=96&d=mm&r=g\",\"contentUrl\":\"https:\\\/\\\/secure.gravatar.com\\\/avatar\\\/03b3a8947654550924af096db894c088aff5351ddb3f1972a9be0896e7bdd16d?s=96&d=mm&r=g\",\"caption\":\"europrinters\"},\"url\":\"https:\\\/\\\/www.article-marketing.eu\\\/comunicatistampa\\\/author\\\/europrinters\\\/\"}]}<\/script>\n<!-- \/ Yoast SEO plugin. -->","yoast_head_json":{"title":"Relazione di cura e cura della relazione dello psicoterapeuta Bonani: un\u2019opera per relazioni personali e professionali di qualit\u00e0","description":"E\u2019 un\u2019opera rivolta a chi desideri studiare e migliorare la propria capacit\u00e0 relazionale. Ma anche a chi voglia sviluppare una maggiore consapevolezza nell\u2019interazione con l\u2019altro.","robots":{"index":"index","follow":"follow","max-snippet":"max-snippet:-1","max-image-preview":"max-image-preview:large","max-video-preview":"max-video-preview:-1"},"canonical":"https:\/\/www.article-marketing.eu\/comunicatistampa\/relazione-di-cura-e-cura-della-relazione-dello-psicoterapeuta-bonani-unopera-per-relazioni-personali-e-professionali-di-qualita\/","og_locale":"it_IT","og_type":"article","og_title":"Relazione di cura e cura della relazione dello psicoterapeuta Bonani: un\u2019opera per relazioni personali e professionali di qualit\u00e0","og_description":"E\u2019 un\u2019opera rivolta a chi desideri studiare e migliorare la propria capacit\u00e0 relazionale. Ma anche a chi voglia sviluppare una maggiore consapevolezza nell\u2019interazione con l\u2019altro.","og_url":"https:\/\/www.article-marketing.eu\/comunicatistampa\/relazione-di-cura-e-cura-della-relazione-dello-psicoterapeuta-bonani-unopera-per-relazioni-personali-e-professionali-di-qualita\/","og_site_name":"Article Marketing","article_published_time":"2025-02-08T17:27:30+00:00","og_image":[{"url":"https:\/\/maunakeaedizioni.wordpress.com\/wp-content\/uploads\/2024\/05\/relazione-di-cura-copertina.jpg?w=768","type":"","width":"","height":""}],"author":"europrinters","twitter_card":"summary_large_image","twitter_misc":{"Scritto da":"europrinters","Tempo di lettura stimato":"3 minuti"},"schema":{"@context":"https:\/\/schema.org","@graph":[{"@type":"Article","@id":"https:\/\/www.article-marketing.eu\/comunicatistampa\/relazione-di-cura-e-cura-della-relazione-dello-psicoterapeuta-bonani-unopera-per-relazioni-personali-e-professionali-di-qualita\/#article","isPartOf":{"@id":"https:\/\/www.article-marketing.eu\/comunicatistampa\/relazione-di-cura-e-cura-della-relazione-dello-psicoterapeuta-bonani-unopera-per-relazioni-personali-e-professionali-di-qualita\/"},"author":{"name":"europrinters","@id":"https:\/\/www.article-marketing.eu\/comunicatistampa\/#\/schema\/person\/1ee704ba6ccd36156c382237113c050d"},"headline":"Relazione di cura e cura della relazione dello psicoterapeuta Bonani: un\u2019opera per relazioni personali e professionali di qualit\u00e0","datePublished":"2025-02-08T17:27:30+00:00","mainEntityOfPage":{"@id":"https:\/\/www.article-marketing.eu\/comunicatistampa\/relazione-di-cura-e-cura-della-relazione-dello-psicoterapeuta-bonani-unopera-per-relazioni-personali-e-professionali-di-qualita\/"},"wordCount":381,"commentCount":0,"image":{"@id":"https:\/\/www.article-marketing.eu\/comunicatistampa\/relazione-di-cura-e-cura-della-relazione-dello-psicoterapeuta-bonani-unopera-per-relazioni-personali-e-professionali-di-qualita\/#primaryimage"},"thumbnailUrl":"https:\/\/maunakeaedizioni.wordpress.com\/wp-content\/uploads\/2024\/05\/relazione-di-cura-copertina.jpg?w=768","keywords":["cura della relazione","matteo maria bonani","mauna loa edizioni","psicoterapia","relazione di cura"],"articleSection":["Comunicati stampa","Libri","Medicina","Salute e benessere"],"inLanguage":"it-IT","potentialAction":[{"@type":"CommentAction","name":"Comment","target":["https:\/\/www.article-marketing.eu\/comunicatistampa\/relazione-di-cura-e-cura-della-relazione-dello-psicoterapeuta-bonani-unopera-per-relazioni-personali-e-professionali-di-qualita\/#respond"]}]},{"@type":"WebPage","@id":"https:\/\/www.article-marketing.eu\/comunicatistampa\/relazione-di-cura-e-cura-della-relazione-dello-psicoterapeuta-bonani-unopera-per-relazioni-personali-e-professionali-di-qualita\/","url":"https:\/\/www.article-marketing.eu\/comunicatistampa\/relazione-di-cura-e-cura-della-relazione-dello-psicoterapeuta-bonani-unopera-per-relazioni-personali-e-professionali-di-qualita\/","name":"Relazione di cura e cura della relazione dello psicoterapeuta Bonani: un\u2019opera per relazioni personali e professionali di qualit\u00e0","isPartOf":{"@id":"https:\/\/www.article-marketing.eu\/comunicatistampa\/#website"},"primaryImageOfPage":{"@id":"https:\/\/www.article-marketing.eu\/comunicatistampa\/relazione-di-cura-e-cura-della-relazione-dello-psicoterapeuta-bonani-unopera-per-relazioni-personali-e-professionali-di-qualita\/#primaryimage"},"image":{"@id":"https:\/\/www.article-marketing.eu\/comunicatistampa\/relazione-di-cura-e-cura-della-relazione-dello-psicoterapeuta-bonani-unopera-per-relazioni-personali-e-professionali-di-qualita\/#primaryimage"},"thumbnailUrl":"https:\/\/maunakeaedizioni.wordpress.com\/wp-content\/uploads\/2024\/05\/relazione-di-cura-copertina.jpg?w=768","datePublished":"2025-02-08T17:27:30+00:00","author":{"@id":"https:\/\/www.article-marketing.eu\/comunicatistampa\/#\/schema\/person\/1ee704ba6ccd36156c382237113c050d"},"description":"E\u2019 un\u2019opera rivolta a chi desideri studiare e migliorare la propria capacit\u00e0 relazionale. Ma anche a chi voglia sviluppare una maggiore consapevolezza nell\u2019interazione con l\u2019altro.","breadcrumb":{"@id":"https:\/\/www.article-marketing.eu\/comunicatistampa\/relazione-di-cura-e-cura-della-relazione-dello-psicoterapeuta-bonani-unopera-per-relazioni-personali-e-professionali-di-qualita\/#breadcrumb"},"inLanguage":"it-IT","potentialAction":[{"@type":"ReadAction","target":["https:\/\/www.article-marketing.eu\/comunicatistampa\/relazione-di-cura-e-cura-della-relazione-dello-psicoterapeuta-bonani-unopera-per-relazioni-personali-e-professionali-di-qualita\/"]}]},{"@type":"ImageObject","inLanguage":"it-IT","@id":"https:\/\/www.article-marketing.eu\/comunicatistampa\/relazione-di-cura-e-cura-della-relazione-dello-psicoterapeuta-bonani-unopera-per-relazioni-personali-e-professionali-di-qualita\/#primaryimage","url":"https:\/\/maunakeaedizioni.wordpress.com\/wp-content\/uploads\/2024\/05\/relazione-di-cura-copertina.jpg?w=768","contentUrl":"https:\/\/maunakeaedizioni.wordpress.com\/wp-content\/uploads\/2024\/05\/relazione-di-cura-copertina.jpg?w=768"},{"@type":"BreadcrumbList","@id":"https:\/\/www.article-marketing.eu\/comunicatistampa\/relazione-di-cura-e-cura-della-relazione-dello-psicoterapeuta-bonani-unopera-per-relazioni-personali-e-professionali-di-qualita\/#breadcrumb","itemListElement":[{"@type":"ListItem","position":1,"name":"Home","item":"https:\/\/www.article-marketing.eu\/comunicatistampa\/"},{"@type":"ListItem","position":2,"name":"Relazione di cura e cura della relazione dello psicoterapeuta Bonani: un\u2019opera per relazioni personali e professionali di qualit\u00e0"}]},{"@type":"WebSite","@id":"https:\/\/www.article-marketing.eu\/comunicatistampa\/#website","url":"https:\/\/www.article-marketing.eu\/comunicatistampa\/","name":"Article Marketing","description":"article marketing &amp; press release","potentialAction":[{"@type":"SearchAction","target":{"@type":"EntryPoint","urlTemplate":"https:\/\/www.article-marketing.eu\/comunicatistampa\/?s={search_term_string}"},"query-input":{"@type":"PropertyValueSpecification","valueRequired":true,"valueName":"search_term_string"}}],"inLanguage":"it-IT"},{"@type":"Person","@id":"https:\/\/www.article-marketing.eu\/comunicatistampa\/#\/schema\/person\/1ee704ba6ccd36156c382237113c050d","name":"europrinters","image":{"@type":"ImageObject","inLanguage":"it-IT","@id":"https:\/\/secure.gravatar.com\/avatar\/03b3a8947654550924af096db894c088aff5351ddb3f1972a9be0896e7bdd16d?s=96&d=mm&r=g","url":"https:\/\/secure.gravatar.com\/avatar\/03b3a8947654550924af096db894c088aff5351ddb3f1972a9be0896e7bdd16d?s=96&d=mm&r=g","contentUrl":"https:\/\/secure.gravatar.com\/avatar\/03b3a8947654550924af096db894c088aff5351ddb3f1972a9be0896e7bdd16d?s=96&d=mm&r=g","caption":"europrinters"},"url":"https:\/\/www.article-marketing.eu\/comunicatistampa\/author\/europrinters\/"}]}},"_links":{"self":[{"href":"https:\/\/www.article-marketing.eu\/comunicatistampa\/wp-json\/wp\/v2\/posts\/31568","targetHints":{"allow":["GET"]}}],"collection":[{"href":"https:\/\/www.article-marketing.eu\/comunicatistampa\/wp-json\/wp\/v2\/posts"}],"about":[{"href":"https:\/\/www.article-marketing.eu\/comunicatistampa\/wp-json\/wp\/v2\/types\/post"}],"author":[{"embeddable":true,"href":"https:\/\/www.article-marketing.eu\/comunicatistampa\/wp-json\/wp\/v2\/users\/347"}],"replies":[{"embeddable":true,"href":"https:\/\/www.article-marketing.eu\/comunicatistampa\/wp-json\/wp\/v2\/comments?post=31568"}],"version-history":[{"count":2,"href":"https:\/\/www.article-marketing.eu\/comunicatistampa\/wp-json\/wp\/v2\/posts\/31568\/revisions"}],"predecessor-version":[{"id":32098,"href":"https:\/\/www.article-marketing.eu\/comunicatistampa\/wp-json\/wp\/v2\/posts\/31568\/revisions\/32098"}],"wp:attachment":[{"href":"https:\/\/www.article-marketing.eu\/comunicatistampa\/wp-json\/wp\/v2\/media?parent=31568"}],"wp:term":[{"taxonomy":"category","embeddable":true,"href":"https:\/\/www.article-marketing.eu\/comunicatistampa\/wp-json\/wp\/v2\/categories?post=31568"},{"taxonomy":"post_tag","embeddable":true,"href":"https:\/\/www.article-marketing.eu\/comunicatistampa\/wp-json\/wp\/v2\/tags?post=31568"}],"curies":[{"name":"wp","href":"https:\/\/api.w.org\/{rel}","templated":true}]}}