{"id":31579,"date":"2025-02-08T18:29:07","date_gmt":"2025-02-08T17:29:07","guid":{"rendered":"https:\/\/www.article-marketing.eu\/comunicatistampa\/?p=31579"},"modified":"2025-02-08T18:29:07","modified_gmt":"2025-02-08T17:29:07","slug":"umberto-lebruto-al-via-il-progetto-per-la-riqualificazione-di-trastevere","status":"publish","type":"post","link":"https:\/\/www.article-marketing.eu\/comunicatistampa\/umberto-lebruto-al-via-il-progetto-per-la-riqualificazione-di-trastevere\/","title":{"rendered":"Umberto Lebruto: al via il progetto per la riqualificazione di Trastevere"},"content":{"rendered":"<p><em><strong>Un nuovo sottopasso destinato a migliorare l\u2019accessibilit\u00e0 alla stazione di Trastevere per circa 50.000 passeggeri provenienti da zona Marconi: questo l\u2019obiettivo dei lavori iniziati l\u201911 giugno scorso, e presentati dal Sindaco di Roma come \u201cuna ricucitura urbana di un nodo pregiatissimo ma attualmente sottoutilizzato\u201d. Alla conferenza stampa presente anche l\u2019AD e DG di FS Sistemi <a title=\"FS Sistemi Urbani, Umberto Lebruto: riqualificazione e creazione di nuovi spazi esterni a Trastevere\" href=\"https:\/\/www.riflettorisu.it\/societa\/professionisti\/trastevere-avviati-i-lavori-del-nuovo-sottopasso-umberto-lebruto-annuncia-rinnovo-aree-esterne\" target=\"_blank\" rel=\"noopener\">Umberto Lebruto<\/a>.<\/strong><\/em><\/p>\n<p><a title=\"Trastevere, Umberto Lebruto: FS Sistemi Urbani d\u00e0 il via ai lavori di riqualificazione delle aree esterne\" href=\"https:\/\/www.riflettorisu.it\/societa\/professionisti\/trastevere-avviati-i-lavori-del-nuovo-sottopasso-umberto-lebruto-annuncia-rinnovo-aree-esterne\" target=\"_blank\" rel=\"noopener\"><img loading=\"lazy\" decoding=\"async\" src=\"https:\/\/www.pressonlinews.com\/wp-content\/uploads\/2023\/10\/Umberto-Lebruto-AD-FS-Sistemi-Urbani-e1704990438328-1280x720.jpg\" alt=\"Umberto Lebruto\" width=\"200\" height=\"113\" \/><\/a><\/p>\n<h2>Umberto Lebruto: il piano di RFI e FS Sistemi Urbani per valorizzare la stazione di Trastevere<\/h2>\n<p>Gianpietro Strisciuglio, Amministratore Delegato e Direttore Generale di RFI, e <strong>Umberto Lebruto<\/strong>, Amministratore Delegato e Direttore Generale di FS Sistemi Urbani, hanno sottolineato in occasione della conferenza stampa l\u2019importanza del progetto per la valorizzazione della stazione di Trastevere e per la mobilit\u00e0 sostenibile della citt\u00e0. L\u2019intera iniziativa, ha dichiarato il manager di RFI, \u00e8 fondamentale per migliorare l\u2019accessibilit\u00e0 delle stazioni e rientra nel piano decennale del Gruppo FS, che prevede investimenti per 5 miliardi di euro su scala nazionale. \u201c<em>Con il secondo fronte aumenteremo il bacino pedonale del 50%, offrendo la possibilit\u00e0 di raggiungere la stazione potenzialmente ad altre 50mila persone<\/em>\u201d, ha aggiunto Strisciuglio. Il progetto, infatti, comprende anche la ristrutturazione di un tunnel pedonale esistente nelle vicinanze di piazzale della Radio e la creazione di un percorso ciclopedonale, confermando l\u2019attenzione del Gruppo FS verso una mobilit\u00e0 integrata e sostenibile.<\/p>\n<h2>\u201c<em>Un tesoretto in disuso<\/em>\u201d: Umberto Lebruto presenta la riqualificazione delle aree esterne<\/h2>\n<p>FS Sistemi Urbani si occuper\u00e0 della riqualificazione delle aree circostanti, con l\u2019obiettivo di promuovere l\u2019interconnessione tra la stazione e il tessuto urbano del quartiere. Tra gli interventi previsti anche l\u2019apertura di nuovi spazi ricettivi per valorizzare ulteriormente l\u2019area. <a title=\"Umberto Lebruto: inaugurato il progetto di riqualificazione per Trastevere\" href=\"https:\/\/www.riflettorisu.it\/societa\/professionisti\/trastevere-avviati-i-lavori-del-nuovo-sottopasso-umberto-lebruto-annuncia-rinnovo-aree-esterne\" target=\"_blank\" rel=\"noopener\">Umberto Lebruto<\/a> ha descritto questi spazi come \u201c<em>un tesoretto in disuso<\/em>\u201d che, grazie alla riqualificazione, torner\u00e0 a disposizione della comunit\u00e0. Gi\u00e0 oggetto di interventi precedenti, come l\u2019introduzione di aree pedonali e percorsi ciclabili a piazzale Biondo, il quartiere Trastevere si appresta a diventare un esempio di come infrastrutture e mobilit\u00e0 possano riunire aree diverse di una citt\u00e0. Secondo le stime del Sindaco, i lavori saranno completati entro il terzo trimestre del 2025, in tempo per il Giubileo, dando forma alla rinascita urbana e all\u2019innovazione che la citt\u00e0 intende perseguire.<\/p>\n","protected":false},"excerpt":{"rendered":"<p>FS Sistemi Urbani, sotto la guida di Umberto Lebruto, si occuper\u00e0 delle aree esterne. Il progetto prevede spazi ciclopedonali e ricettivi, in linea con l\u2019obiettivo di connettere meglio la stazione al tessuto urbano.<\/p>\n","protected":false},"author":6477,"featured_media":0,"comment_status":"open","ping_status":"open","sticky":false,"template":"","format":"standard","meta":{"_monsterinsights_skip_tracking":false,"_monsterinsights_sitenote_active":false,"_monsterinsights_sitenote_note":"","_monsterinsights_sitenote_category":0,"footnotes":""},"categories":[78],"tags":[10941],"class_list":["post-31579","post","type-post","status-publish","format-standard","hentry","category-comunicati-stampa","tag-umberto-lebruto"],"yoast_head":"<!-- This site is optimized with the Yoast SEO plugin v27.3 - https:\/\/yoast.com\/product\/yoast-seo-wordpress\/ -->\n<title>Umberto Lebruto: al via il progetto per la riqualificazione di Trastevere<\/title>\n<meta name=\"description\" content=\"FS Sistemi Urbani, sotto la guida di Umberto Lebruto, si occuper\u00e0 delle aree esterne. Il progetto prevede spazi ciclopedonali e ricettivi, in linea con l\u2019obiettivo di connettere meglio la stazione al tessuto urbano.\" \/>\n<meta name=\"robots\" content=\"index, follow, max-snippet:-1, max-image-preview:large, max-video-preview:-1\" \/>\n<link rel=\"canonical\" href=\"https:\/\/www.article-marketing.eu\/comunicatistampa\/umberto-lebruto-al-via-il-progetto-per-la-riqualificazione-di-trastevere\/\" \/>\n<meta property=\"og:locale\" content=\"it_IT\" \/>\n<meta property=\"og:type\" content=\"article\" \/>\n<meta property=\"og:title\" content=\"Umberto Lebruto: al via il progetto per la riqualificazione di Trastevere\" \/>\n<meta property=\"og:description\" content=\"FS Sistemi Urbani, sotto la guida di Umberto Lebruto, si occuper\u00e0 delle aree esterne. Il progetto prevede spazi ciclopedonali e ricettivi, in linea con l\u2019obiettivo di connettere meglio la stazione al tessuto urbano.\" \/>\n<meta property=\"og:url\" content=\"https:\/\/www.article-marketing.eu\/comunicatistampa\/umberto-lebruto-al-via-il-progetto-per-la-riqualificazione-di-trastevere\/\" \/>\n<meta property=\"og:site_name\" content=\"Article Marketing\" \/>\n<meta property=\"article:published_time\" content=\"2025-02-08T17:29:07+00:00\" \/>\n<meta property=\"og:image\" content=\"https:\/\/www.pressonlinews.com\/wp-content\/uploads\/2023\/10\/Umberto-Lebruto-AD-FS-Sistemi-Urbani-e1704990438328-1280x720.jpg\" \/>\n<meta name=\"author\" content=\"articolinews\" \/>\n<meta name=\"twitter:card\" content=\"summary_large_image\" \/>\n<meta name=\"twitter:label1\" content=\"Scritto da\" \/>\n\t<meta name=\"twitter:data1\" content=\"articolinews\" \/>\n\t<meta name=\"twitter:label2\" content=\"Tempo di lettura stimato\" \/>\n\t<meta name=\"twitter:data2\" content=\"3 minuti\" \/>\n<script type=\"application\/ld+json\" class=\"yoast-schema-graph\">{\"@context\":\"https:\\\/\\\/schema.org\",\"@graph\":[{\"@type\":\"Article\",\"@id\":\"https:\\\/\\\/www.article-marketing.eu\\\/comunicatistampa\\\/umberto-lebruto-al-via-il-progetto-per-la-riqualificazione-di-trastevere\\\/#article\",\"isPartOf\":{\"@id\":\"https:\\\/\\\/www.article-marketing.eu\\\/comunicatistampa\\\/umberto-lebruto-al-via-il-progetto-per-la-riqualificazione-di-trastevere\\\/\"},\"author\":{\"name\":\"articolinews\",\"@id\":\"https:\\\/\\\/www.article-marketing.eu\\\/comunicatistampa\\\/#\\\/schema\\\/person\\\/2fcaf8f8f3a9eef9eb7f27532d3ca458\"},\"headline\":\"Umberto Lebruto: al via il progetto per la riqualificazione di Trastevere\",\"datePublished\":\"2025-02-08T17:29:07+00:00\",\"mainEntityOfPage\":{\"@id\":\"https:\\\/\\\/www.article-marketing.eu\\\/comunicatistampa\\\/umberto-lebruto-al-via-il-progetto-per-la-riqualificazione-di-trastevere\\\/\"},\"wordCount\":371,\"commentCount\":0,\"image\":{\"@id\":\"https:\\\/\\\/www.article-marketing.eu\\\/comunicatistampa\\\/umberto-lebruto-al-via-il-progetto-per-la-riqualificazione-di-trastevere\\\/#primaryimage\"},\"thumbnailUrl\":\"https:\\\/\\\/www.pressonlinews.com\\\/wp-content\\\/uploads\\\/2023\\\/10\\\/Umberto-Lebruto-AD-FS-Sistemi-Urbani-e1704990438328-1280x720.jpg\",\"keywords\":[\"Umberto Lebruto\"],\"articleSection\":[\"Comunicati stampa\"],\"inLanguage\":\"it-IT\",\"potentialAction\":[{\"@type\":\"CommentAction\",\"name\":\"Comment\",\"target\":[\"https:\\\/\\\/www.article-marketing.eu\\\/comunicatistampa\\\/umberto-lebruto-al-via-il-progetto-per-la-riqualificazione-di-trastevere\\\/#respond\"]}]},{\"@type\":\"WebPage\",\"@id\":\"https:\\\/\\\/www.article-marketing.eu\\\/comunicatistampa\\\/umberto-lebruto-al-via-il-progetto-per-la-riqualificazione-di-trastevere\\\/\",\"url\":\"https:\\\/\\\/www.article-marketing.eu\\\/comunicatistampa\\\/umberto-lebruto-al-via-il-progetto-per-la-riqualificazione-di-trastevere\\\/\",\"name\":\"Umberto Lebruto: al via il progetto per la riqualificazione di Trastevere\",\"isPartOf\":{\"@id\":\"https:\\\/\\\/www.article-marketing.eu\\\/comunicatistampa\\\/#website\"},\"primaryImageOfPage\":{\"@id\":\"https:\\\/\\\/www.article-marketing.eu\\\/comunicatistampa\\\/umberto-lebruto-al-via-il-progetto-per-la-riqualificazione-di-trastevere\\\/#primaryimage\"},\"image\":{\"@id\":\"https:\\\/\\\/www.article-marketing.eu\\\/comunicatistampa\\\/umberto-lebruto-al-via-il-progetto-per-la-riqualificazione-di-trastevere\\\/#primaryimage\"},\"thumbnailUrl\":\"https:\\\/\\\/www.pressonlinews.com\\\/wp-content\\\/uploads\\\/2023\\\/10\\\/Umberto-Lebruto-AD-FS-Sistemi-Urbani-e1704990438328-1280x720.jpg\",\"datePublished\":\"2025-02-08T17:29:07+00:00\",\"author\":{\"@id\":\"https:\\\/\\\/www.article-marketing.eu\\\/comunicatistampa\\\/#\\\/schema\\\/person\\\/2fcaf8f8f3a9eef9eb7f27532d3ca458\"},\"description\":\"FS Sistemi Urbani, sotto la guida di Umberto Lebruto, si occuper\u00e0 delle aree esterne. Il progetto prevede spazi ciclopedonali e ricettivi, in linea con l\u2019obiettivo di connettere meglio la stazione al tessuto urbano.\",\"breadcrumb\":{\"@id\":\"https:\\\/\\\/www.article-marketing.eu\\\/comunicatistampa\\\/umberto-lebruto-al-via-il-progetto-per-la-riqualificazione-di-trastevere\\\/#breadcrumb\"},\"inLanguage\":\"it-IT\",\"potentialAction\":[{\"@type\":\"ReadAction\",\"target\":[\"https:\\\/\\\/www.article-marketing.eu\\\/comunicatistampa\\\/umberto-lebruto-al-via-il-progetto-per-la-riqualificazione-di-trastevere\\\/\"]}]},{\"@type\":\"ImageObject\",\"inLanguage\":\"it-IT\",\"@id\":\"https:\\\/\\\/www.article-marketing.eu\\\/comunicatistampa\\\/umberto-lebruto-al-via-il-progetto-per-la-riqualificazione-di-trastevere\\\/#primaryimage\",\"url\":\"https:\\\/\\\/www.pressonlinews.com\\\/wp-content\\\/uploads\\\/2023\\\/10\\\/Umberto-Lebruto-AD-FS-Sistemi-Urbani-e1704990438328-1280x720.jpg\",\"contentUrl\":\"https:\\\/\\\/www.pressonlinews.com\\\/wp-content\\\/uploads\\\/2023\\\/10\\\/Umberto-Lebruto-AD-FS-Sistemi-Urbani-e1704990438328-1280x720.jpg\"},{\"@type\":\"BreadcrumbList\",\"@id\":\"https:\\\/\\\/www.article-marketing.eu\\\/comunicatistampa\\\/umberto-lebruto-al-via-il-progetto-per-la-riqualificazione-di-trastevere\\\/#breadcrumb\",\"itemListElement\":[{\"@type\":\"ListItem\",\"position\":1,\"name\":\"Home\",\"item\":\"https:\\\/\\\/www.article-marketing.eu\\\/comunicatistampa\\\/\"},{\"@type\":\"ListItem\",\"position\":2,\"name\":\"Umberto Lebruto: al via il progetto per la riqualificazione di Trastevere\"}]},{\"@type\":\"WebSite\",\"@id\":\"https:\\\/\\\/www.article-marketing.eu\\\/comunicatistampa\\\/#website\",\"url\":\"https:\\\/\\\/www.article-marketing.eu\\\/comunicatistampa\\\/\",\"name\":\"Article Marketing\",\"description\":\"article marketing &amp; press release\",\"potentialAction\":[{\"@type\":\"SearchAction\",\"target\":{\"@type\":\"EntryPoint\",\"urlTemplate\":\"https:\\\/\\\/www.article-marketing.eu\\\/comunicatistampa\\\/?s={search_term_string}\"},\"query-input\":{\"@type\":\"PropertyValueSpecification\",\"valueRequired\":true,\"valueName\":\"search_term_string\"}}],\"inLanguage\":\"it-IT\"},{\"@type\":\"Person\",\"@id\":\"https:\\\/\\\/www.article-marketing.eu\\\/comunicatistampa\\\/#\\\/schema\\\/person\\\/2fcaf8f8f3a9eef9eb7f27532d3ca458\",\"name\":\"articolinews\",\"image\":{\"@type\":\"ImageObject\",\"inLanguage\":\"it-IT\",\"@id\":\"https:\\\/\\\/secure.gravatar.com\\\/avatar\\\/9e2a264bab04e17dea24d937c9956304649a848cb73c46747a692ff1bdeb1cb7?s=96&d=mm&r=g\",\"url\":\"https:\\\/\\\/secure.gravatar.com\\\/avatar\\\/9e2a264bab04e17dea24d937c9956304649a848cb73c46747a692ff1bdeb1cb7?s=96&d=mm&r=g\",\"contentUrl\":\"https:\\\/\\\/secure.gravatar.com\\\/avatar\\\/9e2a264bab04e17dea24d937c9956304649a848cb73c46747a692ff1bdeb1cb7?s=96&d=mm&r=g\",\"caption\":\"articolinews\"},\"url\":\"https:\\\/\\\/www.article-marketing.eu\\\/comunicatistampa\\\/author\\\/articolinews\\\/\"}]}<\/script>\n<!-- \/ Yoast SEO plugin. -->","yoast_head_json":{"title":"Umberto Lebruto: al via il progetto per la riqualificazione di Trastevere","description":"FS Sistemi Urbani, sotto la guida di Umberto Lebruto, si occuper\u00e0 delle aree esterne. Il progetto prevede spazi ciclopedonali e ricettivi, in linea con l\u2019obiettivo di connettere meglio la stazione al tessuto urbano.","robots":{"index":"index","follow":"follow","max-snippet":"max-snippet:-1","max-image-preview":"max-image-preview:large","max-video-preview":"max-video-preview:-1"},"canonical":"https:\/\/www.article-marketing.eu\/comunicatistampa\/umberto-lebruto-al-via-il-progetto-per-la-riqualificazione-di-trastevere\/","og_locale":"it_IT","og_type":"article","og_title":"Umberto Lebruto: al via il progetto per la riqualificazione di Trastevere","og_description":"FS Sistemi Urbani, sotto la guida di Umberto Lebruto, si occuper\u00e0 delle aree esterne. Il progetto prevede spazi ciclopedonali e ricettivi, in linea con l\u2019obiettivo di connettere meglio la stazione al tessuto urbano.","og_url":"https:\/\/www.article-marketing.eu\/comunicatistampa\/umberto-lebruto-al-via-il-progetto-per-la-riqualificazione-di-trastevere\/","og_site_name":"Article Marketing","article_published_time":"2025-02-08T17:29:07+00:00","og_image":[{"url":"https:\/\/www.pressonlinews.com\/wp-content\/uploads\/2023\/10\/Umberto-Lebruto-AD-FS-Sistemi-Urbani-e1704990438328-1280x720.jpg","type":"","width":"","height":""}],"author":"articolinews","twitter_card":"summary_large_image","twitter_misc":{"Scritto da":"articolinews","Tempo di lettura stimato":"3 minuti"},"schema":{"@context":"https:\/\/schema.org","@graph":[{"@type":"Article","@id":"https:\/\/www.article-marketing.eu\/comunicatistampa\/umberto-lebruto-al-via-il-progetto-per-la-riqualificazione-di-trastevere\/#article","isPartOf":{"@id":"https:\/\/www.article-marketing.eu\/comunicatistampa\/umberto-lebruto-al-via-il-progetto-per-la-riqualificazione-di-trastevere\/"},"author":{"name":"articolinews","@id":"https:\/\/www.article-marketing.eu\/comunicatistampa\/#\/schema\/person\/2fcaf8f8f3a9eef9eb7f27532d3ca458"},"headline":"Umberto Lebruto: al via il progetto per la riqualificazione di Trastevere","datePublished":"2025-02-08T17:29:07+00:00","mainEntityOfPage":{"@id":"https:\/\/www.article-marketing.eu\/comunicatistampa\/umberto-lebruto-al-via-il-progetto-per-la-riqualificazione-di-trastevere\/"},"wordCount":371,"commentCount":0,"image":{"@id":"https:\/\/www.article-marketing.eu\/comunicatistampa\/umberto-lebruto-al-via-il-progetto-per-la-riqualificazione-di-trastevere\/#primaryimage"},"thumbnailUrl":"https:\/\/www.pressonlinews.com\/wp-content\/uploads\/2023\/10\/Umberto-Lebruto-AD-FS-Sistemi-Urbani-e1704990438328-1280x720.jpg","keywords":["Umberto Lebruto"],"articleSection":["Comunicati stampa"],"inLanguage":"it-IT","potentialAction":[{"@type":"CommentAction","name":"Comment","target":["https:\/\/www.article-marketing.eu\/comunicatistampa\/umberto-lebruto-al-via-il-progetto-per-la-riqualificazione-di-trastevere\/#respond"]}]},{"@type":"WebPage","@id":"https:\/\/www.article-marketing.eu\/comunicatistampa\/umberto-lebruto-al-via-il-progetto-per-la-riqualificazione-di-trastevere\/","url":"https:\/\/www.article-marketing.eu\/comunicatistampa\/umberto-lebruto-al-via-il-progetto-per-la-riqualificazione-di-trastevere\/","name":"Umberto Lebruto: al via il progetto per la riqualificazione di Trastevere","isPartOf":{"@id":"https:\/\/www.article-marketing.eu\/comunicatistampa\/#website"},"primaryImageOfPage":{"@id":"https:\/\/www.article-marketing.eu\/comunicatistampa\/umberto-lebruto-al-via-il-progetto-per-la-riqualificazione-di-trastevere\/#primaryimage"},"image":{"@id":"https:\/\/www.article-marketing.eu\/comunicatistampa\/umberto-lebruto-al-via-il-progetto-per-la-riqualificazione-di-trastevere\/#primaryimage"},"thumbnailUrl":"https:\/\/www.pressonlinews.com\/wp-content\/uploads\/2023\/10\/Umberto-Lebruto-AD-FS-Sistemi-Urbani-e1704990438328-1280x720.jpg","datePublished":"2025-02-08T17:29:07+00:00","author":{"@id":"https:\/\/www.article-marketing.eu\/comunicatistampa\/#\/schema\/person\/2fcaf8f8f3a9eef9eb7f27532d3ca458"},"description":"FS Sistemi Urbani, sotto la guida di Umberto Lebruto, si occuper\u00e0 delle aree esterne. Il progetto prevede spazi ciclopedonali e ricettivi, in linea con l\u2019obiettivo di connettere meglio la stazione al tessuto urbano.","breadcrumb":{"@id":"https:\/\/www.article-marketing.eu\/comunicatistampa\/umberto-lebruto-al-via-il-progetto-per-la-riqualificazione-di-trastevere\/#breadcrumb"},"inLanguage":"it-IT","potentialAction":[{"@type":"ReadAction","target":["https:\/\/www.article-marketing.eu\/comunicatistampa\/umberto-lebruto-al-via-il-progetto-per-la-riqualificazione-di-trastevere\/"]}]},{"@type":"ImageObject","inLanguage":"it-IT","@id":"https:\/\/www.article-marketing.eu\/comunicatistampa\/umberto-lebruto-al-via-il-progetto-per-la-riqualificazione-di-trastevere\/#primaryimage","url":"https:\/\/www.pressonlinews.com\/wp-content\/uploads\/2023\/10\/Umberto-Lebruto-AD-FS-Sistemi-Urbani-e1704990438328-1280x720.jpg","contentUrl":"https:\/\/www.pressonlinews.com\/wp-content\/uploads\/2023\/10\/Umberto-Lebruto-AD-FS-Sistemi-Urbani-e1704990438328-1280x720.jpg"},{"@type":"BreadcrumbList","@id":"https:\/\/www.article-marketing.eu\/comunicatistampa\/umberto-lebruto-al-via-il-progetto-per-la-riqualificazione-di-trastevere\/#breadcrumb","itemListElement":[{"@type":"ListItem","position":1,"name":"Home","item":"https:\/\/www.article-marketing.eu\/comunicatistampa\/"},{"@type":"ListItem","position":2,"name":"Umberto Lebruto: al via il progetto per la riqualificazione di Trastevere"}]},{"@type":"WebSite","@id":"https:\/\/www.article-marketing.eu\/comunicatistampa\/#website","url":"https:\/\/www.article-marketing.eu\/comunicatistampa\/","name":"Article Marketing","description":"article marketing &amp; press release","potentialAction":[{"@type":"SearchAction","target":{"@type":"EntryPoint","urlTemplate":"https:\/\/www.article-marketing.eu\/comunicatistampa\/?s={search_term_string}"},"query-input":{"@type":"PropertyValueSpecification","valueRequired":true,"valueName":"search_term_string"}}],"inLanguage":"it-IT"},{"@type":"Person","@id":"https:\/\/www.article-marketing.eu\/comunicatistampa\/#\/schema\/person\/2fcaf8f8f3a9eef9eb7f27532d3ca458","name":"articolinews","image":{"@type":"ImageObject","inLanguage":"it-IT","@id":"https:\/\/secure.gravatar.com\/avatar\/9e2a264bab04e17dea24d937c9956304649a848cb73c46747a692ff1bdeb1cb7?s=96&d=mm&r=g","url":"https:\/\/secure.gravatar.com\/avatar\/9e2a264bab04e17dea24d937c9956304649a848cb73c46747a692ff1bdeb1cb7?s=96&d=mm&r=g","contentUrl":"https:\/\/secure.gravatar.com\/avatar\/9e2a264bab04e17dea24d937c9956304649a848cb73c46747a692ff1bdeb1cb7?s=96&d=mm&r=g","caption":"articolinews"},"url":"https:\/\/www.article-marketing.eu\/comunicatistampa\/author\/articolinews\/"}]}},"_links":{"self":[{"href":"https:\/\/www.article-marketing.eu\/comunicatistampa\/wp-json\/wp\/v2\/posts\/31579","targetHints":{"allow":["GET"]}}],"collection":[{"href":"https:\/\/www.article-marketing.eu\/comunicatistampa\/wp-json\/wp\/v2\/posts"}],"about":[{"href":"https:\/\/www.article-marketing.eu\/comunicatistampa\/wp-json\/wp\/v2\/types\/post"}],"author":[{"embeddable":true,"href":"https:\/\/www.article-marketing.eu\/comunicatistampa\/wp-json\/wp\/v2\/users\/6477"}],"replies":[{"embeddable":true,"href":"https:\/\/www.article-marketing.eu\/comunicatistampa\/wp-json\/wp\/v2\/comments?post=31579"}],"version-history":[{"count":2,"href":"https:\/\/www.article-marketing.eu\/comunicatistampa\/wp-json\/wp\/v2\/posts\/31579\/revisions"}],"predecessor-version":[{"id":32102,"href":"https:\/\/www.article-marketing.eu\/comunicatistampa\/wp-json\/wp\/v2\/posts\/31579\/revisions\/32102"}],"wp:attachment":[{"href":"https:\/\/www.article-marketing.eu\/comunicatistampa\/wp-json\/wp\/v2\/media?parent=31579"}],"wp:term":[{"taxonomy":"category","embeddable":true,"href":"https:\/\/www.article-marketing.eu\/comunicatistampa\/wp-json\/wp\/v2\/categories?post=31579"},{"taxonomy":"post_tag","embeddable":true,"href":"https:\/\/www.article-marketing.eu\/comunicatistampa\/wp-json\/wp\/v2\/tags?post=31579"}],"curies":[{"name":"wp","href":"https:\/\/api.w.org\/{rel}","templated":true}]}}