{"id":31589,"date":"2025-02-08T18:30:27","date_gmt":"2025-02-08T17:30:27","guid":{"rendered":"https:\/\/www.article-marketing.eu\/comunicatistampa\/?p=31589"},"modified":"2025-02-08T18:30:42","modified_gmt":"2025-02-08T17:30:42","slug":"la-storia-di-diana-bracco-dalla-laurea-alla-guida-di-un-gruppo-di-successo","status":"publish","type":"post","link":"https:\/\/www.article-marketing.eu\/comunicatistampa\/la-storia-di-diana-bracco-dalla-laurea-alla-guida-di-un-gruppo-di-successo\/","title":{"rendered":"La storia di Diana Bracco: dalla laurea alla guida di un Gruppo di successo"},"content":{"rendered":"<p><em><strong>Dalla laurea alla leadership nel settore delle Life Sciences: come <a title=\"La biografia professionale di Diana Bracco\" href=\"https:\/\/www.bracco.com\/it-it\/cv-diana-bracco\" target=\"_blank\" rel=\"noopener\">Diana Bracco<\/a> ha trasformato il Gruppo Bracco in un esempio di innovazione e crescita, sostenendo al contempo iniziative sociali e culturali che favoriscono il ruolo delle donne e dei giovani.<\/strong><\/em><\/p>\n<p><a title=\"Il curriculum vitae di Diana Bracco sul sito del Gruppo Bracco\" href=\"https:\/\/www.bracco.com\/it-it\/cv-diana-bracco\" target=\"_blank\" rel=\"noopener\"><img loading=\"lazy\" decoding=\"async\" src=\"https:\/\/www.bracco.com\/sites\/default\/files\/styles\/hd\/public\/2022-11\/db_bob-krieger003_cropped_0.jpg.webp?itok=idA5c7St\" alt=\"Diana Bracco\" width=\"200\" height=\"224\" \/><\/a><\/p>\n<h2>Diana Bracco: una vita dedicata alle Life Sciences<\/h2>\n<p>Con oltre 50 anni di esperienza nelle Life Sciences, <a title=\"La traiettoria manageriale e lavorativa di Diana Bracco\" href=\"https:\/\/www.bracco.com\/it-it\/cv-diana-bracco\" target=\"_blank\" rel=\"noopener\">Diana Bracco<\/a> \u00e8 oggi un nome affermato nel settore. Ricopre attualmente il ruolo di Presidente e AD del Gruppo Bracco, un&#8217;azienda che \u00e8 diventata un punto di riferimento a livello internazionale nel comparto della diagnostica per immagini e dei servizi per la salute.\u00a0La sua carriera prende avvio dopo la laurea in Chimica conseguita nel 1966 presso l\u2019Universit\u00e0 di Pavia, traguardo che la porter\u00e0 a entrare nel prestigioso business di famiglia. La sua ascesa \u00e8 rapida: gi\u00e0 nel 1977 assume la carica di Direttore Generale e nel 1999, succedendo al padre Fulvio, diventa Presidente e AD. Sotto la sua guida, il Gruppo Bracco ha visto una crescita esponenziale, raggiungendo un fatturato di 1,8 miliardi di euro e accumulando oltre 2.000 brevetti. La sua leadership si \u00e8 estesa anche a varie associazioni di settore, dove ha ricoperto posizioni di rilievo,\u00a0tra cui quelle di Vicepresidente di Confindustria e Presidente di Federchimica. Nel 2015 ha pure diretto il Padiglione Italia durante Expo Milano, promuovendo l\u2019importanza del ruolo femminile nel mondo del lavoro tramite l&#8217;iniziativa Women for Expo.<\/p>\n<h2>Un impegno che va oltre il business: la propensione di Diana Bracco per il sociale e la cultura<\/h2>\n<p><strong>Diana Bracco<\/strong> \u00e8 riconosciuta anche per il suo impegno in iniziative per il sociale e il culturale. Membro di vari consigli direttivi, tra cui quello di Confindustria e della Fondazione Fiera Milano, in passato \u00e8 stata Presidente di Responsible Care, l\u2019iniziativa globale per la sostenibilit\u00e0 dell\u2019industria chimica. Nel 2010 ha fondato la Fondazione Bracco, dedicata alla promozione della cultura scientifica e della responsabilit\u00e0 sociale, con particolare attenzione al sostegno delle donne e dei giovani.\u00a0Gli altri incarichi di prestigio da lei ricoperti comprendono quelli di Presidente della Fondazione Giuseppina MAI, associata a Confindustria, e Vicepresidente del CdA dell\u2019Accademia Teatro alla Scala.\u00a0La sua influenza non si limita solo all\u2019Italia: tra il 2011 e il 2015 \u00e8 stata la prima italiana nel Consiglio dei Trustee della National Gallery of Art a Washington. A conferma del suo eccezionale operato i numerosi riconoscimenti ricevuti nel corso della sua carriera: dalle lauree honoris causa in Farmacia, in Medicina e in Ricerca in Biologia Applicata e Medicina Sperimentale, ai titoli di Cavaliere del Lavoro (2002), Cavaliere di Gran Croce dell\u2019Ordine al Merito della Repubblica Italiana (2004) e la Medaglia d\u2019Oro del Comune di Milano (2002).<\/p>\n","protected":false},"excerpt":{"rendered":"<p>L\u2019imprenditrice Diana Bracco \u00e8 alla guida del Gruppo Bracco dal 1999: sotto la sua leadership, l\u2019azienda ha raggiunto un fatturato di 1,8 miliardi di euro.<\/p>\n","protected":false},"author":6477,"featured_media":0,"comment_status":"open","ping_status":"open","sticky":false,"template":"","format":"standard","meta":{"_monsterinsights_skip_tracking":false,"_monsterinsights_sitenote_active":false,"_monsterinsights_sitenote_note":"","_monsterinsights_sitenote_category":0,"footnotes":""},"categories":[78],"tags":[11089],"class_list":["post-31589","post","type-post","status-publish","format-standard","hentry","category-comunicati-stampa","tag-diana-bracco"],"yoast_head":"<!-- This site is optimized with the Yoast SEO plugin v27.3 - https:\/\/yoast.com\/product\/yoast-seo-wordpress\/ -->\n<title>La storia di Diana Bracco: dalla laurea alla guida di un Gruppo di successo<\/title>\n<meta name=\"description\" content=\"L\u2019imprenditrice Diana Bracco \u00e8 alla guida del Gruppo Bracco dal 1999: sotto la sua leadership, l\u2019azienda ha raggiunto un fatturato di 1,8 miliardi di euro.\" \/>\n<meta name=\"robots\" content=\"index, follow, max-snippet:-1, max-image-preview:large, max-video-preview:-1\" \/>\n<link rel=\"canonical\" href=\"https:\/\/www.article-marketing.eu\/comunicatistampa\/la-storia-di-diana-bracco-dalla-laurea-alla-guida-di-un-gruppo-di-successo\/\" \/>\n<meta property=\"og:locale\" content=\"it_IT\" \/>\n<meta property=\"og:type\" content=\"article\" \/>\n<meta property=\"og:title\" content=\"La storia di Diana Bracco: dalla laurea alla guida di un Gruppo di successo\" \/>\n<meta property=\"og:description\" content=\"L\u2019imprenditrice Diana Bracco \u00e8 alla guida del Gruppo Bracco dal 1999: sotto la sua leadership, l\u2019azienda ha raggiunto un fatturato di 1,8 miliardi di euro.\" \/>\n<meta property=\"og:url\" content=\"https:\/\/www.article-marketing.eu\/comunicatistampa\/la-storia-di-diana-bracco-dalla-laurea-alla-guida-di-un-gruppo-di-successo\/\" \/>\n<meta property=\"og:site_name\" content=\"Article Marketing\" \/>\n<meta property=\"article:published_time\" content=\"2025-02-08T17:30:27+00:00\" \/>\n<meta property=\"article:modified_time\" content=\"2025-02-08T17:30:42+00:00\" \/>\n<meta property=\"og:image\" content=\"https:\/\/www.bracco.com\/sites\/default\/files\/styles\/hd\/public\/2022-11\/db_bob-krieger003_cropped_0.jpg.webp?itok=idA5c7St\" \/>\n<meta name=\"author\" content=\"articolinews\" \/>\n<meta name=\"twitter:card\" content=\"summary_large_image\" \/>\n<meta name=\"twitter:label1\" content=\"Scritto da\" \/>\n\t<meta name=\"twitter:data1\" content=\"articolinews\" \/>\n\t<meta name=\"twitter:label2\" content=\"Tempo di lettura stimato\" \/>\n\t<meta name=\"twitter:data2\" content=\"3 minuti\" \/>\n<script type=\"application\/ld+json\" class=\"yoast-schema-graph\">{\"@context\":\"https:\\\/\\\/schema.org\",\"@graph\":[{\"@type\":\"Article\",\"@id\":\"https:\\\/\\\/www.article-marketing.eu\\\/comunicatistampa\\\/la-storia-di-diana-bracco-dalla-laurea-alla-guida-di-un-gruppo-di-successo\\\/#article\",\"isPartOf\":{\"@id\":\"https:\\\/\\\/www.article-marketing.eu\\\/comunicatistampa\\\/la-storia-di-diana-bracco-dalla-laurea-alla-guida-di-un-gruppo-di-successo\\\/\"},\"author\":{\"name\":\"articolinews\",\"@id\":\"https:\\\/\\\/www.article-marketing.eu\\\/comunicatistampa\\\/#\\\/schema\\\/person\\\/2fcaf8f8f3a9eef9eb7f27532d3ca458\"},\"headline\":\"La storia di Diana Bracco: dalla laurea alla guida di un Gruppo di successo\",\"datePublished\":\"2025-02-08T17:30:27+00:00\",\"dateModified\":\"2025-02-08T17:30:42+00:00\",\"mainEntityOfPage\":{\"@id\":\"https:\\\/\\\/www.article-marketing.eu\\\/comunicatistampa\\\/la-storia-di-diana-bracco-dalla-laurea-alla-guida-di-un-gruppo-di-successo\\\/\"},\"wordCount\":442,\"commentCount\":0,\"image\":{\"@id\":\"https:\\\/\\\/www.article-marketing.eu\\\/comunicatistampa\\\/la-storia-di-diana-bracco-dalla-laurea-alla-guida-di-un-gruppo-di-successo\\\/#primaryimage\"},\"thumbnailUrl\":\"https:\\\/\\\/www.bracco.com\\\/sites\\\/default\\\/files\\\/styles\\\/hd\\\/public\\\/2022-11\\\/db_bob-krieger003_cropped_0.jpg.webp?itok=idA5c7St\",\"keywords\":[\"Diana Bracco\"],\"articleSection\":[\"Comunicati stampa\"],\"inLanguage\":\"it-IT\",\"potentialAction\":[{\"@type\":\"CommentAction\",\"name\":\"Comment\",\"target\":[\"https:\\\/\\\/www.article-marketing.eu\\\/comunicatistampa\\\/la-storia-di-diana-bracco-dalla-laurea-alla-guida-di-un-gruppo-di-successo\\\/#respond\"]}]},{\"@type\":\"WebPage\",\"@id\":\"https:\\\/\\\/www.article-marketing.eu\\\/comunicatistampa\\\/la-storia-di-diana-bracco-dalla-laurea-alla-guida-di-un-gruppo-di-successo\\\/\",\"url\":\"https:\\\/\\\/www.article-marketing.eu\\\/comunicatistampa\\\/la-storia-di-diana-bracco-dalla-laurea-alla-guida-di-un-gruppo-di-successo\\\/\",\"name\":\"La storia di Diana Bracco: dalla laurea alla guida di un Gruppo di successo\",\"isPartOf\":{\"@id\":\"https:\\\/\\\/www.article-marketing.eu\\\/comunicatistampa\\\/#website\"},\"primaryImageOfPage\":{\"@id\":\"https:\\\/\\\/www.article-marketing.eu\\\/comunicatistampa\\\/la-storia-di-diana-bracco-dalla-laurea-alla-guida-di-un-gruppo-di-successo\\\/#primaryimage\"},\"image\":{\"@id\":\"https:\\\/\\\/www.article-marketing.eu\\\/comunicatistampa\\\/la-storia-di-diana-bracco-dalla-laurea-alla-guida-di-un-gruppo-di-successo\\\/#primaryimage\"},\"thumbnailUrl\":\"https:\\\/\\\/www.bracco.com\\\/sites\\\/default\\\/files\\\/styles\\\/hd\\\/public\\\/2022-11\\\/db_bob-krieger003_cropped_0.jpg.webp?itok=idA5c7St\",\"datePublished\":\"2025-02-08T17:30:27+00:00\",\"dateModified\":\"2025-02-08T17:30:42+00:00\",\"author\":{\"@id\":\"https:\\\/\\\/www.article-marketing.eu\\\/comunicatistampa\\\/#\\\/schema\\\/person\\\/2fcaf8f8f3a9eef9eb7f27532d3ca458\"},\"description\":\"L\u2019imprenditrice Diana Bracco \u00e8 alla guida del Gruppo Bracco dal 1999: sotto la sua leadership, l\u2019azienda ha raggiunto un fatturato di 1,8 miliardi di euro.\",\"breadcrumb\":{\"@id\":\"https:\\\/\\\/www.article-marketing.eu\\\/comunicatistampa\\\/la-storia-di-diana-bracco-dalla-laurea-alla-guida-di-un-gruppo-di-successo\\\/#breadcrumb\"},\"inLanguage\":\"it-IT\",\"potentialAction\":[{\"@type\":\"ReadAction\",\"target\":[\"https:\\\/\\\/www.article-marketing.eu\\\/comunicatistampa\\\/la-storia-di-diana-bracco-dalla-laurea-alla-guida-di-un-gruppo-di-successo\\\/\"]}]},{\"@type\":\"ImageObject\",\"inLanguage\":\"it-IT\",\"@id\":\"https:\\\/\\\/www.article-marketing.eu\\\/comunicatistampa\\\/la-storia-di-diana-bracco-dalla-laurea-alla-guida-di-un-gruppo-di-successo\\\/#primaryimage\",\"url\":\"https:\\\/\\\/www.bracco.com\\\/sites\\\/default\\\/files\\\/styles\\\/hd\\\/public\\\/2022-11\\\/db_bob-krieger003_cropped_0.jpg.webp?itok=idA5c7St\",\"contentUrl\":\"https:\\\/\\\/www.bracco.com\\\/sites\\\/default\\\/files\\\/styles\\\/hd\\\/public\\\/2022-11\\\/db_bob-krieger003_cropped_0.jpg.webp?itok=idA5c7St\"},{\"@type\":\"BreadcrumbList\",\"@id\":\"https:\\\/\\\/www.article-marketing.eu\\\/comunicatistampa\\\/la-storia-di-diana-bracco-dalla-laurea-alla-guida-di-un-gruppo-di-successo\\\/#breadcrumb\",\"itemListElement\":[{\"@type\":\"ListItem\",\"position\":1,\"name\":\"Home\",\"item\":\"https:\\\/\\\/www.article-marketing.eu\\\/comunicatistampa\\\/\"},{\"@type\":\"ListItem\",\"position\":2,\"name\":\"La storia di Diana Bracco: dalla laurea alla guida di un Gruppo di successo\"}]},{\"@type\":\"WebSite\",\"@id\":\"https:\\\/\\\/www.article-marketing.eu\\\/comunicatistampa\\\/#website\",\"url\":\"https:\\\/\\\/www.article-marketing.eu\\\/comunicatistampa\\\/\",\"name\":\"Article Marketing\",\"description\":\"article marketing &amp; press release\",\"potentialAction\":[{\"@type\":\"SearchAction\",\"target\":{\"@type\":\"EntryPoint\",\"urlTemplate\":\"https:\\\/\\\/www.article-marketing.eu\\\/comunicatistampa\\\/?s={search_term_string}\"},\"query-input\":{\"@type\":\"PropertyValueSpecification\",\"valueRequired\":true,\"valueName\":\"search_term_string\"}}],\"inLanguage\":\"it-IT\"},{\"@type\":\"Person\",\"@id\":\"https:\\\/\\\/www.article-marketing.eu\\\/comunicatistampa\\\/#\\\/schema\\\/person\\\/2fcaf8f8f3a9eef9eb7f27532d3ca458\",\"name\":\"articolinews\",\"image\":{\"@type\":\"ImageObject\",\"inLanguage\":\"it-IT\",\"@id\":\"https:\\\/\\\/secure.gravatar.com\\\/avatar\\\/9e2a264bab04e17dea24d937c9956304649a848cb73c46747a692ff1bdeb1cb7?s=96&d=mm&r=g\",\"url\":\"https:\\\/\\\/secure.gravatar.com\\\/avatar\\\/9e2a264bab04e17dea24d937c9956304649a848cb73c46747a692ff1bdeb1cb7?s=96&d=mm&r=g\",\"contentUrl\":\"https:\\\/\\\/secure.gravatar.com\\\/avatar\\\/9e2a264bab04e17dea24d937c9956304649a848cb73c46747a692ff1bdeb1cb7?s=96&d=mm&r=g\",\"caption\":\"articolinews\"},\"url\":\"https:\\\/\\\/www.article-marketing.eu\\\/comunicatistampa\\\/author\\\/articolinews\\\/\"}]}<\/script>\n<!-- \/ Yoast SEO plugin. -->","yoast_head_json":{"title":"La storia di Diana Bracco: dalla laurea alla guida di un Gruppo di successo","description":"L\u2019imprenditrice Diana Bracco \u00e8 alla guida del Gruppo Bracco dal 1999: sotto la sua leadership, l\u2019azienda ha raggiunto un fatturato di 1,8 miliardi di euro.","robots":{"index":"index","follow":"follow","max-snippet":"max-snippet:-1","max-image-preview":"max-image-preview:large","max-video-preview":"max-video-preview:-1"},"canonical":"https:\/\/www.article-marketing.eu\/comunicatistampa\/la-storia-di-diana-bracco-dalla-laurea-alla-guida-di-un-gruppo-di-successo\/","og_locale":"it_IT","og_type":"article","og_title":"La storia di Diana Bracco: dalla laurea alla guida di un Gruppo di successo","og_description":"L\u2019imprenditrice Diana Bracco \u00e8 alla guida del Gruppo Bracco dal 1999: sotto la sua leadership, l\u2019azienda ha raggiunto un fatturato di 1,8 miliardi di euro.","og_url":"https:\/\/www.article-marketing.eu\/comunicatistampa\/la-storia-di-diana-bracco-dalla-laurea-alla-guida-di-un-gruppo-di-successo\/","og_site_name":"Article Marketing","article_published_time":"2025-02-08T17:30:27+00:00","article_modified_time":"2025-02-08T17:30:42+00:00","og_image":[{"url":"https:\/\/www.bracco.com\/sites\/default\/files\/styles\/hd\/public\/2022-11\/db_bob-krieger003_cropped_0.jpg.webp?itok=idA5c7St","type":"","width":"","height":""}],"author":"articolinews","twitter_card":"summary_large_image","twitter_misc":{"Scritto da":"articolinews","Tempo di lettura stimato":"3 minuti"},"schema":{"@context":"https:\/\/schema.org","@graph":[{"@type":"Article","@id":"https:\/\/www.article-marketing.eu\/comunicatistampa\/la-storia-di-diana-bracco-dalla-laurea-alla-guida-di-un-gruppo-di-successo\/#article","isPartOf":{"@id":"https:\/\/www.article-marketing.eu\/comunicatistampa\/la-storia-di-diana-bracco-dalla-laurea-alla-guida-di-un-gruppo-di-successo\/"},"author":{"name":"articolinews","@id":"https:\/\/www.article-marketing.eu\/comunicatistampa\/#\/schema\/person\/2fcaf8f8f3a9eef9eb7f27532d3ca458"},"headline":"La storia di Diana Bracco: dalla laurea alla guida di un Gruppo di successo","datePublished":"2025-02-08T17:30:27+00:00","dateModified":"2025-02-08T17:30:42+00:00","mainEntityOfPage":{"@id":"https:\/\/www.article-marketing.eu\/comunicatistampa\/la-storia-di-diana-bracco-dalla-laurea-alla-guida-di-un-gruppo-di-successo\/"},"wordCount":442,"commentCount":0,"image":{"@id":"https:\/\/www.article-marketing.eu\/comunicatistampa\/la-storia-di-diana-bracco-dalla-laurea-alla-guida-di-un-gruppo-di-successo\/#primaryimage"},"thumbnailUrl":"https:\/\/www.bracco.com\/sites\/default\/files\/styles\/hd\/public\/2022-11\/db_bob-krieger003_cropped_0.jpg.webp?itok=idA5c7St","keywords":["Diana Bracco"],"articleSection":["Comunicati stampa"],"inLanguage":"it-IT","potentialAction":[{"@type":"CommentAction","name":"Comment","target":["https:\/\/www.article-marketing.eu\/comunicatistampa\/la-storia-di-diana-bracco-dalla-laurea-alla-guida-di-un-gruppo-di-successo\/#respond"]}]},{"@type":"WebPage","@id":"https:\/\/www.article-marketing.eu\/comunicatistampa\/la-storia-di-diana-bracco-dalla-laurea-alla-guida-di-un-gruppo-di-successo\/","url":"https:\/\/www.article-marketing.eu\/comunicatistampa\/la-storia-di-diana-bracco-dalla-laurea-alla-guida-di-un-gruppo-di-successo\/","name":"La storia di Diana Bracco: dalla laurea alla guida di un Gruppo di successo","isPartOf":{"@id":"https:\/\/www.article-marketing.eu\/comunicatistampa\/#website"},"primaryImageOfPage":{"@id":"https:\/\/www.article-marketing.eu\/comunicatistampa\/la-storia-di-diana-bracco-dalla-laurea-alla-guida-di-un-gruppo-di-successo\/#primaryimage"},"image":{"@id":"https:\/\/www.article-marketing.eu\/comunicatistampa\/la-storia-di-diana-bracco-dalla-laurea-alla-guida-di-un-gruppo-di-successo\/#primaryimage"},"thumbnailUrl":"https:\/\/www.bracco.com\/sites\/default\/files\/styles\/hd\/public\/2022-11\/db_bob-krieger003_cropped_0.jpg.webp?itok=idA5c7St","datePublished":"2025-02-08T17:30:27+00:00","dateModified":"2025-02-08T17:30:42+00:00","author":{"@id":"https:\/\/www.article-marketing.eu\/comunicatistampa\/#\/schema\/person\/2fcaf8f8f3a9eef9eb7f27532d3ca458"},"description":"L\u2019imprenditrice Diana Bracco \u00e8 alla guida del Gruppo Bracco dal 1999: sotto la sua leadership, l\u2019azienda ha raggiunto un fatturato di 1,8 miliardi di euro.","breadcrumb":{"@id":"https:\/\/www.article-marketing.eu\/comunicatistampa\/la-storia-di-diana-bracco-dalla-laurea-alla-guida-di-un-gruppo-di-successo\/#breadcrumb"},"inLanguage":"it-IT","potentialAction":[{"@type":"ReadAction","target":["https:\/\/www.article-marketing.eu\/comunicatistampa\/la-storia-di-diana-bracco-dalla-laurea-alla-guida-di-un-gruppo-di-successo\/"]}]},{"@type":"ImageObject","inLanguage":"it-IT","@id":"https:\/\/www.article-marketing.eu\/comunicatistampa\/la-storia-di-diana-bracco-dalla-laurea-alla-guida-di-un-gruppo-di-successo\/#primaryimage","url":"https:\/\/www.bracco.com\/sites\/default\/files\/styles\/hd\/public\/2022-11\/db_bob-krieger003_cropped_0.jpg.webp?itok=idA5c7St","contentUrl":"https:\/\/www.bracco.com\/sites\/default\/files\/styles\/hd\/public\/2022-11\/db_bob-krieger003_cropped_0.jpg.webp?itok=idA5c7St"},{"@type":"BreadcrumbList","@id":"https:\/\/www.article-marketing.eu\/comunicatistampa\/la-storia-di-diana-bracco-dalla-laurea-alla-guida-di-un-gruppo-di-successo\/#breadcrumb","itemListElement":[{"@type":"ListItem","position":1,"name":"Home","item":"https:\/\/www.article-marketing.eu\/comunicatistampa\/"},{"@type":"ListItem","position":2,"name":"La storia di Diana Bracco: dalla laurea alla guida di un Gruppo di successo"}]},{"@type":"WebSite","@id":"https:\/\/www.article-marketing.eu\/comunicatistampa\/#website","url":"https:\/\/www.article-marketing.eu\/comunicatistampa\/","name":"Article Marketing","description":"article marketing &amp; press release","potentialAction":[{"@type":"SearchAction","target":{"@type":"EntryPoint","urlTemplate":"https:\/\/www.article-marketing.eu\/comunicatistampa\/?s={search_term_string}"},"query-input":{"@type":"PropertyValueSpecification","valueRequired":true,"valueName":"search_term_string"}}],"inLanguage":"it-IT"},{"@type":"Person","@id":"https:\/\/www.article-marketing.eu\/comunicatistampa\/#\/schema\/person\/2fcaf8f8f3a9eef9eb7f27532d3ca458","name":"articolinews","image":{"@type":"ImageObject","inLanguage":"it-IT","@id":"https:\/\/secure.gravatar.com\/avatar\/9e2a264bab04e17dea24d937c9956304649a848cb73c46747a692ff1bdeb1cb7?s=96&d=mm&r=g","url":"https:\/\/secure.gravatar.com\/avatar\/9e2a264bab04e17dea24d937c9956304649a848cb73c46747a692ff1bdeb1cb7?s=96&d=mm&r=g","contentUrl":"https:\/\/secure.gravatar.com\/avatar\/9e2a264bab04e17dea24d937c9956304649a848cb73c46747a692ff1bdeb1cb7?s=96&d=mm&r=g","caption":"articolinews"},"url":"https:\/\/www.article-marketing.eu\/comunicatistampa\/author\/articolinews\/"}]}},"_links":{"self":[{"href":"https:\/\/www.article-marketing.eu\/comunicatistampa\/wp-json\/wp\/v2\/posts\/31589","targetHints":{"allow":["GET"]}}],"collection":[{"href":"https:\/\/www.article-marketing.eu\/comunicatistampa\/wp-json\/wp\/v2\/posts"}],"about":[{"href":"https:\/\/www.article-marketing.eu\/comunicatistampa\/wp-json\/wp\/v2\/types\/post"}],"author":[{"embeddable":true,"href":"https:\/\/www.article-marketing.eu\/comunicatistampa\/wp-json\/wp\/v2\/users\/6477"}],"replies":[{"embeddable":true,"href":"https:\/\/www.article-marketing.eu\/comunicatistampa\/wp-json\/wp\/v2\/comments?post=31589"}],"version-history":[{"count":3,"href":"https:\/\/www.article-marketing.eu\/comunicatistampa\/wp-json\/wp\/v2\/posts\/31589\/revisions"}],"predecessor-version":[{"id":32110,"href":"https:\/\/www.article-marketing.eu\/comunicatistampa\/wp-json\/wp\/v2\/posts\/31589\/revisions\/32110"}],"wp:attachment":[{"href":"https:\/\/www.article-marketing.eu\/comunicatistampa\/wp-json\/wp\/v2\/media?parent=31589"}],"wp:term":[{"taxonomy":"category","embeddable":true,"href":"https:\/\/www.article-marketing.eu\/comunicatistampa\/wp-json\/wp\/v2\/categories?post=31589"},{"taxonomy":"post_tag","embeddable":true,"href":"https:\/\/www.article-marketing.eu\/comunicatistampa\/wp-json\/wp\/v2\/tags?post=31589"}],"curies":[{"name":"wp","href":"https:\/\/api.w.org\/{rel}","templated":true}]}}