{"id":31593,"date":"2025-02-08T18:31:14","date_gmt":"2025-02-08T17:31:14","guid":{"rendered":"https:\/\/www.article-marketing.eu\/comunicatistampa\/?p=31593"},"modified":"2025-02-08T18:31:14","modified_gmt":"2025-02-08T17:31:14","slug":"terna-porta-avanti-il-piano-industriale-al-2028-transizione-al-centro","status":"publish","type":"post","link":"https:\/\/www.article-marketing.eu\/comunicatistampa\/terna-porta-avanti-il-piano-industriale-al-2028-transizione-al-centro\/","title":{"rendered":"Terna porta avanti il Piano industriale al 2028: transizione al centro"},"content":{"rendered":"<p><em><strong>Presentato la scorsa primavera dall\u2019AD e DG Giuseppina Di Foggia, il Piano Industriale 2024-2028 di <a title=\"Il Piano Industriale 2024-2028 di Terna\" href=\"https:\/\/finanza.lastampa.it\/News\/2024\/03\/19\/terna-di-foggia-il-piano-e-il-piu-sfidante-e-piu-grande-nella-storia-di-questa- azienda\/MjIxXzIwMjQtMDMtMTlfVExC\">Terna<\/a> segna un passo decisivo verso la transizione energetica del Paese. Su digitalizzazione e sostenibilit\u00e0 i principali investimenti, con l\u2019obiettivo di rendere le infrastrutture sempre pi\u00f9 efficienti e integrate.<\/strong><\/em><\/p>\n<p><a title=\"Terna: Piano Industriale 2024-2028 per la transizione energetica del Paese\" href=\"https:\/\/finanza.lastampa.it\/News\/2024\/03\/19\/terna-di-foggia-il-piano-e-il-piu-sfidante-e-piu-grande-nella-storia-di-questa-azienda\/MjIxXzIwMjQtMDMtMTlfVExC\"><img loading=\"lazy\" decoding=\"async\" src=\"https:\/\/h2biz.net\/images\/Plats\/20210708180719.png\" alt=\"Terna\" width=\"246\" height=\"100\" \/><\/a><\/p>\n<h2>Con il Piano di Terna una transizione sostenibile e inclusiva<\/h2>\n<p>\u00c8 un Piano ambizioso quello che <strong>Terna <\/strong>ha annunciato a marzo: 16,5 miliardi di euro in tre anni \u2013 il 65% in pi\u00f9 rispetto al precedente \u2013 per rafforzare il sistema elettrico del Paese, puntando su innovazione, digitalizzazione e sostenibilit\u00e0. Un passo cruciale verso la transizione energetica del Paese. E alla guida di questo cambiamento c\u2019\u00e8 l\u2019AD e DG <strong>Giuseppina Di Foggia<\/strong>, che ha definito il piano come \u201c<em>il pi\u00f9 grande della storia dell\u2019azienda<\/em>\u201d. Fin dalle prime settimane del lancio, la manager ha ribadito l\u2019importanza di accelerare sul digitale: \u201c<em>Crediamo fermamente che la transizione energetica possa avvenire solo con il supporto della digitalizzazione<\/em>\u201d, ha dichiarato, spiegando che solo cos\u00ec \u00e8 possibile migliorare l\u2019efficienza e l\u2019integrazione delle energie rinnovabili. Non a caso \u00e8 proprio in questo ambito che Terna ha deciso di destinare il 12% degli investimenti. Altro tema chiave per l\u2019AD e DG \u00e8 l\u2019inclusivit\u00e0: la transizione energetica, secondo Giuseppina Di Foggia, deve creare opportunit\u00e0 per tutti e non lasciare indietro nessuno. Per questo motivo \u00e8 nata la Fondazione Terna, con tre obiettivi principali: combattere la povert\u00e0 energetica, promuovere l\u2019alfabetizzazione energetica tra i giovani e offrire corsi di formazione per creare nuove opportunit\u00e0 lavorative.<\/p>\n<h2>Terna: i punti salienti del Piano<\/h2>\n<p>Nel dettaglio, il Piano 2024-2028 prevede due linee strategiche: le Attivit\u00e0 Regolate in Italia e le Attivit\u00e0 Non Regolate. Il core business di <strong><a title=\"Terna presenta il Piano Industriale 2024-2028\" href=\"https:\/\/finanza.lastampa.it\/News\/2024\/03\/19\/terna-di-foggia-il-piano-e-il-piu-sfidante-e-piu-grande-nella-storia-di-questa-azienda\/MjIxXzIwMjQtMDMtMTlfVExC\">Terna<\/a><\/strong> rimane focalizzato sullo sviluppo della rete elettrica nazionale, con un investimento record di 15,5 miliardi di euro, destinato a potenziare la rete di trasmissione e a sviluppare le interconnessioni internazionali. Tra i progetti di punta, l\u2019elettrodotto Tyrrhenian Link e l\u2019Adriatic Link, entrambi cruciali per aumentare l&#8217;efficienza e ridurre l&#8217;uso di fonti fossili. Nel contesto delle Attivit\u00e0 Non Regolate, il Gruppo guidato da <strong>Giuseppina Di Foggia<\/strong> \u00e8 impegnato a sviluppare soluzioni digitali innovative che contribuiranno a generare nuovi business. Sul fronte dei target finanziari, anche gli obiettivi di Terna non potevano che essere ambiziosi. Entro il 2028, i ricavi dovrebbero raggiungere i 4,6 miliardi di euro, con un EBITDA previsto a 3,25 miliardi. Anche la nuova politica dei dividendi, che garantisce una crescita minima del 4% annuo, sottolinea la solidit\u00e0 del piano, nonostante l&#8217;accelerazione degli investimenti.<\/p>\n","protected":false},"excerpt":{"rendered":"<p>\u201cIl Piano al 2028 di Terna mira a rendere il sistema elettrico italiano pi\u00f9 sicuro, efficiente e integrato con le fonti rinnovabili\u201d: cos\u00ec l\u2019AD e DG Giuseppina Di Foggia.<\/p>\n","protected":false},"author":6477,"featured_media":0,"comment_status":"open","ping_status":"open","sticky":false,"template":"","format":"standard","meta":{"_monsterinsights_skip_tracking":false,"_monsterinsights_sitenote_active":false,"_monsterinsights_sitenote_note":"","_monsterinsights_sitenote_category":0,"footnotes":""},"categories":[78],"tags":[10895,9563],"class_list":["post-31593","post","type-post","status-publish","format-standard","hentry","category-comunicati-stampa","tag-giuseppina-di-foggia","tag-terna"],"yoast_head":"<!-- This site is optimized with the Yoast SEO plugin v27.3 - https:\/\/yoast.com\/product\/yoast-seo-wordpress\/ -->\n<title>Terna porta avanti il Piano industriale al 2028: transizione al centro - Article Marketing<\/title>\n<meta name=\"description\" content=\"\u201cIl Piano al 2028 di Terna mira a rendere il sistema elettrico italiano pi\u00f9 sicuro, efficiente e integrato con le fonti rinnovabili\u201d: cos\u00ec l\u2019AD e DG Giuseppina Di Foggia.\" \/>\n<meta name=\"robots\" content=\"index, follow, max-snippet:-1, max-image-preview:large, max-video-preview:-1\" \/>\n<link rel=\"canonical\" href=\"https:\/\/www.article-marketing.eu\/comunicatistampa\/terna-porta-avanti-il-piano-industriale-al-2028-transizione-al-centro\/\" \/>\n<meta property=\"og:locale\" content=\"it_IT\" \/>\n<meta property=\"og:type\" content=\"article\" \/>\n<meta property=\"og:title\" content=\"Terna porta avanti il Piano industriale al 2028: transizione al centro - Article Marketing\" \/>\n<meta property=\"og:description\" content=\"\u201cIl Piano al 2028 di Terna mira a rendere il sistema elettrico italiano pi\u00f9 sicuro, efficiente e integrato con le fonti rinnovabili\u201d: cos\u00ec l\u2019AD e DG Giuseppina Di Foggia.\" \/>\n<meta property=\"og:url\" content=\"https:\/\/www.article-marketing.eu\/comunicatistampa\/terna-porta-avanti-il-piano-industriale-al-2028-transizione-al-centro\/\" \/>\n<meta property=\"og:site_name\" content=\"Article Marketing\" \/>\n<meta property=\"article:published_time\" content=\"2025-02-08T17:31:14+00:00\" \/>\n<meta property=\"og:image\" content=\"https:\/\/h2biz.net\/images\/Plats\/20210708180719.png\" \/>\n<meta name=\"author\" content=\"articolinews\" \/>\n<meta name=\"twitter:card\" content=\"summary_large_image\" \/>\n<meta name=\"twitter:label1\" content=\"Scritto da\" \/>\n\t<meta name=\"twitter:data1\" content=\"articolinews\" \/>\n\t<meta name=\"twitter:label2\" content=\"Tempo di lettura stimato\" \/>\n\t<meta name=\"twitter:data2\" content=\"3 minuti\" \/>\n<script type=\"application\/ld+json\" class=\"yoast-schema-graph\">{\"@context\":\"https:\\\/\\\/schema.org\",\"@graph\":[{\"@type\":\"Article\",\"@id\":\"https:\\\/\\\/www.article-marketing.eu\\\/comunicatistampa\\\/terna-porta-avanti-il-piano-industriale-al-2028-transizione-al-centro\\\/#article\",\"isPartOf\":{\"@id\":\"https:\\\/\\\/www.article-marketing.eu\\\/comunicatistampa\\\/terna-porta-avanti-il-piano-industriale-al-2028-transizione-al-centro\\\/\"},\"author\":{\"name\":\"articolinews\",\"@id\":\"https:\\\/\\\/www.article-marketing.eu\\\/comunicatistampa\\\/#\\\/schema\\\/person\\\/2fcaf8f8f3a9eef9eb7f27532d3ca458\"},\"headline\":\"Terna porta avanti il Piano industriale al 2028: transizione al centro\",\"datePublished\":\"2025-02-08T17:31:14+00:00\",\"mainEntityOfPage\":{\"@id\":\"https:\\\/\\\/www.article-marketing.eu\\\/comunicatistampa\\\/terna-porta-avanti-il-piano-industriale-al-2028-transizione-al-centro\\\/\"},\"wordCount\":419,\"commentCount\":0,\"image\":{\"@id\":\"https:\\\/\\\/www.article-marketing.eu\\\/comunicatistampa\\\/terna-porta-avanti-il-piano-industriale-al-2028-transizione-al-centro\\\/#primaryimage\"},\"thumbnailUrl\":\"https:\\\/\\\/h2biz.net\\\/images\\\/Plats\\\/20210708180719.png\",\"keywords\":[\"Giuseppina Di Foggia\",\"Terna\"],\"articleSection\":[\"Comunicati stampa\"],\"inLanguage\":\"it-IT\",\"potentialAction\":[{\"@type\":\"CommentAction\",\"name\":\"Comment\",\"target\":[\"https:\\\/\\\/www.article-marketing.eu\\\/comunicatistampa\\\/terna-porta-avanti-il-piano-industriale-al-2028-transizione-al-centro\\\/#respond\"]}]},{\"@type\":\"WebPage\",\"@id\":\"https:\\\/\\\/www.article-marketing.eu\\\/comunicatistampa\\\/terna-porta-avanti-il-piano-industriale-al-2028-transizione-al-centro\\\/\",\"url\":\"https:\\\/\\\/www.article-marketing.eu\\\/comunicatistampa\\\/terna-porta-avanti-il-piano-industriale-al-2028-transizione-al-centro\\\/\",\"name\":\"Terna porta avanti il Piano industriale al 2028: transizione al centro - Article Marketing\",\"isPartOf\":{\"@id\":\"https:\\\/\\\/www.article-marketing.eu\\\/comunicatistampa\\\/#website\"},\"primaryImageOfPage\":{\"@id\":\"https:\\\/\\\/www.article-marketing.eu\\\/comunicatistampa\\\/terna-porta-avanti-il-piano-industriale-al-2028-transizione-al-centro\\\/#primaryimage\"},\"image\":{\"@id\":\"https:\\\/\\\/www.article-marketing.eu\\\/comunicatistampa\\\/terna-porta-avanti-il-piano-industriale-al-2028-transizione-al-centro\\\/#primaryimage\"},\"thumbnailUrl\":\"https:\\\/\\\/h2biz.net\\\/images\\\/Plats\\\/20210708180719.png\",\"datePublished\":\"2025-02-08T17:31:14+00:00\",\"author\":{\"@id\":\"https:\\\/\\\/www.article-marketing.eu\\\/comunicatistampa\\\/#\\\/schema\\\/person\\\/2fcaf8f8f3a9eef9eb7f27532d3ca458\"},\"description\":\"\u201cIl Piano al 2028 di Terna mira a rendere il sistema elettrico italiano pi\u00f9 sicuro, efficiente e integrato con le fonti rinnovabili\u201d: cos\u00ec l\u2019AD e DG Giuseppina Di Foggia.\",\"breadcrumb\":{\"@id\":\"https:\\\/\\\/www.article-marketing.eu\\\/comunicatistampa\\\/terna-porta-avanti-il-piano-industriale-al-2028-transizione-al-centro\\\/#breadcrumb\"},\"inLanguage\":\"it-IT\",\"potentialAction\":[{\"@type\":\"ReadAction\",\"target\":[\"https:\\\/\\\/www.article-marketing.eu\\\/comunicatistampa\\\/terna-porta-avanti-il-piano-industriale-al-2028-transizione-al-centro\\\/\"]}]},{\"@type\":\"ImageObject\",\"inLanguage\":\"it-IT\",\"@id\":\"https:\\\/\\\/www.article-marketing.eu\\\/comunicatistampa\\\/terna-porta-avanti-il-piano-industriale-al-2028-transizione-al-centro\\\/#primaryimage\",\"url\":\"https:\\\/\\\/h2biz.net\\\/images\\\/Plats\\\/20210708180719.png\",\"contentUrl\":\"https:\\\/\\\/h2biz.net\\\/images\\\/Plats\\\/20210708180719.png\"},{\"@type\":\"BreadcrumbList\",\"@id\":\"https:\\\/\\\/www.article-marketing.eu\\\/comunicatistampa\\\/terna-porta-avanti-il-piano-industriale-al-2028-transizione-al-centro\\\/#breadcrumb\",\"itemListElement\":[{\"@type\":\"ListItem\",\"position\":1,\"name\":\"Home\",\"item\":\"https:\\\/\\\/www.article-marketing.eu\\\/comunicatistampa\\\/\"},{\"@type\":\"ListItem\",\"position\":2,\"name\":\"Terna porta avanti il Piano industriale al 2028: transizione al centro\"}]},{\"@type\":\"WebSite\",\"@id\":\"https:\\\/\\\/www.article-marketing.eu\\\/comunicatistampa\\\/#website\",\"url\":\"https:\\\/\\\/www.article-marketing.eu\\\/comunicatistampa\\\/\",\"name\":\"Article Marketing\",\"description\":\"article marketing &amp; press release\",\"potentialAction\":[{\"@type\":\"SearchAction\",\"target\":{\"@type\":\"EntryPoint\",\"urlTemplate\":\"https:\\\/\\\/www.article-marketing.eu\\\/comunicatistampa\\\/?s={search_term_string}\"},\"query-input\":{\"@type\":\"PropertyValueSpecification\",\"valueRequired\":true,\"valueName\":\"search_term_string\"}}],\"inLanguage\":\"it-IT\"},{\"@type\":\"Person\",\"@id\":\"https:\\\/\\\/www.article-marketing.eu\\\/comunicatistampa\\\/#\\\/schema\\\/person\\\/2fcaf8f8f3a9eef9eb7f27532d3ca458\",\"name\":\"articolinews\",\"image\":{\"@type\":\"ImageObject\",\"inLanguage\":\"it-IT\",\"@id\":\"https:\\\/\\\/secure.gravatar.com\\\/avatar\\\/9e2a264bab04e17dea24d937c9956304649a848cb73c46747a692ff1bdeb1cb7?s=96&d=mm&r=g\",\"url\":\"https:\\\/\\\/secure.gravatar.com\\\/avatar\\\/9e2a264bab04e17dea24d937c9956304649a848cb73c46747a692ff1bdeb1cb7?s=96&d=mm&r=g\",\"contentUrl\":\"https:\\\/\\\/secure.gravatar.com\\\/avatar\\\/9e2a264bab04e17dea24d937c9956304649a848cb73c46747a692ff1bdeb1cb7?s=96&d=mm&r=g\",\"caption\":\"articolinews\"},\"url\":\"https:\\\/\\\/www.article-marketing.eu\\\/comunicatistampa\\\/author\\\/articolinews\\\/\"}]}<\/script>\n<!-- \/ Yoast SEO plugin. -->","yoast_head_json":{"title":"Terna porta avanti il Piano industriale al 2028: transizione al centro - Article Marketing","description":"\u201cIl Piano al 2028 di Terna mira a rendere il sistema elettrico italiano pi\u00f9 sicuro, efficiente e integrato con le fonti rinnovabili\u201d: cos\u00ec l\u2019AD e DG Giuseppina Di Foggia.","robots":{"index":"index","follow":"follow","max-snippet":"max-snippet:-1","max-image-preview":"max-image-preview:large","max-video-preview":"max-video-preview:-1"},"canonical":"https:\/\/www.article-marketing.eu\/comunicatistampa\/terna-porta-avanti-il-piano-industriale-al-2028-transizione-al-centro\/","og_locale":"it_IT","og_type":"article","og_title":"Terna porta avanti il Piano industriale al 2028: transizione al centro - Article Marketing","og_description":"\u201cIl Piano al 2028 di Terna mira a rendere il sistema elettrico italiano pi\u00f9 sicuro, efficiente e integrato con le fonti rinnovabili\u201d: cos\u00ec l\u2019AD e DG Giuseppina Di Foggia.","og_url":"https:\/\/www.article-marketing.eu\/comunicatistampa\/terna-porta-avanti-il-piano-industriale-al-2028-transizione-al-centro\/","og_site_name":"Article Marketing","article_published_time":"2025-02-08T17:31:14+00:00","og_image":[{"url":"https:\/\/h2biz.net\/images\/Plats\/20210708180719.png","type":"","width":"","height":""}],"author":"articolinews","twitter_card":"summary_large_image","twitter_misc":{"Scritto da":"articolinews","Tempo di lettura stimato":"3 minuti"},"schema":{"@context":"https:\/\/schema.org","@graph":[{"@type":"Article","@id":"https:\/\/www.article-marketing.eu\/comunicatistampa\/terna-porta-avanti-il-piano-industriale-al-2028-transizione-al-centro\/#article","isPartOf":{"@id":"https:\/\/www.article-marketing.eu\/comunicatistampa\/terna-porta-avanti-il-piano-industriale-al-2028-transizione-al-centro\/"},"author":{"name":"articolinews","@id":"https:\/\/www.article-marketing.eu\/comunicatistampa\/#\/schema\/person\/2fcaf8f8f3a9eef9eb7f27532d3ca458"},"headline":"Terna porta avanti il Piano industriale al 2028: transizione al centro","datePublished":"2025-02-08T17:31:14+00:00","mainEntityOfPage":{"@id":"https:\/\/www.article-marketing.eu\/comunicatistampa\/terna-porta-avanti-il-piano-industriale-al-2028-transizione-al-centro\/"},"wordCount":419,"commentCount":0,"image":{"@id":"https:\/\/www.article-marketing.eu\/comunicatistampa\/terna-porta-avanti-il-piano-industriale-al-2028-transizione-al-centro\/#primaryimage"},"thumbnailUrl":"https:\/\/h2biz.net\/images\/Plats\/20210708180719.png","keywords":["Giuseppina Di Foggia","Terna"],"articleSection":["Comunicati stampa"],"inLanguage":"it-IT","potentialAction":[{"@type":"CommentAction","name":"Comment","target":["https:\/\/www.article-marketing.eu\/comunicatistampa\/terna-porta-avanti-il-piano-industriale-al-2028-transizione-al-centro\/#respond"]}]},{"@type":"WebPage","@id":"https:\/\/www.article-marketing.eu\/comunicatistampa\/terna-porta-avanti-il-piano-industriale-al-2028-transizione-al-centro\/","url":"https:\/\/www.article-marketing.eu\/comunicatistampa\/terna-porta-avanti-il-piano-industriale-al-2028-transizione-al-centro\/","name":"Terna porta avanti il Piano industriale al 2028: transizione al centro - Article Marketing","isPartOf":{"@id":"https:\/\/www.article-marketing.eu\/comunicatistampa\/#website"},"primaryImageOfPage":{"@id":"https:\/\/www.article-marketing.eu\/comunicatistampa\/terna-porta-avanti-il-piano-industriale-al-2028-transizione-al-centro\/#primaryimage"},"image":{"@id":"https:\/\/www.article-marketing.eu\/comunicatistampa\/terna-porta-avanti-il-piano-industriale-al-2028-transizione-al-centro\/#primaryimage"},"thumbnailUrl":"https:\/\/h2biz.net\/images\/Plats\/20210708180719.png","datePublished":"2025-02-08T17:31:14+00:00","author":{"@id":"https:\/\/www.article-marketing.eu\/comunicatistampa\/#\/schema\/person\/2fcaf8f8f3a9eef9eb7f27532d3ca458"},"description":"\u201cIl Piano al 2028 di Terna mira a rendere il sistema elettrico italiano pi\u00f9 sicuro, efficiente e integrato con le fonti rinnovabili\u201d: cos\u00ec l\u2019AD e DG Giuseppina Di Foggia.","breadcrumb":{"@id":"https:\/\/www.article-marketing.eu\/comunicatistampa\/terna-porta-avanti-il-piano-industriale-al-2028-transizione-al-centro\/#breadcrumb"},"inLanguage":"it-IT","potentialAction":[{"@type":"ReadAction","target":["https:\/\/www.article-marketing.eu\/comunicatistampa\/terna-porta-avanti-il-piano-industriale-al-2028-transizione-al-centro\/"]}]},{"@type":"ImageObject","inLanguage":"it-IT","@id":"https:\/\/www.article-marketing.eu\/comunicatistampa\/terna-porta-avanti-il-piano-industriale-al-2028-transizione-al-centro\/#primaryimage","url":"https:\/\/h2biz.net\/images\/Plats\/20210708180719.png","contentUrl":"https:\/\/h2biz.net\/images\/Plats\/20210708180719.png"},{"@type":"BreadcrumbList","@id":"https:\/\/www.article-marketing.eu\/comunicatistampa\/terna-porta-avanti-il-piano-industriale-al-2028-transizione-al-centro\/#breadcrumb","itemListElement":[{"@type":"ListItem","position":1,"name":"Home","item":"https:\/\/www.article-marketing.eu\/comunicatistampa\/"},{"@type":"ListItem","position":2,"name":"Terna porta avanti il Piano industriale al 2028: transizione al centro"}]},{"@type":"WebSite","@id":"https:\/\/www.article-marketing.eu\/comunicatistampa\/#website","url":"https:\/\/www.article-marketing.eu\/comunicatistampa\/","name":"Article Marketing","description":"article marketing &amp; press release","potentialAction":[{"@type":"SearchAction","target":{"@type":"EntryPoint","urlTemplate":"https:\/\/www.article-marketing.eu\/comunicatistampa\/?s={search_term_string}"},"query-input":{"@type":"PropertyValueSpecification","valueRequired":true,"valueName":"search_term_string"}}],"inLanguage":"it-IT"},{"@type":"Person","@id":"https:\/\/www.article-marketing.eu\/comunicatistampa\/#\/schema\/person\/2fcaf8f8f3a9eef9eb7f27532d3ca458","name":"articolinews","image":{"@type":"ImageObject","inLanguage":"it-IT","@id":"https:\/\/secure.gravatar.com\/avatar\/9e2a264bab04e17dea24d937c9956304649a848cb73c46747a692ff1bdeb1cb7?s=96&d=mm&r=g","url":"https:\/\/secure.gravatar.com\/avatar\/9e2a264bab04e17dea24d937c9956304649a848cb73c46747a692ff1bdeb1cb7?s=96&d=mm&r=g","contentUrl":"https:\/\/secure.gravatar.com\/avatar\/9e2a264bab04e17dea24d937c9956304649a848cb73c46747a692ff1bdeb1cb7?s=96&d=mm&r=g","caption":"articolinews"},"url":"https:\/\/www.article-marketing.eu\/comunicatistampa\/author\/articolinews\/"}]}},"_links":{"self":[{"href":"https:\/\/www.article-marketing.eu\/comunicatistampa\/wp-json\/wp\/v2\/posts\/31593","targetHints":{"allow":["GET"]}}],"collection":[{"href":"https:\/\/www.article-marketing.eu\/comunicatistampa\/wp-json\/wp\/v2\/posts"}],"about":[{"href":"https:\/\/www.article-marketing.eu\/comunicatistampa\/wp-json\/wp\/v2\/types\/post"}],"author":[{"embeddable":true,"href":"https:\/\/www.article-marketing.eu\/comunicatistampa\/wp-json\/wp\/v2\/users\/6477"}],"replies":[{"embeddable":true,"href":"https:\/\/www.article-marketing.eu\/comunicatistampa\/wp-json\/wp\/v2\/comments?post=31593"}],"version-history":[{"count":2,"href":"https:\/\/www.article-marketing.eu\/comunicatistampa\/wp-json\/wp\/v2\/posts\/31593\/revisions"}],"predecessor-version":[{"id":32111,"href":"https:\/\/www.article-marketing.eu\/comunicatistampa\/wp-json\/wp\/v2\/posts\/31593\/revisions\/32111"}],"wp:attachment":[{"href":"https:\/\/www.article-marketing.eu\/comunicatistampa\/wp-json\/wp\/v2\/media?parent=31593"}],"wp:term":[{"taxonomy":"category","embeddable":true,"href":"https:\/\/www.article-marketing.eu\/comunicatistampa\/wp-json\/wp\/v2\/categories?post=31593"},{"taxonomy":"post_tag","embeddable":true,"href":"https:\/\/www.article-marketing.eu\/comunicatistampa\/wp-json\/wp\/v2\/tags?post=31593"}],"curies":[{"name":"wp","href":"https:\/\/api.w.org\/{rel}","templated":true}]}}